{"id":238,"date":"2009-03-06T03:37:07","date_gmt":"2009-03-06T03:37:07","guid":{"rendered":"http:\/\/blogs.thesocialmedia.com\/leblogmoto\/2009\/03\/06\/album-du-vendre\/"},"modified":"2012-07-11T17:11:14","modified_gmt":"2012-07-11T17:11:14","slug":"album-du-vendre","status":"publish","type":"post","link":"https:\/\/blogs.thesocialmedia.com\/leblogmoto\/2009\/03\/06\/album-du-vendre\/","title":{"rendered":"Album du vendredi, la vie en rose"},"content":{"rendered":"<p><a href=\"http:\/\/blogs.thesocialmedia.com\/leblogmoto\/files\/2012\/07\/rose1.jpg\"><img loading=\"lazy\" decoding=\"async\" width=\"470\" height=\"352\"  src=\"http:\/\/www.leblogmoto.com\/images\/2009\/03\/05\/rose1.jpg\" alt=\"Rose1\" \/><\/a> <\/p>\n<p>Malgr\u00e9 tous les p\u00e9rils et emb\u00fbches auxquels le motard est confront\u00e9 d\u00e8s les premiers tours de roue sur sa moto, l\u2019agressivit\u00e9 et l\u2019insouciance des autres utilisateurs de la route, sans parler de l\u2019\u00e9tat des voies publiques elles-m\u00eames, rien ne peut effacer le sourire (m\u00eame int\u00e9rieur) et extirper le plaisir de glisser au-dessus de tout \u00e7a.<\/p>\n<p>La libert\u00e9 absolue, pour le commun des mortels, c\u2019est en moto qu\u2019elle se trouve. Il est vrai que de se retrouver en apesanteur dans l\u2019espace avec une vue imprenable de la Terre, on est proche de l\u2019apog\u00e9e de l\u2019absolue, voler est pas mal non plus (dans les airs, pas une bijouterie), encore faut-il en avoir le contr\u00f4le, parce qu\u2019\u00eatre passager d\u2019un gros porteur est plus stressant et inconfortable qu\u2019autre chose.<br \/>Mais en moto, on retrouve ce sentiment initial de libert\u00e9 ressenti lors de nos premiers pas, de nos premiers tours de roue en tricycle o\u00f9 notre univers prend enfin de l\u2019expansion. Et plus encore, lors de la ma\u00eetrise de l\u2019\u00e9quilibre en v\u00e9lo, o\u00f9 litt\u00e9ralement, le monde se retrouve \u00e0 notre port\u00e9e.<br \/>Ajoutez-y un moteur, la griserie de la vitesse et ce jeu avec nos limites et celles de la machine, et vous avez l\u00e0 une sacr\u00e9e recette. Tellement, qu\u2019il vient d\u2019\u00eatre prouv\u00e9 qu\u2019\u00eatre motard garde jeune et fut\u00e9. Une <a href=\"http:\/\/www.google.com\/hostednews\/afp\/article\/ALeqM5itCbTMj0ACqXppwLJqoe39s4d-Gg\">\u00e9tude japonaise<\/a> a d\u00e9montr\u00e9, apr\u00e8s avoir suivi une vingtaine de motards dans la quarantaine et cinquantaine, que ceux qui utilisaient leur moto quotidiennement performaient mieux \u00e0 des tests cognitifs, que ceux qui laissaient la moto au garage et lui pr\u00e9f\u00e9raient l\u2019auto, le v\u00e9lo ou le m\u00e9tro. Les motards seraient non seulement plus vifs d\u2019esprit, mais aussi plus efficace et heureux.<br \/>Ce n\u2019est pas la premi\u00e8re fois qu\u2019<a href=\"http:\/\/www.leblogmoto.com\/2009\/01\/album-du-vend-3.html\">on le dit ici<\/a>, le bonheur c\u2019est deux roues et un moteur, et maintenant, on en a la preuve.<\/p>\n<p><a href=\"http:\/\/clabedan.typepad.com\/.shared\/image.html?\/photos\/uncategorized\/2009\/03\/05\/rose2.jpg\"><img loading=\"lazy\" decoding=\"async\" width=\"470\" height=\"352\"  src=\"http:\/\/www.leblogmoto.com\/images\/2009\/03\/05\/rose2.jpg\" alt=\"Rose2\" \/><\/a> <\/p>\n<p><a href=\"http:\/\/blogs.thesocialmedia.com\/leblogmoto\/files\/2012\/07\/rose3.jpg\"><img loading=\"lazy\" decoding=\"async\" width=\"470\" height=\"444\"  src=\"http:\/\/www.leblogmoto.com\/images\/2009\/03\/05\/rose3.jpg\" alt=\"Rose3\" \/><\/a> <\/p>\n<p><a href=\"http:\/\/blogs.thesocialmedia.com\/leblogmoto\/files\/2012\/07\/rose4.jpg\"><img loading=\"lazy\" decoding=\"async\" width=\"470\" height=\"313\"  src=\"http:\/\/www.leblogmoto.com\/images\/2009\/03\/05\/rose4.jpg\" alt=\"Rose4\" \/><\/a> <\/p>\n<p><a href=\"http:\/\/blogs.thesocialmedia.com\/leblogmoto\/files\/2012\/07\/rose5.jpg\"><img loading=\"lazy\" decoding=\"async\" width=\"470\" height=\"706\"  src=\"http:\/\/www.leblogmoto.com\/images\/2009\/03\/05\/rose5.jpg\" alt=\"Rose5\" \/><\/a> <\/p>\n<p><a href=\"http:\/\/blogs.thesocialmedia.com\/leblogmoto\/files\/2012\/07\/rose6.jpg\"><img loading=\"lazy\" decoding=\"async\" width=\"470\" height=\"312\"  src=\"http:\/\/www.leblogmoto.com\/images\/2009\/03\/05\/rose6.jpg\" alt=\"Rose6\" \/><\/a> <\/p>\n<p><a href=\"http:\/\/blogs.thesocialmedia.com\/leblogmoto\/files\/2012\/07\/rose7.jpg\"><img loading=\"lazy\" decoding=\"async\" width=\"470\" height=\"182\"  src=\"http:\/\/www.leblogmoto.com\/images\/2009\/03\/05\/rose7.jpg\" alt=\"Rose7\" \/><\/a> <\/p>\n<p><a href=\"http:\/\/blogs.thesocialmedia.com\/leblogmoto\/files\/2012\/07\/rose8.jpg\"><img loading=\"lazy\" decoding=\"async\" width=\"470\" height=\"233\"  src=\"http:\/\/www.leblogmoto.com\/images\/2009\/03\/05\/rose8.jpg\" alt=\"Rose8\" \/><\/a> <\/p>\n<p><a href=\"http:\/\/blogs.thesocialmedia.com\/leblogmoto\/files\/2012\/07\/rose9.jpg\"><img loading=\"lazy\" decoding=\"async\" width=\"470\" height=\"710\"  src=\"http:\/\/www.leblogmoto.com\/images\/2009\/03\/05\/rose9.jpg\" alt=\"Rose9\" \/><\/a> <\/p>\n","protected":false},"excerpt":{"rendered":"<p>Malgr\u00e9 tous les p\u00e9rils et emb\u00fbches auxquels le motard est confront\u00e9 d\u00e8s les premiers tours de roue sur sa moto, l\u2019agressivit\u00e9 et l\u2019insouciance des autres utilisateurs de la route, sans parler de l\u2019\u00e9tat des voies publiques elles-m\u00eames, rien ne peut effacer le sourire (m\u00eame int\u00e9rieur) et extirper le plaisir de glisser au-dessus de tout \u00e7a. [&hellip;]<\/p>\n","protected":false},"author":325,"featured_media":0,"comment_status":"open","ping_status":"open","sticky":false,"template":"","format":"standard","meta":{"footnotes":""},"categories":[17,58,27],"tags":[],"class_list":["post-238","post","type-post","status-publish","format-standard","hentry","category-divers","category-insolite","category-securite"],"yoast_head":"<!-- This site is optimized with the Yoast SEO plugin v26.0 - https:\/\/yoast.com\/wordpress\/plugins\/seo\/ -->\n<title>Album du vendredi, la vie en rose - leblogmoto.com<\/title>\n<meta name=\"robots\" content=\"index, follow, max-snippet:-1, max-image-preview:large, max-video-preview:-1\" \/>\n<link rel=\"canonical\" href=\"https:\/\/blogs.thesocialmedia.com\/leblogmoto\/2009\/03\/06\/album-du-vendre\/\" \/>\n<meta name=\"twitter:card\" content=\"summary_large_image\" \/>\n<meta name=\"twitter:title\" content=\"Album du vendredi, la vie en rose - leblogmoto.com\" \/>\n<meta name=\"twitter:description\" content=\"Malgr\u00e9 tous les p\u00e9rils et emb\u00fbches auxquels le motard est confront\u00e9 d\u00e8s les premiers tours de roue sur sa moto, l\u2019agressivit\u00e9 et l\u2019insouciance des autres utilisateurs de la route, sans parler de l\u2019\u00e9tat des voies publiques elles-m\u00eames, rien ne peut effacer le sourire (m\u00eame int\u00e9rieur) et extirper le plaisir de glisser au-dessus de tout \u00e7a. [&hellip;]\" \/>\n<meta name=\"twitter:image\" content=\"http:\/\/www.leblogmoto.com\/images\/2009\/03\/05\/rose1.jpg\" \/>\n<meta name=\"twitter:label1\" content=\"\u00c9crit par\" \/>\n\t<meta name=\"twitter:data1\" content=\"jacques lesage\" \/>\n\t<meta name=\"twitter:label2\" content=\"Dur\u00e9e de lecture estim\u00e9e\" \/>\n\t<meta name=\"twitter:data2\" content=\"2 minutes\" \/>\n<script type=\"application\/ld+json\" class=\"yoast-schema-graph\">{\"@context\":\"https:\/\/schema.org\",\"@graph\":[{\"@type\":\"WebPage\",\"@id\":\"https:\/\/blogs.thesocialmedia.com\/leblogmoto\/2009\/03\/06\/album-du-vendre\/\",\"url\":\"https:\/\/blogs.thesocialmedia.com\/leblogmoto\/2009\/03\/06\/album-du-vendre\/\",\"name\":\"Album du vendredi, la vie en rose - leblogmoto.com\",\"isPartOf\":{\"@id\":\"https:\/\/blogs.thesocialmedia.com\/leblogmoto\/#website\"},\"primaryImageOfPage\":{\"@id\":\"https:\/\/blogs.thesocialmedia.com\/leblogmoto\/2009\/03\/06\/album-du-vendre\/#primaryimage\"},\"image\":{\"@id\":\"https:\/\/blogs.thesocialmedia.com\/leblogmoto\/2009\/03\/06\/album-du-vendre\/#primaryimage\"},\"thumbnailUrl\":\"http:\/\/www.leblogmoto.com\/images\/2009\/03\/05\/rose1.jpg\",\"datePublished\":\"2009-03-06T03:37:07+00:00\",\"dateModified\":\"2012-07-11T17:11:14+00:00\",\"author\":{\"@id\":\"https:\/\/blogs.thesocialmedia.com\/leblogmoto\/#\/schema\/person\/e82a0ca8a9a63d031586097a3ed58526\"},\"breadcrumb\":{\"@id\":\"https:\/\/blogs.thesocialmedia.com\/leblogmoto\/2009\/03\/06\/album-du-vendre\/#breadcrumb\"},\"inLanguage\":\"fr-FR\",\"potentialAction\":[{\"@type\":\"ReadAction\",\"target\":[\"https:\/\/blogs.thesocialmedia.com\/leblogmoto\/2009\/03\/06\/album-du-vendre\/\"]}]},{\"@type\":\"ImageObject\",\"inLanguage\":\"fr-FR\",\"@id\":\"https:\/\/blogs.thesocialmedia.com\/leblogmoto\/2009\/03\/06\/album-du-vendre\/#primaryimage\",\"url\":\"http:\/\/www.leblogmoto.com\/images\/2009\/03\/05\/rose1.jpg\",\"contentUrl\":\"http:\/\/www.leblogmoto.com\/images\/2009\/03\/05\/rose1.jpg\"},{\"@type\":\"BreadcrumbList\",\"@id\":\"https:\/\/blogs.thesocialmedia.com\/leblogmoto\/2009\/03\/06\/album-du-vendre\/#breadcrumb\",\"itemListElement\":[{\"@type\":\"ListItem\",\"position\":1,\"name\":\"Accueil\",\"item\":\"https:\/\/blogs.thesocialmedia.com\/leblogmoto\/\"},{\"@type\":\"ListItem\",\"position\":2,\"name\":\"Album du vendredi, la vie en rose\"}]},{\"@type\":\"WebSite\",\"@id\":\"https:\/\/blogs.thesocialmedia.com\/leblogmoto\/#website\",\"url\":\"https:\/\/blogs.thesocialmedia.com\/leblogmoto\/\",\"name\":\"leblogmoto\",\"description\":\"Toute l&#039;actualit\u00e9 des 2 roues\",\"potentialAction\":[{\"@type\":\"SearchAction\",\"target\":{\"@type\":\"EntryPoint\",\"urlTemplate\":\"https:\/\/blogs.thesocialmedia.com\/leblogmoto\/?s={search_term_string}\"},\"query-input\":{\"@type\":\"PropertyValueSpecification\",\"valueRequired\":true,\"valueName\":\"search_term_string\"}}],\"inLanguage\":\"fr-FR\"},{\"@type\":\"Person\",\"@id\":\"https:\/\/blogs.thesocialmedia.com\/leblogmoto\/#\/schema\/person\/e82a0ca8a9a63d031586097a3ed58526\",\"name\":\"jacques lesage\",\"image\":{\"@type\":\"ImageObject\",\"inLanguage\":\"fr-FR\",\"@id\":\"https:\/\/blogs.thesocialmedia.com\/leblogmoto\/#\/schema\/person\/image\/\",\"url\":\"https:\/\/secure.gravatar.com\/avatar\/?s=96&d=mm&r=g\",\"contentUrl\":\"https:\/\/secure.gravatar.com\/avatar\/?s=96&d=mm&r=g\",\"caption\":\"jacques lesage\"},\"url\":\"https:\/\/blogs.thesocialmedia.com\/leblogmoto\/author\/jacques-lesage\/\"}]}<\/script>\n<!-- \/ Yoast SEO plugin. -->","yoast_head_json":{"title":"Album du vendredi, la vie en rose - leblogmoto.com","robots":{"index":"index","follow":"follow","max-snippet":"max-snippet:-1","max-image-preview":"max-image-preview:large","max-video-preview":"max-video-preview:-1"},"canonical":"https:\/\/blogs.thesocialmedia.com\/leblogmoto\/2009\/03\/06\/album-du-vendre\/","twitter_card":"summary_large_image","twitter_title":"Album du vendredi, la vie en rose - leblogmoto.com","twitter_description":"Malgr\u00e9 tous les p\u00e9rils et emb\u00fbches auxquels le motard est confront\u00e9 d\u00e8s les premiers tours de roue sur sa moto, l\u2019agressivit\u00e9 et l\u2019insouciance des autres utilisateurs de la route, sans parler de l\u2019\u00e9tat des voies publiques elles-m\u00eames, rien ne peut effacer le sourire (m\u00eame int\u00e9rieur) et extirper le plaisir de glisser au-dessus de tout \u00e7a. [&hellip;]","twitter_image":"http:\/\/www.leblogmoto.com\/images\/2009\/03\/05\/rose1.jpg","twitter_misc":{"\u00c9crit par":"jacques lesage","Dur\u00e9e de lecture estim\u00e9e":"2 minutes"},"schema":{"@context":"https:\/\/schema.org","@graph":[{"@type":"WebPage","@id":"https:\/\/blogs.thesocialmedia.com\/leblogmoto\/2009\/03\/06\/album-du-vendre\/","url":"https:\/\/blogs.thesocialmedia.com\/leblogmoto\/2009\/03\/06\/album-du-vendre\/","name":"Album du vendredi, la vie en rose - leblogmoto.com","isPartOf":{"@id":"https:\/\/blogs.thesocialmedia.com\/leblogmoto\/#website"},"primaryImageOfPage":{"@id":"https:\/\/blogs.thesocialmedia.com\/leblogmoto\/2009\/03\/06\/album-du-vendre\/#primaryimage"},"image":{"@id":"https:\/\/blogs.thesocialmedia.com\/leblogmoto\/2009\/03\/06\/album-du-vendre\/#primaryimage"},"thumbnailUrl":"http:\/\/www.leblogmoto.com\/images\/2009\/03\/05\/rose1.jpg","datePublished":"2009-03-06T03:37:07+00:00","dateModified":"2012-07-11T17:11:14+00:00","author":{"@id":"https:\/\/blogs.thesocialmedia.com\/leblogmoto\/#\/schema\/person\/e82a0ca8a9a63d031586097a3ed58526"},"breadcrumb":{"@id":"https:\/\/blogs.thesocialmedia.com\/leblogmoto\/2009\/03\/06\/album-du-vendre\/#breadcrumb"},"inLanguage":"fr-FR","potentialAction":[{"@type":"ReadAction","target":["https:\/\/blogs.thesocialmedia.com\/leblogmoto\/2009\/03\/06\/album-du-vendre\/"]}]},{"@type":"ImageObject","inLanguage":"fr-FR","@id":"https:\/\/blogs.thesocialmedia.com\/leblogmoto\/2009\/03\/06\/album-du-vendre\/#primaryimage","url":"http:\/\/www.leblogmoto.com\/images\/2009\/03\/05\/rose1.jpg","contentUrl":"http:\/\/www.leblogmoto.com\/images\/2009\/03\/05\/rose1.jpg"},{"@type":"BreadcrumbList","@id":"https:\/\/blogs.thesocialmedia.com\/leblogmoto\/2009\/03\/06\/album-du-vendre\/#breadcrumb","itemListElement":[{"@type":"ListItem","position":1,"name":"Accueil","item":"https:\/\/blogs.thesocialmedia.com\/leblogmoto\/"},{"@type":"ListItem","position":2,"name":"Album du vendredi, la vie en rose"}]},{"@type":"WebSite","@id":"https:\/\/blogs.thesocialmedia.com\/leblogmoto\/#website","url":"https:\/\/blogs.thesocialmedia.com\/leblogmoto\/","name":"leblogmoto","description":"Toute l&#039;actualit\u00e9 des 2 roues","potentialAction":[{"@type":"SearchAction","target":{"@type":"EntryPoint","urlTemplate":"https:\/\/blogs.thesocialmedia.com\/leblogmoto\/?s={search_term_string}"},"query-input":{"@type":"PropertyValueSpecification","valueRequired":true,"valueName":"search_term_string"}}],"inLanguage":"fr-FR"},{"@type":"Person","@id":"https:\/\/blogs.thesocialmedia.com\/leblogmoto\/#\/schema\/person\/e82a0ca8a9a63d031586097a3ed58526","name":"jacques lesage","image":{"@type":"ImageObject","inLanguage":"fr-FR","@id":"https:\/\/blogs.thesocialmedia.com\/leblogmoto\/#\/schema\/person\/image\/","url":"https:\/\/secure.gravatar.com\/avatar\/?s=96&d=mm&r=g","contentUrl":"https:\/\/secure.gravatar.com\/avatar\/?s=96&d=mm&r=g","caption":"jacques lesage"},"url":"https:\/\/blogs.thesocialmedia.com\/leblogmoto\/author\/jacques-lesage\/"}]}},"_links":{"self":[{"href":"https:\/\/blogs.thesocialmedia.com\/leblogmoto\/wp-json\/wp\/v2\/posts\/238","targetHints":{"allow":["GET"]}}],"collection":[{"href":"https:\/\/blogs.thesocialmedia.com\/leblogmoto\/wp-json\/wp\/v2\/posts"}],"about":[{"href":"https:\/\/blogs.thesocialmedia.com\/leblogmoto\/wp-json\/wp\/v2\/types\/post"}],"author":[{"embeddable":true,"href":"https:\/\/blogs.thesocialmedia.com\/leblogmoto\/wp-json\/wp\/v2\/users\/325"}],"replies":[{"embeddable":true,"href":"https:\/\/blogs.thesocialmedia.com\/leblogmoto\/wp-json\/wp\/v2\/comments?post=238"}],"version-history":[{"count":2,"href":"https:\/\/blogs.thesocialmedia.com\/leblogmoto\/wp-json\/wp\/v2\/posts\/238\/revisions"}],"predecessor-version":[{"id":12902,"href":"https:\/\/blogs.thesocialmedia.com\/leblogmoto\/wp-json\/wp\/v2\/posts\/238\/revisions\/12902"}],"wp:attachment":[{"href":"https:\/\/blogs.thesocialmedia.com\/leblogmoto\/wp-json\/wp\/v2\/media?parent=238"}],"wp:term":[{"taxonomy":"category","embeddable":true,"href":"https:\/\/blogs.thesocialmedia.com\/leblogmoto\/wp-json\/wp\/v2\/categories?post=238"},{"taxonomy":"post_tag","embeddable":true,"href":"https:\/\/blogs.thesocialmedia.com\/leblogmoto\/wp-json\/wp\/v2\/tags?post=238"}],"curies":[{"name":"wp","href":"https:\/\/api.w.org\/{rel}","templated":true}]}}