{"id":2385,"date":"2005-10-04T19:06:11","date_gmt":"2005-10-04T19:06:11","guid":{"rendered":"http:\/\/blogs.thesocialmedia.com\/leblogmoto\/2005\/10\/04\/mondial-2005-ca\/"},"modified":"2012-07-11T13:49:08","modified_gmt":"2012-07-11T13:49:08","slug":"mondial-2005-ca","status":"publish","type":"post","link":"https:\/\/blogs.thesocialmedia.com\/leblogmoto\/2005\/10\/04\/mondial-2005-ca\/","title":{"rendered":"Mondial 2005 : casques Shoei"},"content":{"rendered":"<p><a href=\"http:\/\/blogs.thesocialmedia.com\/leblogmoto\/files\/2012\/07\/100_5173.jpg\"><img loading=\"lazy\" decoding=\"async\" width=\"250\" height=\"188\"  alt=\"100_5173\" src=\"http:\/\/www.leblogmoto.com\/images\/100_5173.jpg\" style=\"margin: 0px 5px 5px 0px;float: left\" \/><\/a>L\u2019un des meilleurs fabricants de casques moto \u00e0 mes yeux, Shoei, pr\u00e9sente une nouveaut\u00e9 sur son stand du Mondial du Deux Roues : le tout nouveau casque jet d\u00e9nomm\u00e9 J-Wing qui remplace les J-Force et J-Gear. D\u2019un point de vue s\u00e9curit\u00e9, celui-ci se compose d\u2019une coque AIM en fibre de verre organique multicouches pour un coque l\u00e9g\u00e8re absorbant les chocs avec une rigidit\u00e9 optimale, d\u2019un syst\u00e8me \u00e0 double calotin amortisseur \u00e0 2 densit\u00e9s, d\u2019un \u00e9cran \u00e0 fermeture parfaitement \u00e9tanche avec arr\u00eat de s\u00e9curit\u00e9 et pose rapide, et d\u2019une fermeture par boucle D au maniement simple et \u00e0 l\u2019ajustement optimum. Le J-Wing est disponible en 3 tailles de coques pour tous les tours de t\u00eates, il p\u00e8se seulement 1.28 kg et se r\u00e9v\u00e8le \u00eatre confortable avec ses coussinets (central 3D et joues avec encoches pour les lunettes) amovibles et lavables. Il dispose aussi d\u2019un cache-jugulaire amovible et lavable, de grands \u00e9videments au niveau des oreilles pour l\u2019installation de syst\u00e8me de communication et d\u2019un col suppl\u00e9mentaire sur le bord inf\u00e9rieur du casque pour amortir le bruit. Le J-Wing offre une multitude d\u2019entr\u00e9es et sorties d\u2019air pour une a\u00e9ration optimale, tout comme sa forme a\u00e9rodynamique compacte qui lui permet d\u2019atteindre la plus faible tra\u00een\u00e9e a\u00e9rodynamique possible. Enfin, vous pourrez choisir votre J-Wing parmi les 8 coloris unis propos\u00e9s.<br \/>Il y a aussi d\u2019autres nouveaut\u00e9s esth\u00e9tiques pour le mill\u00e9sime 2006 du c\u00f4t\u00e9 du casque X-Spirit, haut de gamme chez Shoei, qui s\u2019offre deux nouvelles r\u00e9pliques de casque de pilotes l\u00e9gendaires : Eddie Laxson et Wayne Rainey avec un look d\u2019antan. De nouveaux graphismes sont aussi disponibles sur les autres casques de la gamme.<\/p>\n<p><a href=\"http:\/\/blogs.thesocialmedia.com\/leblogmoto\/files\/2012\/07\/100_5175.jpg\"><img loading=\"lazy\" decoding=\"async\" width=\"470\" height=\"622\"  alt=\"100_5175\" src=\"http:\/\/www.leblogmoto.com\/images\/100_5175.jpg\" style=\"margin: 0px 5px 5px 0px;float: left\" \/><\/a><a href=\"http:\/\/blogs.thesocialmedia.com\/leblogmoto\/files\/2012\/07\/j_wing_1.jpg\"><img loading=\"lazy\" decoding=\"async\" width=\"470\" height=\"376\"  alt=\"J_wing_1\" src=\"http:\/\/www.leblogmoto.com\/images\/j_wing_1.jpg\" style=\"margin: 0px 5px 5px 0px;float: left\" \/><\/a><a href=\"http:\/\/blogs.thesocialmedia.com\/leblogmoto\/files\/2012\/07\/xspirit_lawson_.jpg\"><img loading=\"lazy\" decoding=\"async\" width=\"470\" height=\"376\"  src=\"http:\/\/www.leblogmoto.com\/images\/xspirit_lawson_.jpg\" alt=\"Xspirit_lawson_\" style=\"margin: 0px 5px 5px 0px;float: left\" \/><\/a><a href=\"http:\/\/blogs.thesocialmedia.com\/leblogmoto\/files\/2012\/07\/xspirit_rainey.jpg\"><img loading=\"lazy\" decoding=\"async\" width=\"470\" height=\"376\"  src=\"http:\/\/www.leblogmoto.com\/images\/xspirit_rainey.jpg\" alt=\"Xspirit_rainey\" style=\"margin: 0px 5px 5px 0px;float: left\" \/><\/a><\/p>\n","protected":false},"excerpt":{"rendered":"<p>L\u2019un des meilleurs fabricants de casques moto \u00e0 mes yeux, Shoei, pr\u00e9sente une nouveaut\u00e9 sur son stand du Mondial du Deux Roues : le tout nouveau casque jet d\u00e9nomm\u00e9 J-Wing qui remplace les J-Force et J-Gear. D\u2019un point de vue s\u00e9curit\u00e9, celui-ci se compose d\u2019une coque AIM en fibre de verre organique multicouches pour un [&hellip;]<\/p>\n","protected":false},"author":338,"featured_media":0,"comment_status":"open","ping_status":"open","sticky":false,"template":"","format":"standard","meta":{"footnotes":""},"categories":[36,27],"tags":[],"class_list":["post-2385","post","type-post","status-publish","format-standard","hentry","category-salons","category-securite"],"yoast_head":"<!-- This site is optimized with the Yoast SEO plugin v26.0 - https:\/\/yoast.com\/wordpress\/plugins\/seo\/ -->\n<title>Mondial 2005 : casques Shoei - leblogmoto.com<\/title>\n<meta name=\"robots\" content=\"index, follow, max-snippet:-1, max-image-preview:large, max-video-preview:-1\" \/>\n<link rel=\"canonical\" href=\"https:\/\/blogs.thesocialmedia.com\/leblogmoto\/2005\/10\/04\/mondial-2005-ca\/\" \/>\n<meta name=\"twitter:card\" content=\"summary_large_image\" \/>\n<meta name=\"twitter:title\" content=\"Mondial 2005 : casques Shoei - leblogmoto.com\" \/>\n<meta name=\"twitter:description\" content=\"L\u2019un des meilleurs fabricants de casques moto \u00e0 mes yeux, Shoei, pr\u00e9sente une nouveaut\u00e9 sur son stand du Mondial du Deux Roues : le tout nouveau casque jet d\u00e9nomm\u00e9 J-Wing qui remplace les J-Force et J-Gear. D\u2019un point de vue s\u00e9curit\u00e9, celui-ci se compose d\u2019une coque AIM en fibre de verre organique multicouches pour un [&hellip;]\" \/>\n<meta name=\"twitter:image\" content=\"http:\/\/www.leblogmoto.com\/images\/100_5173.jpg\" \/>\n<meta name=\"twitter:label1\" content=\"\u00c9crit par\" \/>\n\t<meta name=\"twitter:data1\" content=\"vincent vaillant\" \/>\n\t<meta name=\"twitter:label2\" content=\"Dur\u00e9e de lecture estim\u00e9e\" \/>\n\t<meta name=\"twitter:data2\" content=\"2 minutes\" \/>\n<script type=\"application\/ld+json\" class=\"yoast-schema-graph\">{\"@context\":\"https:\/\/schema.org\",\"@graph\":[{\"@type\":\"WebPage\",\"@id\":\"https:\/\/blogs.thesocialmedia.com\/leblogmoto\/2005\/10\/04\/mondial-2005-ca\/\",\"url\":\"https:\/\/blogs.thesocialmedia.com\/leblogmoto\/2005\/10\/04\/mondial-2005-ca\/\",\"name\":\"Mondial 2005 : casques Shoei - leblogmoto.com\",\"isPartOf\":{\"@id\":\"https:\/\/blogs.thesocialmedia.com\/leblogmoto\/#website\"},\"primaryImageOfPage\":{\"@id\":\"https:\/\/blogs.thesocialmedia.com\/leblogmoto\/2005\/10\/04\/mondial-2005-ca\/#primaryimage\"},\"image\":{\"@id\":\"https:\/\/blogs.thesocialmedia.com\/leblogmoto\/2005\/10\/04\/mondial-2005-ca\/#primaryimage\"},\"thumbnailUrl\":\"http:\/\/www.leblogmoto.com\/images\/100_5173.jpg\",\"datePublished\":\"2005-10-04T19:06:11+00:00\",\"dateModified\":\"2012-07-11T13:49:08+00:00\",\"author\":{\"@id\":\"https:\/\/blogs.thesocialmedia.com\/leblogmoto\/#\/schema\/person\/80d2a078dbdb8b60abbd76bae6011f19\"},\"breadcrumb\":{\"@id\":\"https:\/\/blogs.thesocialmedia.com\/leblogmoto\/2005\/10\/04\/mondial-2005-ca\/#breadcrumb\"},\"inLanguage\":\"fr-FR\",\"potentialAction\":[{\"@type\":\"ReadAction\",\"target\":[\"https:\/\/blogs.thesocialmedia.com\/leblogmoto\/2005\/10\/04\/mondial-2005-ca\/\"]}]},{\"@type\":\"ImageObject\",\"inLanguage\":\"fr-FR\",\"@id\":\"https:\/\/blogs.thesocialmedia.com\/leblogmoto\/2005\/10\/04\/mondial-2005-ca\/#primaryimage\",\"url\":\"http:\/\/www.leblogmoto.com\/images\/100_5173.jpg\",\"contentUrl\":\"http:\/\/www.leblogmoto.com\/images\/100_5173.jpg\"},{\"@type\":\"BreadcrumbList\",\"@id\":\"https:\/\/blogs.thesocialmedia.com\/leblogmoto\/2005\/10\/04\/mondial-2005-ca\/#breadcrumb\",\"itemListElement\":[{\"@type\":\"ListItem\",\"position\":1,\"name\":\"Accueil\",\"item\":\"https:\/\/blogs.thesocialmedia.com\/leblogmoto\/\"},{\"@type\":\"ListItem\",\"position\":2,\"name\":\"Mondial 2005 : casques Shoei\"}]},{\"@type\":\"WebSite\",\"@id\":\"https:\/\/blogs.thesocialmedia.com\/leblogmoto\/#website\",\"url\":\"https:\/\/blogs.thesocialmedia.com\/leblogmoto\/\",\"name\":\"leblogmoto\",\"description\":\"Toute l&#039;actualit\u00e9 des 2 roues\",\"potentialAction\":[{\"@type\":\"SearchAction\",\"target\":{\"@type\":\"EntryPoint\",\"urlTemplate\":\"https:\/\/blogs.thesocialmedia.com\/leblogmoto\/?s={search_term_string}\"},\"query-input\":{\"@type\":\"PropertyValueSpecification\",\"valueRequired\":true,\"valueName\":\"search_term_string\"}}],\"inLanguage\":\"fr-FR\"},{\"@type\":\"Person\",\"@id\":\"https:\/\/blogs.thesocialmedia.com\/leblogmoto\/#\/schema\/person\/80d2a078dbdb8b60abbd76bae6011f19\",\"name\":\"vincent vaillant\",\"image\":{\"@type\":\"ImageObject\",\"inLanguage\":\"fr-FR\",\"@id\":\"https:\/\/blogs.thesocialmedia.com\/leblogmoto\/#\/schema\/person\/image\/\",\"url\":\"https:\/\/secure.gravatar.com\/avatar\/?s=96&d=mm&r=g\",\"contentUrl\":\"https:\/\/secure.gravatar.com\/avatar\/?s=96&d=mm&r=g\",\"caption\":\"vincent vaillant\"},\"url\":\"https:\/\/blogs.thesocialmedia.com\/leblogmoto\/author\/vincent-vaillant\/\"}]}<\/script>\n<!-- \/ Yoast SEO plugin. -->","yoast_head_json":{"title":"Mondial 2005 : casques Shoei - leblogmoto.com","robots":{"index":"index","follow":"follow","max-snippet":"max-snippet:-1","max-image-preview":"max-image-preview:large","max-video-preview":"max-video-preview:-1"},"canonical":"https:\/\/blogs.thesocialmedia.com\/leblogmoto\/2005\/10\/04\/mondial-2005-ca\/","twitter_card":"summary_large_image","twitter_title":"Mondial 2005 : casques Shoei - leblogmoto.com","twitter_description":"L\u2019un des meilleurs fabricants de casques moto \u00e0 mes yeux, Shoei, pr\u00e9sente une nouveaut\u00e9 sur son stand du Mondial du Deux Roues : le tout nouveau casque jet d\u00e9nomm\u00e9 J-Wing qui remplace les J-Force et J-Gear. D\u2019un point de vue s\u00e9curit\u00e9, celui-ci se compose d\u2019une coque AIM en fibre de verre organique multicouches pour un [&hellip;]","twitter_image":"http:\/\/www.leblogmoto.com\/images\/100_5173.jpg","twitter_misc":{"\u00c9crit par":"vincent vaillant","Dur\u00e9e de lecture estim\u00e9e":"2 minutes"},"schema":{"@context":"https:\/\/schema.org","@graph":[{"@type":"WebPage","@id":"https:\/\/blogs.thesocialmedia.com\/leblogmoto\/2005\/10\/04\/mondial-2005-ca\/","url":"https:\/\/blogs.thesocialmedia.com\/leblogmoto\/2005\/10\/04\/mondial-2005-ca\/","name":"Mondial 2005 : casques Shoei - leblogmoto.com","isPartOf":{"@id":"https:\/\/blogs.thesocialmedia.com\/leblogmoto\/#website"},"primaryImageOfPage":{"@id":"https:\/\/blogs.thesocialmedia.com\/leblogmoto\/2005\/10\/04\/mondial-2005-ca\/#primaryimage"},"image":{"@id":"https:\/\/blogs.thesocialmedia.com\/leblogmoto\/2005\/10\/04\/mondial-2005-ca\/#primaryimage"},"thumbnailUrl":"http:\/\/www.leblogmoto.com\/images\/100_5173.jpg","datePublished":"2005-10-04T19:06:11+00:00","dateModified":"2012-07-11T13:49:08+00:00","author":{"@id":"https:\/\/blogs.thesocialmedia.com\/leblogmoto\/#\/schema\/person\/80d2a078dbdb8b60abbd76bae6011f19"},"breadcrumb":{"@id":"https:\/\/blogs.thesocialmedia.com\/leblogmoto\/2005\/10\/04\/mondial-2005-ca\/#breadcrumb"},"inLanguage":"fr-FR","potentialAction":[{"@type":"ReadAction","target":["https:\/\/blogs.thesocialmedia.com\/leblogmoto\/2005\/10\/04\/mondial-2005-ca\/"]}]},{"@type":"ImageObject","inLanguage":"fr-FR","@id":"https:\/\/blogs.thesocialmedia.com\/leblogmoto\/2005\/10\/04\/mondial-2005-ca\/#primaryimage","url":"http:\/\/www.leblogmoto.com\/images\/100_5173.jpg","contentUrl":"http:\/\/www.leblogmoto.com\/images\/100_5173.jpg"},{"@type":"BreadcrumbList","@id":"https:\/\/blogs.thesocialmedia.com\/leblogmoto\/2005\/10\/04\/mondial-2005-ca\/#breadcrumb","itemListElement":[{"@type":"ListItem","position":1,"name":"Accueil","item":"https:\/\/blogs.thesocialmedia.com\/leblogmoto\/"},{"@type":"ListItem","position":2,"name":"Mondial 2005 : casques Shoei"}]},{"@type":"WebSite","@id":"https:\/\/blogs.thesocialmedia.com\/leblogmoto\/#website","url":"https:\/\/blogs.thesocialmedia.com\/leblogmoto\/","name":"leblogmoto","description":"Toute l&#039;actualit\u00e9 des 2 roues","potentialAction":[{"@type":"SearchAction","target":{"@type":"EntryPoint","urlTemplate":"https:\/\/blogs.thesocialmedia.com\/leblogmoto\/?s={search_term_string}"},"query-input":{"@type":"PropertyValueSpecification","valueRequired":true,"valueName":"search_term_string"}}],"inLanguage":"fr-FR"},{"@type":"Person","@id":"https:\/\/blogs.thesocialmedia.com\/leblogmoto\/#\/schema\/person\/80d2a078dbdb8b60abbd76bae6011f19","name":"vincent vaillant","image":{"@type":"ImageObject","inLanguage":"fr-FR","@id":"https:\/\/blogs.thesocialmedia.com\/leblogmoto\/#\/schema\/person\/image\/","url":"https:\/\/secure.gravatar.com\/avatar\/?s=96&d=mm&r=g","contentUrl":"https:\/\/secure.gravatar.com\/avatar\/?s=96&d=mm&r=g","caption":"vincent vaillant"},"url":"https:\/\/blogs.thesocialmedia.com\/leblogmoto\/author\/vincent-vaillant\/"}]}},"_links":{"self":[{"href":"https:\/\/blogs.thesocialmedia.com\/leblogmoto\/wp-json\/wp\/v2\/posts\/2385","targetHints":{"allow":["GET"]}}],"collection":[{"href":"https:\/\/blogs.thesocialmedia.com\/leblogmoto\/wp-json\/wp\/v2\/posts"}],"about":[{"href":"https:\/\/blogs.thesocialmedia.com\/leblogmoto\/wp-json\/wp\/v2\/types\/post"}],"author":[{"embeddable":true,"href":"https:\/\/blogs.thesocialmedia.com\/leblogmoto\/wp-json\/wp\/v2\/users\/338"}],"replies":[{"embeddable":true,"href":"https:\/\/blogs.thesocialmedia.com\/leblogmoto\/wp-json\/wp\/v2\/comments?post=2385"}],"version-history":[{"count":2,"href":"https:\/\/blogs.thesocialmedia.com\/leblogmoto\/wp-json\/wp\/v2\/posts\/2385\/revisions"}],"predecessor-version":[{"id":5947,"href":"https:\/\/blogs.thesocialmedia.com\/leblogmoto\/wp-json\/wp\/v2\/posts\/2385\/revisions\/5947"}],"wp:attachment":[{"href":"https:\/\/blogs.thesocialmedia.com\/leblogmoto\/wp-json\/wp\/v2\/media?parent=2385"}],"wp:term":[{"taxonomy":"category","embeddable":true,"href":"https:\/\/blogs.thesocialmedia.com\/leblogmoto\/wp-json\/wp\/v2\/categories?post=2385"},{"taxonomy":"post_tag","embeddable":true,"href":"https:\/\/blogs.thesocialmedia.com\/leblogmoto\/wp-json\/wp\/v2\/tags?post=2385"}],"curies":[{"name":"wp","href":"https:\/\/api.w.org\/{rel}","templated":true}]}}