{"id":2392,"date":"2005-10-02T17:42:22","date_gmt":"2005-10-02T17:42:22","guid":{"rendered":"http:\/\/blogs.thesocialmedia.com\/leblogmoto\/2005\/10\/02\/mondial-2005-ya-3\/"},"modified":"2012-07-11T13:47:47","modified_gmt":"2012-07-11T13:47:47","slug":"mondial-2005-ya-3","status":"publish","type":"post","link":"https:\/\/blogs.thesocialmedia.com\/leblogmoto\/2005\/10\/02\/mondial-2005-ya-3\/","title":{"rendered":"Mondial 2005 : Yamaha FZ1 et FZ1 Fazer \u2013 Live"},"content":{"rendered":"<p><a href=\"http:\/\/blogs.thesocialmedia.com\/leblogmoto\/files\/2012\/07\/fzl1.jpg\"><img loading=\"lazy\" decoding=\"async\" width=\"250\" height=\"188\"  src=\"http:\/\/www.leblogmoto.com\/images\/fzl1.JPG\" alt=\"Fzl1\" style=\"margin: 0px 5px 5px 0px;float: left\" \/><\/a><a href=\"http:\/\/blogs.thesocialmedia.com\/leblogmoto\/files\/2012\/07\/index.html_24.png\">Yamaha<\/a> a frapp\u00e9 fort, tr\u00e8s fort !!! D\u2019une part avec son duo de <a href=\"http:\/\/www.leblogmoto.com\/2005\/10\/mondial_2005_ya_2.html\">roadster naked FZ1 et roadster car\u00e9n\u00e9 FZ1 Fazer<\/a> mais aussi\u2026 avec les h\u00f4tesses sur son stand. La petite tenue blanche et bleu tr\u00e8s courte, notamment, port\u00e9e par les demoiselles cr\u00e9ait un climat tr\u00e8s show\u2026 chaud\u2026 chaud devant et derri\u00e8re. Les journalistes et badauds ne s\u2019y sont pas tromp\u00e9s puisque certains, comme moi j\u2019avoue, ont pass\u00e9 plus de temps \u00e0 shooter les h\u00f4tesses que les motos. Un vrai r\u00e9gal pour les yeux surtout avec la belle brune des premi\u00e8res photos qui \u00e9tait particuli\u00e8rement gracieuse, plaisante \u00e0 regarder, souriante et joueuse avec l\u2019objectif\u2026 Une vraie pro que l\u2019on peut applaudir tant ce travail n\u2019est pas \u00e9vident, sa prestation contrastait vraiment avec d\u2019autres h\u00f4tesses de chez Suzuki, pour ne pas les nommer, dont la prestation tenait plut\u00f4t d\u2019un remake de la plante verte sur une moto qu\u2019un d\u2019un show comme les motards aiment. La tenue nuisette et bottes noires \u00e9tait pas mal non plus. Malheureusement, mon appareil photo ne disposait que d\u2019un 128 Mo de m\u00e9moire, il a donc fallu faire un choix terrible et en supprimer\u2026 dommage ! Je vous invite donc \u00e0 vous rendre sur le stand Yamaha et y attendre le show pr\u00e9vu toutes les heures, il me semble, car c\u2019est un tr\u00e8s bon rem\u00e8de contre le mal de pieds caus\u00e9 par les kilom\u00e8tres parcourus dans les all\u00e9es du Mondial. <br \/>Ah oui, sinon les s\u0153urs FZ1 sont certainement les futures reines de la cat\u00e9gorie\u2026<\/p>\n<p><a href=\"http:\/\/clabedan.typepad.com\/.shared\/image.html?\/photos\/uncategorized\/fzl2.JPG\"><img loading=\"lazy\" decoding=\"async\" width=\"470\" height=\"622\"  src=\"http:\/\/www.leblogmoto.com\/images\/fzl2.JPG\" alt=\"Fzl2\" style=\"margin: 0px 5px 5px 0px;float: left\" \/><\/a><a href=\"http:\/\/blogs.thesocialmedia.com\/leblogmoto\/files\/2012\/07\/fzl3.jpg\"><img loading=\"lazy\" decoding=\"async\" width=\"470\" height=\"354\"  src=\"http:\/\/www.leblogmoto.com\/images\/fzl3.JPG\" alt=\"Fzl3\" style=\"margin: 0px 5px 5px 0px;float: left\" \/><\/a><a href=\"http:\/\/blogs.thesocialmedia.com\/leblogmoto\/files\/2012\/07\/fzl4.jpg\"><img loading=\"lazy\" decoding=\"async\" width=\"470\" height=\"354\"  src=\"http:\/\/www.leblogmoto.com\/images\/fzl4.JPG\" alt=\"Fzl4\" style=\"margin: 0px 5px 5px 0px;float: left\" \/><\/a><a href=\"http:\/\/blogs.thesocialmedia.com\/leblogmoto\/files\/2012\/07\/fzl5.jpg\"><img loading=\"lazy\" decoding=\"async\" width=\"470\" height=\"622\"  src=\"http:\/\/www.leblogmoto.com\/images\/fzl5.JPG\" alt=\"Fzl5\" style=\"margin: 0px 5px 5px 0px;float: left\" \/><\/a><a href=\"http:\/\/blogs.thesocialmedia.com\/leblogmoto\/files\/2012\/07\/fzl6.jpg\"><img loading=\"lazy\" decoding=\"async\" width=\"470\" height=\"354\"  src=\"http:\/\/www.leblogmoto.com\/images\/fzl6.JPG\" alt=\"Fzl6\" style=\"margin: 0px 5px 5px 0px;float: left\" \/><\/a><a href=\"http:\/\/blogs.thesocialmedia.com\/leblogmoto\/files\/2012\/07\/fzl7.jpg\"><img loading=\"lazy\" decoding=\"async\" width=\"470\" height=\"354\"  src=\"http:\/\/www.leblogmoto.com\/images\/fzl7.JPG\" alt=\"Fzl7\" style=\"margin: 0px 5px 5px 0px;float: left\" \/><\/a><a href=\"http:\/\/blogs.thesocialmedia.com\/leblogmoto\/files\/2012\/07\/fzl8.jpg\"><img loading=\"lazy\" decoding=\"async\" width=\"470\" height=\"354\"  src=\"http:\/\/www.leblogmoto.com\/images\/fzl8.JPG\" alt=\"Fzl8\" style=\"margin: 0px 5px 5px 0px;float: left\" \/><\/a><a href=\"http:\/\/blogs.thesocialmedia.com\/leblogmoto\/files\/2012\/07\/fzl9.jpg\"><img loading=\"lazy\" decoding=\"async\" width=\"470\" height=\"354\"  src=\"http:\/\/www.leblogmoto.com\/images\/fzl9.JPG\" alt=\"Fzl9\" style=\"margin: 0px 5px 5px 0px;float: left\" \/><\/a><a href=\"http:\/\/blogs.thesocialmedia.com\/leblogmoto\/files\/2012\/07\/fzl10.jpg\"><img loading=\"lazy\" decoding=\"async\" width=\"470\" height=\"354\"  src=\"http:\/\/www.leblogmoto.com\/images\/fzl10.JPG\" alt=\"Fzl10\" style=\"margin: 0px 5px 5px 0px;float: left\" \/><\/a><a href=\"http:\/\/blogs.thesocialmedia.com\/leblogmoto\/files\/2012\/07\/fzl11.jpg\"><img loading=\"lazy\" decoding=\"async\" width=\"470\" height=\"354\"  src=\"http:\/\/www.leblogmoto.com\/images\/fzl11.JPG\" alt=\"Fzl11\" style=\"margin: 0px 5px 5px 0px;float: left\" \/><\/a><a href=\"http:\/\/blogs.thesocialmedia.com\/leblogmoto\/files\/2012\/07\/fzl12.jpg\"><img loading=\"lazy\" decoding=\"async\" width=\"470\" height=\"354\"  src=\"http:\/\/www.leblogmoto.com\/images\/fzl12.JPG\" alt=\"Fzl12\" style=\"margin: 0px 5px 5px 0px;float: left\" \/><\/a><a href=\"http:\/\/blogs.thesocialmedia.com\/leblogmoto\/files\/2012\/07\/fzl13.jpg\"><img loading=\"lazy\" decoding=\"async\" width=\"470\" height=\"622\"  src=\"http:\/\/www.leblogmoto.com\/images\/fzl13.JPG\" alt=\"Fzl13\" style=\"margin: 0px 5px 5px 0px;float: left\" \/><\/a><\/p>\n","protected":false},"excerpt":{"rendered":"<p>Yamaha a frapp\u00e9 fort, tr\u00e8s fort !!! D\u2019une part avec son duo de roadster naked FZ1 et roadster car\u00e9n\u00e9 FZ1 Fazer mais aussi\u2026 avec les h\u00f4tesses sur son stand. La petite tenue blanche et bleu tr\u00e8s courte, notamment, port\u00e9e par les demoiselles cr\u00e9ait un climat tr\u00e8s show\u2026 chaud\u2026 chaud devant et derri\u00e8re. Les journalistes et [&hellip;]<\/p>\n","protected":false},"author":338,"featured_media":0,"comment_status":"open","ping_status":"open","sticky":false,"template":"","format":"standard","meta":{"footnotes":""},"categories":[36,44],"tags":[],"class_list":["post-2392","post","type-post","status-publish","format-standard","hentry","category-salons","category-yamaha"],"yoast_head":"<!-- This site is optimized with the Yoast SEO plugin v26.0 - https:\/\/yoast.com\/wordpress\/plugins\/seo\/ -->\n<title>Mondial 2005 : Yamaha FZ1 et FZ1 Fazer \u2013 Live - leblogmoto.com<\/title>\n<meta name=\"robots\" content=\"index, follow, max-snippet:-1, max-image-preview:large, max-video-preview:-1\" \/>\n<link rel=\"canonical\" href=\"https:\/\/blogs.thesocialmedia.com\/leblogmoto\/2005\/10\/02\/mondial-2005-ya-3\/\" \/>\n<meta name=\"twitter:card\" content=\"summary_large_image\" \/>\n<meta name=\"twitter:title\" content=\"Mondial 2005 : Yamaha FZ1 et FZ1 Fazer \u2013 Live - leblogmoto.com\" \/>\n<meta name=\"twitter:description\" content=\"Yamaha a frapp\u00e9 fort, tr\u00e8s fort !!! D\u2019une part avec son duo de roadster naked FZ1 et roadster car\u00e9n\u00e9 FZ1 Fazer mais aussi\u2026 avec les h\u00f4tesses sur son stand. La petite tenue blanche et bleu tr\u00e8s courte, notamment, port\u00e9e par les demoiselles cr\u00e9ait un climat tr\u00e8s show\u2026 chaud\u2026 chaud devant et derri\u00e8re. Les journalistes et [&hellip;]\" \/>\n<meta name=\"twitter:image\" content=\"http:\/\/www.leblogmoto.com\/images\/fzl1.JPG\" \/>\n<meta name=\"twitter:label1\" content=\"\u00c9crit par\" \/>\n\t<meta name=\"twitter:data1\" content=\"vincent vaillant\" \/>\n\t<meta name=\"twitter:label2\" content=\"Dur\u00e9e de lecture estim\u00e9e\" \/>\n\t<meta name=\"twitter:data2\" content=\"1 minute\" \/>\n<script type=\"application\/ld+json\" class=\"yoast-schema-graph\">{\"@context\":\"https:\/\/schema.org\",\"@graph\":[{\"@type\":\"WebPage\",\"@id\":\"https:\/\/blogs.thesocialmedia.com\/leblogmoto\/2005\/10\/02\/mondial-2005-ya-3\/\",\"url\":\"https:\/\/blogs.thesocialmedia.com\/leblogmoto\/2005\/10\/02\/mondial-2005-ya-3\/\",\"name\":\"Mondial 2005 : Yamaha FZ1 et FZ1 Fazer \u2013 Live - leblogmoto.com\",\"isPartOf\":{\"@id\":\"https:\/\/blogs.thesocialmedia.com\/leblogmoto\/#website\"},\"primaryImageOfPage\":{\"@id\":\"https:\/\/blogs.thesocialmedia.com\/leblogmoto\/2005\/10\/02\/mondial-2005-ya-3\/#primaryimage\"},\"image\":{\"@id\":\"https:\/\/blogs.thesocialmedia.com\/leblogmoto\/2005\/10\/02\/mondial-2005-ya-3\/#primaryimage\"},\"thumbnailUrl\":\"http:\/\/www.leblogmoto.com\/images\/fzl1.JPG\",\"datePublished\":\"2005-10-02T17:42:22+00:00\",\"dateModified\":\"2012-07-11T13:47:47+00:00\",\"author\":{\"@id\":\"https:\/\/blogs.thesocialmedia.com\/leblogmoto\/#\/schema\/person\/80d2a078dbdb8b60abbd76bae6011f19\"},\"breadcrumb\":{\"@id\":\"https:\/\/blogs.thesocialmedia.com\/leblogmoto\/2005\/10\/02\/mondial-2005-ya-3\/#breadcrumb\"},\"inLanguage\":\"fr-FR\",\"potentialAction\":[{\"@type\":\"ReadAction\",\"target\":[\"https:\/\/blogs.thesocialmedia.com\/leblogmoto\/2005\/10\/02\/mondial-2005-ya-3\/\"]}]},{\"@type\":\"ImageObject\",\"inLanguage\":\"fr-FR\",\"@id\":\"https:\/\/blogs.thesocialmedia.com\/leblogmoto\/2005\/10\/02\/mondial-2005-ya-3\/#primaryimage\",\"url\":\"http:\/\/www.leblogmoto.com\/images\/fzl1.JPG\",\"contentUrl\":\"http:\/\/www.leblogmoto.com\/images\/fzl1.JPG\"},{\"@type\":\"BreadcrumbList\",\"@id\":\"https:\/\/blogs.thesocialmedia.com\/leblogmoto\/2005\/10\/02\/mondial-2005-ya-3\/#breadcrumb\",\"itemListElement\":[{\"@type\":\"ListItem\",\"position\":1,\"name\":\"Accueil\",\"item\":\"https:\/\/blogs.thesocialmedia.com\/leblogmoto\/\"},{\"@type\":\"ListItem\",\"position\":2,\"name\":\"Mondial 2005 : Yamaha FZ1 et FZ1 Fazer \u2013 Live\"}]},{\"@type\":\"WebSite\",\"@id\":\"https:\/\/blogs.thesocialmedia.com\/leblogmoto\/#website\",\"url\":\"https:\/\/blogs.thesocialmedia.com\/leblogmoto\/\",\"name\":\"leblogmoto\",\"description\":\"Toute l&#039;actualit\u00e9 des 2 roues\",\"potentialAction\":[{\"@type\":\"SearchAction\",\"target\":{\"@type\":\"EntryPoint\",\"urlTemplate\":\"https:\/\/blogs.thesocialmedia.com\/leblogmoto\/?s={search_term_string}\"},\"query-input\":{\"@type\":\"PropertyValueSpecification\",\"valueRequired\":true,\"valueName\":\"search_term_string\"}}],\"inLanguage\":\"fr-FR\"},{\"@type\":\"Person\",\"@id\":\"https:\/\/blogs.thesocialmedia.com\/leblogmoto\/#\/schema\/person\/80d2a078dbdb8b60abbd76bae6011f19\",\"name\":\"vincent vaillant\",\"image\":{\"@type\":\"ImageObject\",\"inLanguage\":\"fr-FR\",\"@id\":\"https:\/\/blogs.thesocialmedia.com\/leblogmoto\/#\/schema\/person\/image\/\",\"url\":\"https:\/\/secure.gravatar.com\/avatar\/?s=96&d=mm&r=g\",\"contentUrl\":\"https:\/\/secure.gravatar.com\/avatar\/?s=96&d=mm&r=g\",\"caption\":\"vincent vaillant\"},\"url\":\"https:\/\/blogs.thesocialmedia.com\/leblogmoto\/author\/vincent-vaillant\/\"}]}<\/script>\n<!-- \/ Yoast SEO plugin. -->","yoast_head_json":{"title":"Mondial 2005 : Yamaha FZ1 et FZ1 Fazer \u2013 Live - leblogmoto.com","robots":{"index":"index","follow":"follow","max-snippet":"max-snippet:-1","max-image-preview":"max-image-preview:large","max-video-preview":"max-video-preview:-1"},"canonical":"https:\/\/blogs.thesocialmedia.com\/leblogmoto\/2005\/10\/02\/mondial-2005-ya-3\/","twitter_card":"summary_large_image","twitter_title":"Mondial 2005 : Yamaha FZ1 et FZ1 Fazer \u2013 Live - leblogmoto.com","twitter_description":"Yamaha a frapp\u00e9 fort, tr\u00e8s fort !!! D\u2019une part avec son duo de roadster naked FZ1 et roadster car\u00e9n\u00e9 FZ1 Fazer mais aussi\u2026 avec les h\u00f4tesses sur son stand. La petite tenue blanche et bleu tr\u00e8s courte, notamment, port\u00e9e par les demoiselles cr\u00e9ait un climat tr\u00e8s show\u2026 chaud\u2026 chaud devant et derri\u00e8re. Les journalistes et [&hellip;]","twitter_image":"http:\/\/www.leblogmoto.com\/images\/fzl1.JPG","twitter_misc":{"\u00c9crit par":"vincent vaillant","Dur\u00e9e de lecture estim\u00e9e":"1 minute"},"schema":{"@context":"https:\/\/schema.org","@graph":[{"@type":"WebPage","@id":"https:\/\/blogs.thesocialmedia.com\/leblogmoto\/2005\/10\/02\/mondial-2005-ya-3\/","url":"https:\/\/blogs.thesocialmedia.com\/leblogmoto\/2005\/10\/02\/mondial-2005-ya-3\/","name":"Mondial 2005 : Yamaha FZ1 et FZ1 Fazer \u2013 Live - leblogmoto.com","isPartOf":{"@id":"https:\/\/blogs.thesocialmedia.com\/leblogmoto\/#website"},"primaryImageOfPage":{"@id":"https:\/\/blogs.thesocialmedia.com\/leblogmoto\/2005\/10\/02\/mondial-2005-ya-3\/#primaryimage"},"image":{"@id":"https:\/\/blogs.thesocialmedia.com\/leblogmoto\/2005\/10\/02\/mondial-2005-ya-3\/#primaryimage"},"thumbnailUrl":"http:\/\/www.leblogmoto.com\/images\/fzl1.JPG","datePublished":"2005-10-02T17:42:22+00:00","dateModified":"2012-07-11T13:47:47+00:00","author":{"@id":"https:\/\/blogs.thesocialmedia.com\/leblogmoto\/#\/schema\/person\/80d2a078dbdb8b60abbd76bae6011f19"},"breadcrumb":{"@id":"https:\/\/blogs.thesocialmedia.com\/leblogmoto\/2005\/10\/02\/mondial-2005-ya-3\/#breadcrumb"},"inLanguage":"fr-FR","potentialAction":[{"@type":"ReadAction","target":["https:\/\/blogs.thesocialmedia.com\/leblogmoto\/2005\/10\/02\/mondial-2005-ya-3\/"]}]},{"@type":"ImageObject","inLanguage":"fr-FR","@id":"https:\/\/blogs.thesocialmedia.com\/leblogmoto\/2005\/10\/02\/mondial-2005-ya-3\/#primaryimage","url":"http:\/\/www.leblogmoto.com\/images\/fzl1.JPG","contentUrl":"http:\/\/www.leblogmoto.com\/images\/fzl1.JPG"},{"@type":"BreadcrumbList","@id":"https:\/\/blogs.thesocialmedia.com\/leblogmoto\/2005\/10\/02\/mondial-2005-ya-3\/#breadcrumb","itemListElement":[{"@type":"ListItem","position":1,"name":"Accueil","item":"https:\/\/blogs.thesocialmedia.com\/leblogmoto\/"},{"@type":"ListItem","position":2,"name":"Mondial 2005 : Yamaha FZ1 et FZ1 Fazer \u2013 Live"}]},{"@type":"WebSite","@id":"https:\/\/blogs.thesocialmedia.com\/leblogmoto\/#website","url":"https:\/\/blogs.thesocialmedia.com\/leblogmoto\/","name":"leblogmoto","description":"Toute l&#039;actualit\u00e9 des 2 roues","potentialAction":[{"@type":"SearchAction","target":{"@type":"EntryPoint","urlTemplate":"https:\/\/blogs.thesocialmedia.com\/leblogmoto\/?s={search_term_string}"},"query-input":{"@type":"PropertyValueSpecification","valueRequired":true,"valueName":"search_term_string"}}],"inLanguage":"fr-FR"},{"@type":"Person","@id":"https:\/\/blogs.thesocialmedia.com\/leblogmoto\/#\/schema\/person\/80d2a078dbdb8b60abbd76bae6011f19","name":"vincent vaillant","image":{"@type":"ImageObject","inLanguage":"fr-FR","@id":"https:\/\/blogs.thesocialmedia.com\/leblogmoto\/#\/schema\/person\/image\/","url":"https:\/\/secure.gravatar.com\/avatar\/?s=96&d=mm&r=g","contentUrl":"https:\/\/secure.gravatar.com\/avatar\/?s=96&d=mm&r=g","caption":"vincent vaillant"},"url":"https:\/\/blogs.thesocialmedia.com\/leblogmoto\/author\/vincent-vaillant\/"}]}},"_links":{"self":[{"href":"https:\/\/blogs.thesocialmedia.com\/leblogmoto\/wp-json\/wp\/v2\/posts\/2392","targetHints":{"allow":["GET"]}}],"collection":[{"href":"https:\/\/blogs.thesocialmedia.com\/leblogmoto\/wp-json\/wp\/v2\/posts"}],"about":[{"href":"https:\/\/blogs.thesocialmedia.com\/leblogmoto\/wp-json\/wp\/v2\/types\/post"}],"author":[{"embeddable":true,"href":"https:\/\/blogs.thesocialmedia.com\/leblogmoto\/wp-json\/wp\/v2\/users\/338"}],"replies":[{"embeddable":true,"href":"https:\/\/blogs.thesocialmedia.com\/leblogmoto\/wp-json\/wp\/v2\/comments?post=2392"}],"version-history":[{"count":2,"href":"https:\/\/blogs.thesocialmedia.com\/leblogmoto\/wp-json\/wp\/v2\/posts\/2392\/revisions"}],"predecessor-version":[{"id":5898,"href":"https:\/\/blogs.thesocialmedia.com\/leblogmoto\/wp-json\/wp\/v2\/posts\/2392\/revisions\/5898"}],"wp:attachment":[{"href":"https:\/\/blogs.thesocialmedia.com\/leblogmoto\/wp-json\/wp\/v2\/media?parent=2392"}],"wp:term":[{"taxonomy":"category","embeddable":true,"href":"https:\/\/blogs.thesocialmedia.com\/leblogmoto\/wp-json\/wp\/v2\/categories?post=2392"},{"taxonomy":"post_tag","embeddable":true,"href":"https:\/\/blogs.thesocialmedia.com\/leblogmoto\/wp-json\/wp\/v2\/tags?post=2392"}],"curies":[{"name":"wp","href":"https:\/\/api.w.org\/{rel}","templated":true}]}}