{"id":2394,"date":"2005-10-02T12:40:00","date_gmt":"2005-10-02T12:40:00","guid":{"rendered":"http:\/\/blogs.thesocialmedia.com\/leblogmoto\/2005\/10\/02\/mondial-du-2-ro\/"},"modified":"2012-07-11T13:46:51","modified_gmt":"2012-07-11T13:46:51","slug":"mondial-du-2-ro","status":"publish","type":"post","link":"https:\/\/blogs.thesocialmedia.com\/leblogmoto\/2005\/10\/02\/mondial-du-2-ro\/","title":{"rendered":"Mondial du 2 Roues 2005 : Les V\u00e9los Electriques (1)"},"content":{"rendered":"<p><a href=\"http:\/\/blogs.thesocialmedia.com\/leblogmoto\/files\/2012\/07\/skuby_blogimage.jpg\"><img loading=\"lazy\" decoding=\"async\" width=\"250\" height=\"189\"  alt=\"Skuby_blogimage\" src=\"http:\/\/www.leblogmoto.com\/images\/skuby_blogimage.jpg\" style=\"margin: 0px 5px 5px 0px;float: left\" \/><\/a>D&rsquo;origine Taiwanaise, la marque <a href=\"http:\/\/www.trekkingfox.com\">Skuby<\/a> est pr\u00e9sente au Mondial du 2 Roues et propose une large gamme de v\u00e9lo \u00e0 assistance electrique homologu\u00e9e CEE. Ce jeune homme que vous voyez sur le v\u00e9lo est l&rsquo;importateur de la marque en recherche de distributeurs pour la France. Vous pouvez trouver un essai du Skuby sur le <a href=\"http:\/\/archives.clicanoo.com\/article.php3?id_article=104989&amp;recherche=skuby\">Journal de L&rsquo;ile de la R\u00e9union<\/a>, et votre serviteur vous livre ici ses premi\u00e8res impressions apr\u00e8s un bref essai dans les all\u00e9es du salon : <\/p>\n<p>Prise en main facile grace \u00e0 la garde au sol tr\u00e8s basse, tenu de route OK mais pas fantastique (tendance au guidonnage), poids de 25kg honn\u00eate, avec batterie sur le porte bagage (2 prises \u00e0 manipuler pour recharger la batterie&nbsp; Ni-MH annonc\u00e9 pour une autonomie de 30\/40 Km). Bref sympatique v\u00e9lo qui devrait \u00eatre commercialis\u00e9 en France d&rsquo;ici \u00e0 quelques semaines si distributeurs il y a, pour la somme rondelette de pr\u00e8s de 1500 Euros TTC. Eh oui, comme pour <a href=\"http:\/\/www.leblogauto.com\">les Voitures<\/a>, les produits non-polluants restent encore un peu hors de prix. Vivement que <a href=\"http:\/\/www.senat.fr\/rap\/l97-4391\/l97-439171.html\">l&rsquo;ADEM<\/a> accepte de&nbsp; sponsoriser \u00e9galement les&nbsp; v\u00e9los electriques&#8230; <\/p>\n","protected":false},"excerpt":{"rendered":"<p>D&rsquo;origine Taiwanaise, la marque Skuby est pr\u00e9sente au Mondial du 2 Roues et propose une large gamme de v\u00e9lo \u00e0 assistance electrique homologu\u00e9e CEE. Ce jeune homme que vous voyez sur le v\u00e9lo est l&rsquo;importateur de la marque en recherche de distributeurs pour la France. Vous pouvez trouver un essai du Skuby sur le Journal [&hellip;]<\/p>\n","protected":false},"author":327,"featured_media":0,"comment_status":"open","ping_status":"open","sticky":false,"template":"","format":"standard","meta":{"footnotes":""},"categories":[3,30],"tags":[],"class_list":["post-2394","post","type-post","status-publish","format-standard","hentry","category-actualite","category-bio-carburantsvehicules-propres"],"yoast_head":"<!-- This site is optimized with the Yoast SEO plugin v26.0 - https:\/\/yoast.com\/wordpress\/plugins\/seo\/ -->\n<title>Mondial du 2 Roues 2005 : Les V\u00e9los Electriques (1) - leblogmoto.com<\/title>\n<meta name=\"robots\" content=\"index, follow, max-snippet:-1, max-image-preview:large, max-video-preview:-1\" \/>\n<link rel=\"canonical\" href=\"https:\/\/blogs.thesocialmedia.com\/leblogmoto\/2005\/10\/02\/mondial-du-2-ro\/\" \/>\n<meta name=\"twitter:card\" content=\"summary_large_image\" \/>\n<meta name=\"twitter:title\" content=\"Mondial du 2 Roues 2005 : Les V\u00e9los Electriques (1) - leblogmoto.com\" \/>\n<meta name=\"twitter:description\" content=\"D&rsquo;origine Taiwanaise, la marque Skuby est pr\u00e9sente au Mondial du 2 Roues et propose une large gamme de v\u00e9lo \u00e0 assistance electrique homologu\u00e9e CEE. Ce jeune homme que vous voyez sur le v\u00e9lo est l&rsquo;importateur de la marque en recherche de distributeurs pour la France. Vous pouvez trouver un essai du Skuby sur le Journal [&hellip;]\" \/>\n<meta name=\"twitter:image\" content=\"http:\/\/www.leblogmoto.com\/images\/skuby_blogimage.jpg\" \/>\n<meta name=\"twitter:label1\" content=\"\u00c9crit par\" \/>\n\t<meta name=\"twitter:data1\" content=\"jean verbeck\" \/>\n\t<meta name=\"twitter:label2\" content=\"Dur\u00e9e de lecture estim\u00e9e\" \/>\n\t<meta name=\"twitter:data2\" content=\"1 minute\" \/>\n<script type=\"application\/ld+json\" class=\"yoast-schema-graph\">{\"@context\":\"https:\/\/schema.org\",\"@graph\":[{\"@type\":\"WebPage\",\"@id\":\"https:\/\/blogs.thesocialmedia.com\/leblogmoto\/2005\/10\/02\/mondial-du-2-ro\/\",\"url\":\"https:\/\/blogs.thesocialmedia.com\/leblogmoto\/2005\/10\/02\/mondial-du-2-ro\/\",\"name\":\"Mondial du 2 Roues 2005 : Les V\u00e9los Electriques (1) - leblogmoto.com\",\"isPartOf\":{\"@id\":\"https:\/\/blogs.thesocialmedia.com\/leblogmoto\/#website\"},\"primaryImageOfPage\":{\"@id\":\"https:\/\/blogs.thesocialmedia.com\/leblogmoto\/2005\/10\/02\/mondial-du-2-ro\/#primaryimage\"},\"image\":{\"@id\":\"https:\/\/blogs.thesocialmedia.com\/leblogmoto\/2005\/10\/02\/mondial-du-2-ro\/#primaryimage\"},\"thumbnailUrl\":\"http:\/\/www.leblogmoto.com\/images\/skuby_blogimage.jpg\",\"datePublished\":\"2005-10-02T12:40:00+00:00\",\"dateModified\":\"2012-07-11T13:46:51+00:00\",\"author\":{\"@id\":\"https:\/\/blogs.thesocialmedia.com\/leblogmoto\/#\/schema\/person\/f3dce72b26f598988dc9e4feb94beb61\"},\"breadcrumb\":{\"@id\":\"https:\/\/blogs.thesocialmedia.com\/leblogmoto\/2005\/10\/02\/mondial-du-2-ro\/#breadcrumb\"},\"inLanguage\":\"fr-FR\",\"potentialAction\":[{\"@type\":\"ReadAction\",\"target\":[\"https:\/\/blogs.thesocialmedia.com\/leblogmoto\/2005\/10\/02\/mondial-du-2-ro\/\"]}]},{\"@type\":\"ImageObject\",\"inLanguage\":\"fr-FR\",\"@id\":\"https:\/\/blogs.thesocialmedia.com\/leblogmoto\/2005\/10\/02\/mondial-du-2-ro\/#primaryimage\",\"url\":\"http:\/\/www.leblogmoto.com\/images\/skuby_blogimage.jpg\",\"contentUrl\":\"http:\/\/www.leblogmoto.com\/images\/skuby_blogimage.jpg\"},{\"@type\":\"BreadcrumbList\",\"@id\":\"https:\/\/blogs.thesocialmedia.com\/leblogmoto\/2005\/10\/02\/mondial-du-2-ro\/#breadcrumb\",\"itemListElement\":[{\"@type\":\"ListItem\",\"position\":1,\"name\":\"Accueil\",\"item\":\"https:\/\/blogs.thesocialmedia.com\/leblogmoto\/\"},{\"@type\":\"ListItem\",\"position\":2,\"name\":\"Mondial du 2 Roues 2005 : Les V\u00e9los Electriques (1)\"}]},{\"@type\":\"WebSite\",\"@id\":\"https:\/\/blogs.thesocialmedia.com\/leblogmoto\/#website\",\"url\":\"https:\/\/blogs.thesocialmedia.com\/leblogmoto\/\",\"name\":\"leblogmoto\",\"description\":\"Toute l&#039;actualit\u00e9 des 2 roues\",\"potentialAction\":[{\"@type\":\"SearchAction\",\"target\":{\"@type\":\"EntryPoint\",\"urlTemplate\":\"https:\/\/blogs.thesocialmedia.com\/leblogmoto\/?s={search_term_string}\"},\"query-input\":{\"@type\":\"PropertyValueSpecification\",\"valueRequired\":true,\"valueName\":\"search_term_string\"}}],\"inLanguage\":\"fr-FR\"},{\"@type\":\"Person\",\"@id\":\"https:\/\/blogs.thesocialmedia.com\/leblogmoto\/#\/schema\/person\/f3dce72b26f598988dc9e4feb94beb61\",\"name\":\"jean verbeck\",\"image\":{\"@type\":\"ImageObject\",\"inLanguage\":\"fr-FR\",\"@id\":\"https:\/\/blogs.thesocialmedia.com\/leblogmoto\/#\/schema\/person\/image\/\",\"url\":\"https:\/\/secure.gravatar.com\/avatar\/?s=96&d=mm&r=g\",\"contentUrl\":\"https:\/\/secure.gravatar.com\/avatar\/?s=96&d=mm&r=g\",\"caption\":\"jean verbeck\"},\"url\":\"https:\/\/blogs.thesocialmedia.com\/leblogmoto\/author\/jean-verbeck\/\"}]}<\/script>\n<!-- \/ Yoast SEO plugin. -->","yoast_head_json":{"title":"Mondial du 2 Roues 2005 : Les V\u00e9los Electriques (1) - leblogmoto.com","robots":{"index":"index","follow":"follow","max-snippet":"max-snippet:-1","max-image-preview":"max-image-preview:large","max-video-preview":"max-video-preview:-1"},"canonical":"https:\/\/blogs.thesocialmedia.com\/leblogmoto\/2005\/10\/02\/mondial-du-2-ro\/","twitter_card":"summary_large_image","twitter_title":"Mondial du 2 Roues 2005 : Les V\u00e9los Electriques (1) - leblogmoto.com","twitter_description":"D&rsquo;origine Taiwanaise, la marque Skuby est pr\u00e9sente au Mondial du 2 Roues et propose une large gamme de v\u00e9lo \u00e0 assistance electrique homologu\u00e9e CEE. Ce jeune homme que vous voyez sur le v\u00e9lo est l&rsquo;importateur de la marque en recherche de distributeurs pour la France. Vous pouvez trouver un essai du Skuby sur le Journal [&hellip;]","twitter_image":"http:\/\/www.leblogmoto.com\/images\/skuby_blogimage.jpg","twitter_misc":{"\u00c9crit par":"jean verbeck","Dur\u00e9e de lecture estim\u00e9e":"1 minute"},"schema":{"@context":"https:\/\/schema.org","@graph":[{"@type":"WebPage","@id":"https:\/\/blogs.thesocialmedia.com\/leblogmoto\/2005\/10\/02\/mondial-du-2-ro\/","url":"https:\/\/blogs.thesocialmedia.com\/leblogmoto\/2005\/10\/02\/mondial-du-2-ro\/","name":"Mondial du 2 Roues 2005 : Les V\u00e9los Electriques (1) - leblogmoto.com","isPartOf":{"@id":"https:\/\/blogs.thesocialmedia.com\/leblogmoto\/#website"},"primaryImageOfPage":{"@id":"https:\/\/blogs.thesocialmedia.com\/leblogmoto\/2005\/10\/02\/mondial-du-2-ro\/#primaryimage"},"image":{"@id":"https:\/\/blogs.thesocialmedia.com\/leblogmoto\/2005\/10\/02\/mondial-du-2-ro\/#primaryimage"},"thumbnailUrl":"http:\/\/www.leblogmoto.com\/images\/skuby_blogimage.jpg","datePublished":"2005-10-02T12:40:00+00:00","dateModified":"2012-07-11T13:46:51+00:00","author":{"@id":"https:\/\/blogs.thesocialmedia.com\/leblogmoto\/#\/schema\/person\/f3dce72b26f598988dc9e4feb94beb61"},"breadcrumb":{"@id":"https:\/\/blogs.thesocialmedia.com\/leblogmoto\/2005\/10\/02\/mondial-du-2-ro\/#breadcrumb"},"inLanguage":"fr-FR","potentialAction":[{"@type":"ReadAction","target":["https:\/\/blogs.thesocialmedia.com\/leblogmoto\/2005\/10\/02\/mondial-du-2-ro\/"]}]},{"@type":"ImageObject","inLanguage":"fr-FR","@id":"https:\/\/blogs.thesocialmedia.com\/leblogmoto\/2005\/10\/02\/mondial-du-2-ro\/#primaryimage","url":"http:\/\/www.leblogmoto.com\/images\/skuby_blogimage.jpg","contentUrl":"http:\/\/www.leblogmoto.com\/images\/skuby_blogimage.jpg"},{"@type":"BreadcrumbList","@id":"https:\/\/blogs.thesocialmedia.com\/leblogmoto\/2005\/10\/02\/mondial-du-2-ro\/#breadcrumb","itemListElement":[{"@type":"ListItem","position":1,"name":"Accueil","item":"https:\/\/blogs.thesocialmedia.com\/leblogmoto\/"},{"@type":"ListItem","position":2,"name":"Mondial du 2 Roues 2005 : Les V\u00e9los Electriques (1)"}]},{"@type":"WebSite","@id":"https:\/\/blogs.thesocialmedia.com\/leblogmoto\/#website","url":"https:\/\/blogs.thesocialmedia.com\/leblogmoto\/","name":"leblogmoto","description":"Toute l&#039;actualit\u00e9 des 2 roues","potentialAction":[{"@type":"SearchAction","target":{"@type":"EntryPoint","urlTemplate":"https:\/\/blogs.thesocialmedia.com\/leblogmoto\/?s={search_term_string}"},"query-input":{"@type":"PropertyValueSpecification","valueRequired":true,"valueName":"search_term_string"}}],"inLanguage":"fr-FR"},{"@type":"Person","@id":"https:\/\/blogs.thesocialmedia.com\/leblogmoto\/#\/schema\/person\/f3dce72b26f598988dc9e4feb94beb61","name":"jean verbeck","image":{"@type":"ImageObject","inLanguage":"fr-FR","@id":"https:\/\/blogs.thesocialmedia.com\/leblogmoto\/#\/schema\/person\/image\/","url":"https:\/\/secure.gravatar.com\/avatar\/?s=96&d=mm&r=g","contentUrl":"https:\/\/secure.gravatar.com\/avatar\/?s=96&d=mm&r=g","caption":"jean verbeck"},"url":"https:\/\/blogs.thesocialmedia.com\/leblogmoto\/author\/jean-verbeck\/"}]}},"_links":{"self":[{"href":"https:\/\/blogs.thesocialmedia.com\/leblogmoto\/wp-json\/wp\/v2\/posts\/2394","targetHints":{"allow":["GET"]}}],"collection":[{"href":"https:\/\/blogs.thesocialmedia.com\/leblogmoto\/wp-json\/wp\/v2\/posts"}],"about":[{"href":"https:\/\/blogs.thesocialmedia.com\/leblogmoto\/wp-json\/wp\/v2\/types\/post"}],"author":[{"embeddable":true,"href":"https:\/\/blogs.thesocialmedia.com\/leblogmoto\/wp-json\/wp\/v2\/users\/327"}],"replies":[{"embeddable":true,"href":"https:\/\/blogs.thesocialmedia.com\/leblogmoto\/wp-json\/wp\/v2\/comments?post=2394"}],"version-history":[{"count":2,"href":"https:\/\/blogs.thesocialmedia.com\/leblogmoto\/wp-json\/wp\/v2\/posts\/2394\/revisions"}],"predecessor-version":[{"id":5870,"href":"https:\/\/blogs.thesocialmedia.com\/leblogmoto\/wp-json\/wp\/v2\/posts\/2394\/revisions\/5870"}],"wp:attachment":[{"href":"https:\/\/blogs.thesocialmedia.com\/leblogmoto\/wp-json\/wp\/v2\/media?parent=2394"}],"wp:term":[{"taxonomy":"category","embeddable":true,"href":"https:\/\/blogs.thesocialmedia.com\/leblogmoto\/wp-json\/wp\/v2\/categories?post=2394"},{"taxonomy":"post_tag","embeddable":true,"href":"https:\/\/blogs.thesocialmedia.com\/leblogmoto\/wp-json\/wp\/v2\/tags?post=2394"}],"curies":[{"name":"wp","href":"https:\/\/api.w.org\/{rel}","templated":true}]}}