{"id":2395,"date":"2005-10-02T12:19:09","date_gmt":"2005-10-02T12:19:09","guid":{"rendered":"http:\/\/blogs.thesocialmedia.com\/leblogmoto\/2005\/10\/02\/vlos-electrique\/"},"modified":"2012-07-11T13:21:15","modified_gmt":"2012-07-11T13:21:15","slug":"vlos-electrique","status":"publish","type":"post","link":"https:\/\/blogs.thesocialmedia.com\/leblogmoto\/2005\/10\/02\/vlos-electrique\/","title":{"rendered":"V\u00e9los Electriques&#8230;"},"content":{"rendered":"<p><a href=\"http:\/\/clabedan.typepad.com\/photos\/uncategorized\/giant_lite_blogimage.jpg\"><img loading=\"lazy\" decoding=\"async\" width=\"250\" height=\"164\"  alt=\"Giant_lite_blogimage\" src=\"http:\/\/www.leblogauto.com\/images\/giant_lite_blogimage.jpg\" style=\"margin: 0px 5px 5px 0px;float: left\" \/><\/a>Avant de faire un tour de ce qui fait en mati\u00e8re de V\u00e9lo \u00e0 Assistance Electrique sur le Mondial des 2 Roues, je vous propose un petit dossier\/enqu\u00eate sur le sujet :<br \/>Apr\u00e8s les motorisations Hybride essence-electrique, voici maintenant l&rsquo;\u00e8re des motorisations hybrides humain-electrique. Concept pas vraiment nouveau me direz vous, car le <a href=\"http:\/\/solexin.free.fr\/\">Solex<\/a> pourrait bien \u00eatre l&rsquo;anc\u00e8tre de ces motorisations hybride \u00e0 2 roues.<\/p>\n<p>Pour notre enqu\u00eate, nous avons volontairement limit\u00e9 le sprectre des <a href=\"http:\/\/www.leblogmoto.com\/\">deux roues<\/a>. Le choix peut se porter soit sur des motos et scooter, soit sur des v\u00e9los. les premiers ont tendance \u00e0 \u00eatre relativement plus dangereux et polluants, et les seconds \u00e9tant r\u00e9serv\u00e9s \u00e0 ceux ayant une condition physique exemplaire sous peine d&rsquo;arriver en eaux au bureau. Votre serviteur toujours \u00e0 la qu\u00eate &quot;du top&quot;, a fait une revue de ces deux roues peu polluant voire pas du tout, tout en cherchant \u00e0 garder la s\u00e9curit\u00e9 comme un des crit\u00e8res cl\u00e9s !<\/p>\n<p><a href=\"http:\/\/clabedan.typepad.com\/photos\/uncategorized\/velosolex.jpg\"><img loading=\"lazy\" decoding=\"async\" width=\"250\" height=\"187\"  alt=\"Velosolex\" src=\"http:\/\/www.leblogauto.com\/images\/velosolex.jpg\" style=\"margin: 0px 5px 5px 0px;float: left\" \/><\/a>En motorisation Hybride humain-essence, pourquoi ne pas craquer pour un <a href=\"http:\/\/solexin.free.fr\/\">Solex<\/a>, eh oui ce dernier fait son retour en force en 2005 avec pas moins de 2 mod\u00e8les disponibles sur le march\u00e9. Le <a href=\"http:\/\/www.blacknroll.com\/\">Black and Roll<\/a>, et \u00e9galement le Solex revu et corrig\u00e9 par <a href=\"http:\/\/solexin.free.fr\/actualite\/sinbar\/communique-20050511.html\">Pininfarina<\/a> qui seront tous deux pr\u00e9sent au <a href=\"http:\/\/www.leblogmoto.com\/2005\/09\/mondial_du_deux.html\">Mondial du 2 Roues<\/a> d\u00e9but octobre. Le solex est peu polluant ( 1,2 litres au cent km), <a href=\"http:\/\/www.levintage.com\/\">un brin vintage<\/a>, et assez s\u00e9curisant (vitesse limit\u00e9e \u00e0 36km\/h) sauf sous la pluie ou la traction avant par gallet peut poser soucis pour certains ! Enfin \u00e9conomique \u00e0 l&rsquo;achat en version <a href=\"http:\/\/cyclo60.myouebe.net\/3800\/3800.asp\">S3800<\/a> la plus fiable et aboutie, car disponible <a href=\"http:\/\/search.ebay.fr\/solex_W0QQfromZR40QQfsooZ2QQfsopZ3QQsbrsrtZl\">sur Ebay \u00e0 partir de 200 Euros<\/a>, bref un bon choix, qui n\u00e9cessite tout de m\u00eame une assurance, un casque, et pour les nouveaux mod\u00e8le l&rsquo;immatriculation&#8230;<\/p>\n<p>En motorisation Hybride humain-electrique, j&rsquo;ai cit\u00e9 les VAE (<a href=\"http:\/\/cyclurba.free.fr\/vae-menu.php\">V\u00e9lo \u00e0 Assistance Electrique<\/a>). Et l\u00e0, croyez moi il y a \u00e0 boire et \u00e0 manger. Les chinois, les fran\u00e7ais, les allemands, les am\u00e9ricains, bref tout le monde est sur le coup, et mieux vaut faire le bon choix pour ne pas se retrouver au guidon d&rsquo;une pile g\u00e9ante \u00e0 2 roues&#8230; Jean \u00e0 fait le travail pour vous, et vous a d\u00e9got\u00e9 ce qui se fait de mieux sur le march\u00e9 et <a href=\"http:\/\/www.parisquadvisit.com\/fr\/\">m\u00eame un loueur<\/a> pour tester le concept. A noter que la <a href=\"http:\/\/cyclurba.free.fr\/vae-homologation.php\">r\u00e9glementation<\/a> en la mati\u00e8re est tr\u00e8s stricte. Pour r\u00e9sumer l&rsquo;assitance ne doit pas fonctionner au del\u00e0 de 25km\/h, et la <br \/>puissance du moteur ne doit pas exceder 250 Watt. <\/p>\n<p>Disponible sur le march\u00e9 fran\u00e7ais, et le plus plebiscit\u00e9 le <a href=\"http:\/\/www.veloelectro.com\/velos_electriques_gitane_E-Bike_Pack.php\">Gitane ebike<\/a> disponible chez <a href=\"http:\/\/www.velo-oxygen.fr\/\">Velo &amp; Oxyg\u00e8ne<\/a> pour la somme de 999 Euros. <a href=\"http:\/\/www.velo-electrique.com\/Pages\/accueil.htm\">Un autre constructeur fran\u00e7ais, ISD<\/a>, propose une large gamme de produits allant de 900 \u00e0 pr\u00e8s de 1500 Euros. Chez nos voisins outre-manche, la soci\u00e9t\u00e9 <a href=\"http:\/\/www.powabyke.com\/index.html\">Powabyke<\/a> propose une large gamme, allant de 950 Euros \u00e0 plus de 1300 Euros, avec des looks plus ou moins r\u00e9ussi, mais un avec un poid pour certains mod\u00e8le qui frole les 40 kg !<\/p>\n<p>En Allemagne, on trouve la marque Sachs et Estelle, avec des v\u00e9los style hollandais mais assez cher<br \/>(pas moins de 1500 Euros) mais avec une fiabilt\u00e9 \u00e0 toute \u00e9preuve, on pourrait l&rsquo;imaginer. Enfin, <a href=\"http:\/\/www.giant-bicycles.com\/us\/030.000.000\/030.000.000.asp?range=218\">le constructeur Giant<\/a>, propose \u00e9galement une large gamme de VAE, qui au niveau design et ergonomie poss\u00e8de une certaine longueur d&rsquo;avance sur les mod\u00e8les Europeens. Le must en la mati\u00e8re pourrait bien \u00eatre le <a href=\"http:\/\/www.giant-bicycles.com\/us\/030.000.000\/030.000.000.asp?model=11119\">Giant Lite<\/a>, avec pas plus de 20kg \u00e0 la pes\u00e9e et un look d&rsquo;enfer !<\/p>\n<p>A vous de voir et de d\u00e9cider. Juste quelques derniers conseils pour que vous puissiez faire votre choix. L&rsquo;utilisation que vous allez faire de votre 2 roues est primordiale. Trajet quotidien ou promenade, le choix peut varier d&rsquo;un extr\u00e8me \u00e0 l&rsquo;autre. L&rsquo;autonomie, le poids, et la fiabilit\u00e9 seront des crit\u00e8res \u00e0 examiner de tr\u00e8s pr\u00e8s&#8230;<\/p>\n","protected":false},"excerpt":{"rendered":"<p>Avant de faire un tour de ce qui fait en mati\u00e8re de V\u00e9lo \u00e0 Assistance Electrique sur le Mondial des 2 Roues, je vous propose un petit dossier\/enqu\u00eate sur le sujet :Apr\u00e8s les motorisations Hybride essence-electrique, voici maintenant l&rsquo;\u00e8re des motorisations hybrides humain-electrique. Concept pas vraiment nouveau me direz vous, car le Solex pourrait bien [&hellip;]<\/p>\n","protected":false},"author":327,"featured_media":14498,"comment_status":"open","ping_status":"open","sticky":false,"template":"","format":"standard","meta":{"footnotes":""},"categories":[30],"tags":[],"class_list":["post-2395","post","type-post","status-publish","format-standard","has-post-thumbnail","hentry","category-bio-carburantsvehicules-propres"],"yoast_head":"<!-- This site is optimized with the Yoast SEO plugin v26.0 - https:\/\/yoast.com\/wordpress\/plugins\/seo\/ -->\n<title>V\u00e9los Electriques... - leblogmoto.com<\/title>\n<meta name=\"robots\" content=\"index, follow, max-snippet:-1, max-image-preview:large, max-video-preview:-1\" \/>\n<link rel=\"canonical\" href=\"https:\/\/blogs.thesocialmedia.com\/leblogmoto\/2005\/10\/02\/vlos-electrique\/\" \/>\n<meta name=\"twitter:card\" content=\"summary_large_image\" \/>\n<meta name=\"twitter:title\" content=\"V\u00e9los Electriques... - leblogmoto.com\" \/>\n<meta name=\"twitter:description\" content=\"Avant de faire un tour de ce qui fait en mati\u00e8re de V\u00e9lo \u00e0 Assistance Electrique sur le Mondial des 2 Roues, je vous propose un petit dossier\/enqu\u00eate sur le sujet :Apr\u00e8s les motorisations Hybride essence-electrique, voici maintenant l&rsquo;\u00e8re des motorisations hybrides humain-electrique. Concept pas vraiment nouveau me direz vous, car le Solex pourrait bien [&hellip;]\" \/>\n<meta name=\"twitter:image\" content=\"https:\/\/blogs.thesocialmedia.com\/leblogmoto\/files\/2012\/07\/giant_lite_blogimage1.jpg\" \/>\n<meta name=\"twitter:label1\" content=\"\u00c9crit par\" \/>\n\t<meta name=\"twitter:data1\" content=\"jean verbeck\" \/>\n\t<meta name=\"twitter:label2\" content=\"Dur\u00e9e de lecture estim\u00e9e\" \/>\n\t<meta name=\"twitter:data2\" content=\"3 minutes\" \/>\n<script type=\"application\/ld+json\" class=\"yoast-schema-graph\">{\"@context\":\"https:\/\/schema.org\",\"@graph\":[{\"@type\":\"WebPage\",\"@id\":\"https:\/\/blogs.thesocialmedia.com\/leblogmoto\/2005\/10\/02\/vlos-electrique\/\",\"url\":\"https:\/\/blogs.thesocialmedia.com\/leblogmoto\/2005\/10\/02\/vlos-electrique\/\",\"name\":\"V\u00e9los Electriques... - leblogmoto.com\",\"isPartOf\":{\"@id\":\"https:\/\/blogs.thesocialmedia.com\/leblogmoto\/#website\"},\"primaryImageOfPage\":{\"@id\":\"https:\/\/blogs.thesocialmedia.com\/leblogmoto\/2005\/10\/02\/vlos-electrique\/#primaryimage\"},\"image\":{\"@id\":\"https:\/\/blogs.thesocialmedia.com\/leblogmoto\/2005\/10\/02\/vlos-electrique\/#primaryimage\"},\"thumbnailUrl\":\"https:\/\/blogs.thesocialmedia.com\/leblogmoto\/files\/2012\/07\/giant_lite_blogimage1.jpg\",\"datePublished\":\"2005-10-02T12:19:09+00:00\",\"dateModified\":\"2012-07-11T13:21:15+00:00\",\"author\":{\"@id\":\"https:\/\/blogs.thesocialmedia.com\/leblogmoto\/#\/schema\/person\/f3dce72b26f598988dc9e4feb94beb61\"},\"breadcrumb\":{\"@id\":\"https:\/\/blogs.thesocialmedia.com\/leblogmoto\/2005\/10\/02\/vlos-electrique\/#breadcrumb\"},\"inLanguage\":\"fr-FR\",\"potentialAction\":[{\"@type\":\"ReadAction\",\"target\":[\"https:\/\/blogs.thesocialmedia.com\/leblogmoto\/2005\/10\/02\/vlos-electrique\/\"]}]},{\"@type\":\"ImageObject\",\"inLanguage\":\"fr-FR\",\"@id\":\"https:\/\/blogs.thesocialmedia.com\/leblogmoto\/2005\/10\/02\/vlos-electrique\/#primaryimage\",\"url\":\"https:\/\/blogs.thesocialmedia.com\/leblogmoto\/files\/2012\/07\/giant_lite_blogimage1.jpg\",\"contentUrl\":\"https:\/\/blogs.thesocialmedia.com\/leblogmoto\/files\/2012\/07\/giant_lite_blogimage1.jpg\",\"width\":\"250\",\"height\":\"164\"},{\"@type\":\"BreadcrumbList\",\"@id\":\"https:\/\/blogs.thesocialmedia.com\/leblogmoto\/2005\/10\/02\/vlos-electrique\/#breadcrumb\",\"itemListElement\":[{\"@type\":\"ListItem\",\"position\":1,\"name\":\"Accueil\",\"item\":\"https:\/\/blogs.thesocialmedia.com\/leblogmoto\/\"},{\"@type\":\"ListItem\",\"position\":2,\"name\":\"V\u00e9los Electriques&#8230;\"}]},{\"@type\":\"WebSite\",\"@id\":\"https:\/\/blogs.thesocialmedia.com\/leblogmoto\/#website\",\"url\":\"https:\/\/blogs.thesocialmedia.com\/leblogmoto\/\",\"name\":\"leblogmoto\",\"description\":\"Toute l&#039;actualit\u00e9 des 2 roues\",\"potentialAction\":[{\"@type\":\"SearchAction\",\"target\":{\"@type\":\"EntryPoint\",\"urlTemplate\":\"https:\/\/blogs.thesocialmedia.com\/leblogmoto\/?s={search_term_string}\"},\"query-input\":{\"@type\":\"PropertyValueSpecification\",\"valueRequired\":true,\"valueName\":\"search_term_string\"}}],\"inLanguage\":\"fr-FR\"},{\"@type\":\"Person\",\"@id\":\"https:\/\/blogs.thesocialmedia.com\/leblogmoto\/#\/schema\/person\/f3dce72b26f598988dc9e4feb94beb61\",\"name\":\"jean verbeck\",\"image\":{\"@type\":\"ImageObject\",\"inLanguage\":\"fr-FR\",\"@id\":\"https:\/\/blogs.thesocialmedia.com\/leblogmoto\/#\/schema\/person\/image\/\",\"url\":\"https:\/\/secure.gravatar.com\/avatar\/?s=96&d=mm&r=g\",\"contentUrl\":\"https:\/\/secure.gravatar.com\/avatar\/?s=96&d=mm&r=g\",\"caption\":\"jean verbeck\"},\"url\":\"https:\/\/blogs.thesocialmedia.com\/leblogmoto\/author\/jean-verbeck\/\"}]}<\/script>\n<!-- \/ Yoast SEO plugin. -->","yoast_head_json":{"title":"V\u00e9los Electriques... - leblogmoto.com","robots":{"index":"index","follow":"follow","max-snippet":"max-snippet:-1","max-image-preview":"max-image-preview:large","max-video-preview":"max-video-preview:-1"},"canonical":"https:\/\/blogs.thesocialmedia.com\/leblogmoto\/2005\/10\/02\/vlos-electrique\/","twitter_card":"summary_large_image","twitter_title":"V\u00e9los Electriques... - leblogmoto.com","twitter_description":"Avant de faire un tour de ce qui fait en mati\u00e8re de V\u00e9lo \u00e0 Assistance Electrique sur le Mondial des 2 Roues, je vous propose un petit dossier\/enqu\u00eate sur le sujet :Apr\u00e8s les motorisations Hybride essence-electrique, voici maintenant l&rsquo;\u00e8re des motorisations hybrides humain-electrique. Concept pas vraiment nouveau me direz vous, car le Solex pourrait bien [&hellip;]","twitter_image":"https:\/\/blogs.thesocialmedia.com\/leblogmoto\/files\/2012\/07\/giant_lite_blogimage1.jpg","twitter_misc":{"\u00c9crit par":"jean verbeck","Dur\u00e9e de lecture estim\u00e9e":"3 minutes"},"schema":{"@context":"https:\/\/schema.org","@graph":[{"@type":"WebPage","@id":"https:\/\/blogs.thesocialmedia.com\/leblogmoto\/2005\/10\/02\/vlos-electrique\/","url":"https:\/\/blogs.thesocialmedia.com\/leblogmoto\/2005\/10\/02\/vlos-electrique\/","name":"V\u00e9los Electriques... - leblogmoto.com","isPartOf":{"@id":"https:\/\/blogs.thesocialmedia.com\/leblogmoto\/#website"},"primaryImageOfPage":{"@id":"https:\/\/blogs.thesocialmedia.com\/leblogmoto\/2005\/10\/02\/vlos-electrique\/#primaryimage"},"image":{"@id":"https:\/\/blogs.thesocialmedia.com\/leblogmoto\/2005\/10\/02\/vlos-electrique\/#primaryimage"},"thumbnailUrl":"https:\/\/blogs.thesocialmedia.com\/leblogmoto\/files\/2012\/07\/giant_lite_blogimage1.jpg","datePublished":"2005-10-02T12:19:09+00:00","dateModified":"2012-07-11T13:21:15+00:00","author":{"@id":"https:\/\/blogs.thesocialmedia.com\/leblogmoto\/#\/schema\/person\/f3dce72b26f598988dc9e4feb94beb61"},"breadcrumb":{"@id":"https:\/\/blogs.thesocialmedia.com\/leblogmoto\/2005\/10\/02\/vlos-electrique\/#breadcrumb"},"inLanguage":"fr-FR","potentialAction":[{"@type":"ReadAction","target":["https:\/\/blogs.thesocialmedia.com\/leblogmoto\/2005\/10\/02\/vlos-electrique\/"]}]},{"@type":"ImageObject","inLanguage":"fr-FR","@id":"https:\/\/blogs.thesocialmedia.com\/leblogmoto\/2005\/10\/02\/vlos-electrique\/#primaryimage","url":"https:\/\/blogs.thesocialmedia.com\/leblogmoto\/files\/2012\/07\/giant_lite_blogimage1.jpg","contentUrl":"https:\/\/blogs.thesocialmedia.com\/leblogmoto\/files\/2012\/07\/giant_lite_blogimage1.jpg","width":"250","height":"164"},{"@type":"BreadcrumbList","@id":"https:\/\/blogs.thesocialmedia.com\/leblogmoto\/2005\/10\/02\/vlos-electrique\/#breadcrumb","itemListElement":[{"@type":"ListItem","position":1,"name":"Accueil","item":"https:\/\/blogs.thesocialmedia.com\/leblogmoto\/"},{"@type":"ListItem","position":2,"name":"V\u00e9los Electriques&#8230;"}]},{"@type":"WebSite","@id":"https:\/\/blogs.thesocialmedia.com\/leblogmoto\/#website","url":"https:\/\/blogs.thesocialmedia.com\/leblogmoto\/","name":"leblogmoto","description":"Toute l&#039;actualit\u00e9 des 2 roues","potentialAction":[{"@type":"SearchAction","target":{"@type":"EntryPoint","urlTemplate":"https:\/\/blogs.thesocialmedia.com\/leblogmoto\/?s={search_term_string}"},"query-input":{"@type":"PropertyValueSpecification","valueRequired":true,"valueName":"search_term_string"}}],"inLanguage":"fr-FR"},{"@type":"Person","@id":"https:\/\/blogs.thesocialmedia.com\/leblogmoto\/#\/schema\/person\/f3dce72b26f598988dc9e4feb94beb61","name":"jean verbeck","image":{"@type":"ImageObject","inLanguage":"fr-FR","@id":"https:\/\/blogs.thesocialmedia.com\/leblogmoto\/#\/schema\/person\/image\/","url":"https:\/\/secure.gravatar.com\/avatar\/?s=96&d=mm&r=g","contentUrl":"https:\/\/secure.gravatar.com\/avatar\/?s=96&d=mm&r=g","caption":"jean verbeck"},"url":"https:\/\/blogs.thesocialmedia.com\/leblogmoto\/author\/jean-verbeck\/"}]}},"_links":{"self":[{"href":"https:\/\/blogs.thesocialmedia.com\/leblogmoto\/wp-json\/wp\/v2\/posts\/2395","targetHints":{"allow":["GET"]}}],"collection":[{"href":"https:\/\/blogs.thesocialmedia.com\/leblogmoto\/wp-json\/wp\/v2\/posts"}],"about":[{"href":"https:\/\/blogs.thesocialmedia.com\/leblogmoto\/wp-json\/wp\/v2\/types\/post"}],"author":[{"embeddable":true,"href":"https:\/\/blogs.thesocialmedia.com\/leblogmoto\/wp-json\/wp\/v2\/users\/327"}],"replies":[{"embeddable":true,"href":"https:\/\/blogs.thesocialmedia.com\/leblogmoto\/wp-json\/wp\/v2\/comments?post=2395"}],"version-history":[{"count":1,"href":"https:\/\/blogs.thesocialmedia.com\/leblogmoto\/wp-json\/wp\/v2\/posts\/2395\/revisions"}],"predecessor-version":[{"id":2759,"href":"https:\/\/blogs.thesocialmedia.com\/leblogmoto\/wp-json\/wp\/v2\/posts\/2395\/revisions\/2759"}],"wp:featuredmedia":[{"embeddable":true,"href":"https:\/\/blogs.thesocialmedia.com\/leblogmoto\/wp-json\/wp\/v2\/media\/14498"}],"wp:attachment":[{"href":"https:\/\/blogs.thesocialmedia.com\/leblogmoto\/wp-json\/wp\/v2\/media?parent=2395"}],"wp:term":[{"taxonomy":"category","embeddable":true,"href":"https:\/\/blogs.thesocialmedia.com\/leblogmoto\/wp-json\/wp\/v2\/categories?post=2395"},{"taxonomy":"post_tag","embeddable":true,"href":"https:\/\/blogs.thesocialmedia.com\/leblogmoto\/wp-json\/wp\/v2\/tags?post=2395"}],"curies":[{"name":"wp","href":"https:\/\/api.w.org\/{rel}","templated":true}]}}