{"id":2397,"date":"2005-10-02T11:45:43","date_gmt":"2005-10-02T11:45:43","guid":{"rendered":"http:\/\/blogs.thesocialmedia.com\/leblogmoto\/2005\/10\/02\/mondial-2005-es\/"},"modified":"2012-07-11T13:21:15","modified_gmt":"2012-07-11T13:21:15","slug":"mondial-2005-es","status":"publish","type":"post","link":"https:\/\/blogs.thesocialmedia.com\/leblogmoto\/2005\/10\/02\/mondial-2005-es\/","title":{"rendered":"Mondial 2005 : e-Solex &#8211; Live"},"content":{"rendered":"<p><a href=\"http:\/\/clabedan.typepad.com\/photos\/uncategorized\/esolex1_blogimage.jpg\"><img loading=\"lazy\" decoding=\"async\" width=\"250\" height=\"189\"  alt=\"Esolex1_blogimage\" src=\"http:\/\/www.leblogauto.com\/images\/esolex1_blogimage.jpg\" style=\"margin: 0px 5px 5px 0px;float: left\" \/><\/a><a href=\"http:\/\/www.leblogauto.com\/2005\/09\/_pininfarina_es.html\">Le e-Solex Pininfarina<\/a> vous a \u00e9t\u00e9 pr\u00e9sent\u00e9 en avant -premi\u00e8re la semaine derni\u00e8re par Patrick Garcia, et nous n&rsquo;avons pas pu resister \u00e0 nous rendre sur le stand pour v\u00e9rifier la &quot;belle&quot; de visu. Et l\u00e0 grosse d\u00e9ception&#8230;&nbsp; Car pour un prototype, c&rsquo;est un vrai prototype, tout est en plastique factice, m\u00eame les compteurs avec un autocollant en papier pour simuler les aiguilles comme vous pouvez le voir sur la photo ci-apr\u00e8s. Bref, au del\u00e0 <a href=\"http:\/\/www.leblogauto.com\/2005\/09\/_pininfarina_es.html\">des caract\u00e9ristiques suppos\u00e9es<\/a> de la &quot;b\u00eate&quot;, ce dernier devrait \u00eatre livr\u00e9 au 2\u00e8me semestre 2006, mais croyez moi avant d&rsquo;y arriver, les ing\u00e9nieurs du groupe Solex-Cible vont avoir du pain sur la planche, car l&rsquo;\u00e9tude de style est plutot r\u00e9ussie, mais le passage en production risque d&rsquo;\u00eatre&nbsp; une autre paire de manche, non ? Seuls vrais produits de ce stand, des Solex de collection des ann\u00e9es 50 et 60 en excellente condition&#8230;<\/p>\n<p><a href=\"http:\/\/clabedan.typepad.com\/photos\/uncategorized\/esolex2.jpg\"><img loading=\"lazy\" decoding=\"async\" width=\"250\" height=\"187\"  src=\"http:\/\/www.leblogauto.com\/images\/esolex2.jpg\" alt=\"Esolex2\" style=\"margin: 0px 5px 5px 0px;float: left\" \/><\/a><\/p>\n<p><a href=\"http:\/\/clabedan.typepad.com\/photos\/uncategorized\/esolex3_1.jpg\"><img loading=\"lazy\" decoding=\"async\" width=\"250\" height=\"187\"  src=\"http:\/\/www.leblogauto.com\/images\/esolex3_1.jpg\" alt=\"Esolex3_1\" style=\"margin: 0px 5px 5px 0px;float: left\" \/><\/a><\/p>\n","protected":false},"excerpt":{"rendered":"<p>Le e-Solex Pininfarina vous a \u00e9t\u00e9 pr\u00e9sent\u00e9 en avant -premi\u00e8re la semaine derni\u00e8re par Patrick Garcia, et nous n&rsquo;avons pas pu resister \u00e0 nous rendre sur le stand pour v\u00e9rifier la &quot;belle&quot; de visu. Et l\u00e0 grosse d\u00e9ception&#8230;&nbsp; Car pour un prototype, c&rsquo;est un vrai prototype, tout est en plastique factice, m\u00eame les compteurs avec [&hellip;]<\/p>\n","protected":false},"author":327,"featured_media":14497,"comment_status":"open","ping_status":"open","sticky":false,"template":"","format":"standard","meta":{"footnotes":""},"categories":[3],"tags":[],"class_list":["post-2397","post","type-post","status-publish","format-standard","has-post-thumbnail","hentry","category-actualite"],"yoast_head":"<!-- This site is optimized with the Yoast SEO plugin v26.0 - https:\/\/yoast.com\/wordpress\/plugins\/seo\/ -->\n<title>Mondial 2005 : e-Solex - Live - leblogmoto.com<\/title>\n<meta name=\"robots\" content=\"index, follow, max-snippet:-1, max-image-preview:large, max-video-preview:-1\" \/>\n<link rel=\"canonical\" href=\"https:\/\/blogs.thesocialmedia.com\/leblogmoto\/2005\/10\/02\/mondial-2005-es\/\" \/>\n<meta name=\"twitter:card\" content=\"summary_large_image\" \/>\n<meta name=\"twitter:title\" content=\"Mondial 2005 : e-Solex - Live - leblogmoto.com\" \/>\n<meta name=\"twitter:description\" content=\"Le e-Solex Pininfarina vous a \u00e9t\u00e9 pr\u00e9sent\u00e9 en avant -premi\u00e8re la semaine derni\u00e8re par Patrick Garcia, et nous n&rsquo;avons pas pu resister \u00e0 nous rendre sur le stand pour v\u00e9rifier la &quot;belle&quot; de visu. Et l\u00e0 grosse d\u00e9ception&#8230;&nbsp; Car pour un prototype, c&rsquo;est un vrai prototype, tout est en plastique factice, m\u00eame les compteurs avec [&hellip;]\" \/>\n<meta name=\"twitter:image\" content=\"https:\/\/blogs.thesocialmedia.com\/leblogmoto\/files\/2012\/07\/esolex1_blogimage.jpg\" \/>\n<meta name=\"twitter:label1\" content=\"\u00c9crit par\" \/>\n\t<meta name=\"twitter:data1\" content=\"jean verbeck\" \/>\n\t<meta name=\"twitter:label2\" content=\"Dur\u00e9e de lecture estim\u00e9e\" \/>\n\t<meta name=\"twitter:data2\" content=\"1 minute\" \/>\n<script type=\"application\/ld+json\" class=\"yoast-schema-graph\">{\"@context\":\"https:\/\/schema.org\",\"@graph\":[{\"@type\":\"WebPage\",\"@id\":\"https:\/\/blogs.thesocialmedia.com\/leblogmoto\/2005\/10\/02\/mondial-2005-es\/\",\"url\":\"https:\/\/blogs.thesocialmedia.com\/leblogmoto\/2005\/10\/02\/mondial-2005-es\/\",\"name\":\"Mondial 2005 : e-Solex - Live - leblogmoto.com\",\"isPartOf\":{\"@id\":\"https:\/\/blogs.thesocialmedia.com\/leblogmoto\/#website\"},\"primaryImageOfPage\":{\"@id\":\"https:\/\/blogs.thesocialmedia.com\/leblogmoto\/2005\/10\/02\/mondial-2005-es\/#primaryimage\"},\"image\":{\"@id\":\"https:\/\/blogs.thesocialmedia.com\/leblogmoto\/2005\/10\/02\/mondial-2005-es\/#primaryimage\"},\"thumbnailUrl\":\"https:\/\/blogs.thesocialmedia.com\/leblogmoto\/files\/2012\/07\/esolex1_blogimage.jpg\",\"datePublished\":\"2005-10-02T11:45:43+00:00\",\"dateModified\":\"2012-07-11T13:21:15+00:00\",\"author\":{\"@id\":\"https:\/\/blogs.thesocialmedia.com\/leblogmoto\/#\/schema\/person\/f3dce72b26f598988dc9e4feb94beb61\"},\"breadcrumb\":{\"@id\":\"https:\/\/blogs.thesocialmedia.com\/leblogmoto\/2005\/10\/02\/mondial-2005-es\/#breadcrumb\"},\"inLanguage\":\"fr-FR\",\"potentialAction\":[{\"@type\":\"ReadAction\",\"target\":[\"https:\/\/blogs.thesocialmedia.com\/leblogmoto\/2005\/10\/02\/mondial-2005-es\/\"]}]},{\"@type\":\"ImageObject\",\"inLanguage\":\"fr-FR\",\"@id\":\"https:\/\/blogs.thesocialmedia.com\/leblogmoto\/2005\/10\/02\/mondial-2005-es\/#primaryimage\",\"url\":\"https:\/\/blogs.thesocialmedia.com\/leblogmoto\/files\/2012\/07\/esolex1_blogimage.jpg\",\"contentUrl\":\"https:\/\/blogs.thesocialmedia.com\/leblogmoto\/files\/2012\/07\/esolex1_blogimage.jpg\",\"width\":\"250\",\"height\":\"189\"},{\"@type\":\"BreadcrumbList\",\"@id\":\"https:\/\/blogs.thesocialmedia.com\/leblogmoto\/2005\/10\/02\/mondial-2005-es\/#breadcrumb\",\"itemListElement\":[{\"@type\":\"ListItem\",\"position\":1,\"name\":\"Accueil\",\"item\":\"https:\/\/blogs.thesocialmedia.com\/leblogmoto\/\"},{\"@type\":\"ListItem\",\"position\":2,\"name\":\"Mondial 2005 : e-Solex &#8211; Live\"}]},{\"@type\":\"WebSite\",\"@id\":\"https:\/\/blogs.thesocialmedia.com\/leblogmoto\/#website\",\"url\":\"https:\/\/blogs.thesocialmedia.com\/leblogmoto\/\",\"name\":\"leblogmoto\",\"description\":\"Toute l&#039;actualit\u00e9 des 2 roues\",\"potentialAction\":[{\"@type\":\"SearchAction\",\"target\":{\"@type\":\"EntryPoint\",\"urlTemplate\":\"https:\/\/blogs.thesocialmedia.com\/leblogmoto\/?s={search_term_string}\"},\"query-input\":{\"@type\":\"PropertyValueSpecification\",\"valueRequired\":true,\"valueName\":\"search_term_string\"}}],\"inLanguage\":\"fr-FR\"},{\"@type\":\"Person\",\"@id\":\"https:\/\/blogs.thesocialmedia.com\/leblogmoto\/#\/schema\/person\/f3dce72b26f598988dc9e4feb94beb61\",\"name\":\"jean verbeck\",\"image\":{\"@type\":\"ImageObject\",\"inLanguage\":\"fr-FR\",\"@id\":\"https:\/\/blogs.thesocialmedia.com\/leblogmoto\/#\/schema\/person\/image\/\",\"url\":\"https:\/\/secure.gravatar.com\/avatar\/?s=96&d=mm&r=g\",\"contentUrl\":\"https:\/\/secure.gravatar.com\/avatar\/?s=96&d=mm&r=g\",\"caption\":\"jean verbeck\"},\"url\":\"https:\/\/blogs.thesocialmedia.com\/leblogmoto\/author\/jean-verbeck\/\"}]}<\/script>\n<!-- \/ Yoast SEO plugin. -->","yoast_head_json":{"title":"Mondial 2005 : e-Solex - Live - leblogmoto.com","robots":{"index":"index","follow":"follow","max-snippet":"max-snippet:-1","max-image-preview":"max-image-preview:large","max-video-preview":"max-video-preview:-1"},"canonical":"https:\/\/blogs.thesocialmedia.com\/leblogmoto\/2005\/10\/02\/mondial-2005-es\/","twitter_card":"summary_large_image","twitter_title":"Mondial 2005 : e-Solex - Live - leblogmoto.com","twitter_description":"Le e-Solex Pininfarina vous a \u00e9t\u00e9 pr\u00e9sent\u00e9 en avant -premi\u00e8re la semaine derni\u00e8re par Patrick Garcia, et nous n&rsquo;avons pas pu resister \u00e0 nous rendre sur le stand pour v\u00e9rifier la &quot;belle&quot; de visu. Et l\u00e0 grosse d\u00e9ception&#8230;&nbsp; Car pour un prototype, c&rsquo;est un vrai prototype, tout est en plastique factice, m\u00eame les compteurs avec [&hellip;]","twitter_image":"https:\/\/blogs.thesocialmedia.com\/leblogmoto\/files\/2012\/07\/esolex1_blogimage.jpg","twitter_misc":{"\u00c9crit par":"jean verbeck","Dur\u00e9e de lecture estim\u00e9e":"1 minute"},"schema":{"@context":"https:\/\/schema.org","@graph":[{"@type":"WebPage","@id":"https:\/\/blogs.thesocialmedia.com\/leblogmoto\/2005\/10\/02\/mondial-2005-es\/","url":"https:\/\/blogs.thesocialmedia.com\/leblogmoto\/2005\/10\/02\/mondial-2005-es\/","name":"Mondial 2005 : e-Solex - Live - leblogmoto.com","isPartOf":{"@id":"https:\/\/blogs.thesocialmedia.com\/leblogmoto\/#website"},"primaryImageOfPage":{"@id":"https:\/\/blogs.thesocialmedia.com\/leblogmoto\/2005\/10\/02\/mondial-2005-es\/#primaryimage"},"image":{"@id":"https:\/\/blogs.thesocialmedia.com\/leblogmoto\/2005\/10\/02\/mondial-2005-es\/#primaryimage"},"thumbnailUrl":"https:\/\/blogs.thesocialmedia.com\/leblogmoto\/files\/2012\/07\/esolex1_blogimage.jpg","datePublished":"2005-10-02T11:45:43+00:00","dateModified":"2012-07-11T13:21:15+00:00","author":{"@id":"https:\/\/blogs.thesocialmedia.com\/leblogmoto\/#\/schema\/person\/f3dce72b26f598988dc9e4feb94beb61"},"breadcrumb":{"@id":"https:\/\/blogs.thesocialmedia.com\/leblogmoto\/2005\/10\/02\/mondial-2005-es\/#breadcrumb"},"inLanguage":"fr-FR","potentialAction":[{"@type":"ReadAction","target":["https:\/\/blogs.thesocialmedia.com\/leblogmoto\/2005\/10\/02\/mondial-2005-es\/"]}]},{"@type":"ImageObject","inLanguage":"fr-FR","@id":"https:\/\/blogs.thesocialmedia.com\/leblogmoto\/2005\/10\/02\/mondial-2005-es\/#primaryimage","url":"https:\/\/blogs.thesocialmedia.com\/leblogmoto\/files\/2012\/07\/esolex1_blogimage.jpg","contentUrl":"https:\/\/blogs.thesocialmedia.com\/leblogmoto\/files\/2012\/07\/esolex1_blogimage.jpg","width":"250","height":"189"},{"@type":"BreadcrumbList","@id":"https:\/\/blogs.thesocialmedia.com\/leblogmoto\/2005\/10\/02\/mondial-2005-es\/#breadcrumb","itemListElement":[{"@type":"ListItem","position":1,"name":"Accueil","item":"https:\/\/blogs.thesocialmedia.com\/leblogmoto\/"},{"@type":"ListItem","position":2,"name":"Mondial 2005 : e-Solex &#8211; Live"}]},{"@type":"WebSite","@id":"https:\/\/blogs.thesocialmedia.com\/leblogmoto\/#website","url":"https:\/\/blogs.thesocialmedia.com\/leblogmoto\/","name":"leblogmoto","description":"Toute l&#039;actualit\u00e9 des 2 roues","potentialAction":[{"@type":"SearchAction","target":{"@type":"EntryPoint","urlTemplate":"https:\/\/blogs.thesocialmedia.com\/leblogmoto\/?s={search_term_string}"},"query-input":{"@type":"PropertyValueSpecification","valueRequired":true,"valueName":"search_term_string"}}],"inLanguage":"fr-FR"},{"@type":"Person","@id":"https:\/\/blogs.thesocialmedia.com\/leblogmoto\/#\/schema\/person\/f3dce72b26f598988dc9e4feb94beb61","name":"jean verbeck","image":{"@type":"ImageObject","inLanguage":"fr-FR","@id":"https:\/\/blogs.thesocialmedia.com\/leblogmoto\/#\/schema\/person\/image\/","url":"https:\/\/secure.gravatar.com\/avatar\/?s=96&d=mm&r=g","contentUrl":"https:\/\/secure.gravatar.com\/avatar\/?s=96&d=mm&r=g","caption":"jean verbeck"},"url":"https:\/\/blogs.thesocialmedia.com\/leblogmoto\/author\/jean-verbeck\/"}]}},"_links":{"self":[{"href":"https:\/\/blogs.thesocialmedia.com\/leblogmoto\/wp-json\/wp\/v2\/posts\/2397","targetHints":{"allow":["GET"]}}],"collection":[{"href":"https:\/\/blogs.thesocialmedia.com\/leblogmoto\/wp-json\/wp\/v2\/posts"}],"about":[{"href":"https:\/\/blogs.thesocialmedia.com\/leblogmoto\/wp-json\/wp\/v2\/types\/post"}],"author":[{"embeddable":true,"href":"https:\/\/blogs.thesocialmedia.com\/leblogmoto\/wp-json\/wp\/v2\/users\/327"}],"replies":[{"embeddable":true,"href":"https:\/\/blogs.thesocialmedia.com\/leblogmoto\/wp-json\/wp\/v2\/comments?post=2397"}],"version-history":[{"count":1,"href":"https:\/\/blogs.thesocialmedia.com\/leblogmoto\/wp-json\/wp\/v2\/posts\/2397\/revisions"}],"predecessor-version":[{"id":2757,"href":"https:\/\/blogs.thesocialmedia.com\/leblogmoto\/wp-json\/wp\/v2\/posts\/2397\/revisions\/2757"}],"wp:featuredmedia":[{"embeddable":true,"href":"https:\/\/blogs.thesocialmedia.com\/leblogmoto\/wp-json\/wp\/v2\/media\/14497"}],"wp:attachment":[{"href":"https:\/\/blogs.thesocialmedia.com\/leblogmoto\/wp-json\/wp\/v2\/media?parent=2397"}],"wp:term":[{"taxonomy":"category","embeddable":true,"href":"https:\/\/blogs.thesocialmedia.com\/leblogmoto\/wp-json\/wp\/v2\/categories?post=2397"},{"taxonomy":"post_tag","embeddable":true,"href":"https:\/\/blogs.thesocialmedia.com\/leblogmoto\/wp-json\/wp\/v2\/tags?post=2397"}],"curies":[{"name":"wp","href":"https:\/\/api.w.org\/{rel}","templated":true}]}}