{"id":2398,"date":"2005-10-01T22:02:19","date_gmt":"2005-10-01T22:02:19","guid":{"rendered":"http:\/\/blogs.thesocialmedia.com\/leblogmoto\/2005\/10\/01\/mondial-2005-ya\/"},"modified":"2012-07-11T13:46:21","modified_gmt":"2012-07-11T13:46:21","slug":"mondial-2005-ya","status":"publish","type":"post","link":"https:\/\/blogs.thesocialmedia.com\/leblogmoto\/2005\/10\/01\/mondial-2005-ya\/","title":{"rendered":"Mondial 2005 : Yamaha FJR 1300 Police \u2013 Live"},"content":{"rendered":"<p><a href=\"http:\/\/blogs.thesocialmedia.com\/leblogmoto\/files\/2012\/07\/100_5130.jpg\"><img loading=\"lazy\" decoding=\"async\" width=\"250\" height=\"188\"  alt=\"100_5130\" src=\"http:\/\/www.leblogmoto.com\/images\/100_5130.JPG\" style=\"margin: 0px 5px 5px 0px;float: left\" \/><\/a>Je vous en avais d\u00e9j\u00e0 parl\u00e9 dans <a href=\"http:\/\/www.leblogmoto.com\/2005\/07\/yamaha_fjr_1300.html\">cet article<\/a>, les voici d\u00e9voil\u00e9es au public du Mondial du Deux Roues. Enfin, quand je dis \u2018d\u00e9voil\u00e9es\u2019, je devrais plut\u00f4t dire \u2018visibles\u2019 sur le stand Yamaha puisque les deux motos, version Douanes et version Police, ne pouvaient \u00eatre approch\u00e9es et mont\u00e9es \u00e0 cause des barri\u00e8res les encadrant. Dommage, car beaucoup de personnes auraient \u00e9t\u00e9 tent\u00e9es d\u2019immortaliser une chevauch\u00e9e de l\u2019ordre public par une photo. Je pense notamment aux enfants pour qui ces engins immenses font r\u00eaver et marquent l\u2019esprit. Je me rappelle tr\u00e8s bien du jour o\u00f9 je suis mont\u00e9 sur une ancienne BMW de Gendarmerie dans mon enfance. Peut \u00eatre que les personnes en charge des deux FJR ont eu peur de d\u00e9gradations hostiles \u00e0 l\u2019autorit\u00e9 qu\u2019elles repr\u00e9sentent, mais cela aurait peut \u00eatre permis de renouer les relations entre citoyens et policiers par ces temps de r\u00e9pression et de tol\u00e9rance 0. Cependant, il existe un stand d\u00e9di\u00e9 \u00e0 la Gendarmerie dans le Hall 2.2 All\u00e9e K36, mais je n&rsquo;ai pas tent\u00e9 d&rsquo;y chevaucher la moto en expo. Essayez toujours, les hommes des brigades motocyclistes sont des gens sympas quand vous ne venez pas de commettre un grand exc\u00e8s de vitesse en \u00e9tat alcoolis\u00e9. N\u00e9anmoins, vous y trouverez un d\u00e9pliant sur la Gendarmerie Nationale traitant l&rsquo;accidentologie en 2004, le r\u00f4le de la Gendarmerie et aussi un brief de leur nouvelle monture dans lequel sont d\u00e9taill\u00e9s les \u00e9quipements sp\u00e9cifiques, \u00e0 savoir un avertisseur sonore bitonal, des feux de p\u00e9n\u00e9tration \u00e0 \u00e9clats \u00e0 l&rsquo;avant, un gyrophare mont\u00e9 sur m\u00e2t t\u00e9lescopique, un pr\u00e9-\u00e9quipement radio et une s\u00e9rigraphie Gendarmerie. Enfin, veuillez noter en arri\u00e8re plan de la premi\u00e8re photo en haut \u00e0 gauche un d\u00e9tail saisissant\u2026 mais que fait la Police ???<\/p>\n<p><a href=\"http:\/\/clabedan.typepad.com\/.shared\/image.html?\/photos\/uncategorized\/100_5289.jpg\"><img loading=\"lazy\" decoding=\"async\" width=\"470\" height=\"354\"  alt=\"100_5289\" src=\"http:\/\/www.leblogmoto.com\/images\/100_5289.jpg\" style=\"margin: 0px 5px 5px 0px;float: left\" \/><\/a><a href=\"http:\/\/blogs.thesocialmedia.com\/leblogmoto\/files\/2012\/07\/100_5290.jpg\"><img loading=\"lazy\" decoding=\"async\" width=\"470\" height=\"622\"  alt=\"100_5290\" src=\"http:\/\/www.leblogmoto.com\/images\/100_5290.jpg\" style=\"margin: 0px 5px 5px 0px;float: left\" \/><\/a><\/p>\n","protected":false},"excerpt":{"rendered":"<p>Je vous en avais d\u00e9j\u00e0 parl\u00e9 dans cet article, les voici d\u00e9voil\u00e9es au public du Mondial du Deux Roues. Enfin, quand je dis \u2018d\u00e9voil\u00e9es\u2019, je devrais plut\u00f4t dire \u2018visibles\u2019 sur le stand Yamaha puisque les deux motos, version Douanes et version Police, ne pouvaient \u00eatre approch\u00e9es et mont\u00e9es \u00e0 cause des barri\u00e8res les encadrant. Dommage, [&hellip;]<\/p>\n","protected":false},"author":338,"featured_media":0,"comment_status":"open","ping_status":"open","sticky":false,"template":"","format":"standard","meta":{"footnotes":""},"categories":[36,27,44],"tags":[],"class_list":["post-2398","post","type-post","status-publish","format-standard","hentry","category-salons","category-securite","category-yamaha"],"yoast_head":"<!-- This site is optimized with the Yoast SEO plugin v26.0 - https:\/\/yoast.com\/wordpress\/plugins\/seo\/ -->\n<title>Mondial 2005 : Yamaha FJR 1300 Police \u2013 Live - leblogmoto.com<\/title>\n<meta name=\"robots\" content=\"index, follow, max-snippet:-1, max-image-preview:large, max-video-preview:-1\" \/>\n<link rel=\"canonical\" href=\"https:\/\/blogs.thesocialmedia.com\/leblogmoto\/2005\/10\/01\/mondial-2005-ya\/\" \/>\n<meta name=\"twitter:card\" content=\"summary_large_image\" \/>\n<meta name=\"twitter:title\" content=\"Mondial 2005 : Yamaha FJR 1300 Police \u2013 Live - leblogmoto.com\" \/>\n<meta name=\"twitter:description\" content=\"Je vous en avais d\u00e9j\u00e0 parl\u00e9 dans cet article, les voici d\u00e9voil\u00e9es au public du Mondial du Deux Roues. Enfin, quand je dis \u2018d\u00e9voil\u00e9es\u2019, je devrais plut\u00f4t dire \u2018visibles\u2019 sur le stand Yamaha puisque les deux motos, version Douanes et version Police, ne pouvaient \u00eatre approch\u00e9es et mont\u00e9es \u00e0 cause des barri\u00e8res les encadrant. Dommage, [&hellip;]\" \/>\n<meta name=\"twitter:image\" content=\"http:\/\/www.leblogmoto.com\/images\/100_5130.JPG\" \/>\n<meta name=\"twitter:label1\" content=\"\u00c9crit par\" \/>\n\t<meta name=\"twitter:data1\" content=\"vincent vaillant\" \/>\n\t<meta name=\"twitter:label2\" content=\"Dur\u00e9e de lecture estim\u00e9e\" \/>\n\t<meta name=\"twitter:data2\" content=\"2 minutes\" \/>\n<script type=\"application\/ld+json\" class=\"yoast-schema-graph\">{\"@context\":\"https:\/\/schema.org\",\"@graph\":[{\"@type\":\"WebPage\",\"@id\":\"https:\/\/blogs.thesocialmedia.com\/leblogmoto\/2005\/10\/01\/mondial-2005-ya\/\",\"url\":\"https:\/\/blogs.thesocialmedia.com\/leblogmoto\/2005\/10\/01\/mondial-2005-ya\/\",\"name\":\"Mondial 2005 : Yamaha FJR 1300 Police \u2013 Live - leblogmoto.com\",\"isPartOf\":{\"@id\":\"https:\/\/blogs.thesocialmedia.com\/leblogmoto\/#website\"},\"primaryImageOfPage\":{\"@id\":\"https:\/\/blogs.thesocialmedia.com\/leblogmoto\/2005\/10\/01\/mondial-2005-ya\/#primaryimage\"},\"image\":{\"@id\":\"https:\/\/blogs.thesocialmedia.com\/leblogmoto\/2005\/10\/01\/mondial-2005-ya\/#primaryimage\"},\"thumbnailUrl\":\"http:\/\/www.leblogmoto.com\/images\/100_5130.JPG\",\"datePublished\":\"2005-10-01T22:02:19+00:00\",\"dateModified\":\"2012-07-11T13:46:21+00:00\",\"author\":{\"@id\":\"https:\/\/blogs.thesocialmedia.com\/leblogmoto\/#\/schema\/person\/80d2a078dbdb8b60abbd76bae6011f19\"},\"breadcrumb\":{\"@id\":\"https:\/\/blogs.thesocialmedia.com\/leblogmoto\/2005\/10\/01\/mondial-2005-ya\/#breadcrumb\"},\"inLanguage\":\"fr-FR\",\"potentialAction\":[{\"@type\":\"ReadAction\",\"target\":[\"https:\/\/blogs.thesocialmedia.com\/leblogmoto\/2005\/10\/01\/mondial-2005-ya\/\"]}]},{\"@type\":\"ImageObject\",\"inLanguage\":\"fr-FR\",\"@id\":\"https:\/\/blogs.thesocialmedia.com\/leblogmoto\/2005\/10\/01\/mondial-2005-ya\/#primaryimage\",\"url\":\"http:\/\/www.leblogmoto.com\/images\/100_5130.JPG\",\"contentUrl\":\"http:\/\/www.leblogmoto.com\/images\/100_5130.JPG\"},{\"@type\":\"BreadcrumbList\",\"@id\":\"https:\/\/blogs.thesocialmedia.com\/leblogmoto\/2005\/10\/01\/mondial-2005-ya\/#breadcrumb\",\"itemListElement\":[{\"@type\":\"ListItem\",\"position\":1,\"name\":\"Accueil\",\"item\":\"https:\/\/blogs.thesocialmedia.com\/leblogmoto\/\"},{\"@type\":\"ListItem\",\"position\":2,\"name\":\"Mondial 2005 : Yamaha FJR 1300 Police \u2013 Live\"}]},{\"@type\":\"WebSite\",\"@id\":\"https:\/\/blogs.thesocialmedia.com\/leblogmoto\/#website\",\"url\":\"https:\/\/blogs.thesocialmedia.com\/leblogmoto\/\",\"name\":\"leblogmoto\",\"description\":\"Toute l&#039;actualit\u00e9 des 2 roues\",\"potentialAction\":[{\"@type\":\"SearchAction\",\"target\":{\"@type\":\"EntryPoint\",\"urlTemplate\":\"https:\/\/blogs.thesocialmedia.com\/leblogmoto\/?s={search_term_string}\"},\"query-input\":{\"@type\":\"PropertyValueSpecification\",\"valueRequired\":true,\"valueName\":\"search_term_string\"}}],\"inLanguage\":\"fr-FR\"},{\"@type\":\"Person\",\"@id\":\"https:\/\/blogs.thesocialmedia.com\/leblogmoto\/#\/schema\/person\/80d2a078dbdb8b60abbd76bae6011f19\",\"name\":\"vincent vaillant\",\"image\":{\"@type\":\"ImageObject\",\"inLanguage\":\"fr-FR\",\"@id\":\"https:\/\/blogs.thesocialmedia.com\/leblogmoto\/#\/schema\/person\/image\/\",\"url\":\"https:\/\/secure.gravatar.com\/avatar\/?s=96&d=mm&r=g\",\"contentUrl\":\"https:\/\/secure.gravatar.com\/avatar\/?s=96&d=mm&r=g\",\"caption\":\"vincent vaillant\"},\"url\":\"https:\/\/blogs.thesocialmedia.com\/leblogmoto\/author\/vincent-vaillant\/\"}]}<\/script>\n<!-- \/ Yoast SEO plugin. -->","yoast_head_json":{"title":"Mondial 2005 : Yamaha FJR 1300 Police \u2013 Live - leblogmoto.com","robots":{"index":"index","follow":"follow","max-snippet":"max-snippet:-1","max-image-preview":"max-image-preview:large","max-video-preview":"max-video-preview:-1"},"canonical":"https:\/\/blogs.thesocialmedia.com\/leblogmoto\/2005\/10\/01\/mondial-2005-ya\/","twitter_card":"summary_large_image","twitter_title":"Mondial 2005 : Yamaha FJR 1300 Police \u2013 Live - leblogmoto.com","twitter_description":"Je vous en avais d\u00e9j\u00e0 parl\u00e9 dans cet article, les voici d\u00e9voil\u00e9es au public du Mondial du Deux Roues. Enfin, quand je dis \u2018d\u00e9voil\u00e9es\u2019, je devrais plut\u00f4t dire \u2018visibles\u2019 sur le stand Yamaha puisque les deux motos, version Douanes et version Police, ne pouvaient \u00eatre approch\u00e9es et mont\u00e9es \u00e0 cause des barri\u00e8res les encadrant. Dommage, [&hellip;]","twitter_image":"http:\/\/www.leblogmoto.com\/images\/100_5130.JPG","twitter_misc":{"\u00c9crit par":"vincent vaillant","Dur\u00e9e de lecture estim\u00e9e":"2 minutes"},"schema":{"@context":"https:\/\/schema.org","@graph":[{"@type":"WebPage","@id":"https:\/\/blogs.thesocialmedia.com\/leblogmoto\/2005\/10\/01\/mondial-2005-ya\/","url":"https:\/\/blogs.thesocialmedia.com\/leblogmoto\/2005\/10\/01\/mondial-2005-ya\/","name":"Mondial 2005 : Yamaha FJR 1300 Police \u2013 Live - leblogmoto.com","isPartOf":{"@id":"https:\/\/blogs.thesocialmedia.com\/leblogmoto\/#website"},"primaryImageOfPage":{"@id":"https:\/\/blogs.thesocialmedia.com\/leblogmoto\/2005\/10\/01\/mondial-2005-ya\/#primaryimage"},"image":{"@id":"https:\/\/blogs.thesocialmedia.com\/leblogmoto\/2005\/10\/01\/mondial-2005-ya\/#primaryimage"},"thumbnailUrl":"http:\/\/www.leblogmoto.com\/images\/100_5130.JPG","datePublished":"2005-10-01T22:02:19+00:00","dateModified":"2012-07-11T13:46:21+00:00","author":{"@id":"https:\/\/blogs.thesocialmedia.com\/leblogmoto\/#\/schema\/person\/80d2a078dbdb8b60abbd76bae6011f19"},"breadcrumb":{"@id":"https:\/\/blogs.thesocialmedia.com\/leblogmoto\/2005\/10\/01\/mondial-2005-ya\/#breadcrumb"},"inLanguage":"fr-FR","potentialAction":[{"@type":"ReadAction","target":["https:\/\/blogs.thesocialmedia.com\/leblogmoto\/2005\/10\/01\/mondial-2005-ya\/"]}]},{"@type":"ImageObject","inLanguage":"fr-FR","@id":"https:\/\/blogs.thesocialmedia.com\/leblogmoto\/2005\/10\/01\/mondial-2005-ya\/#primaryimage","url":"http:\/\/www.leblogmoto.com\/images\/100_5130.JPG","contentUrl":"http:\/\/www.leblogmoto.com\/images\/100_5130.JPG"},{"@type":"BreadcrumbList","@id":"https:\/\/blogs.thesocialmedia.com\/leblogmoto\/2005\/10\/01\/mondial-2005-ya\/#breadcrumb","itemListElement":[{"@type":"ListItem","position":1,"name":"Accueil","item":"https:\/\/blogs.thesocialmedia.com\/leblogmoto\/"},{"@type":"ListItem","position":2,"name":"Mondial 2005 : Yamaha FJR 1300 Police \u2013 Live"}]},{"@type":"WebSite","@id":"https:\/\/blogs.thesocialmedia.com\/leblogmoto\/#website","url":"https:\/\/blogs.thesocialmedia.com\/leblogmoto\/","name":"leblogmoto","description":"Toute l&#039;actualit\u00e9 des 2 roues","potentialAction":[{"@type":"SearchAction","target":{"@type":"EntryPoint","urlTemplate":"https:\/\/blogs.thesocialmedia.com\/leblogmoto\/?s={search_term_string}"},"query-input":{"@type":"PropertyValueSpecification","valueRequired":true,"valueName":"search_term_string"}}],"inLanguage":"fr-FR"},{"@type":"Person","@id":"https:\/\/blogs.thesocialmedia.com\/leblogmoto\/#\/schema\/person\/80d2a078dbdb8b60abbd76bae6011f19","name":"vincent vaillant","image":{"@type":"ImageObject","inLanguage":"fr-FR","@id":"https:\/\/blogs.thesocialmedia.com\/leblogmoto\/#\/schema\/person\/image\/","url":"https:\/\/secure.gravatar.com\/avatar\/?s=96&d=mm&r=g","contentUrl":"https:\/\/secure.gravatar.com\/avatar\/?s=96&d=mm&r=g","caption":"vincent vaillant"},"url":"https:\/\/blogs.thesocialmedia.com\/leblogmoto\/author\/vincent-vaillant\/"}]}},"_links":{"self":[{"href":"https:\/\/blogs.thesocialmedia.com\/leblogmoto\/wp-json\/wp\/v2\/posts\/2398","targetHints":{"allow":["GET"]}}],"collection":[{"href":"https:\/\/blogs.thesocialmedia.com\/leblogmoto\/wp-json\/wp\/v2\/posts"}],"about":[{"href":"https:\/\/blogs.thesocialmedia.com\/leblogmoto\/wp-json\/wp\/v2\/types\/post"}],"author":[{"embeddable":true,"href":"https:\/\/blogs.thesocialmedia.com\/leblogmoto\/wp-json\/wp\/v2\/users\/338"}],"replies":[{"embeddable":true,"href":"https:\/\/blogs.thesocialmedia.com\/leblogmoto\/wp-json\/wp\/v2\/comments?post=2398"}],"version-history":[{"count":2,"href":"https:\/\/blogs.thesocialmedia.com\/leblogmoto\/wp-json\/wp\/v2\/posts\/2398\/revisions"}],"predecessor-version":[{"id":5854,"href":"https:\/\/blogs.thesocialmedia.com\/leblogmoto\/wp-json\/wp\/v2\/posts\/2398\/revisions\/5854"}],"wp:attachment":[{"href":"https:\/\/blogs.thesocialmedia.com\/leblogmoto\/wp-json\/wp\/v2\/media?parent=2398"}],"wp:term":[{"taxonomy":"category","embeddable":true,"href":"https:\/\/blogs.thesocialmedia.com\/leblogmoto\/wp-json\/wp\/v2\/categories?post=2398"},{"taxonomy":"post_tag","embeddable":true,"href":"https:\/\/blogs.thesocialmedia.com\/leblogmoto\/wp-json\/wp\/v2\/tags?post=2398"}],"curies":[{"name":"wp","href":"https:\/\/api.w.org\/{rel}","templated":true}]}}