{"id":240,"date":"2009-03-05T18:29:09","date_gmt":"2009-03-05T18:29:09","guid":{"rendered":"http:\/\/blogs.thesocialmedia.com\/leblogmoto\/2009\/03\/05\/stuart-smith-la\/"},"modified":"2012-07-11T17:10:35","modified_gmt":"2012-07-11T17:10:35","slug":"stuart-smith-la","status":"publish","type":"post","link":"https:\/\/blogs.thesocialmedia.com\/leblogmoto\/2009\/03\/05\/stuart-smith-la\/","title":{"rendered":"Stuart Smith. Laguna Seca. Grand Angle."},"content":{"rendered":"<p><a href=\"http:\/\/blogs.thesocialmedia.com\/leblogmoto\/files\/2012\/07\/mladin.jpg\"><img loading=\"lazy\" decoding=\"async\" height=\"293\"  width=\"470\" src=\"http:\/\/www.leblogmoto.com\/images\/2009\/03\/05\/mladin.jpg\" alt=\"Mladin\" \/><\/a> <\/p>\n<p>C&rsquo;est une s\u00e9rie que je devais poster avant mes cong\u00e9s, comme liminaire \u00e0 la saison 2009 de Superbike, qu&rsquo;elle soit AMA, comme ici, ou de WSBK. Mais Jacques aura ouvert le feu en premier. Qu&rsquo;importe, ces saisissants clich\u00e9s qui couvrent la comp\u00e9tition de l&rsquo;ann\u00e9e pr\u00e9c\u00e9dente \u00e0 Laguna Seca valent la peine d&rsquo;\u00eatre vus je pense. M\u00eame si le qualificatif de &quot;grand angle&quot; utilis\u00e9 par <a href=\"http:\/\/www.superbikeplanet.com\/newind.htm\/\">Superbike Planet<\/a>, n&rsquo;est pas toujours justifi\u00e9 comme vous allez le constater. Et on commence par Mat Mladin, vainqueur de l&rsquo;\u00e9preuve, qui visiblement ne veut pas quitter des yeux l&rsquo;objectif du photographe Stuart Smith \u00e0 travers les <em>tear-off<\/em> de la visi\u00e8re de son casque Scorpion. Notez aussi le superbe \u00e9ventail des positions \u00e0 l&rsquo;entr\u00e9e du c\u00e9l\u00e8bre <em>corkscrew <\/em>men\u00e9 par Neil Hodgson qui ouvre les d\u00e9bats avec son num\u00e9ro 100. Dans les clich\u00e9s remarquables (mais ils le sont tous !): Aaron Yates sur la Jordan Suzuki n\u00b020 et son co\u00e9quipier Geoff May en n\u00b099, puis Josh Hayes en chef de meute sur Honda. Ainsi que Ben Spies \u00e9videmment, pas \u00e0 encore \u00e0 la joie de signer son titre d&rsquo;un <em>burn,<\/em> pour cette <a href=\"http:\/\/www.leblogmoto.com\/2008\/09\/ama-superbike-l.html\">derni\u00e8re comp\u00e9tition<\/a> de la saison. C&rsquo;est Jake Zemke qui cl\u00f4ture ce portfolio sur la Honda 98, en mettant ses gommes et sliders \u00e0 l&rsquo;\u00e9preuve d&rsquo;un passage en courbe. Belle adh\u00e9rence pour les Dunlop et Pirelli, des manufacturiers forc\u00e9s de battre en retraite (surtout le D fl\u00e9ch\u00e9) d&rsquo;autres cat\u00e9gories plus prestigieuses, dans le <em>circus<\/em> notamment.<\/p>\n<p><a href=\"http:\/\/clabedan.typepad.com\/.shared\/image.html?\/photos\/uncategorized\/2009\/02\/24\/moto_ama_aaron_2.jpg\"><img loading=\"lazy\" decoding=\"async\" height=\"752\"  width=\"470\" src=\"http:\/\/www.leblogmoto.com\/images\/2009\/02\/24\/moto_ama_aaron_2.jpg\" alt=\"Moto_ama_aaron_2\" \/><\/a><\/p>\n<p><a href=\"http:\/\/blogs.thesocialmedia.com\/leblogmoto\/files\/2012\/07\/moto_ama_desalvo_2.jpg\"><img loading=\"lazy\" decoding=\"async\" height=\"293\"  width=\"470\" src=\"http:\/\/www.leblogmoto.com\/images\/2009\/02\/24\/moto_ama_desalvo_2.jpg\" alt=\"Moto_ama_desalvo_2\" \/><\/a> <\/p>\n<p><a href=\"http:\/\/blogs.thesocialmedia.com\/leblogmoto\/files\/2012\/07\/moto_ama_hayes.jpg\"><img loading=\"lazy\" decoding=\"async\" height=\"293\"  width=\"470\" src=\"http:\/\/www.leblogmoto.com\/images\/2009\/02\/24\/moto_ama_hayes.jpg\" alt=\"Moto_ama_hayes\" \/><\/a> <\/p>\n<p><a href=\"http:\/\/blogs.thesocialmedia.com\/leblogmoto\/files\/2012\/07\/moto_ama_herrin_2.jpg\"><img loading=\"lazy\" decoding=\"async\" height=\"293\"  width=\"470\" src=\"http:\/\/www.leblogmoto.com\/images\/2009\/02\/24\/moto_ama_herrin_2.jpg\" alt=\"Moto_ama_herrin_2\" \/><\/a> <\/p>\n<p><a href=\"http:\/\/blogs.thesocialmedia.com\/leblogmoto\/files\/2012\/07\/moto_ama_hodgson.jpg\"><img loading=\"lazy\" decoding=\"async\" height=\"293\"  width=\"470\" src=\"http:\/\/www.leblogmoto.com\/images\/2009\/02\/24\/moto_ama_hodgson.jpg\" alt=\"Moto_ama_hodgson\" \/><\/a> <\/p>\n<p><a href=\"http:\/\/blogs.thesocialmedia.com\/leblogmoto\/files\/2012\/07\/moto_ama_holden_2.jpg\"><img loading=\"lazy\" decoding=\"async\" height=\"293\"  width=\"470\" src=\"http:\/\/www.leblogmoto.com\/images\/2009\/02\/24\/moto_ama_holden_2.jpg\" alt=\"Moto_ama_holden_2\" \/><\/a> <\/p>\n<p><a href=\"http:\/\/blogs.thesocialmedia.com\/leblogmoto\/files\/2012\/07\/moto_ama_jakez.jpg\"><img loading=\"lazy\" decoding=\"async\" height=\"752\"  width=\"470\" src=\"http:\/\/www.leblogmoto.com\/images\/2009\/02\/24\/moto_ama_jakez.jpg\" alt=\"Moto_ama_jakez\" \/><\/a> <\/p>\n<p><a href=\"http:\/\/blogs.thesocialmedia.com\/leblogmoto\/files\/2012\/07\/moto_ama_pegram.jpg\"><img loading=\"lazy\" decoding=\"async\" height=\"293\"  width=\"470\" src=\"http:\/\/www.leblogmoto.com\/images\/2009\/02\/24\/moto_ama_pegram.jpg\" alt=\"Moto_ama_pegram\" \/><\/a> <\/p>\n<p><a href=\"http:\/\/blogs.thesocialmedia.com\/leblogmoto\/files\/2012\/07\/moto_ama_raineyapex.jpg\"><img loading=\"lazy\" decoding=\"async\" height=\"293\"  width=\"470\" src=\"http:\/\/www.leblogmoto.com\/images\/2009\/02\/24\/moto_ama_raineyapex.jpg\" alt=\"Moto_ama_raineyapex\" \/><\/a> <\/p>\n<p><a href=\"http:\/\/blogs.thesocialmedia.com\/leblogmoto\/files\/2012\/07\/moto_ama_sbstart.jpg\"><img loading=\"lazy\" decoding=\"async\" height=\"293\"  width=\"470\" src=\"http:\/\/www.leblogmoto.com\/images\/2009\/02\/24\/moto_ama_sbstart.jpg\" alt=\"Moto_ama_sbstart\" \/><\/a> <\/p>\n<p><a href=\"http:\/\/blogs.thesocialmedia.com\/leblogmoto\/files\/2012\/07\/moto_ama_spies.jpg\"><img loading=\"lazy\" decoding=\"async\" height=\"293\"  width=\"470\" src=\"http:\/\/www.leblogmoto.com\/images\/2009\/02\/24\/moto_ama_spies.jpg\" alt=\"Moto_ama_spies\" \/><\/a><\/p>\n<p><a href=\"http:\/\/blogs.thesocialmedia.com\/leblogmoto\/files\/2012\/07\/may.jpg\"><img loading=\"lazy\" decoding=\"async\" height=\"293\"  width=\"470\" src=\"http:\/\/www.leblogmoto.com\/images\/2009\/03\/05\/may.jpg\" alt=\"May\" \/><\/a>  <\/p>\n<p><a href=\"http:\/\/blogs.thesocialmedia.com\/leblogmoto\/files\/2012\/07\/moto_ama_stever.jpg\"><img loading=\"lazy\" decoding=\"async\" height=\"293\"  width=\"470\" src=\"http:\/\/www.leblogmoto.com\/images\/2009\/02\/24\/moto_ama_stever.jpg\" alt=\"Moto_ama_stever\" \/><\/a> <\/p>\n<p><a href=\"http:\/\/blogs.thesocialmedia.com\/leblogmoto\/files\/2012\/07\/moto_ama_yates.jpg\"><img loading=\"lazy\" decoding=\"async\" height=\"293\"  width=\"470\" src=\"http:\/\/www.leblogmoto.com\/images\/2009\/02\/24\/moto_ama_yates.jpg\" alt=\"Moto_ama_yates\" \/><\/a><\/p>\n<p><a href=\"http:\/\/blogs.thesocialmedia.com\/leblogmoto\/files\/2012\/07\/moto_ama_zemke.jpg\"><img loading=\"lazy\" decoding=\"async\" height=\"293\"  width=\"470\" src=\"http:\/\/www.leblogmoto.com\/images\/2009\/02\/24\/moto_ama_zemke.jpg\" alt=\"Moto_ama_zemke\" \/><\/a>&nbsp; <\/p>\n","protected":false},"excerpt":{"rendered":"<p>C&rsquo;est une s\u00e9rie que je devais poster avant mes cong\u00e9s, comme liminaire \u00e0 la saison 2009 de Superbike, qu&rsquo;elle soit AMA, comme ici, ou de WSBK. Mais Jacques aura ouvert le feu en premier. Qu&rsquo;importe, ces saisissants clich\u00e9s qui couvrent la comp\u00e9tition de l&rsquo;ann\u00e9e pr\u00e9c\u00e9dente \u00e0 Laguna Seca valent la peine d&rsquo;\u00eatre vus je pense. [&hellip;]<\/p>\n","protected":false},"author":324,"featured_media":0,"comment_status":"open","ping_status":"open","sticky":false,"template":"","format":"standard","meta":{"footnotes":""},"categories":[74],"tags":[],"class_list":["post-240","post","type-post","status-publish","format-standard","hentry","category-ama-superbike"],"yoast_head":"<!-- This site is optimized with the Yoast SEO plugin v26.0 - https:\/\/yoast.com\/wordpress\/plugins\/seo\/ -->\n<title>Stuart Smith. Laguna Seca. Grand Angle. - leblogmoto.com<\/title>\n<meta name=\"robots\" content=\"index, follow, max-snippet:-1, max-image-preview:large, max-video-preview:-1\" \/>\n<link rel=\"canonical\" href=\"https:\/\/blogs.thesocialmedia.com\/leblogmoto\/2009\/03\/05\/stuart-smith-la\/\" \/>\n<meta name=\"twitter:card\" content=\"summary_large_image\" \/>\n<meta name=\"twitter:title\" content=\"Stuart Smith. Laguna Seca. Grand Angle. - leblogmoto.com\" \/>\n<meta name=\"twitter:description\" content=\"C&rsquo;est une s\u00e9rie que je devais poster avant mes cong\u00e9s, comme liminaire \u00e0 la saison 2009 de Superbike, qu&rsquo;elle soit AMA, comme ici, ou de WSBK. Mais Jacques aura ouvert le feu en premier. Qu&rsquo;importe, ces saisissants clich\u00e9s qui couvrent la comp\u00e9tition de l&rsquo;ann\u00e9e pr\u00e9c\u00e9dente \u00e0 Laguna Seca valent la peine d&rsquo;\u00eatre vus je pense. [&hellip;]\" \/>\n<meta name=\"twitter:image\" content=\"http:\/\/www.leblogmoto.com\/images\/2009\/03\/05\/mladin.jpg\" \/>\n<meta name=\"twitter:label1\" content=\"\u00c9crit par\" \/>\n\t<meta name=\"twitter:data1\" content=\"benoit rieu\" \/>\n\t<meta name=\"twitter:label2\" content=\"Dur\u00e9e de lecture estim\u00e9e\" \/>\n\t<meta name=\"twitter:data2\" content=\"1 minute\" \/>\n<script type=\"application\/ld+json\" class=\"yoast-schema-graph\">{\"@context\":\"https:\/\/schema.org\",\"@graph\":[{\"@type\":\"WebPage\",\"@id\":\"https:\/\/blogs.thesocialmedia.com\/leblogmoto\/2009\/03\/05\/stuart-smith-la\/\",\"url\":\"https:\/\/blogs.thesocialmedia.com\/leblogmoto\/2009\/03\/05\/stuart-smith-la\/\",\"name\":\"Stuart Smith. Laguna Seca. Grand Angle. - leblogmoto.com\",\"isPartOf\":{\"@id\":\"https:\/\/blogs.thesocialmedia.com\/leblogmoto\/#website\"},\"primaryImageOfPage\":{\"@id\":\"https:\/\/blogs.thesocialmedia.com\/leblogmoto\/2009\/03\/05\/stuart-smith-la\/#primaryimage\"},\"image\":{\"@id\":\"https:\/\/blogs.thesocialmedia.com\/leblogmoto\/2009\/03\/05\/stuart-smith-la\/#primaryimage\"},\"thumbnailUrl\":\"http:\/\/www.leblogmoto.com\/images\/2009\/03\/05\/mladin.jpg\",\"datePublished\":\"2009-03-05T18:29:09+00:00\",\"dateModified\":\"2012-07-11T17:10:35+00:00\",\"author\":{\"@id\":\"https:\/\/blogs.thesocialmedia.com\/leblogmoto\/#\/schema\/person\/18bfe773e5725ed6d24f743da805362a\"},\"breadcrumb\":{\"@id\":\"https:\/\/blogs.thesocialmedia.com\/leblogmoto\/2009\/03\/05\/stuart-smith-la\/#breadcrumb\"},\"inLanguage\":\"fr-FR\",\"potentialAction\":[{\"@type\":\"ReadAction\",\"target\":[\"https:\/\/blogs.thesocialmedia.com\/leblogmoto\/2009\/03\/05\/stuart-smith-la\/\"]}]},{\"@type\":\"ImageObject\",\"inLanguage\":\"fr-FR\",\"@id\":\"https:\/\/blogs.thesocialmedia.com\/leblogmoto\/2009\/03\/05\/stuart-smith-la\/#primaryimage\",\"url\":\"http:\/\/www.leblogmoto.com\/images\/2009\/03\/05\/mladin.jpg\",\"contentUrl\":\"http:\/\/www.leblogmoto.com\/images\/2009\/03\/05\/mladin.jpg\"},{\"@type\":\"BreadcrumbList\",\"@id\":\"https:\/\/blogs.thesocialmedia.com\/leblogmoto\/2009\/03\/05\/stuart-smith-la\/#breadcrumb\",\"itemListElement\":[{\"@type\":\"ListItem\",\"position\":1,\"name\":\"Accueil\",\"item\":\"https:\/\/blogs.thesocialmedia.com\/leblogmoto\/\"},{\"@type\":\"ListItem\",\"position\":2,\"name\":\"Stuart Smith. Laguna Seca. Grand Angle.\"}]},{\"@type\":\"WebSite\",\"@id\":\"https:\/\/blogs.thesocialmedia.com\/leblogmoto\/#website\",\"url\":\"https:\/\/blogs.thesocialmedia.com\/leblogmoto\/\",\"name\":\"leblogmoto\",\"description\":\"Toute l&#039;actualit\u00e9 des 2 roues\",\"potentialAction\":[{\"@type\":\"SearchAction\",\"target\":{\"@type\":\"EntryPoint\",\"urlTemplate\":\"https:\/\/blogs.thesocialmedia.com\/leblogmoto\/?s={search_term_string}\"},\"query-input\":{\"@type\":\"PropertyValueSpecification\",\"valueRequired\":true,\"valueName\":\"search_term_string\"}}],\"inLanguage\":\"fr-FR\"},{\"@type\":\"Person\",\"@id\":\"https:\/\/blogs.thesocialmedia.com\/leblogmoto\/#\/schema\/person\/18bfe773e5725ed6d24f743da805362a\",\"name\":\"benoit rieu\",\"image\":{\"@type\":\"ImageObject\",\"inLanguage\":\"fr-FR\",\"@id\":\"https:\/\/blogs.thesocialmedia.com\/leblogmoto\/#\/schema\/person\/image\/\",\"url\":\"https:\/\/secure.gravatar.com\/avatar\/?s=96&d=mm&r=g\",\"contentUrl\":\"https:\/\/secure.gravatar.com\/avatar\/?s=96&d=mm&r=g\",\"caption\":\"benoit rieu\"},\"url\":\"https:\/\/blogs.thesocialmedia.com\/leblogmoto\/author\/benoit-rieu\/\"}]}<\/script>\n<!-- \/ Yoast SEO plugin. -->","yoast_head_json":{"title":"Stuart Smith. Laguna Seca. Grand Angle. - leblogmoto.com","robots":{"index":"index","follow":"follow","max-snippet":"max-snippet:-1","max-image-preview":"max-image-preview:large","max-video-preview":"max-video-preview:-1"},"canonical":"https:\/\/blogs.thesocialmedia.com\/leblogmoto\/2009\/03\/05\/stuart-smith-la\/","twitter_card":"summary_large_image","twitter_title":"Stuart Smith. Laguna Seca. Grand Angle. - leblogmoto.com","twitter_description":"C&rsquo;est une s\u00e9rie que je devais poster avant mes cong\u00e9s, comme liminaire \u00e0 la saison 2009 de Superbike, qu&rsquo;elle soit AMA, comme ici, ou de WSBK. Mais Jacques aura ouvert le feu en premier. Qu&rsquo;importe, ces saisissants clich\u00e9s qui couvrent la comp\u00e9tition de l&rsquo;ann\u00e9e pr\u00e9c\u00e9dente \u00e0 Laguna Seca valent la peine d&rsquo;\u00eatre vus je pense. [&hellip;]","twitter_image":"http:\/\/www.leblogmoto.com\/images\/2009\/03\/05\/mladin.jpg","twitter_misc":{"\u00c9crit par":"benoit rieu","Dur\u00e9e de lecture estim\u00e9e":"1 minute"},"schema":{"@context":"https:\/\/schema.org","@graph":[{"@type":"WebPage","@id":"https:\/\/blogs.thesocialmedia.com\/leblogmoto\/2009\/03\/05\/stuart-smith-la\/","url":"https:\/\/blogs.thesocialmedia.com\/leblogmoto\/2009\/03\/05\/stuart-smith-la\/","name":"Stuart Smith. Laguna Seca. Grand Angle. - leblogmoto.com","isPartOf":{"@id":"https:\/\/blogs.thesocialmedia.com\/leblogmoto\/#website"},"primaryImageOfPage":{"@id":"https:\/\/blogs.thesocialmedia.com\/leblogmoto\/2009\/03\/05\/stuart-smith-la\/#primaryimage"},"image":{"@id":"https:\/\/blogs.thesocialmedia.com\/leblogmoto\/2009\/03\/05\/stuart-smith-la\/#primaryimage"},"thumbnailUrl":"http:\/\/www.leblogmoto.com\/images\/2009\/03\/05\/mladin.jpg","datePublished":"2009-03-05T18:29:09+00:00","dateModified":"2012-07-11T17:10:35+00:00","author":{"@id":"https:\/\/blogs.thesocialmedia.com\/leblogmoto\/#\/schema\/person\/18bfe773e5725ed6d24f743da805362a"},"breadcrumb":{"@id":"https:\/\/blogs.thesocialmedia.com\/leblogmoto\/2009\/03\/05\/stuart-smith-la\/#breadcrumb"},"inLanguage":"fr-FR","potentialAction":[{"@type":"ReadAction","target":["https:\/\/blogs.thesocialmedia.com\/leblogmoto\/2009\/03\/05\/stuart-smith-la\/"]}]},{"@type":"ImageObject","inLanguage":"fr-FR","@id":"https:\/\/blogs.thesocialmedia.com\/leblogmoto\/2009\/03\/05\/stuart-smith-la\/#primaryimage","url":"http:\/\/www.leblogmoto.com\/images\/2009\/03\/05\/mladin.jpg","contentUrl":"http:\/\/www.leblogmoto.com\/images\/2009\/03\/05\/mladin.jpg"},{"@type":"BreadcrumbList","@id":"https:\/\/blogs.thesocialmedia.com\/leblogmoto\/2009\/03\/05\/stuart-smith-la\/#breadcrumb","itemListElement":[{"@type":"ListItem","position":1,"name":"Accueil","item":"https:\/\/blogs.thesocialmedia.com\/leblogmoto\/"},{"@type":"ListItem","position":2,"name":"Stuart Smith. Laguna Seca. Grand Angle."}]},{"@type":"WebSite","@id":"https:\/\/blogs.thesocialmedia.com\/leblogmoto\/#website","url":"https:\/\/blogs.thesocialmedia.com\/leblogmoto\/","name":"leblogmoto","description":"Toute l&#039;actualit\u00e9 des 2 roues","potentialAction":[{"@type":"SearchAction","target":{"@type":"EntryPoint","urlTemplate":"https:\/\/blogs.thesocialmedia.com\/leblogmoto\/?s={search_term_string}"},"query-input":{"@type":"PropertyValueSpecification","valueRequired":true,"valueName":"search_term_string"}}],"inLanguage":"fr-FR"},{"@type":"Person","@id":"https:\/\/blogs.thesocialmedia.com\/leblogmoto\/#\/schema\/person\/18bfe773e5725ed6d24f743da805362a","name":"benoit rieu","image":{"@type":"ImageObject","inLanguage":"fr-FR","@id":"https:\/\/blogs.thesocialmedia.com\/leblogmoto\/#\/schema\/person\/image\/","url":"https:\/\/secure.gravatar.com\/avatar\/?s=96&d=mm&r=g","contentUrl":"https:\/\/secure.gravatar.com\/avatar\/?s=96&d=mm&r=g","caption":"benoit rieu"},"url":"https:\/\/blogs.thesocialmedia.com\/leblogmoto\/author\/benoit-rieu\/"}]}},"_links":{"self":[{"href":"https:\/\/blogs.thesocialmedia.com\/leblogmoto\/wp-json\/wp\/v2\/posts\/240","targetHints":{"allow":["GET"]}}],"collection":[{"href":"https:\/\/blogs.thesocialmedia.com\/leblogmoto\/wp-json\/wp\/v2\/posts"}],"about":[{"href":"https:\/\/blogs.thesocialmedia.com\/leblogmoto\/wp-json\/wp\/v2\/types\/post"}],"author":[{"embeddable":true,"href":"https:\/\/blogs.thesocialmedia.com\/leblogmoto\/wp-json\/wp\/v2\/users\/324"}],"replies":[{"embeddable":true,"href":"https:\/\/blogs.thesocialmedia.com\/leblogmoto\/wp-json\/wp\/v2\/comments?post=240"}],"version-history":[{"count":2,"href":"https:\/\/blogs.thesocialmedia.com\/leblogmoto\/wp-json\/wp\/v2\/posts\/240\/revisions"}],"predecessor-version":[{"id":12889,"href":"https:\/\/blogs.thesocialmedia.com\/leblogmoto\/wp-json\/wp\/v2\/posts\/240\/revisions\/12889"}],"wp:attachment":[{"href":"https:\/\/blogs.thesocialmedia.com\/leblogmoto\/wp-json\/wp\/v2\/media?parent=240"}],"wp:term":[{"taxonomy":"category","embeddable":true,"href":"https:\/\/blogs.thesocialmedia.com\/leblogmoto\/wp-json\/wp\/v2\/categories?post=240"},{"taxonomy":"post_tag","embeddable":true,"href":"https:\/\/blogs.thesocialmedia.com\/leblogmoto\/wp-json\/wp\/v2\/tags?post=240"}],"curies":[{"name":"wp","href":"https:\/\/api.w.org\/{rel}","templated":true}]}}