{"id":2405,"date":"2005-09-27T22:15:10","date_gmt":"2005-09-27T22:15:10","guid":{"rendered":"http:\/\/blogs.thesocialmedia.com\/leblogmoto\/2005\/09\/27\/la-ffmc-sera-pr\/"},"modified":"2012-07-11T13:44:58","modified_gmt":"2012-07-11T13:44:58","slug":"la-ffmc-sera-pr","status":"publish","type":"post","link":"https:\/\/blogs.thesocialmedia.com\/leblogmoto\/2005\/09\/27\/la-ffmc-sera-pr\/","title":{"rendered":"La FFMC sera pr\u00e9sente au Mondial du Deux Roues"},"content":{"rendered":"<p><a href=\"http:\/\/blogs.thesocialmedia.com\/leblogmoto\/files\/2012\/07\/ffmc_1.jpg\"><img loading=\"lazy\" decoding=\"async\" width=\"250\" height=\"85\"  src=\"http:\/\/www.leblogmoto.com\/images\/ffmc_1.jpg\" alt=\"Ffmc_1\" style=\"margin: 0px 5px 5px 0px;float: left\" \/><\/a>Tout au long du <a href=\"http:\/\/www.leblogmoto.com\/2005\/09\/mondial_du_deux.html\">Mondial du Deux Roues<\/a>, la FFMC organise une s\u00e9rie de tables rondes sur la pratique de la moto. Organis\u00e9es en collaboration avec l\u2019Assurance Mutuelle des Motards, elles visent \u00e0 rassembler des repr\u00e9sentants d\u2019 usagers et des pouvoirs publics, des constructeurs et des responsables de l\u2019am\u00e9nagement urbain, des formateurs, autour de th\u00e8mes concernant, au-del\u00e0 de la seule probl\u00e9matique moto, la s\u00e9curit\u00e9 de tous les usagers de la route.<br \/>De la place du deux roues \u00e0 moteur en ville aujourd\u2019hui \u00e0 celle de son avenir sur les routes de France et d\u2019Europe ; de la sociologie du motard (du blouson noir au costard&#8230; 20 ans d\u2019\u00e9volution) \u00e0 son environnement ; du vol de la moto \u00e0 l\u2019\u00e9quipement des motards, les th\u00e8mes choisis pour ces forums abordent les questions pratiques et fondamentales suscit\u00e9es par l\u2019\u00e9mergence du deux roues motoris\u00e9s dans notre soci\u00e9t\u00e9 et sa prise en compte dans le partage de la route.<br \/>Destin\u00e9s \u00e0 aborder autant des questions pratiques (ex comment choisir son \u00e9quipement ?) que des questions plus fondamentales (sur l\u2019avenir de la moto, ou le partage de la route entre modes de transport), ces forums visent \u00e0 permettre des \u00e9changes constructifs. De nombreuses personnalit\u00e9s ont confirm\u00e9 leur participation \u00e0 ces tables rondes, Denis Baupin adjoint au maire de Paris, charg\u00e9 de la circulation, Jacques Compagne secr\u00e9taire g\u00e9n\u00e9ral de l\u2019ACEM, Jean Claude Olivier, PDG de Yamaha Motor France, Jean Michel Cavret, Directeur du d\u00e9partement BMW Motorrad, Antonio Perlot, Secr\u00e9taire g\u00e9n\u00e9ral de la FEMA, &#8230; Ces tables rondes auront lieu sur deux sites : en partenariat avec la City Radio et le Mondial du deux roues, sur un espace d\u00e9di\u00e9 du Hall 2.2., du lundi au vendredi de 14h \u00e0 15h, et sur le stand FFMC-Mutuelle des Motards-Motomagazine (Hall 1 stand 210), tous les matins de 11h30 \u00e0 12h30, les apr\u00e8s midis de 17h \u00e0 18h, ainsi qu\u2019\u00e0 l\u2019occasion des nocturnes, les mardi et vendredis soirs de 20h \u00e0 21h. La FFMC souhaite vivement favoriser des \u00e9changes constructifs d\u00e9bouchant sur des propositions utiles et profitables \u00e0 tous. Pour visualiser le programme int\u00e9gral, <a href=\"http:\/\/www.ffmc.asso.fr\/Mondial\/lundi.html\">cliquez ici<\/a>.<\/p>\n","protected":false},"excerpt":{"rendered":"<p>Tout au long du Mondial du Deux Roues, la FFMC organise une s\u00e9rie de tables rondes sur la pratique de la moto. Organis\u00e9es en collaboration avec l\u2019Assurance Mutuelle des Motards, elles visent \u00e0 rassembler des repr\u00e9sentants d\u2019 usagers et des pouvoirs publics, des constructeurs et des responsables de l\u2019am\u00e9nagement urbain, des formateurs, autour de th\u00e8mes [&hellip;]<\/p>\n","protected":false},"author":338,"featured_media":0,"comment_status":"open","ping_status":"open","sticky":false,"template":"","format":"standard","meta":{"footnotes":""},"categories":[27],"tags":[],"class_list":["post-2405","post","type-post","status-publish","format-standard","hentry","category-securite"],"yoast_head":"<!-- This site is optimized with the Yoast SEO plugin v26.0 - https:\/\/yoast.com\/wordpress\/plugins\/seo\/ -->\n<title>La FFMC sera pr\u00e9sente au Mondial du Deux Roues - leblogmoto.com<\/title>\n<meta name=\"robots\" content=\"index, follow, max-snippet:-1, max-image-preview:large, max-video-preview:-1\" \/>\n<link rel=\"canonical\" href=\"https:\/\/blogs.thesocialmedia.com\/leblogmoto\/2005\/09\/27\/la-ffmc-sera-pr\/\" \/>\n<meta name=\"twitter:card\" content=\"summary_large_image\" \/>\n<meta name=\"twitter:title\" content=\"La FFMC sera pr\u00e9sente au Mondial du Deux Roues - leblogmoto.com\" \/>\n<meta name=\"twitter:description\" content=\"Tout au long du Mondial du Deux Roues, la FFMC organise une s\u00e9rie de tables rondes sur la pratique de la moto. Organis\u00e9es en collaboration avec l\u2019Assurance Mutuelle des Motards, elles visent \u00e0 rassembler des repr\u00e9sentants d\u2019 usagers et des pouvoirs publics, des constructeurs et des responsables de l\u2019am\u00e9nagement urbain, des formateurs, autour de th\u00e8mes [&hellip;]\" \/>\n<meta name=\"twitter:image\" content=\"http:\/\/www.leblogmoto.com\/images\/ffmc_1.jpg\" \/>\n<meta name=\"twitter:label1\" content=\"\u00c9crit par\" \/>\n\t<meta name=\"twitter:data1\" content=\"vincent vaillant\" \/>\n\t<meta name=\"twitter:label2\" content=\"Dur\u00e9e de lecture estim\u00e9e\" \/>\n\t<meta name=\"twitter:data2\" content=\"2 minutes\" \/>\n<script type=\"application\/ld+json\" class=\"yoast-schema-graph\">{\"@context\":\"https:\/\/schema.org\",\"@graph\":[{\"@type\":\"WebPage\",\"@id\":\"https:\/\/blogs.thesocialmedia.com\/leblogmoto\/2005\/09\/27\/la-ffmc-sera-pr\/\",\"url\":\"https:\/\/blogs.thesocialmedia.com\/leblogmoto\/2005\/09\/27\/la-ffmc-sera-pr\/\",\"name\":\"La FFMC sera pr\u00e9sente au Mondial du Deux Roues - leblogmoto.com\",\"isPartOf\":{\"@id\":\"https:\/\/blogs.thesocialmedia.com\/leblogmoto\/#website\"},\"primaryImageOfPage\":{\"@id\":\"https:\/\/blogs.thesocialmedia.com\/leblogmoto\/2005\/09\/27\/la-ffmc-sera-pr\/#primaryimage\"},\"image\":{\"@id\":\"https:\/\/blogs.thesocialmedia.com\/leblogmoto\/2005\/09\/27\/la-ffmc-sera-pr\/#primaryimage\"},\"thumbnailUrl\":\"http:\/\/www.leblogmoto.com\/images\/ffmc_1.jpg\",\"datePublished\":\"2005-09-27T22:15:10+00:00\",\"dateModified\":\"2012-07-11T13:44:58+00:00\",\"author\":{\"@id\":\"https:\/\/blogs.thesocialmedia.com\/leblogmoto\/#\/schema\/person\/80d2a078dbdb8b60abbd76bae6011f19\"},\"breadcrumb\":{\"@id\":\"https:\/\/blogs.thesocialmedia.com\/leblogmoto\/2005\/09\/27\/la-ffmc-sera-pr\/#breadcrumb\"},\"inLanguage\":\"fr-FR\",\"potentialAction\":[{\"@type\":\"ReadAction\",\"target\":[\"https:\/\/blogs.thesocialmedia.com\/leblogmoto\/2005\/09\/27\/la-ffmc-sera-pr\/\"]}]},{\"@type\":\"ImageObject\",\"inLanguage\":\"fr-FR\",\"@id\":\"https:\/\/blogs.thesocialmedia.com\/leblogmoto\/2005\/09\/27\/la-ffmc-sera-pr\/#primaryimage\",\"url\":\"http:\/\/www.leblogmoto.com\/images\/ffmc_1.jpg\",\"contentUrl\":\"http:\/\/www.leblogmoto.com\/images\/ffmc_1.jpg\"},{\"@type\":\"BreadcrumbList\",\"@id\":\"https:\/\/blogs.thesocialmedia.com\/leblogmoto\/2005\/09\/27\/la-ffmc-sera-pr\/#breadcrumb\",\"itemListElement\":[{\"@type\":\"ListItem\",\"position\":1,\"name\":\"Accueil\",\"item\":\"https:\/\/blogs.thesocialmedia.com\/leblogmoto\/\"},{\"@type\":\"ListItem\",\"position\":2,\"name\":\"La FFMC sera pr\u00e9sente au Mondial du Deux Roues\"}]},{\"@type\":\"WebSite\",\"@id\":\"https:\/\/blogs.thesocialmedia.com\/leblogmoto\/#website\",\"url\":\"https:\/\/blogs.thesocialmedia.com\/leblogmoto\/\",\"name\":\"leblogmoto\",\"description\":\"Toute l&#039;actualit\u00e9 des 2 roues\",\"potentialAction\":[{\"@type\":\"SearchAction\",\"target\":{\"@type\":\"EntryPoint\",\"urlTemplate\":\"https:\/\/blogs.thesocialmedia.com\/leblogmoto\/?s={search_term_string}\"},\"query-input\":{\"@type\":\"PropertyValueSpecification\",\"valueRequired\":true,\"valueName\":\"search_term_string\"}}],\"inLanguage\":\"fr-FR\"},{\"@type\":\"Person\",\"@id\":\"https:\/\/blogs.thesocialmedia.com\/leblogmoto\/#\/schema\/person\/80d2a078dbdb8b60abbd76bae6011f19\",\"name\":\"vincent vaillant\",\"image\":{\"@type\":\"ImageObject\",\"inLanguage\":\"fr-FR\",\"@id\":\"https:\/\/blogs.thesocialmedia.com\/leblogmoto\/#\/schema\/person\/image\/\",\"url\":\"https:\/\/secure.gravatar.com\/avatar\/?s=96&d=mm&r=g\",\"contentUrl\":\"https:\/\/secure.gravatar.com\/avatar\/?s=96&d=mm&r=g\",\"caption\":\"vincent vaillant\"},\"url\":\"https:\/\/blogs.thesocialmedia.com\/leblogmoto\/author\/vincent-vaillant\/\"}]}<\/script>\n<!-- \/ Yoast SEO plugin. -->","yoast_head_json":{"title":"La FFMC sera pr\u00e9sente au Mondial du Deux Roues - leblogmoto.com","robots":{"index":"index","follow":"follow","max-snippet":"max-snippet:-1","max-image-preview":"max-image-preview:large","max-video-preview":"max-video-preview:-1"},"canonical":"https:\/\/blogs.thesocialmedia.com\/leblogmoto\/2005\/09\/27\/la-ffmc-sera-pr\/","twitter_card":"summary_large_image","twitter_title":"La FFMC sera pr\u00e9sente au Mondial du Deux Roues - leblogmoto.com","twitter_description":"Tout au long du Mondial du Deux Roues, la FFMC organise une s\u00e9rie de tables rondes sur la pratique de la moto. Organis\u00e9es en collaboration avec l\u2019Assurance Mutuelle des Motards, elles visent \u00e0 rassembler des repr\u00e9sentants d\u2019 usagers et des pouvoirs publics, des constructeurs et des responsables de l\u2019am\u00e9nagement urbain, des formateurs, autour de th\u00e8mes [&hellip;]","twitter_image":"http:\/\/www.leblogmoto.com\/images\/ffmc_1.jpg","twitter_misc":{"\u00c9crit par":"vincent vaillant","Dur\u00e9e de lecture estim\u00e9e":"2 minutes"},"schema":{"@context":"https:\/\/schema.org","@graph":[{"@type":"WebPage","@id":"https:\/\/blogs.thesocialmedia.com\/leblogmoto\/2005\/09\/27\/la-ffmc-sera-pr\/","url":"https:\/\/blogs.thesocialmedia.com\/leblogmoto\/2005\/09\/27\/la-ffmc-sera-pr\/","name":"La FFMC sera pr\u00e9sente au Mondial du Deux Roues - leblogmoto.com","isPartOf":{"@id":"https:\/\/blogs.thesocialmedia.com\/leblogmoto\/#website"},"primaryImageOfPage":{"@id":"https:\/\/blogs.thesocialmedia.com\/leblogmoto\/2005\/09\/27\/la-ffmc-sera-pr\/#primaryimage"},"image":{"@id":"https:\/\/blogs.thesocialmedia.com\/leblogmoto\/2005\/09\/27\/la-ffmc-sera-pr\/#primaryimage"},"thumbnailUrl":"http:\/\/www.leblogmoto.com\/images\/ffmc_1.jpg","datePublished":"2005-09-27T22:15:10+00:00","dateModified":"2012-07-11T13:44:58+00:00","author":{"@id":"https:\/\/blogs.thesocialmedia.com\/leblogmoto\/#\/schema\/person\/80d2a078dbdb8b60abbd76bae6011f19"},"breadcrumb":{"@id":"https:\/\/blogs.thesocialmedia.com\/leblogmoto\/2005\/09\/27\/la-ffmc-sera-pr\/#breadcrumb"},"inLanguage":"fr-FR","potentialAction":[{"@type":"ReadAction","target":["https:\/\/blogs.thesocialmedia.com\/leblogmoto\/2005\/09\/27\/la-ffmc-sera-pr\/"]}]},{"@type":"ImageObject","inLanguage":"fr-FR","@id":"https:\/\/blogs.thesocialmedia.com\/leblogmoto\/2005\/09\/27\/la-ffmc-sera-pr\/#primaryimage","url":"http:\/\/www.leblogmoto.com\/images\/ffmc_1.jpg","contentUrl":"http:\/\/www.leblogmoto.com\/images\/ffmc_1.jpg"},{"@type":"BreadcrumbList","@id":"https:\/\/blogs.thesocialmedia.com\/leblogmoto\/2005\/09\/27\/la-ffmc-sera-pr\/#breadcrumb","itemListElement":[{"@type":"ListItem","position":1,"name":"Accueil","item":"https:\/\/blogs.thesocialmedia.com\/leblogmoto\/"},{"@type":"ListItem","position":2,"name":"La FFMC sera pr\u00e9sente au Mondial du Deux Roues"}]},{"@type":"WebSite","@id":"https:\/\/blogs.thesocialmedia.com\/leblogmoto\/#website","url":"https:\/\/blogs.thesocialmedia.com\/leblogmoto\/","name":"leblogmoto","description":"Toute l&#039;actualit\u00e9 des 2 roues","potentialAction":[{"@type":"SearchAction","target":{"@type":"EntryPoint","urlTemplate":"https:\/\/blogs.thesocialmedia.com\/leblogmoto\/?s={search_term_string}"},"query-input":{"@type":"PropertyValueSpecification","valueRequired":true,"valueName":"search_term_string"}}],"inLanguage":"fr-FR"},{"@type":"Person","@id":"https:\/\/blogs.thesocialmedia.com\/leblogmoto\/#\/schema\/person\/80d2a078dbdb8b60abbd76bae6011f19","name":"vincent vaillant","image":{"@type":"ImageObject","inLanguage":"fr-FR","@id":"https:\/\/blogs.thesocialmedia.com\/leblogmoto\/#\/schema\/person\/image\/","url":"https:\/\/secure.gravatar.com\/avatar\/?s=96&d=mm&r=g","contentUrl":"https:\/\/secure.gravatar.com\/avatar\/?s=96&d=mm&r=g","caption":"vincent vaillant"},"url":"https:\/\/blogs.thesocialmedia.com\/leblogmoto\/author\/vincent-vaillant\/"}]}},"_links":{"self":[{"href":"https:\/\/blogs.thesocialmedia.com\/leblogmoto\/wp-json\/wp\/v2\/posts\/2405","targetHints":{"allow":["GET"]}}],"collection":[{"href":"https:\/\/blogs.thesocialmedia.com\/leblogmoto\/wp-json\/wp\/v2\/posts"}],"about":[{"href":"https:\/\/blogs.thesocialmedia.com\/leblogmoto\/wp-json\/wp\/v2\/types\/post"}],"author":[{"embeddable":true,"href":"https:\/\/blogs.thesocialmedia.com\/leblogmoto\/wp-json\/wp\/v2\/users\/338"}],"replies":[{"embeddable":true,"href":"https:\/\/blogs.thesocialmedia.com\/leblogmoto\/wp-json\/wp\/v2\/comments?post=2405"}],"version-history":[{"count":2,"href":"https:\/\/blogs.thesocialmedia.com\/leblogmoto\/wp-json\/wp\/v2\/posts\/2405\/revisions"}],"predecessor-version":[{"id":5807,"href":"https:\/\/blogs.thesocialmedia.com\/leblogmoto\/wp-json\/wp\/v2\/posts\/2405\/revisions\/5807"}],"wp:attachment":[{"href":"https:\/\/blogs.thesocialmedia.com\/leblogmoto\/wp-json\/wp\/v2\/media?parent=2405"}],"wp:term":[{"taxonomy":"category","embeddable":true,"href":"https:\/\/blogs.thesocialmedia.com\/leblogmoto\/wp-json\/wp\/v2\/categories?post=2405"},{"taxonomy":"post_tag","embeddable":true,"href":"https:\/\/blogs.thesocialmedia.com\/leblogmoto\/wp-json\/wp\/v2\/tags?post=2405"}],"curies":[{"name":"wp","href":"https:\/\/api.w.org\/{rel}","templated":true}]}}