{"id":2406,"date":"2005-09-27T16:01:36","date_gmt":"2005-09-27T16:01:36","guid":{"rendered":"http:\/\/blogs.thesocialmedia.com\/leblogmoto\/2005\/09\/27\/suzuki-bandit-g\/"},"modified":"2012-07-11T13:44:57","modified_gmt":"2012-07-11T13:44:57","slug":"suzuki-bandit-g","status":"publish","type":"post","link":"https:\/\/blogs.thesocialmedia.com\/leblogmoto\/2005\/09\/27\/suzuki-bandit-g\/","title":{"rendered":"Suzuki GSF 1200 Bandit : mod\u00e8le 2006"},"content":{"rendered":"<p><a href=\"http:\/\/blogs.thesocialmedia.com\/leblogmoto\/files\/2012\/07\/band_0.jpg\"><img loading=\"lazy\" decoding=\"async\" width=\"250\" height=\"165\"  alt=\"Band_0\" src=\"http:\/\/www.leblogmoto.com\/images\/band_0.jpg\" style=\"margin: 0px 5px 5px 0px;float: left\" \/><\/a>Lors de l\u2019imminent <a href=\"http:\/\/www.leblogmoto.com\/2005\/09\/mondial_du_deux.html\">Mondial du Deux Roues<\/a>, le constructeur japonais <a href=\"http:\/\/www.leblogmoto.com\/suzuki\/index.html\">Suzuki<\/a> va lever le voile sur son nouveau gros roadster bon march\u00e9 d\u00e9nomm\u00e9 GSF 1200 Bandit . Comme sa petite s\u0153ur Bandit GSF 650, la 1200 adopte une t\u00eate de fourche restyl\u00e9e sur les versions S et un petit saut-vent pour la version \u2018naked\u2019. Les autres \u00e9volutions esth\u00e9tiques sont \u00e0 chercher au niveau des \u00e9copes, de la selle en deux parties et des caches lat\u00e9raux. La Bandit 1200 cm3 se distingue de la 650 cm3 par des carters lat\u00e9raux chrom\u00e9s.<br \/>C\u00f4t\u00e9 partie-cycle, le mod\u00e8le 2006 devrait pr\u00e9senter de nouveaux freins avec ABS, une nouvelle fourche,\u2026 tandis que d\u2019un point de vue moteur, le 4 cylindres devrait gagner quelques chevaux tout en \u00e9tant plus fougueux \u00e0 bas et mi-r\u00e9gimes. Affaire \u00e0 suivre\u2026<\/p>\n<p><a href=\"http:\/\/clabedan.typepad.com\/.shared\/image.html?\/photos\/uncategorized\/band1.jpg\"><img loading=\"lazy\" decoding=\"async\" width=\"470\" height=\"358\"  alt=\"Band1\" src=\"http:\/\/www.leblogmoto.com\/images\/band1.jpg\" style=\"margin: 0px 5px 5px 0px;float: left\" \/><\/a><a href=\"http:\/\/blogs.thesocialmedia.com\/leblogmoto\/files\/2012\/07\/band11.jpg\"><img loading=\"lazy\" decoding=\"async\" width=\"470\" height=\"386\"  alt=\"Band11\" src=\"http:\/\/www.leblogmoto.com\/images\/band11.jpg\" style=\"margin: 0px 5px 5px 0px;float: left\" \/><\/a><a href=\"http:\/\/blogs.thesocialmedia.com\/leblogmoto\/files\/2012\/07\/band2.jpg\"><img loading=\"lazy\" decoding=\"async\" width=\"470\" height=\"354\"  alt=\"Band2\" src=\"http:\/\/www.leblogmoto.com\/images\/band2.jpg\" style=\"margin: 0px 5px 5px 0px;float: left\" \/><\/a><a href=\"http:\/\/blogs.thesocialmedia.com\/leblogmoto\/files\/2012\/07\/band22.jpg\"><img loading=\"lazy\" decoding=\"async\" width=\"470\" height=\"383\"  alt=\"Band22\" src=\"http:\/\/www.leblogmoto.com\/images\/band22.jpg\" style=\"margin: 0px 5px 5px 0px;float: left\" \/><\/a><\/p>\n","protected":false},"excerpt":{"rendered":"<p>Lors de l\u2019imminent Mondial du Deux Roues, le constructeur japonais Suzuki va lever le voile sur son nouveau gros roadster bon march\u00e9 d\u00e9nomm\u00e9 GSF 1200 Bandit . Comme sa petite s\u0153ur Bandit GSF 650, la 1200 adopte une t\u00eate de fourche restyl\u00e9e sur les versions S et un petit saut-vent pour la version \u2018naked\u2019. Les [&hellip;]<\/p>\n","protected":false},"author":338,"featured_media":0,"comment_status":"open","ping_status":"open","sticky":false,"template":"","format":"standard","meta":{"footnotes":""},"categories":[51],"tags":[],"class_list":["post-2406","post","type-post","status-publish","format-standard","hentry","category-suzuki"],"yoast_head":"<!-- This site is optimized with the Yoast SEO plugin v26.0 - https:\/\/yoast.com\/wordpress\/plugins\/seo\/ -->\n<title>Suzuki GSF 1200 Bandit : mod\u00e8le 2006 - leblogmoto.com<\/title>\n<meta name=\"robots\" content=\"index, follow, max-snippet:-1, max-image-preview:large, max-video-preview:-1\" \/>\n<link rel=\"canonical\" href=\"https:\/\/blogs.thesocialmedia.com\/leblogmoto\/2005\/09\/27\/suzuki-bandit-g\/\" \/>\n<meta name=\"twitter:card\" content=\"summary_large_image\" \/>\n<meta name=\"twitter:title\" content=\"Suzuki GSF 1200 Bandit : mod\u00e8le 2006 - leblogmoto.com\" \/>\n<meta name=\"twitter:description\" content=\"Lors de l\u2019imminent Mondial du Deux Roues, le constructeur japonais Suzuki va lever le voile sur son nouveau gros roadster bon march\u00e9 d\u00e9nomm\u00e9 GSF 1200 Bandit . Comme sa petite s\u0153ur Bandit GSF 650, la 1200 adopte une t\u00eate de fourche restyl\u00e9e sur les versions S et un petit saut-vent pour la version \u2018naked\u2019. Les [&hellip;]\" \/>\n<meta name=\"twitter:image\" content=\"http:\/\/www.leblogmoto.com\/images\/band_0.jpg\" \/>\n<meta name=\"twitter:label1\" content=\"\u00c9crit par\" \/>\n\t<meta name=\"twitter:data1\" content=\"vincent vaillant\" \/>\n\t<meta name=\"twitter:label2\" content=\"Dur\u00e9e de lecture estim\u00e9e\" \/>\n\t<meta name=\"twitter:data2\" content=\"1 minute\" \/>\n<script type=\"application\/ld+json\" class=\"yoast-schema-graph\">{\"@context\":\"https:\/\/schema.org\",\"@graph\":[{\"@type\":\"WebPage\",\"@id\":\"https:\/\/blogs.thesocialmedia.com\/leblogmoto\/2005\/09\/27\/suzuki-bandit-g\/\",\"url\":\"https:\/\/blogs.thesocialmedia.com\/leblogmoto\/2005\/09\/27\/suzuki-bandit-g\/\",\"name\":\"Suzuki GSF 1200 Bandit : mod\u00e8le 2006 - leblogmoto.com\",\"isPartOf\":{\"@id\":\"https:\/\/blogs.thesocialmedia.com\/leblogmoto\/#website\"},\"primaryImageOfPage\":{\"@id\":\"https:\/\/blogs.thesocialmedia.com\/leblogmoto\/2005\/09\/27\/suzuki-bandit-g\/#primaryimage\"},\"image\":{\"@id\":\"https:\/\/blogs.thesocialmedia.com\/leblogmoto\/2005\/09\/27\/suzuki-bandit-g\/#primaryimage\"},\"thumbnailUrl\":\"http:\/\/www.leblogmoto.com\/images\/band_0.jpg\",\"datePublished\":\"2005-09-27T16:01:36+00:00\",\"dateModified\":\"2012-07-11T13:44:57+00:00\",\"author\":{\"@id\":\"https:\/\/blogs.thesocialmedia.com\/leblogmoto\/#\/schema\/person\/80d2a078dbdb8b60abbd76bae6011f19\"},\"breadcrumb\":{\"@id\":\"https:\/\/blogs.thesocialmedia.com\/leblogmoto\/2005\/09\/27\/suzuki-bandit-g\/#breadcrumb\"},\"inLanguage\":\"fr-FR\",\"potentialAction\":[{\"@type\":\"ReadAction\",\"target\":[\"https:\/\/blogs.thesocialmedia.com\/leblogmoto\/2005\/09\/27\/suzuki-bandit-g\/\"]}]},{\"@type\":\"ImageObject\",\"inLanguage\":\"fr-FR\",\"@id\":\"https:\/\/blogs.thesocialmedia.com\/leblogmoto\/2005\/09\/27\/suzuki-bandit-g\/#primaryimage\",\"url\":\"http:\/\/www.leblogmoto.com\/images\/band_0.jpg\",\"contentUrl\":\"http:\/\/www.leblogmoto.com\/images\/band_0.jpg\"},{\"@type\":\"BreadcrumbList\",\"@id\":\"https:\/\/blogs.thesocialmedia.com\/leblogmoto\/2005\/09\/27\/suzuki-bandit-g\/#breadcrumb\",\"itemListElement\":[{\"@type\":\"ListItem\",\"position\":1,\"name\":\"Accueil\",\"item\":\"https:\/\/blogs.thesocialmedia.com\/leblogmoto\/\"},{\"@type\":\"ListItem\",\"position\":2,\"name\":\"Suzuki GSF 1200 Bandit : mod\u00e8le 2006\"}]},{\"@type\":\"WebSite\",\"@id\":\"https:\/\/blogs.thesocialmedia.com\/leblogmoto\/#website\",\"url\":\"https:\/\/blogs.thesocialmedia.com\/leblogmoto\/\",\"name\":\"leblogmoto\",\"description\":\"Toute l&#039;actualit\u00e9 des 2 roues\",\"potentialAction\":[{\"@type\":\"SearchAction\",\"target\":{\"@type\":\"EntryPoint\",\"urlTemplate\":\"https:\/\/blogs.thesocialmedia.com\/leblogmoto\/?s={search_term_string}\"},\"query-input\":{\"@type\":\"PropertyValueSpecification\",\"valueRequired\":true,\"valueName\":\"search_term_string\"}}],\"inLanguage\":\"fr-FR\"},{\"@type\":\"Person\",\"@id\":\"https:\/\/blogs.thesocialmedia.com\/leblogmoto\/#\/schema\/person\/80d2a078dbdb8b60abbd76bae6011f19\",\"name\":\"vincent vaillant\",\"image\":{\"@type\":\"ImageObject\",\"inLanguage\":\"fr-FR\",\"@id\":\"https:\/\/blogs.thesocialmedia.com\/leblogmoto\/#\/schema\/person\/image\/\",\"url\":\"https:\/\/secure.gravatar.com\/avatar\/?s=96&d=mm&r=g\",\"contentUrl\":\"https:\/\/secure.gravatar.com\/avatar\/?s=96&d=mm&r=g\",\"caption\":\"vincent vaillant\"},\"url\":\"https:\/\/blogs.thesocialmedia.com\/leblogmoto\/author\/vincent-vaillant\/\"}]}<\/script>\n<!-- \/ Yoast SEO plugin. -->","yoast_head_json":{"title":"Suzuki GSF 1200 Bandit : mod\u00e8le 2006 - leblogmoto.com","robots":{"index":"index","follow":"follow","max-snippet":"max-snippet:-1","max-image-preview":"max-image-preview:large","max-video-preview":"max-video-preview:-1"},"canonical":"https:\/\/blogs.thesocialmedia.com\/leblogmoto\/2005\/09\/27\/suzuki-bandit-g\/","twitter_card":"summary_large_image","twitter_title":"Suzuki GSF 1200 Bandit : mod\u00e8le 2006 - leblogmoto.com","twitter_description":"Lors de l\u2019imminent Mondial du Deux Roues, le constructeur japonais Suzuki va lever le voile sur son nouveau gros roadster bon march\u00e9 d\u00e9nomm\u00e9 GSF 1200 Bandit . Comme sa petite s\u0153ur Bandit GSF 650, la 1200 adopte une t\u00eate de fourche restyl\u00e9e sur les versions S et un petit saut-vent pour la version \u2018naked\u2019. Les [&hellip;]","twitter_image":"http:\/\/www.leblogmoto.com\/images\/band_0.jpg","twitter_misc":{"\u00c9crit par":"vincent vaillant","Dur\u00e9e de lecture estim\u00e9e":"1 minute"},"schema":{"@context":"https:\/\/schema.org","@graph":[{"@type":"WebPage","@id":"https:\/\/blogs.thesocialmedia.com\/leblogmoto\/2005\/09\/27\/suzuki-bandit-g\/","url":"https:\/\/blogs.thesocialmedia.com\/leblogmoto\/2005\/09\/27\/suzuki-bandit-g\/","name":"Suzuki GSF 1200 Bandit : mod\u00e8le 2006 - leblogmoto.com","isPartOf":{"@id":"https:\/\/blogs.thesocialmedia.com\/leblogmoto\/#website"},"primaryImageOfPage":{"@id":"https:\/\/blogs.thesocialmedia.com\/leblogmoto\/2005\/09\/27\/suzuki-bandit-g\/#primaryimage"},"image":{"@id":"https:\/\/blogs.thesocialmedia.com\/leblogmoto\/2005\/09\/27\/suzuki-bandit-g\/#primaryimage"},"thumbnailUrl":"http:\/\/www.leblogmoto.com\/images\/band_0.jpg","datePublished":"2005-09-27T16:01:36+00:00","dateModified":"2012-07-11T13:44:57+00:00","author":{"@id":"https:\/\/blogs.thesocialmedia.com\/leblogmoto\/#\/schema\/person\/80d2a078dbdb8b60abbd76bae6011f19"},"breadcrumb":{"@id":"https:\/\/blogs.thesocialmedia.com\/leblogmoto\/2005\/09\/27\/suzuki-bandit-g\/#breadcrumb"},"inLanguage":"fr-FR","potentialAction":[{"@type":"ReadAction","target":["https:\/\/blogs.thesocialmedia.com\/leblogmoto\/2005\/09\/27\/suzuki-bandit-g\/"]}]},{"@type":"ImageObject","inLanguage":"fr-FR","@id":"https:\/\/blogs.thesocialmedia.com\/leblogmoto\/2005\/09\/27\/suzuki-bandit-g\/#primaryimage","url":"http:\/\/www.leblogmoto.com\/images\/band_0.jpg","contentUrl":"http:\/\/www.leblogmoto.com\/images\/band_0.jpg"},{"@type":"BreadcrumbList","@id":"https:\/\/blogs.thesocialmedia.com\/leblogmoto\/2005\/09\/27\/suzuki-bandit-g\/#breadcrumb","itemListElement":[{"@type":"ListItem","position":1,"name":"Accueil","item":"https:\/\/blogs.thesocialmedia.com\/leblogmoto\/"},{"@type":"ListItem","position":2,"name":"Suzuki GSF 1200 Bandit : mod\u00e8le 2006"}]},{"@type":"WebSite","@id":"https:\/\/blogs.thesocialmedia.com\/leblogmoto\/#website","url":"https:\/\/blogs.thesocialmedia.com\/leblogmoto\/","name":"leblogmoto","description":"Toute l&#039;actualit\u00e9 des 2 roues","potentialAction":[{"@type":"SearchAction","target":{"@type":"EntryPoint","urlTemplate":"https:\/\/blogs.thesocialmedia.com\/leblogmoto\/?s={search_term_string}"},"query-input":{"@type":"PropertyValueSpecification","valueRequired":true,"valueName":"search_term_string"}}],"inLanguage":"fr-FR"},{"@type":"Person","@id":"https:\/\/blogs.thesocialmedia.com\/leblogmoto\/#\/schema\/person\/80d2a078dbdb8b60abbd76bae6011f19","name":"vincent vaillant","image":{"@type":"ImageObject","inLanguage":"fr-FR","@id":"https:\/\/blogs.thesocialmedia.com\/leblogmoto\/#\/schema\/person\/image\/","url":"https:\/\/secure.gravatar.com\/avatar\/?s=96&d=mm&r=g","contentUrl":"https:\/\/secure.gravatar.com\/avatar\/?s=96&d=mm&r=g","caption":"vincent vaillant"},"url":"https:\/\/blogs.thesocialmedia.com\/leblogmoto\/author\/vincent-vaillant\/"}]}},"_links":{"self":[{"href":"https:\/\/blogs.thesocialmedia.com\/leblogmoto\/wp-json\/wp\/v2\/posts\/2406","targetHints":{"allow":["GET"]}}],"collection":[{"href":"https:\/\/blogs.thesocialmedia.com\/leblogmoto\/wp-json\/wp\/v2\/posts"}],"about":[{"href":"https:\/\/blogs.thesocialmedia.com\/leblogmoto\/wp-json\/wp\/v2\/types\/post"}],"author":[{"embeddable":true,"href":"https:\/\/blogs.thesocialmedia.com\/leblogmoto\/wp-json\/wp\/v2\/users\/338"}],"replies":[{"embeddable":true,"href":"https:\/\/blogs.thesocialmedia.com\/leblogmoto\/wp-json\/wp\/v2\/comments?post=2406"}],"version-history":[{"count":2,"href":"https:\/\/blogs.thesocialmedia.com\/leblogmoto\/wp-json\/wp\/v2\/posts\/2406\/revisions"}],"predecessor-version":[{"id":5805,"href":"https:\/\/blogs.thesocialmedia.com\/leblogmoto\/wp-json\/wp\/v2\/posts\/2406\/revisions\/5805"}],"wp:attachment":[{"href":"https:\/\/blogs.thesocialmedia.com\/leblogmoto\/wp-json\/wp\/v2\/media?parent=2406"}],"wp:term":[{"taxonomy":"category","embeddable":true,"href":"https:\/\/blogs.thesocialmedia.com\/leblogmoto\/wp-json\/wp\/v2\/categories?post=2406"},{"taxonomy":"post_tag","embeddable":true,"href":"https:\/\/blogs.thesocialmedia.com\/leblogmoto\/wp-json\/wp\/v2\/tags?post=2406"}],"curies":[{"name":"wp","href":"https:\/\/api.w.org\/{rel}","templated":true}]}}