{"id":2408,"date":"2005-09-26T21:09:27","date_gmt":"2005-09-26T21:09:27","guid":{"rendered":"http:\/\/blogs.thesocialmedia.com\/leblogmoto\/2005\/09\/26\/motogp-valentin\/"},"modified":"2012-07-11T13:44:44","modified_gmt":"2012-07-11T13:44:44","slug":"motogp-valentin","status":"publish","type":"post","link":"https:\/\/blogs.thesocialmedia.com\/leblogmoto\/2005\/09\/26\/motogp-valentin\/","title":{"rendered":"MotoGP : Valentino Rossi sacr\u00e9 \u00e0 Sepang"},"content":{"rendered":"<p><a href=\"http:\/\/blogs.thesocialmedia.com\/leblogmoto\/files\/2012\/07\/sep1.jpg\"><img loading=\"lazy\" decoding=\"async\" width=\"250\" height=\"187\"  alt=\"Sep1\" src=\"http:\/\/www.leblogmoto.com\/images\/sep1.jpg\" style=\"margin: 0px 5px 5px 0px;float: left\" \/><\/a>Valentino Rossi vient d\u2019\u00eatre couronner champion du monde en MotoGP pour la 5\u00e8me fois cons\u00e9cutive lors du grand prix de Sepang en Malaisie, soit 4 courses avant le fin du championnat. La course a \u00e9t\u00e9 tr\u00e8s anim\u00e9e notamment pour la premi\u00e8re place entre Rossi et Capirossi, mais c\u2019est finalement ce dernier qui s\u2019impose brillement de quelques secondes, suivi de Checa et Hayden. Valentino Rossi s\u2019est bien entendu r\u00e9jouie de ce nouveau sacre : \u00ab <em>Ce fut difficile aujourd\u2019hui car nous avons connu beaucoup de probl\u00e8mes durant les essais et j\u2019avais la pression du titre, surtout apr\u00e8s mon erreur de Motegi. Bien s\u00fbr, il est plus difficile de conqu\u00e9rir un titre dans ces conditions que de remporter une course lorsque tout fonctionne bien. Comme \u00e0 chaque fois,&nbsp; j\u2019ai donn\u00e9 le meilleur de moi-m\u00eame en utilisant une tactique diff\u00e9rente de Motegi. J\u2019ai remont\u00e9 mes adversaires un \u00e0 un, profitant parfois de leurs erreurs, pour rejoindre les leaders. Une fois parvenu dans le paquet des trois premiers derri\u00e8re Nicky, j\u2019ai estim\u00e9 que mon travail pour conqu\u00e9rir le titre \u00e9tait termin\u00e9, mais \u00e7a ne m\u2019a pas emp\u00each\u00e9 d\u2019avoir une belle bagarre avec Loris. Comme d&rsquo;habitude, Michelin a fourni un travail de premier ordre. Cette ann\u00e9e nous nous sommes surtout concentr\u00e9s sur l&rsquo;optimisation de la motricit\u00e9 afin de pouvoir exploiter toute la puissance suppl\u00e9mentaire offerte par nos machines actuelles. Cela a exig\u00e9 de grands efforts mais le r\u00e9sultat est l\u00e0. Parfois c&rsquo;est magique : j&rsquo;ouvre les gaz \u00e0 fond et&#8230; z\u00e9ro patinage ! Nos motos ont progress\u00e9 \u00e9norm\u00e9ment au cours de la saison derni\u00e8re et il arrivait que le pneu arri\u00e8re se mette \u00e0 patiner en fin de course en raison des contraintes consid\u00e9rables. Cette ann\u00e9e, nous avons m\u00eame vu des meilleurs tours en course sign\u00e9s dans l&rsquo;ultime boucle. Ces pneus sont incroyables ! En plus, nous profitons d&rsquo;un peu plus de grip en lat\u00e9ral gr\u00e2ce aux efforts consentis l&rsquo;an dernier en ce domaine. L&rsquo;ann\u00e9e prochaine, comme \u00e0 l&rsquo;accoutum\u00e9, il faudra avancer par petites touches : davantage de grip sur l&rsquo;angle\u2026 plus de motricit\u00e9\u2026 et un pneu avant encore plus efficace ! <\/em>\u00bb<\/p>\n<p><a href=\"http:\/\/blogs.thesocialmedia.com\/leblogmoto\/files\/2012\/07\/sep2.jpg\"><img loading=\"lazy\" decoding=\"async\" width=\"250\" height=\"187\"  alt=\"Sep2\" src=\"http:\/\/www.leblogmoto.com\/images\/sep2.jpg\" style=\"margin: 0px 5px 5px 0px;float: left\" \/><\/a>Les pilotes Michelin ont conquis 4 des 6 premi\u00e8res places \u00e0 l\u2019arriv\u00e9e du grand prix et 7 places sur les 8 premi\u00e8res du championnat du monde, ce qui explique la r\u00e9action de Nicolas Goubert, Responsable de la comp\u00e9tition moto chez Michelin : \u00ab <em>Nos f\u00e9licitations \u00e0 Valentino pour ce titre, \u00e0 Loris pour sa victoire et \u00e0 Nicky pour son record du tour. Valentino a d\u00e9montr\u00e9 toute sa valeur car il a connu des essais difficiles, mais malgr\u00e9 cela il a eu la ressource n\u00e9cessaire pour se battre aux avant-poste et obtenir un tr\u00e8s beau r\u00e9sultat. Nous sommes d\u00e9sol\u00e9 pour Sete qui est tomb\u00e9 au second tour apr\u00e8s avoir affich\u00e9 un rythme tr\u00e8s \u00e9lev\u00e9 lors du warm-up. Il aurait certainement pu rivaliser avec les pilotes de t\u00eate s\u2019il n\u2019avait pas chut\u00e9. Au final, je suis un peu d\u00e9\u00e7u que le rythme de la course n\u2019ait pas \u00e9t\u00e9 plus \u00e9lev\u00e9. Lors des essais hivernaux ici-m\u00eame, Valentino tournait r\u00e9guli\u00e8rement en 2\u201902 avec des pneus de course, mais aujourd\u2019hui il tournait en 2\u201904 et nous devons comprendre pourquoi. Ce qui est beau dans la course, c\u2019est qu\u2019elle permet de toujours s\u2019instruire. Maintenant, nous nous rendons au Qatar puis \u00e0 Phillip Island, et nous verrons ce qui s\u2019y passera. Valentino est bien plus qu&rsquo;un incroyable pilote, il poss\u00e8de \u00e9galement le don particulier de pouvoir d\u00e9crire dans les moindres d\u00e9tails les sensations qu&rsquo;il \u00e9prouve sur la piste. Cet apport capital nous permet de d\u00e9velopper des pneumatiques toujours plus efficaces. Depuis deux ans, nous avons beaucoup travaill\u00e9 sur nos pneus arri\u00e8re dans le but de g\u00e9rer la puissance des nouvelles machines \u00e0 quatre-temps. Les am\u00e9liorations importantes que nous avons effectu\u00e9es sur les plans du grip sur l&rsquo;angle et de la motricit\u00e9 lui ont \u00e9galement beaucoup apport\u00e9. D&rsquo;ailleurs, il n&rsquo;est pas rare aujourd&rsquo;hui de le voir signer le meilleur tour en course lors des toutes derni\u00e8res boucles. Evidemment, il veut toujours plus, mais c&rsquo;est pour cela que nous sommes l\u00e0 ! Cette ann\u00e9e, le plus grand changement que j&rsquo;ai constat\u00e9 en lui porte sur son pilotage sur sol mouill\u00e9, peut-\u00eatre l&rsquo;unique domaine dans lequel il pouvait s&rsquo;am\u00e9liorer. Ses performances \u00e0 Shanghai et \u00e0 Donington \u00e9taient incroyables. D\u00e9sormais, il semble ne plus avoir de points faibles\u2026 que des points forts ! Cela a \u00e9t\u00e9 un incroyable championnat avec une forte comp\u00e9tition avec nos rivaux et nous sommes donc tr\u00e8s contents de remporter ce titre ! <\/em>\u00bb<br \/>Le pilote italien rejoint le pilote australien l\u00e9gendaire des ann\u00e9es 90\u2019 Mick Doohan au niveau palmar\u00e8s m\u00eame si selon Nicolas Goubert : \u00ab <em>Il est impossible d&rsquo;affirmer qui est le plus rapide des deux, Mick ou Valentino. Il ne faisait aucun doute que Mick \u00e9tait un pilote tr\u00e8s impressionnant et il courrait souvent pour \u00eatre s\u00fbr que l&rsquo;\u00e9cart entre lui et ses adversaires soit plus important.<\/em> \u00bb<br \/> D\u2019ailleurs, l\u2019australien fut le premier \u00e0 venir congratuler Rossi \u00e0 la fin du grand prix&nbsp; et s\u2019est ensuite exprimer : \u00ab <em>Mais qui va pouvoir arr\u00eater Valentino ? Je me souviens du bonheur que j&rsquo;ai \u00e9prouv\u00e9 le jour de mon cinqui\u00e8me titre. Il ressent certainement la m\u00eame chose aujourd&rsquo;hui ! <\/em>\u00bb<\/p>\n<p><a href=\"http:\/\/blogs.thesocialmedia.com\/leblogmoto\/files\/2012\/07\/sep3.jpg\"><img loading=\"lazy\" decoding=\"async\" width=\"250\" height=\"187\"  alt=\"Sep3\" src=\"http:\/\/www.leblogmoto.com\/images\/sep3.jpg\" style=\"margin: 0px 5px 5px 0px;float: left\" \/><\/a> Arriv\u00e9e du GP<br \/> 1. L. Capirossi (Ducati, Ita)<br \/> 2. V. Rossi (Yamaha, Ita)<br \/> 3. C. Checa (Ducati, Esp)<br \/> 4. N. Hayden (Honda, EU)<br \/> 5. M. Melandri (Honda, ita)<br \/> 6. M. Biaggi (Honda, Ita)<br \/> 7. K. Roberts (Suzuki, EU)<br \/> 8. A. Barros (Honda, Br\u00e9)<br \/> 9. J. Hopkins (Suzuki, EU)<br \/> 10. C. Edwards (Yamaha, EU)<\/p>\n<p><a href=\"http:\/\/blogs.thesocialmedia.com\/leblogmoto\/files\/2012\/07\/sep4.jpg\"><img loading=\"lazy\" decoding=\"async\" width=\"250\" height=\"187\"  alt=\"Sep4\" src=\"http:\/\/www.leblogmoto.com\/images\/sep4.jpg\" style=\"margin: 0px 5px 5px 0px;float: left\" \/><\/a>Classement pilote MotoGP<br \/> 1. V. Rossi (281 pts)<br \/> 2. M. Biaggi (159 pts)<br \/> 3. L. Capirossi (142 pts)<br \/> 4. C. Edwards (139 pts)<br \/> 5. M. Melandri (137 pts)<br \/> 6. N. Hayden (134 pts)<br \/> 7. A. Barros (122 pts)<br \/> 8. S. Gibernau (115 pts)<br \/> 9. C. Checa (88 pts)<br \/> 10. S. Nakano (69 pts)<\/p>\n<p> Classement constructeur MotoGP<br \/> 1. <a href=\"http:\/\/www.leblogmoto.com\/yamaha\/index.html\">Yamaha<\/a> (295 pts)<br \/> 2. <a href=\"http:\/\/www.leblogmoto.com\/honda\/index.html\">Honda<\/a> (251 pts)<br \/> 3. <a href=\"http:\/\/www.leblogmoto.com\/ducati\/index.html\">Ducati<\/a> (152 pts)<br \/> 4. <a href=\"http:\/\/www.leblogmoto.com\/kawasaki\/index.html\">Kawasaki<\/a> (97 pts)<br \/> 5. <a href=\"http:\/\/www.leblogmoto.com\/suzuki\/index.html\">Suzuki<\/a> (85 pts)<\/p>\n","protected":false},"excerpt":{"rendered":"<p>Valentino Rossi vient d\u2019\u00eatre couronner champion du monde en MotoGP pour la 5\u00e8me fois cons\u00e9cutive lors du grand prix de Sepang en Malaisie, soit 4 courses avant le fin du championnat. La course a \u00e9t\u00e9 tr\u00e8s anim\u00e9e notamment pour la premi\u00e8re place entre Rossi et Capirossi, mais c\u2019est finalement ce dernier qui s\u2019impose brillement de [&hellip;]<\/p>\n","protected":false},"author":338,"featured_media":0,"comment_status":"open","ping_status":"open","sticky":false,"template":"","format":"standard","meta":{"footnotes":""},"categories":[22],"tags":[],"class_list":["post-2408","post","type-post","status-publish","format-standard","hentry","category-motogp"],"yoast_head":"<!-- This site is optimized with the Yoast SEO plugin v26.0 - https:\/\/yoast.com\/wordpress\/plugins\/seo\/ -->\n<title>MotoGP : Valentino Rossi sacr\u00e9 \u00e0 Sepang - leblogmoto.com<\/title>\n<meta name=\"robots\" content=\"index, follow, max-snippet:-1, max-image-preview:large, max-video-preview:-1\" \/>\n<link rel=\"canonical\" href=\"https:\/\/blogs.thesocialmedia.com\/leblogmoto\/2005\/09\/26\/motogp-valentin\/\" \/>\n<meta name=\"twitter:card\" content=\"summary_large_image\" \/>\n<meta name=\"twitter:title\" content=\"MotoGP : Valentino Rossi sacr\u00e9 \u00e0 Sepang - leblogmoto.com\" \/>\n<meta name=\"twitter:description\" content=\"Valentino Rossi vient d\u2019\u00eatre couronner champion du monde en MotoGP pour la 5\u00e8me fois cons\u00e9cutive lors du grand prix de Sepang en Malaisie, soit 4 courses avant le fin du championnat. La course a \u00e9t\u00e9 tr\u00e8s anim\u00e9e notamment pour la premi\u00e8re place entre Rossi et Capirossi, mais c\u2019est finalement ce dernier qui s\u2019impose brillement de [&hellip;]\" \/>\n<meta name=\"twitter:image\" content=\"http:\/\/www.leblogmoto.com\/images\/sep1.jpg\" \/>\n<meta name=\"twitter:label1\" content=\"\u00c9crit par\" \/>\n\t<meta name=\"twitter:data1\" content=\"vincent vaillant\" \/>\n\t<meta name=\"twitter:label2\" content=\"Dur\u00e9e de lecture estim\u00e9e\" \/>\n\t<meta name=\"twitter:data2\" content=\"5 minutes\" \/>\n<script type=\"application\/ld+json\" class=\"yoast-schema-graph\">{\"@context\":\"https:\/\/schema.org\",\"@graph\":[{\"@type\":\"WebPage\",\"@id\":\"https:\/\/blogs.thesocialmedia.com\/leblogmoto\/2005\/09\/26\/motogp-valentin\/\",\"url\":\"https:\/\/blogs.thesocialmedia.com\/leblogmoto\/2005\/09\/26\/motogp-valentin\/\",\"name\":\"MotoGP : Valentino Rossi sacr\u00e9 \u00e0 Sepang - leblogmoto.com\",\"isPartOf\":{\"@id\":\"https:\/\/blogs.thesocialmedia.com\/leblogmoto\/#website\"},\"primaryImageOfPage\":{\"@id\":\"https:\/\/blogs.thesocialmedia.com\/leblogmoto\/2005\/09\/26\/motogp-valentin\/#primaryimage\"},\"image\":{\"@id\":\"https:\/\/blogs.thesocialmedia.com\/leblogmoto\/2005\/09\/26\/motogp-valentin\/#primaryimage\"},\"thumbnailUrl\":\"http:\/\/www.leblogmoto.com\/images\/sep1.jpg\",\"datePublished\":\"2005-09-26T21:09:27+00:00\",\"dateModified\":\"2012-07-11T13:44:44+00:00\",\"author\":{\"@id\":\"https:\/\/blogs.thesocialmedia.com\/leblogmoto\/#\/schema\/person\/80d2a078dbdb8b60abbd76bae6011f19\"},\"breadcrumb\":{\"@id\":\"https:\/\/blogs.thesocialmedia.com\/leblogmoto\/2005\/09\/26\/motogp-valentin\/#breadcrumb\"},\"inLanguage\":\"fr-FR\",\"potentialAction\":[{\"@type\":\"ReadAction\",\"target\":[\"https:\/\/blogs.thesocialmedia.com\/leblogmoto\/2005\/09\/26\/motogp-valentin\/\"]}]},{\"@type\":\"ImageObject\",\"inLanguage\":\"fr-FR\",\"@id\":\"https:\/\/blogs.thesocialmedia.com\/leblogmoto\/2005\/09\/26\/motogp-valentin\/#primaryimage\",\"url\":\"http:\/\/www.leblogmoto.com\/images\/sep1.jpg\",\"contentUrl\":\"http:\/\/www.leblogmoto.com\/images\/sep1.jpg\"},{\"@type\":\"BreadcrumbList\",\"@id\":\"https:\/\/blogs.thesocialmedia.com\/leblogmoto\/2005\/09\/26\/motogp-valentin\/#breadcrumb\",\"itemListElement\":[{\"@type\":\"ListItem\",\"position\":1,\"name\":\"Accueil\",\"item\":\"https:\/\/blogs.thesocialmedia.com\/leblogmoto\/\"},{\"@type\":\"ListItem\",\"position\":2,\"name\":\"MotoGP : Valentino Rossi sacr\u00e9 \u00e0 Sepang\"}]},{\"@type\":\"WebSite\",\"@id\":\"https:\/\/blogs.thesocialmedia.com\/leblogmoto\/#website\",\"url\":\"https:\/\/blogs.thesocialmedia.com\/leblogmoto\/\",\"name\":\"leblogmoto\",\"description\":\"Toute l&#039;actualit\u00e9 des 2 roues\",\"potentialAction\":[{\"@type\":\"SearchAction\",\"target\":{\"@type\":\"EntryPoint\",\"urlTemplate\":\"https:\/\/blogs.thesocialmedia.com\/leblogmoto\/?s={search_term_string}\"},\"query-input\":{\"@type\":\"PropertyValueSpecification\",\"valueRequired\":true,\"valueName\":\"search_term_string\"}}],\"inLanguage\":\"fr-FR\"},{\"@type\":\"Person\",\"@id\":\"https:\/\/blogs.thesocialmedia.com\/leblogmoto\/#\/schema\/person\/80d2a078dbdb8b60abbd76bae6011f19\",\"name\":\"vincent vaillant\",\"image\":{\"@type\":\"ImageObject\",\"inLanguage\":\"fr-FR\",\"@id\":\"https:\/\/blogs.thesocialmedia.com\/leblogmoto\/#\/schema\/person\/image\/\",\"url\":\"https:\/\/secure.gravatar.com\/avatar\/?s=96&d=mm&r=g\",\"contentUrl\":\"https:\/\/secure.gravatar.com\/avatar\/?s=96&d=mm&r=g\",\"caption\":\"vincent vaillant\"},\"url\":\"https:\/\/blogs.thesocialmedia.com\/leblogmoto\/author\/vincent-vaillant\/\"}]}<\/script>\n<!-- \/ Yoast SEO plugin. -->","yoast_head_json":{"title":"MotoGP : Valentino Rossi sacr\u00e9 \u00e0 Sepang - leblogmoto.com","robots":{"index":"index","follow":"follow","max-snippet":"max-snippet:-1","max-image-preview":"max-image-preview:large","max-video-preview":"max-video-preview:-1"},"canonical":"https:\/\/blogs.thesocialmedia.com\/leblogmoto\/2005\/09\/26\/motogp-valentin\/","twitter_card":"summary_large_image","twitter_title":"MotoGP : Valentino Rossi sacr\u00e9 \u00e0 Sepang - leblogmoto.com","twitter_description":"Valentino Rossi vient d\u2019\u00eatre couronner champion du monde en MotoGP pour la 5\u00e8me fois cons\u00e9cutive lors du grand prix de Sepang en Malaisie, soit 4 courses avant le fin du championnat. La course a \u00e9t\u00e9 tr\u00e8s anim\u00e9e notamment pour la premi\u00e8re place entre Rossi et Capirossi, mais c\u2019est finalement ce dernier qui s\u2019impose brillement de [&hellip;]","twitter_image":"http:\/\/www.leblogmoto.com\/images\/sep1.jpg","twitter_misc":{"\u00c9crit par":"vincent vaillant","Dur\u00e9e de lecture estim\u00e9e":"5 minutes"},"schema":{"@context":"https:\/\/schema.org","@graph":[{"@type":"WebPage","@id":"https:\/\/blogs.thesocialmedia.com\/leblogmoto\/2005\/09\/26\/motogp-valentin\/","url":"https:\/\/blogs.thesocialmedia.com\/leblogmoto\/2005\/09\/26\/motogp-valentin\/","name":"MotoGP : Valentino Rossi sacr\u00e9 \u00e0 Sepang - leblogmoto.com","isPartOf":{"@id":"https:\/\/blogs.thesocialmedia.com\/leblogmoto\/#website"},"primaryImageOfPage":{"@id":"https:\/\/blogs.thesocialmedia.com\/leblogmoto\/2005\/09\/26\/motogp-valentin\/#primaryimage"},"image":{"@id":"https:\/\/blogs.thesocialmedia.com\/leblogmoto\/2005\/09\/26\/motogp-valentin\/#primaryimage"},"thumbnailUrl":"http:\/\/www.leblogmoto.com\/images\/sep1.jpg","datePublished":"2005-09-26T21:09:27+00:00","dateModified":"2012-07-11T13:44:44+00:00","author":{"@id":"https:\/\/blogs.thesocialmedia.com\/leblogmoto\/#\/schema\/person\/80d2a078dbdb8b60abbd76bae6011f19"},"breadcrumb":{"@id":"https:\/\/blogs.thesocialmedia.com\/leblogmoto\/2005\/09\/26\/motogp-valentin\/#breadcrumb"},"inLanguage":"fr-FR","potentialAction":[{"@type":"ReadAction","target":["https:\/\/blogs.thesocialmedia.com\/leblogmoto\/2005\/09\/26\/motogp-valentin\/"]}]},{"@type":"ImageObject","inLanguage":"fr-FR","@id":"https:\/\/blogs.thesocialmedia.com\/leblogmoto\/2005\/09\/26\/motogp-valentin\/#primaryimage","url":"http:\/\/www.leblogmoto.com\/images\/sep1.jpg","contentUrl":"http:\/\/www.leblogmoto.com\/images\/sep1.jpg"},{"@type":"BreadcrumbList","@id":"https:\/\/blogs.thesocialmedia.com\/leblogmoto\/2005\/09\/26\/motogp-valentin\/#breadcrumb","itemListElement":[{"@type":"ListItem","position":1,"name":"Accueil","item":"https:\/\/blogs.thesocialmedia.com\/leblogmoto\/"},{"@type":"ListItem","position":2,"name":"MotoGP : Valentino Rossi sacr\u00e9 \u00e0 Sepang"}]},{"@type":"WebSite","@id":"https:\/\/blogs.thesocialmedia.com\/leblogmoto\/#website","url":"https:\/\/blogs.thesocialmedia.com\/leblogmoto\/","name":"leblogmoto","description":"Toute l&#039;actualit\u00e9 des 2 roues","potentialAction":[{"@type":"SearchAction","target":{"@type":"EntryPoint","urlTemplate":"https:\/\/blogs.thesocialmedia.com\/leblogmoto\/?s={search_term_string}"},"query-input":{"@type":"PropertyValueSpecification","valueRequired":true,"valueName":"search_term_string"}}],"inLanguage":"fr-FR"},{"@type":"Person","@id":"https:\/\/blogs.thesocialmedia.com\/leblogmoto\/#\/schema\/person\/80d2a078dbdb8b60abbd76bae6011f19","name":"vincent vaillant","image":{"@type":"ImageObject","inLanguage":"fr-FR","@id":"https:\/\/blogs.thesocialmedia.com\/leblogmoto\/#\/schema\/person\/image\/","url":"https:\/\/secure.gravatar.com\/avatar\/?s=96&d=mm&r=g","contentUrl":"https:\/\/secure.gravatar.com\/avatar\/?s=96&d=mm&r=g","caption":"vincent vaillant"},"url":"https:\/\/blogs.thesocialmedia.com\/leblogmoto\/author\/vincent-vaillant\/"}]}},"_links":{"self":[{"href":"https:\/\/blogs.thesocialmedia.com\/leblogmoto\/wp-json\/wp\/v2\/posts\/2408","targetHints":{"allow":["GET"]}}],"collection":[{"href":"https:\/\/blogs.thesocialmedia.com\/leblogmoto\/wp-json\/wp\/v2\/posts"}],"about":[{"href":"https:\/\/blogs.thesocialmedia.com\/leblogmoto\/wp-json\/wp\/v2\/types\/post"}],"author":[{"embeddable":true,"href":"https:\/\/blogs.thesocialmedia.com\/leblogmoto\/wp-json\/wp\/v2\/users\/338"}],"replies":[{"embeddable":true,"href":"https:\/\/blogs.thesocialmedia.com\/leblogmoto\/wp-json\/wp\/v2\/comments?post=2408"}],"version-history":[{"count":2,"href":"https:\/\/blogs.thesocialmedia.com\/leblogmoto\/wp-json\/wp\/v2\/posts\/2408\/revisions"}],"predecessor-version":[{"id":5798,"href":"https:\/\/blogs.thesocialmedia.com\/leblogmoto\/wp-json\/wp\/v2\/posts\/2408\/revisions\/5798"}],"wp:attachment":[{"href":"https:\/\/blogs.thesocialmedia.com\/leblogmoto\/wp-json\/wp\/v2\/media?parent=2408"}],"wp:term":[{"taxonomy":"category","embeddable":true,"href":"https:\/\/blogs.thesocialmedia.com\/leblogmoto\/wp-json\/wp\/v2\/categories?post=2408"},{"taxonomy":"post_tag","embeddable":true,"href":"https:\/\/blogs.thesocialmedia.com\/leblogmoto\/wp-json\/wp\/v2\/tags?post=2408"}],"curies":[{"name":"wp","href":"https:\/\/api.w.org\/{rel}","templated":true}]}}