{"id":2409,"date":"2005-09-24T11:41:51","date_gmt":"2005-09-24T11:41:51","guid":{"rendered":"http:\/\/blogs.thesocialmedia.com\/leblogmoto\/2005\/09\/24\/le-bol-dor-2005-2\/"},"modified":"2012-07-11T13:44:35","modified_gmt":"2012-07-11T13:44:35","slug":"le-bol-dor-2005-2","status":"publish","type":"post","link":"https:\/\/blogs.thesocialmedia.com\/leblogmoto\/2005\/09\/24\/le-bol-dor-2005-2\/","title":{"rendered":"Le Bol d\u2019Or 2005 &#8211; Acte 3"},"content":{"rendered":"<p><a href=\"http:\/\/blogs.thesocialmedia.com\/leblogmoto\/files\/2012\/07\/morillon.jpg\"><img decoding=\"async\"  src=\"http:\/\/www.leblogmoto.com\/images\/morillon.jpg\" alt=\"Morillon\" style=\"margin: 0px 5px 5px 0px;float: left;width: 214px;height: 271px\" \/><\/a>[<u>article modifi\u00e9 suite \u00e0 l&rsquo;entretien t\u00e9l\u00e9phonique avec David Morillon<\/u>]<br \/>Depuis le temps que je cherchais <a href=\"http:\/\/kalisto95.free.fr\/_videos\/bol_dor_05_crash.mpg\">la vid\u00e9o de la chute de David Morillon<\/a> lors du <a href=\"http:\/\/www.leblogmoto.com\/2005\/09\/le_bol_dor_2005_1.html\">Bol d\u2019Or 2005<\/a>. Il a fait la une de tous les m\u00e9dias, leblogmoto se devait d\u2019en parler \u00e9galement, voici donc la vid\u00e9o de la gamelle d\u2019anthologie du pilote fran\u00e7ais de la Kawasaki N\u00b08. Apr\u00e8s avoir boucl\u00e9 le premier tour en t\u00eate, David Morillon s\u2019est alors dress\u00e9 sur sa moto pour voir entre ses jambes ce qui l&rsquo;a fait chuter dans la ligne droite des stands aux yeux de tous, la moto trop ab\u00eem\u00e9e s\u2019est retir\u00e9e de la course deux heures plus tard. Je suis certain que le pilote a connu l\u00e0 le plus grand moment de solitude de tous les temps et qu\u2019il ne recommencera plus. <br \/>Vous me direz qu\u2019il est facile de se moquer, c\u2019est vrai, mais gageons que cela servira peut \u00eatre d\u2019exemple \u00e0 certains motards\/scooters en herbe qui s\u2019autorisent des figures dangereuses sur routes ouvertes\u2026 une chute peut arriver m\u00eame aux meilleurs, alors attention !<\/p>\n","protected":false},"excerpt":{"rendered":"<p>[article modifi\u00e9 suite \u00e0 l&rsquo;entretien t\u00e9l\u00e9phonique avec David Morillon]Depuis le temps que je cherchais la vid\u00e9o de la chute de David Morillon lors du Bol d\u2019Or 2005. Il a fait la une de tous les m\u00e9dias, leblogmoto se devait d\u2019en parler \u00e9galement, voici donc la vid\u00e9o de la gamelle d\u2019anthologie du pilote fran\u00e7ais de la [&hellip;]<\/p>\n","protected":false},"author":338,"featured_media":0,"comment_status":"open","ping_status":"open","sticky":false,"template":"","format":"standard","meta":{"footnotes":""},"categories":[32],"tags":[],"class_list":["post-2409","post","type-post","status-publish","format-standard","hentry","category-sport-moto"],"yoast_head":"<!-- This site is optimized with the Yoast SEO plugin v26.0 - https:\/\/yoast.com\/wordpress\/plugins\/seo\/ -->\n<title>Le Bol d\u2019Or 2005 - Acte 3 - leblogmoto.com<\/title>\n<meta name=\"robots\" content=\"index, follow, max-snippet:-1, max-image-preview:large, max-video-preview:-1\" \/>\n<link rel=\"canonical\" href=\"https:\/\/blogs.thesocialmedia.com\/leblogmoto\/2005\/09\/24\/le-bol-dor-2005-2\/\" \/>\n<meta name=\"twitter:card\" content=\"summary_large_image\" \/>\n<meta name=\"twitter:title\" content=\"Le Bol d\u2019Or 2005 - Acte 3 - leblogmoto.com\" \/>\n<meta name=\"twitter:description\" content=\"[article modifi\u00e9 suite \u00e0 l&rsquo;entretien t\u00e9l\u00e9phonique avec David Morillon]Depuis le temps que je cherchais la vid\u00e9o de la chute de David Morillon lors du Bol d\u2019Or 2005. Il a fait la une de tous les m\u00e9dias, leblogmoto se devait d\u2019en parler \u00e9galement, voici donc la vid\u00e9o de la gamelle d\u2019anthologie du pilote fran\u00e7ais de la [&hellip;]\" \/>\n<meta name=\"twitter:image\" content=\"http:\/\/www.leblogmoto.com\/images\/morillon.jpg\" \/>\n<meta name=\"twitter:label1\" content=\"\u00c9crit par\" \/>\n\t<meta name=\"twitter:data1\" content=\"vincent vaillant\" \/>\n\t<meta name=\"twitter:label2\" content=\"Dur\u00e9e de lecture estim\u00e9e\" \/>\n\t<meta name=\"twitter:data2\" content=\"1 minute\" \/>\n<script type=\"application\/ld+json\" class=\"yoast-schema-graph\">{\"@context\":\"https:\/\/schema.org\",\"@graph\":[{\"@type\":\"WebPage\",\"@id\":\"https:\/\/blogs.thesocialmedia.com\/leblogmoto\/2005\/09\/24\/le-bol-dor-2005-2\/\",\"url\":\"https:\/\/blogs.thesocialmedia.com\/leblogmoto\/2005\/09\/24\/le-bol-dor-2005-2\/\",\"name\":\"Le Bol d\u2019Or 2005 - Acte 3 - leblogmoto.com\",\"isPartOf\":{\"@id\":\"https:\/\/blogs.thesocialmedia.com\/leblogmoto\/#website\"},\"primaryImageOfPage\":{\"@id\":\"https:\/\/blogs.thesocialmedia.com\/leblogmoto\/2005\/09\/24\/le-bol-dor-2005-2\/#primaryimage\"},\"image\":{\"@id\":\"https:\/\/blogs.thesocialmedia.com\/leblogmoto\/2005\/09\/24\/le-bol-dor-2005-2\/#primaryimage\"},\"thumbnailUrl\":\"http:\/\/www.leblogmoto.com\/images\/morillon.jpg\",\"datePublished\":\"2005-09-24T11:41:51+00:00\",\"dateModified\":\"2012-07-11T13:44:35+00:00\",\"author\":{\"@id\":\"https:\/\/blogs.thesocialmedia.com\/leblogmoto\/#\/schema\/person\/80d2a078dbdb8b60abbd76bae6011f19\"},\"breadcrumb\":{\"@id\":\"https:\/\/blogs.thesocialmedia.com\/leblogmoto\/2005\/09\/24\/le-bol-dor-2005-2\/#breadcrumb\"},\"inLanguage\":\"fr-FR\",\"potentialAction\":[{\"@type\":\"ReadAction\",\"target\":[\"https:\/\/blogs.thesocialmedia.com\/leblogmoto\/2005\/09\/24\/le-bol-dor-2005-2\/\"]}]},{\"@type\":\"ImageObject\",\"inLanguage\":\"fr-FR\",\"@id\":\"https:\/\/blogs.thesocialmedia.com\/leblogmoto\/2005\/09\/24\/le-bol-dor-2005-2\/#primaryimage\",\"url\":\"http:\/\/www.leblogmoto.com\/images\/morillon.jpg\",\"contentUrl\":\"http:\/\/www.leblogmoto.com\/images\/morillon.jpg\"},{\"@type\":\"BreadcrumbList\",\"@id\":\"https:\/\/blogs.thesocialmedia.com\/leblogmoto\/2005\/09\/24\/le-bol-dor-2005-2\/#breadcrumb\",\"itemListElement\":[{\"@type\":\"ListItem\",\"position\":1,\"name\":\"Accueil\",\"item\":\"https:\/\/blogs.thesocialmedia.com\/leblogmoto\/\"},{\"@type\":\"ListItem\",\"position\":2,\"name\":\"Le Bol d\u2019Or 2005 &#8211; Acte 3\"}]},{\"@type\":\"WebSite\",\"@id\":\"https:\/\/blogs.thesocialmedia.com\/leblogmoto\/#website\",\"url\":\"https:\/\/blogs.thesocialmedia.com\/leblogmoto\/\",\"name\":\"leblogmoto\",\"description\":\"Toute l&#039;actualit\u00e9 des 2 roues\",\"potentialAction\":[{\"@type\":\"SearchAction\",\"target\":{\"@type\":\"EntryPoint\",\"urlTemplate\":\"https:\/\/blogs.thesocialmedia.com\/leblogmoto\/?s={search_term_string}\"},\"query-input\":{\"@type\":\"PropertyValueSpecification\",\"valueRequired\":true,\"valueName\":\"search_term_string\"}}],\"inLanguage\":\"fr-FR\"},{\"@type\":\"Person\",\"@id\":\"https:\/\/blogs.thesocialmedia.com\/leblogmoto\/#\/schema\/person\/80d2a078dbdb8b60abbd76bae6011f19\",\"name\":\"vincent vaillant\",\"image\":{\"@type\":\"ImageObject\",\"inLanguage\":\"fr-FR\",\"@id\":\"https:\/\/blogs.thesocialmedia.com\/leblogmoto\/#\/schema\/person\/image\/\",\"url\":\"https:\/\/secure.gravatar.com\/avatar\/?s=96&d=mm&r=g\",\"contentUrl\":\"https:\/\/secure.gravatar.com\/avatar\/?s=96&d=mm&r=g\",\"caption\":\"vincent vaillant\"},\"url\":\"https:\/\/blogs.thesocialmedia.com\/leblogmoto\/author\/vincent-vaillant\/\"}]}<\/script>\n<!-- \/ Yoast SEO plugin. -->","yoast_head_json":{"title":"Le Bol d\u2019Or 2005 - Acte 3 - leblogmoto.com","robots":{"index":"index","follow":"follow","max-snippet":"max-snippet:-1","max-image-preview":"max-image-preview:large","max-video-preview":"max-video-preview:-1"},"canonical":"https:\/\/blogs.thesocialmedia.com\/leblogmoto\/2005\/09\/24\/le-bol-dor-2005-2\/","twitter_card":"summary_large_image","twitter_title":"Le Bol d\u2019Or 2005 - Acte 3 - leblogmoto.com","twitter_description":"[article modifi\u00e9 suite \u00e0 l&rsquo;entretien t\u00e9l\u00e9phonique avec David Morillon]Depuis le temps que je cherchais la vid\u00e9o de la chute de David Morillon lors du Bol d\u2019Or 2005. Il a fait la une de tous les m\u00e9dias, leblogmoto se devait d\u2019en parler \u00e9galement, voici donc la vid\u00e9o de la gamelle d\u2019anthologie du pilote fran\u00e7ais de la [&hellip;]","twitter_image":"http:\/\/www.leblogmoto.com\/images\/morillon.jpg","twitter_misc":{"\u00c9crit par":"vincent vaillant","Dur\u00e9e de lecture estim\u00e9e":"1 minute"},"schema":{"@context":"https:\/\/schema.org","@graph":[{"@type":"WebPage","@id":"https:\/\/blogs.thesocialmedia.com\/leblogmoto\/2005\/09\/24\/le-bol-dor-2005-2\/","url":"https:\/\/blogs.thesocialmedia.com\/leblogmoto\/2005\/09\/24\/le-bol-dor-2005-2\/","name":"Le Bol d\u2019Or 2005 - Acte 3 - leblogmoto.com","isPartOf":{"@id":"https:\/\/blogs.thesocialmedia.com\/leblogmoto\/#website"},"primaryImageOfPage":{"@id":"https:\/\/blogs.thesocialmedia.com\/leblogmoto\/2005\/09\/24\/le-bol-dor-2005-2\/#primaryimage"},"image":{"@id":"https:\/\/blogs.thesocialmedia.com\/leblogmoto\/2005\/09\/24\/le-bol-dor-2005-2\/#primaryimage"},"thumbnailUrl":"http:\/\/www.leblogmoto.com\/images\/morillon.jpg","datePublished":"2005-09-24T11:41:51+00:00","dateModified":"2012-07-11T13:44:35+00:00","author":{"@id":"https:\/\/blogs.thesocialmedia.com\/leblogmoto\/#\/schema\/person\/80d2a078dbdb8b60abbd76bae6011f19"},"breadcrumb":{"@id":"https:\/\/blogs.thesocialmedia.com\/leblogmoto\/2005\/09\/24\/le-bol-dor-2005-2\/#breadcrumb"},"inLanguage":"fr-FR","potentialAction":[{"@type":"ReadAction","target":["https:\/\/blogs.thesocialmedia.com\/leblogmoto\/2005\/09\/24\/le-bol-dor-2005-2\/"]}]},{"@type":"ImageObject","inLanguage":"fr-FR","@id":"https:\/\/blogs.thesocialmedia.com\/leblogmoto\/2005\/09\/24\/le-bol-dor-2005-2\/#primaryimage","url":"http:\/\/www.leblogmoto.com\/images\/morillon.jpg","contentUrl":"http:\/\/www.leblogmoto.com\/images\/morillon.jpg"},{"@type":"BreadcrumbList","@id":"https:\/\/blogs.thesocialmedia.com\/leblogmoto\/2005\/09\/24\/le-bol-dor-2005-2\/#breadcrumb","itemListElement":[{"@type":"ListItem","position":1,"name":"Accueil","item":"https:\/\/blogs.thesocialmedia.com\/leblogmoto\/"},{"@type":"ListItem","position":2,"name":"Le Bol d\u2019Or 2005 &#8211; Acte 3"}]},{"@type":"WebSite","@id":"https:\/\/blogs.thesocialmedia.com\/leblogmoto\/#website","url":"https:\/\/blogs.thesocialmedia.com\/leblogmoto\/","name":"leblogmoto","description":"Toute l&#039;actualit\u00e9 des 2 roues","potentialAction":[{"@type":"SearchAction","target":{"@type":"EntryPoint","urlTemplate":"https:\/\/blogs.thesocialmedia.com\/leblogmoto\/?s={search_term_string}"},"query-input":{"@type":"PropertyValueSpecification","valueRequired":true,"valueName":"search_term_string"}}],"inLanguage":"fr-FR"},{"@type":"Person","@id":"https:\/\/blogs.thesocialmedia.com\/leblogmoto\/#\/schema\/person\/80d2a078dbdb8b60abbd76bae6011f19","name":"vincent vaillant","image":{"@type":"ImageObject","inLanguage":"fr-FR","@id":"https:\/\/blogs.thesocialmedia.com\/leblogmoto\/#\/schema\/person\/image\/","url":"https:\/\/secure.gravatar.com\/avatar\/?s=96&d=mm&r=g","contentUrl":"https:\/\/secure.gravatar.com\/avatar\/?s=96&d=mm&r=g","caption":"vincent vaillant"},"url":"https:\/\/blogs.thesocialmedia.com\/leblogmoto\/author\/vincent-vaillant\/"}]}},"_links":{"self":[{"href":"https:\/\/blogs.thesocialmedia.com\/leblogmoto\/wp-json\/wp\/v2\/posts\/2409","targetHints":{"allow":["GET"]}}],"collection":[{"href":"https:\/\/blogs.thesocialmedia.com\/leblogmoto\/wp-json\/wp\/v2\/posts"}],"about":[{"href":"https:\/\/blogs.thesocialmedia.com\/leblogmoto\/wp-json\/wp\/v2\/types\/post"}],"author":[{"embeddable":true,"href":"https:\/\/blogs.thesocialmedia.com\/leblogmoto\/wp-json\/wp\/v2\/users\/338"}],"replies":[{"embeddable":true,"href":"https:\/\/blogs.thesocialmedia.com\/leblogmoto\/wp-json\/wp\/v2\/comments?post=2409"}],"version-history":[{"count":2,"href":"https:\/\/blogs.thesocialmedia.com\/leblogmoto\/wp-json\/wp\/v2\/posts\/2409\/revisions"}],"predecessor-version":[{"id":5793,"href":"https:\/\/blogs.thesocialmedia.com\/leblogmoto\/wp-json\/wp\/v2\/posts\/2409\/revisions\/5793"}],"wp:attachment":[{"href":"https:\/\/blogs.thesocialmedia.com\/leblogmoto\/wp-json\/wp\/v2\/media?parent=2409"}],"wp:term":[{"taxonomy":"category","embeddable":true,"href":"https:\/\/blogs.thesocialmedia.com\/leblogmoto\/wp-json\/wp\/v2\/categories?post=2409"},{"taxonomy":"post_tag","embeddable":true,"href":"https:\/\/blogs.thesocialmedia.com\/leblogmoto\/wp-json\/wp\/v2\/tags?post=2409"}],"curies":[{"name":"wp","href":"https:\/\/api.w.org\/{rel}","templated":true}]}}