{"id":241,"date":"2009-03-05T18:27:02","date_gmt":"2009-03-05T18:27:02","guid":{"rendered":"http:\/\/blogs.thesocialmedia.com\/leblogmoto\/2009\/03\/05\/motoneige-fondu\/"},"modified":"2012-07-11T13:23:08","modified_gmt":"2012-07-11T13:23:08","slug":"motoneige-fondu","status":"publish","type":"post","link":"https:\/\/blogs.thesocialmedia.com\/leblogmoto\/2009\/03\/05\/motoneige-fondu\/","title":{"rendered":"Motoneige fondue."},"content":{"rendered":"<p><object height=\"344\" width=\"425\"><embed height=\"344\" width=\"425\" src=\"http:\/\/www.youtube.com\/v\/zaGXKKsxw-Y&amp;hl=fr&amp;fs=1\" type=\"application\/x-shockwave-flash\"><\/embed><\/object><\/p>\n<p><object height=\"344\" width=\"425\"><embed height=\"344\" width=\"425\" src=\"http:\/\/www.youtube.com\/v\/AApGZECbHwU&amp;hl=fr&amp;fs=1\" type=\"application\/x-shockwave-flash\"><\/embed><\/object><\/p>\n<p>C&rsquo;est bient\u00f4t l&rsquo;arriv\u00e9e du printemps, et avec lui le retour d&rsquo;un environnement moins dangereux, pour nos deux-roues notamment. Il reste que certains amateurs de motos, les motoneiges en particulier, doivent remiser leur bonheur au guidon sous nos latitudes. Pas tous. Ce propri\u00e9taire am\u00e9ricain de Polaris, utilise son <em>skidoo<\/em> fa\u00e7on jetski sur le lac Okoboji dans l&rsquo;Iowa. En esp\u00e9rant qu&rsquo;il ait pr\u00e9vu une autonomie suffisante pour sa monture, aucune envie de mettre en ligne une vid\u00e9o d&rsquo;une snowmobile utilis\u00e9e&#8230; en sous-marin cette fois. J&rsquo;ai parl\u00e9 trop vite, quelqu&rsquo;un s&rsquo;est <a href=\"http:\/\/www.youtube.com\/watch?v=rQa-EDu0Tro&amp;NR=1\">d\u00e9j\u00e0 retrouv\u00e9<\/a> fanny. Pour l&rsquo;anecdote entourant cette premi\u00e8re vid\u00e9o, la personne qui a upload\u00e9 ce joyeux moment dit avoir travaill\u00e9 pour une radio locale de l&rsquo;\u00e9tat pr\u00e9cit\u00e9. Et c&rsquo;est un de ses auditeurs qui lui a apport\u00e9 ce morceau de bravoure, qu&rsquo;il r\u00e9alise sur une musique des Pixies. Allez, juste par p\u00each\u00e9 de gourmandise, une seconde fourn\u00e9e avec une s\u00e9quence encore plus spectaculaire, film\u00e9e d&rsquo;un h\u00e9lico cette fois.<\/p>\n<p><em>Source: vid\u00e9os d\u00e9nich\u00e9es et compil\u00e9es par nos soins.<\/em><\/p>\n","protected":false},"excerpt":{"rendered":"<p>C&rsquo;est bient\u00f4t l&rsquo;arriv\u00e9e du printemps, et avec lui le retour d&rsquo;un environnement moins dangereux, pour nos deux-roues notamment. Il reste que certains amateurs de motos, les motoneiges en particulier, doivent remiser leur bonheur au guidon sous nos latitudes. Pas tous. Ce propri\u00e9taire am\u00e9ricain de Polaris, utilise son skidoo fa\u00e7on jetski sur le lac Okoboji dans [&hellip;]<\/p>\n","protected":false},"author":324,"featured_media":0,"comment_status":"open","ping_status":"open","sticky":false,"template":"","format":"standard","meta":{"footnotes":""},"categories":[17,58,12],"tags":[],"class_list":["post-241","post","type-post","status-publish","format-standard","hentry","category-divers","category-insolite","category-videos"],"yoast_head":"<!-- This site is optimized with the Yoast SEO plugin v26.0 - https:\/\/yoast.com\/wordpress\/plugins\/seo\/ -->\n<title>Motoneige fondue. - leblogmoto.com<\/title>\n<meta name=\"robots\" content=\"index, follow, max-snippet:-1, max-image-preview:large, max-video-preview:-1\" \/>\n<link rel=\"canonical\" href=\"https:\/\/blogs.thesocialmedia.com\/leblogmoto\/2009\/03\/05\/motoneige-fondu\/\" \/>\n<meta name=\"twitter:card\" content=\"summary_large_image\" \/>\n<meta name=\"twitter:title\" content=\"Motoneige fondue. - leblogmoto.com\" \/>\n<meta name=\"twitter:description\" content=\"C&rsquo;est bient\u00f4t l&rsquo;arriv\u00e9e du printemps, et avec lui le retour d&rsquo;un environnement moins dangereux, pour nos deux-roues notamment. Il reste que certains amateurs de motos, les motoneiges en particulier, doivent remiser leur bonheur au guidon sous nos latitudes. Pas tous. Ce propri\u00e9taire am\u00e9ricain de Polaris, utilise son skidoo fa\u00e7on jetski sur le lac Okoboji dans [&hellip;]\" \/>\n<meta name=\"twitter:label1\" content=\"\u00c9crit par\" \/>\n\t<meta name=\"twitter:data1\" content=\"benoit rieu\" \/>\n\t<meta name=\"twitter:label2\" content=\"Dur\u00e9e de lecture estim\u00e9e\" \/>\n\t<meta name=\"twitter:data2\" content=\"1 minute\" \/>\n<script type=\"application\/ld+json\" class=\"yoast-schema-graph\">{\"@context\":\"https:\/\/schema.org\",\"@graph\":[{\"@type\":\"WebPage\",\"@id\":\"https:\/\/blogs.thesocialmedia.com\/leblogmoto\/2009\/03\/05\/motoneige-fondu\/\",\"url\":\"https:\/\/blogs.thesocialmedia.com\/leblogmoto\/2009\/03\/05\/motoneige-fondu\/\",\"name\":\"Motoneige fondue. - leblogmoto.com\",\"isPartOf\":{\"@id\":\"https:\/\/blogs.thesocialmedia.com\/leblogmoto\/#website\"},\"datePublished\":\"2009-03-05T18:27:02+00:00\",\"dateModified\":\"2012-07-11T13:23:08+00:00\",\"author\":{\"@id\":\"https:\/\/blogs.thesocialmedia.com\/leblogmoto\/#\/schema\/person\/18bfe773e5725ed6d24f743da805362a\"},\"breadcrumb\":{\"@id\":\"https:\/\/blogs.thesocialmedia.com\/leblogmoto\/2009\/03\/05\/motoneige-fondu\/#breadcrumb\"},\"inLanguage\":\"fr-FR\",\"potentialAction\":[{\"@type\":\"ReadAction\",\"target\":[\"https:\/\/blogs.thesocialmedia.com\/leblogmoto\/2009\/03\/05\/motoneige-fondu\/\"]}]},{\"@type\":\"BreadcrumbList\",\"@id\":\"https:\/\/blogs.thesocialmedia.com\/leblogmoto\/2009\/03\/05\/motoneige-fondu\/#breadcrumb\",\"itemListElement\":[{\"@type\":\"ListItem\",\"position\":1,\"name\":\"Accueil\",\"item\":\"https:\/\/blogs.thesocialmedia.com\/leblogmoto\/\"},{\"@type\":\"ListItem\",\"position\":2,\"name\":\"Motoneige fondue.\"}]},{\"@type\":\"WebSite\",\"@id\":\"https:\/\/blogs.thesocialmedia.com\/leblogmoto\/#website\",\"url\":\"https:\/\/blogs.thesocialmedia.com\/leblogmoto\/\",\"name\":\"leblogmoto\",\"description\":\"Toute l&#039;actualit\u00e9 des 2 roues\",\"potentialAction\":[{\"@type\":\"SearchAction\",\"target\":{\"@type\":\"EntryPoint\",\"urlTemplate\":\"https:\/\/blogs.thesocialmedia.com\/leblogmoto\/?s={search_term_string}\"},\"query-input\":{\"@type\":\"PropertyValueSpecification\",\"valueRequired\":true,\"valueName\":\"search_term_string\"}}],\"inLanguage\":\"fr-FR\"},{\"@type\":\"Person\",\"@id\":\"https:\/\/blogs.thesocialmedia.com\/leblogmoto\/#\/schema\/person\/18bfe773e5725ed6d24f743da805362a\",\"name\":\"benoit rieu\",\"image\":{\"@type\":\"ImageObject\",\"inLanguage\":\"fr-FR\",\"@id\":\"https:\/\/blogs.thesocialmedia.com\/leblogmoto\/#\/schema\/person\/image\/\",\"url\":\"https:\/\/secure.gravatar.com\/avatar\/?s=96&d=mm&r=g\",\"contentUrl\":\"https:\/\/secure.gravatar.com\/avatar\/?s=96&d=mm&r=g\",\"caption\":\"benoit rieu\"},\"url\":\"https:\/\/blogs.thesocialmedia.com\/leblogmoto\/author\/benoit-rieu\/\"}]}<\/script>\n<!-- \/ Yoast SEO plugin. -->","yoast_head_json":{"title":"Motoneige fondue. - leblogmoto.com","robots":{"index":"index","follow":"follow","max-snippet":"max-snippet:-1","max-image-preview":"max-image-preview:large","max-video-preview":"max-video-preview:-1"},"canonical":"https:\/\/blogs.thesocialmedia.com\/leblogmoto\/2009\/03\/05\/motoneige-fondu\/","twitter_card":"summary_large_image","twitter_title":"Motoneige fondue. - leblogmoto.com","twitter_description":"C&rsquo;est bient\u00f4t l&rsquo;arriv\u00e9e du printemps, et avec lui le retour d&rsquo;un environnement moins dangereux, pour nos deux-roues notamment. Il reste que certains amateurs de motos, les motoneiges en particulier, doivent remiser leur bonheur au guidon sous nos latitudes. Pas tous. Ce propri\u00e9taire am\u00e9ricain de Polaris, utilise son skidoo fa\u00e7on jetski sur le lac Okoboji dans [&hellip;]","twitter_misc":{"\u00c9crit par":"benoit rieu","Dur\u00e9e de lecture estim\u00e9e":"1 minute"},"schema":{"@context":"https:\/\/schema.org","@graph":[{"@type":"WebPage","@id":"https:\/\/blogs.thesocialmedia.com\/leblogmoto\/2009\/03\/05\/motoneige-fondu\/","url":"https:\/\/blogs.thesocialmedia.com\/leblogmoto\/2009\/03\/05\/motoneige-fondu\/","name":"Motoneige fondue. - leblogmoto.com","isPartOf":{"@id":"https:\/\/blogs.thesocialmedia.com\/leblogmoto\/#website"},"datePublished":"2009-03-05T18:27:02+00:00","dateModified":"2012-07-11T13:23:08+00:00","author":{"@id":"https:\/\/blogs.thesocialmedia.com\/leblogmoto\/#\/schema\/person\/18bfe773e5725ed6d24f743da805362a"},"breadcrumb":{"@id":"https:\/\/blogs.thesocialmedia.com\/leblogmoto\/2009\/03\/05\/motoneige-fondu\/#breadcrumb"},"inLanguage":"fr-FR","potentialAction":[{"@type":"ReadAction","target":["https:\/\/blogs.thesocialmedia.com\/leblogmoto\/2009\/03\/05\/motoneige-fondu\/"]}]},{"@type":"BreadcrumbList","@id":"https:\/\/blogs.thesocialmedia.com\/leblogmoto\/2009\/03\/05\/motoneige-fondu\/#breadcrumb","itemListElement":[{"@type":"ListItem","position":1,"name":"Accueil","item":"https:\/\/blogs.thesocialmedia.com\/leblogmoto\/"},{"@type":"ListItem","position":2,"name":"Motoneige fondue."}]},{"@type":"WebSite","@id":"https:\/\/blogs.thesocialmedia.com\/leblogmoto\/#website","url":"https:\/\/blogs.thesocialmedia.com\/leblogmoto\/","name":"leblogmoto","description":"Toute l&#039;actualit\u00e9 des 2 roues","potentialAction":[{"@type":"SearchAction","target":{"@type":"EntryPoint","urlTemplate":"https:\/\/blogs.thesocialmedia.com\/leblogmoto\/?s={search_term_string}"},"query-input":{"@type":"PropertyValueSpecification","valueRequired":true,"valueName":"search_term_string"}}],"inLanguage":"fr-FR"},{"@type":"Person","@id":"https:\/\/blogs.thesocialmedia.com\/leblogmoto\/#\/schema\/person\/18bfe773e5725ed6d24f743da805362a","name":"benoit rieu","image":{"@type":"ImageObject","inLanguage":"fr-FR","@id":"https:\/\/blogs.thesocialmedia.com\/leblogmoto\/#\/schema\/person\/image\/","url":"https:\/\/secure.gravatar.com\/avatar\/?s=96&d=mm&r=g","contentUrl":"https:\/\/secure.gravatar.com\/avatar\/?s=96&d=mm&r=g","caption":"benoit rieu"},"url":"https:\/\/blogs.thesocialmedia.com\/leblogmoto\/author\/benoit-rieu\/"}]}},"_links":{"self":[{"href":"https:\/\/blogs.thesocialmedia.com\/leblogmoto\/wp-json\/wp\/v2\/posts\/241","targetHints":{"allow":["GET"]}}],"collection":[{"href":"https:\/\/blogs.thesocialmedia.com\/leblogmoto\/wp-json\/wp\/v2\/posts"}],"about":[{"href":"https:\/\/blogs.thesocialmedia.com\/leblogmoto\/wp-json\/wp\/v2\/types\/post"}],"author":[{"embeddable":true,"href":"https:\/\/blogs.thesocialmedia.com\/leblogmoto\/wp-json\/wp\/v2\/users\/324"}],"replies":[{"embeddable":true,"href":"https:\/\/blogs.thesocialmedia.com\/leblogmoto\/wp-json\/wp\/v2\/comments?post=241"}],"version-history":[{"count":1,"href":"https:\/\/blogs.thesocialmedia.com\/leblogmoto\/wp-json\/wp\/v2\/posts\/241\/revisions"}],"predecessor-version":[{"id":5010,"href":"https:\/\/blogs.thesocialmedia.com\/leblogmoto\/wp-json\/wp\/v2\/posts\/241\/revisions\/5010"}],"wp:attachment":[{"href":"https:\/\/blogs.thesocialmedia.com\/leblogmoto\/wp-json\/wp\/v2\/media?parent=241"}],"wp:term":[{"taxonomy":"category","embeddable":true,"href":"https:\/\/blogs.thesocialmedia.com\/leblogmoto\/wp-json\/wp\/v2\/categories?post=241"},{"taxonomy":"post_tag","embeddable":true,"href":"https:\/\/blogs.thesocialmedia.com\/leblogmoto\/wp-json\/wp\/v2\/tags?post=241"}],"curies":[{"name":"wp","href":"https:\/\/api.w.org\/{rel}","templated":true}]}}