{"id":2410,"date":"2005-09-23T15:02:40","date_gmt":"2005-09-23T15:02:40","guid":{"rendered":"http:\/\/blogs.thesocialmedia.com\/leblogmoto\/2005\/09\/23\/le-dfi-23-termi\/"},"modified":"2012-07-11T13:44:34","modified_gmt":"2012-07-11T13:44:34","slug":"le-dfi-23-termi","status":"publish","type":"post","link":"https:\/\/blogs.thesocialmedia.com\/leblogmoto\/2005\/09\/23\/le-dfi-23-termi\/","title":{"rendered":"Le D\u00e9fi 23 termine 19e du Bol d&rsquo;Or 2005"},"content":{"rendered":"<p><a href=\"http:\/\/blogs.thesocialmedia.com\/leblogmoto\/files\/2012\/07\/defi_23.jpg\"><img loading=\"lazy\" decoding=\"async\" alt=\"Defi_23\" src=\"http:\/\/www.leblogmoto.com\/images\/defi_23.jpg\" width=\"470\" height=\"288\"  style=\"float: left;margin: 0px 5px 5px 0px\" \/><\/a><\/p>\n<p>L\u2019\u00e9curie creusoise \u201cD\u00e9fi 23\u201d associ\u00e9e au Team \u201cWarm-up\u201d a r\u00e9alis\u00e9 une honorable 19e place lors du <a href=\"http:\/\/www.leblogmoto.com\/2005\/09\/le_bol_dor_2005_1.html\">69e Bol d\u2019Or<\/a> qui s\u2019est d\u00e9roul\u00e9, le week-end dernier, sur le circuit de Nevers Magny-Cours.<br \/> Apr\u00e8s avoir chut\u00e9 lors des qualifications, la <a href=\"http:\/\/www.leblogmoto.com\/2005\/08\/suzuki_gsxr_100.html\">Suzuki GSX-R 1000<\/a>, pilot\u00e9e par Pascal Picaux, Patrick Richard et David Umbdenstock n\u2019a pu s\u2019\u00e9lancer que de la 31e position. Malheureusement la moto du Team D\u00e9fi 23 n\u2019a cess\u00e9 d\u2019avoir des probl\u00e8mes pendant la premi\u00e8re moiti\u00e9 de la course. D\u2019abord avec la cha\u00eene cass\u00e9e net en milieu de nuit et un arr\u00eat au stand qui leur a fait perdre 6 places alors alors que la moto occupait la 14e place. Vers 4 heures du matin, c\u2019est un probl\u00e8me de freins qui est venu handicaper la moto et le Team D\u00e9fi 2\u201d a de nouveau perdu 4 places.<br \/> Actuellement 7e au championnat d\u2019endurance, le D\u00e9fi 23 esp\u00e8re terminer dans les cinq premiers au classement final. D\u00e8s aujourd\u2019hui, les pilotes sont retourn\u00e9s sur leur circuit d\u2019entra\u00eenement situ\u00e9 au Vigean dans le Val de Vienne (86).<\/p>\n","protected":false},"excerpt":{"rendered":"<p>L\u2019\u00e9curie creusoise \u201cD\u00e9fi 23\u201d associ\u00e9e au Team \u201cWarm-up\u201d a r\u00e9alis\u00e9 une honorable 19e place lors du 69e Bol d\u2019Or qui s\u2019est d\u00e9roul\u00e9, le week-end dernier, sur le circuit de Nevers Magny-Cours. Apr\u00e8s avoir chut\u00e9 lors des qualifications, la Suzuki GSX-R 1000, pilot\u00e9e par Pascal Picaux, Patrick Richard et David Umbdenstock n\u2019a pu s\u2019\u00e9lancer que de [&hellip;]<\/p>\n","protected":false},"author":339,"featured_media":0,"comment_status":"open","ping_status":"open","sticky":false,"template":"","format":"standard","meta":{"footnotes":""},"categories":[32],"tags":[],"class_list":["post-2410","post","type-post","status-publish","format-standard","hentry","category-sport-moto"],"yoast_head":"<!-- This site is optimized with the Yoast SEO plugin v26.0 - https:\/\/yoast.com\/wordpress\/plugins\/seo\/ -->\n<title>Le D\u00e9fi 23 termine 19e du Bol d&#039;Or 2005 - leblogmoto.com<\/title>\n<meta name=\"robots\" content=\"index, follow, max-snippet:-1, max-image-preview:large, max-video-preview:-1\" \/>\n<link rel=\"canonical\" href=\"https:\/\/blogs.thesocialmedia.com\/leblogmoto\/2005\/09\/23\/le-dfi-23-termi\/\" \/>\n<meta name=\"twitter:card\" content=\"summary_large_image\" \/>\n<meta name=\"twitter:title\" content=\"Le D\u00e9fi 23 termine 19e du Bol d&#039;Or 2005 - leblogmoto.com\" \/>\n<meta name=\"twitter:description\" content=\"L\u2019\u00e9curie creusoise \u201cD\u00e9fi 23\u201d associ\u00e9e au Team \u201cWarm-up\u201d a r\u00e9alis\u00e9 une honorable 19e place lors du 69e Bol d\u2019Or qui s\u2019est d\u00e9roul\u00e9, le week-end dernier, sur le circuit de Nevers Magny-Cours. Apr\u00e8s avoir chut\u00e9 lors des qualifications, la Suzuki GSX-R 1000, pilot\u00e9e par Pascal Picaux, Patrick Richard et David Umbdenstock n\u2019a pu s\u2019\u00e9lancer que de [&hellip;]\" \/>\n<meta name=\"twitter:image\" content=\"http:\/\/www.leblogmoto.com\/images\/defi_23.jpg\" \/>\n<meta name=\"twitter:label1\" content=\"\u00c9crit par\" \/>\n\t<meta name=\"twitter:data1\" content=\"daniel bour\" \/>\n\t<meta name=\"twitter:label2\" content=\"Dur\u00e9e de lecture estim\u00e9e\" \/>\n\t<meta name=\"twitter:data2\" content=\"1 minute\" \/>\n<script type=\"application\/ld+json\" class=\"yoast-schema-graph\">{\"@context\":\"https:\/\/schema.org\",\"@graph\":[{\"@type\":\"WebPage\",\"@id\":\"https:\/\/blogs.thesocialmedia.com\/leblogmoto\/2005\/09\/23\/le-dfi-23-termi\/\",\"url\":\"https:\/\/blogs.thesocialmedia.com\/leblogmoto\/2005\/09\/23\/le-dfi-23-termi\/\",\"name\":\"Le D\u00e9fi 23 termine 19e du Bol d'Or 2005 - leblogmoto.com\",\"isPartOf\":{\"@id\":\"https:\/\/blogs.thesocialmedia.com\/leblogmoto\/#website\"},\"primaryImageOfPage\":{\"@id\":\"https:\/\/blogs.thesocialmedia.com\/leblogmoto\/2005\/09\/23\/le-dfi-23-termi\/#primaryimage\"},\"image\":{\"@id\":\"https:\/\/blogs.thesocialmedia.com\/leblogmoto\/2005\/09\/23\/le-dfi-23-termi\/#primaryimage\"},\"thumbnailUrl\":\"http:\/\/www.leblogmoto.com\/images\/defi_23.jpg\",\"datePublished\":\"2005-09-23T15:02:40+00:00\",\"dateModified\":\"2012-07-11T13:44:34+00:00\",\"author\":{\"@id\":\"https:\/\/blogs.thesocialmedia.com\/leblogmoto\/#\/schema\/person\/112bf3448e55eeb119f6276bbf85b8e7\"},\"breadcrumb\":{\"@id\":\"https:\/\/blogs.thesocialmedia.com\/leblogmoto\/2005\/09\/23\/le-dfi-23-termi\/#breadcrumb\"},\"inLanguage\":\"fr-FR\",\"potentialAction\":[{\"@type\":\"ReadAction\",\"target\":[\"https:\/\/blogs.thesocialmedia.com\/leblogmoto\/2005\/09\/23\/le-dfi-23-termi\/\"]}]},{\"@type\":\"ImageObject\",\"inLanguage\":\"fr-FR\",\"@id\":\"https:\/\/blogs.thesocialmedia.com\/leblogmoto\/2005\/09\/23\/le-dfi-23-termi\/#primaryimage\",\"url\":\"http:\/\/www.leblogmoto.com\/images\/defi_23.jpg\",\"contentUrl\":\"http:\/\/www.leblogmoto.com\/images\/defi_23.jpg\"},{\"@type\":\"BreadcrumbList\",\"@id\":\"https:\/\/blogs.thesocialmedia.com\/leblogmoto\/2005\/09\/23\/le-dfi-23-termi\/#breadcrumb\",\"itemListElement\":[{\"@type\":\"ListItem\",\"position\":1,\"name\":\"Accueil\",\"item\":\"https:\/\/blogs.thesocialmedia.com\/leblogmoto\/\"},{\"@type\":\"ListItem\",\"position\":2,\"name\":\"Le D\u00e9fi 23 termine 19e du Bol d&rsquo;Or 2005\"}]},{\"@type\":\"WebSite\",\"@id\":\"https:\/\/blogs.thesocialmedia.com\/leblogmoto\/#website\",\"url\":\"https:\/\/blogs.thesocialmedia.com\/leblogmoto\/\",\"name\":\"leblogmoto\",\"description\":\"Toute l&#039;actualit\u00e9 des 2 roues\",\"potentialAction\":[{\"@type\":\"SearchAction\",\"target\":{\"@type\":\"EntryPoint\",\"urlTemplate\":\"https:\/\/blogs.thesocialmedia.com\/leblogmoto\/?s={search_term_string}\"},\"query-input\":{\"@type\":\"PropertyValueSpecification\",\"valueRequired\":true,\"valueName\":\"search_term_string\"}}],\"inLanguage\":\"fr-FR\"},{\"@type\":\"Person\",\"@id\":\"https:\/\/blogs.thesocialmedia.com\/leblogmoto\/#\/schema\/person\/112bf3448e55eeb119f6276bbf85b8e7\",\"name\":\"daniel bour\",\"image\":{\"@type\":\"ImageObject\",\"inLanguage\":\"fr-FR\",\"@id\":\"https:\/\/blogs.thesocialmedia.com\/leblogmoto\/#\/schema\/person\/image\/\",\"url\":\"https:\/\/secure.gravatar.com\/avatar\/?s=96&d=mm&r=g\",\"contentUrl\":\"https:\/\/secure.gravatar.com\/avatar\/?s=96&d=mm&r=g\",\"caption\":\"daniel bour\"},\"url\":\"https:\/\/blogs.thesocialmedia.com\/leblogmoto\/author\/daniel-bour\/\"}]}<\/script>\n<!-- \/ Yoast SEO plugin. -->","yoast_head_json":{"title":"Le D\u00e9fi 23 termine 19e du Bol d'Or 2005 - leblogmoto.com","robots":{"index":"index","follow":"follow","max-snippet":"max-snippet:-1","max-image-preview":"max-image-preview:large","max-video-preview":"max-video-preview:-1"},"canonical":"https:\/\/blogs.thesocialmedia.com\/leblogmoto\/2005\/09\/23\/le-dfi-23-termi\/","twitter_card":"summary_large_image","twitter_title":"Le D\u00e9fi 23 termine 19e du Bol d'Or 2005 - leblogmoto.com","twitter_description":"L\u2019\u00e9curie creusoise \u201cD\u00e9fi 23\u201d associ\u00e9e au Team \u201cWarm-up\u201d a r\u00e9alis\u00e9 une honorable 19e place lors du 69e Bol d\u2019Or qui s\u2019est d\u00e9roul\u00e9, le week-end dernier, sur le circuit de Nevers Magny-Cours. Apr\u00e8s avoir chut\u00e9 lors des qualifications, la Suzuki GSX-R 1000, pilot\u00e9e par Pascal Picaux, Patrick Richard et David Umbdenstock n\u2019a pu s\u2019\u00e9lancer que de [&hellip;]","twitter_image":"http:\/\/www.leblogmoto.com\/images\/defi_23.jpg","twitter_misc":{"\u00c9crit par":"daniel bour","Dur\u00e9e de lecture estim\u00e9e":"1 minute"},"schema":{"@context":"https:\/\/schema.org","@graph":[{"@type":"WebPage","@id":"https:\/\/blogs.thesocialmedia.com\/leblogmoto\/2005\/09\/23\/le-dfi-23-termi\/","url":"https:\/\/blogs.thesocialmedia.com\/leblogmoto\/2005\/09\/23\/le-dfi-23-termi\/","name":"Le D\u00e9fi 23 termine 19e du Bol d'Or 2005 - leblogmoto.com","isPartOf":{"@id":"https:\/\/blogs.thesocialmedia.com\/leblogmoto\/#website"},"primaryImageOfPage":{"@id":"https:\/\/blogs.thesocialmedia.com\/leblogmoto\/2005\/09\/23\/le-dfi-23-termi\/#primaryimage"},"image":{"@id":"https:\/\/blogs.thesocialmedia.com\/leblogmoto\/2005\/09\/23\/le-dfi-23-termi\/#primaryimage"},"thumbnailUrl":"http:\/\/www.leblogmoto.com\/images\/defi_23.jpg","datePublished":"2005-09-23T15:02:40+00:00","dateModified":"2012-07-11T13:44:34+00:00","author":{"@id":"https:\/\/blogs.thesocialmedia.com\/leblogmoto\/#\/schema\/person\/112bf3448e55eeb119f6276bbf85b8e7"},"breadcrumb":{"@id":"https:\/\/blogs.thesocialmedia.com\/leblogmoto\/2005\/09\/23\/le-dfi-23-termi\/#breadcrumb"},"inLanguage":"fr-FR","potentialAction":[{"@type":"ReadAction","target":["https:\/\/blogs.thesocialmedia.com\/leblogmoto\/2005\/09\/23\/le-dfi-23-termi\/"]}]},{"@type":"ImageObject","inLanguage":"fr-FR","@id":"https:\/\/blogs.thesocialmedia.com\/leblogmoto\/2005\/09\/23\/le-dfi-23-termi\/#primaryimage","url":"http:\/\/www.leblogmoto.com\/images\/defi_23.jpg","contentUrl":"http:\/\/www.leblogmoto.com\/images\/defi_23.jpg"},{"@type":"BreadcrumbList","@id":"https:\/\/blogs.thesocialmedia.com\/leblogmoto\/2005\/09\/23\/le-dfi-23-termi\/#breadcrumb","itemListElement":[{"@type":"ListItem","position":1,"name":"Accueil","item":"https:\/\/blogs.thesocialmedia.com\/leblogmoto\/"},{"@type":"ListItem","position":2,"name":"Le D\u00e9fi 23 termine 19e du Bol d&rsquo;Or 2005"}]},{"@type":"WebSite","@id":"https:\/\/blogs.thesocialmedia.com\/leblogmoto\/#website","url":"https:\/\/blogs.thesocialmedia.com\/leblogmoto\/","name":"leblogmoto","description":"Toute l&#039;actualit\u00e9 des 2 roues","potentialAction":[{"@type":"SearchAction","target":{"@type":"EntryPoint","urlTemplate":"https:\/\/blogs.thesocialmedia.com\/leblogmoto\/?s={search_term_string}"},"query-input":{"@type":"PropertyValueSpecification","valueRequired":true,"valueName":"search_term_string"}}],"inLanguage":"fr-FR"},{"@type":"Person","@id":"https:\/\/blogs.thesocialmedia.com\/leblogmoto\/#\/schema\/person\/112bf3448e55eeb119f6276bbf85b8e7","name":"daniel bour","image":{"@type":"ImageObject","inLanguage":"fr-FR","@id":"https:\/\/blogs.thesocialmedia.com\/leblogmoto\/#\/schema\/person\/image\/","url":"https:\/\/secure.gravatar.com\/avatar\/?s=96&d=mm&r=g","contentUrl":"https:\/\/secure.gravatar.com\/avatar\/?s=96&d=mm&r=g","caption":"daniel bour"},"url":"https:\/\/blogs.thesocialmedia.com\/leblogmoto\/author\/daniel-bour\/"}]}},"_links":{"self":[{"href":"https:\/\/blogs.thesocialmedia.com\/leblogmoto\/wp-json\/wp\/v2\/posts\/2410","targetHints":{"allow":["GET"]}}],"collection":[{"href":"https:\/\/blogs.thesocialmedia.com\/leblogmoto\/wp-json\/wp\/v2\/posts"}],"about":[{"href":"https:\/\/blogs.thesocialmedia.com\/leblogmoto\/wp-json\/wp\/v2\/types\/post"}],"author":[{"embeddable":true,"href":"https:\/\/blogs.thesocialmedia.com\/leblogmoto\/wp-json\/wp\/v2\/users\/339"}],"replies":[{"embeddable":true,"href":"https:\/\/blogs.thesocialmedia.com\/leblogmoto\/wp-json\/wp\/v2\/comments?post=2410"}],"version-history":[{"count":2,"href":"https:\/\/blogs.thesocialmedia.com\/leblogmoto\/wp-json\/wp\/v2\/posts\/2410\/revisions"}],"predecessor-version":[{"id":5791,"href":"https:\/\/blogs.thesocialmedia.com\/leblogmoto\/wp-json\/wp\/v2\/posts\/2410\/revisions\/5791"}],"wp:attachment":[{"href":"https:\/\/blogs.thesocialmedia.com\/leblogmoto\/wp-json\/wp\/v2\/media?parent=2410"}],"wp:term":[{"taxonomy":"category","embeddable":true,"href":"https:\/\/blogs.thesocialmedia.com\/leblogmoto\/wp-json\/wp\/v2\/categories?post=2410"},{"taxonomy":"post_tag","embeddable":true,"href":"https:\/\/blogs.thesocialmedia.com\/leblogmoto\/wp-json\/wp\/v2\/tags?post=2410"}],"curies":[{"name":"wp","href":"https:\/\/api.w.org\/{rel}","templated":true}]}}