{"id":2416,"date":"2005-09-23T10:24:41","date_gmt":"2005-09-23T10:24:41","guid":{"rendered":"http:\/\/blogs.thesocialmedia.com\/leblogmoto\/2005\/09\/23\/olivier-jacque\/"},"modified":"2012-07-11T13:43:53","modified_gmt":"2012-07-11T13:43:53","slug":"olivier-jacque","status":"publish","type":"post","link":"https:\/\/blogs.thesocialmedia.com\/leblogmoto\/2005\/09\/23\/olivier-jacque\/","title":{"rendered":"Olivier Jacque est de retour en MotoGP"},"content":{"rendered":"<p><a href=\"http:\/\/blogs.thesocialmedia.com\/leblogmoto\/files\/2012\/07\/oj.jpg\"><img loading=\"lazy\" decoding=\"async\" width=\"250\" height=\"165\"  alt=\"Oj\" src=\"http:\/\/www.leblogmoto.com\/images\/oj.jpg\" style=\"margin: 0px 5px 5px 0px;float: left\" \/><\/a>Olivier Jacque revient en MotoGP pour remplacer Alex Hofmann out pour la fin de saison \u00e0 la suite d\u2019une chute lors du <a href=\"http:\/\/www.leblogmoto.com\/2005\/09\/moto_gp_capiros.html\">grand prix de Motegi au Japon<\/a>. Pour rappel, OJ \u00e9tait <a href=\"http:\/\/www.leblogmoto.com\/2005\/06\/olivier_jacque_.html\">3\u00e8me pilote\/pilote d\u2019essai du Kawasaki Racing Team<\/a> et avait d\u00e9j\u00e0 remplac\u00e9 Hofmann au guidon de la Kawasaki en d\u00e9but de saison et notamment en Chine, France et Allemagne o\u00f9 il a termin\u00e9 respectivement 2, 11 et abandon. Olivier Jacque nous raconte comment il a appris la nouvelle et ses premi\u00e8res impressions : \u00ab <em>Le t\u00e9l\u00e9phone a sonn\u00e9 tr\u00e8s t\u00f4t dimanche matin \u00e0 la maison et Harald Eckl m\u2019a demand\u00e9 de pr\u00e9parer mes bagages et de prendre le premier avion pour la Malaisie o\u00f9 doit avoir lieu la prochaine \u00e9preuve de MotoGP sur le circuit de Sepang. Alex Hofmann s\u2019est fractur\u00e9 la cheville lors de sa chute \u00e0 Motegi et je dois le remplacer pour les Grand Prix de Malaisie (25 septembre), du Qatar (1er octobre) et peut-\u00eatre d\u2019Australie (16 octobre) suivant l\u2019\u00e9volution de la blessure d\u2019Alex. Je suis navr\u00e9 pour le pilote allemand, mais bien s\u00fbr, tr\u00e8s heureux de reprendre la piste surtout dans cette \u00e9quipe Kawasaki que j\u2019affectionne particuli\u00e8rement et au guidon d\u2019une moto sur laquelle je me sens particuli\u00e8rement \u00e0 l\u2019aise. J\u2019ai effectu\u00e9 quelques journ\u00e9es de tests au guidon de la Ninja ZX-RR pour travailler sur des \u00e9volutions moteur et sur les pneumatiques Bridgestone. Encore une fois, il ne va pas \u00eatre facile de se remettre dans le bain des Grands Prix car, \u00e0 rouler ponctuellement, je n\u2019ai pas le rythme. Mais, comme sur les autres \u00e9preuves, je donnerai le meilleur de moi-m\u00eame et j\u2019esp\u00e8re satisfaire l\u2019\u00e9quipe et mes supporters.<\/em> \u00bb Bonne chance OJ !<\/p>\n","protected":false},"excerpt":{"rendered":"<p>Olivier Jacque revient en MotoGP pour remplacer Alex Hofmann out pour la fin de saison \u00e0 la suite d\u2019une chute lors du grand prix de Motegi au Japon. Pour rappel, OJ \u00e9tait 3\u00e8me pilote\/pilote d\u2019essai du Kawasaki Racing Team et avait d\u00e9j\u00e0 remplac\u00e9 Hofmann au guidon de la Kawasaki en d\u00e9but de saison et notamment [&hellip;]<\/p>\n","protected":false},"author":338,"featured_media":0,"comment_status":"open","ping_status":"open","sticky":false,"template":"","format":"standard","meta":{"footnotes":""},"categories":[22],"tags":[],"class_list":["post-2416","post","type-post","status-publish","format-standard","hentry","category-motogp"],"yoast_head":"<!-- This site is optimized with the Yoast SEO plugin v26.0 - https:\/\/yoast.com\/wordpress\/plugins\/seo\/ -->\n<title>Olivier Jacque est de retour en MotoGP - leblogmoto.com<\/title>\n<meta name=\"robots\" content=\"index, follow, max-snippet:-1, max-image-preview:large, max-video-preview:-1\" \/>\n<link rel=\"canonical\" href=\"https:\/\/blogs.thesocialmedia.com\/leblogmoto\/2005\/09\/23\/olivier-jacque\/\" \/>\n<meta name=\"twitter:card\" content=\"summary_large_image\" \/>\n<meta name=\"twitter:title\" content=\"Olivier Jacque est de retour en MotoGP - leblogmoto.com\" \/>\n<meta name=\"twitter:description\" content=\"Olivier Jacque revient en MotoGP pour remplacer Alex Hofmann out pour la fin de saison \u00e0 la suite d\u2019une chute lors du grand prix de Motegi au Japon. Pour rappel, OJ \u00e9tait 3\u00e8me pilote\/pilote d\u2019essai du Kawasaki Racing Team et avait d\u00e9j\u00e0 remplac\u00e9 Hofmann au guidon de la Kawasaki en d\u00e9but de saison et notamment [&hellip;]\" \/>\n<meta name=\"twitter:image\" content=\"http:\/\/www.leblogmoto.com\/images\/oj.jpg\" \/>\n<meta name=\"twitter:label1\" content=\"\u00c9crit par\" \/>\n\t<meta name=\"twitter:data1\" content=\"vincent vaillant\" \/>\n\t<meta name=\"twitter:label2\" content=\"Dur\u00e9e de lecture estim\u00e9e\" \/>\n\t<meta name=\"twitter:data2\" content=\"1 minute\" \/>\n<script type=\"application\/ld+json\" class=\"yoast-schema-graph\">{\"@context\":\"https:\/\/schema.org\",\"@graph\":[{\"@type\":\"WebPage\",\"@id\":\"https:\/\/blogs.thesocialmedia.com\/leblogmoto\/2005\/09\/23\/olivier-jacque\/\",\"url\":\"https:\/\/blogs.thesocialmedia.com\/leblogmoto\/2005\/09\/23\/olivier-jacque\/\",\"name\":\"Olivier Jacque est de retour en MotoGP - leblogmoto.com\",\"isPartOf\":{\"@id\":\"https:\/\/blogs.thesocialmedia.com\/leblogmoto\/#website\"},\"primaryImageOfPage\":{\"@id\":\"https:\/\/blogs.thesocialmedia.com\/leblogmoto\/2005\/09\/23\/olivier-jacque\/#primaryimage\"},\"image\":{\"@id\":\"https:\/\/blogs.thesocialmedia.com\/leblogmoto\/2005\/09\/23\/olivier-jacque\/#primaryimage\"},\"thumbnailUrl\":\"http:\/\/www.leblogmoto.com\/images\/oj.jpg\",\"datePublished\":\"2005-09-23T10:24:41+00:00\",\"dateModified\":\"2012-07-11T13:43:53+00:00\",\"author\":{\"@id\":\"https:\/\/blogs.thesocialmedia.com\/leblogmoto\/#\/schema\/person\/80d2a078dbdb8b60abbd76bae6011f19\"},\"breadcrumb\":{\"@id\":\"https:\/\/blogs.thesocialmedia.com\/leblogmoto\/2005\/09\/23\/olivier-jacque\/#breadcrumb\"},\"inLanguage\":\"fr-FR\",\"potentialAction\":[{\"@type\":\"ReadAction\",\"target\":[\"https:\/\/blogs.thesocialmedia.com\/leblogmoto\/2005\/09\/23\/olivier-jacque\/\"]}]},{\"@type\":\"ImageObject\",\"inLanguage\":\"fr-FR\",\"@id\":\"https:\/\/blogs.thesocialmedia.com\/leblogmoto\/2005\/09\/23\/olivier-jacque\/#primaryimage\",\"url\":\"http:\/\/www.leblogmoto.com\/images\/oj.jpg\",\"contentUrl\":\"http:\/\/www.leblogmoto.com\/images\/oj.jpg\"},{\"@type\":\"BreadcrumbList\",\"@id\":\"https:\/\/blogs.thesocialmedia.com\/leblogmoto\/2005\/09\/23\/olivier-jacque\/#breadcrumb\",\"itemListElement\":[{\"@type\":\"ListItem\",\"position\":1,\"name\":\"Accueil\",\"item\":\"https:\/\/blogs.thesocialmedia.com\/leblogmoto\/\"},{\"@type\":\"ListItem\",\"position\":2,\"name\":\"Olivier Jacque est de retour en MotoGP\"}]},{\"@type\":\"WebSite\",\"@id\":\"https:\/\/blogs.thesocialmedia.com\/leblogmoto\/#website\",\"url\":\"https:\/\/blogs.thesocialmedia.com\/leblogmoto\/\",\"name\":\"leblogmoto\",\"description\":\"Toute l&#039;actualit\u00e9 des 2 roues\",\"potentialAction\":[{\"@type\":\"SearchAction\",\"target\":{\"@type\":\"EntryPoint\",\"urlTemplate\":\"https:\/\/blogs.thesocialmedia.com\/leblogmoto\/?s={search_term_string}\"},\"query-input\":{\"@type\":\"PropertyValueSpecification\",\"valueRequired\":true,\"valueName\":\"search_term_string\"}}],\"inLanguage\":\"fr-FR\"},{\"@type\":\"Person\",\"@id\":\"https:\/\/blogs.thesocialmedia.com\/leblogmoto\/#\/schema\/person\/80d2a078dbdb8b60abbd76bae6011f19\",\"name\":\"vincent vaillant\",\"image\":{\"@type\":\"ImageObject\",\"inLanguage\":\"fr-FR\",\"@id\":\"https:\/\/blogs.thesocialmedia.com\/leblogmoto\/#\/schema\/person\/image\/\",\"url\":\"https:\/\/secure.gravatar.com\/avatar\/?s=96&d=mm&r=g\",\"contentUrl\":\"https:\/\/secure.gravatar.com\/avatar\/?s=96&d=mm&r=g\",\"caption\":\"vincent vaillant\"},\"url\":\"https:\/\/blogs.thesocialmedia.com\/leblogmoto\/author\/vincent-vaillant\/\"}]}<\/script>\n<!-- \/ Yoast SEO plugin. -->","yoast_head_json":{"title":"Olivier Jacque est de retour en MotoGP - leblogmoto.com","robots":{"index":"index","follow":"follow","max-snippet":"max-snippet:-1","max-image-preview":"max-image-preview:large","max-video-preview":"max-video-preview:-1"},"canonical":"https:\/\/blogs.thesocialmedia.com\/leblogmoto\/2005\/09\/23\/olivier-jacque\/","twitter_card":"summary_large_image","twitter_title":"Olivier Jacque est de retour en MotoGP - leblogmoto.com","twitter_description":"Olivier Jacque revient en MotoGP pour remplacer Alex Hofmann out pour la fin de saison \u00e0 la suite d\u2019une chute lors du grand prix de Motegi au Japon. Pour rappel, OJ \u00e9tait 3\u00e8me pilote\/pilote d\u2019essai du Kawasaki Racing Team et avait d\u00e9j\u00e0 remplac\u00e9 Hofmann au guidon de la Kawasaki en d\u00e9but de saison et notamment [&hellip;]","twitter_image":"http:\/\/www.leblogmoto.com\/images\/oj.jpg","twitter_misc":{"\u00c9crit par":"vincent vaillant","Dur\u00e9e de lecture estim\u00e9e":"1 minute"},"schema":{"@context":"https:\/\/schema.org","@graph":[{"@type":"WebPage","@id":"https:\/\/blogs.thesocialmedia.com\/leblogmoto\/2005\/09\/23\/olivier-jacque\/","url":"https:\/\/blogs.thesocialmedia.com\/leblogmoto\/2005\/09\/23\/olivier-jacque\/","name":"Olivier Jacque est de retour en MotoGP - leblogmoto.com","isPartOf":{"@id":"https:\/\/blogs.thesocialmedia.com\/leblogmoto\/#website"},"primaryImageOfPage":{"@id":"https:\/\/blogs.thesocialmedia.com\/leblogmoto\/2005\/09\/23\/olivier-jacque\/#primaryimage"},"image":{"@id":"https:\/\/blogs.thesocialmedia.com\/leblogmoto\/2005\/09\/23\/olivier-jacque\/#primaryimage"},"thumbnailUrl":"http:\/\/www.leblogmoto.com\/images\/oj.jpg","datePublished":"2005-09-23T10:24:41+00:00","dateModified":"2012-07-11T13:43:53+00:00","author":{"@id":"https:\/\/blogs.thesocialmedia.com\/leblogmoto\/#\/schema\/person\/80d2a078dbdb8b60abbd76bae6011f19"},"breadcrumb":{"@id":"https:\/\/blogs.thesocialmedia.com\/leblogmoto\/2005\/09\/23\/olivier-jacque\/#breadcrumb"},"inLanguage":"fr-FR","potentialAction":[{"@type":"ReadAction","target":["https:\/\/blogs.thesocialmedia.com\/leblogmoto\/2005\/09\/23\/olivier-jacque\/"]}]},{"@type":"ImageObject","inLanguage":"fr-FR","@id":"https:\/\/blogs.thesocialmedia.com\/leblogmoto\/2005\/09\/23\/olivier-jacque\/#primaryimage","url":"http:\/\/www.leblogmoto.com\/images\/oj.jpg","contentUrl":"http:\/\/www.leblogmoto.com\/images\/oj.jpg"},{"@type":"BreadcrumbList","@id":"https:\/\/blogs.thesocialmedia.com\/leblogmoto\/2005\/09\/23\/olivier-jacque\/#breadcrumb","itemListElement":[{"@type":"ListItem","position":1,"name":"Accueil","item":"https:\/\/blogs.thesocialmedia.com\/leblogmoto\/"},{"@type":"ListItem","position":2,"name":"Olivier Jacque est de retour en MotoGP"}]},{"@type":"WebSite","@id":"https:\/\/blogs.thesocialmedia.com\/leblogmoto\/#website","url":"https:\/\/blogs.thesocialmedia.com\/leblogmoto\/","name":"leblogmoto","description":"Toute l&#039;actualit\u00e9 des 2 roues","potentialAction":[{"@type":"SearchAction","target":{"@type":"EntryPoint","urlTemplate":"https:\/\/blogs.thesocialmedia.com\/leblogmoto\/?s={search_term_string}"},"query-input":{"@type":"PropertyValueSpecification","valueRequired":true,"valueName":"search_term_string"}}],"inLanguage":"fr-FR"},{"@type":"Person","@id":"https:\/\/blogs.thesocialmedia.com\/leblogmoto\/#\/schema\/person\/80d2a078dbdb8b60abbd76bae6011f19","name":"vincent vaillant","image":{"@type":"ImageObject","inLanguage":"fr-FR","@id":"https:\/\/blogs.thesocialmedia.com\/leblogmoto\/#\/schema\/person\/image\/","url":"https:\/\/secure.gravatar.com\/avatar\/?s=96&d=mm&r=g","contentUrl":"https:\/\/secure.gravatar.com\/avatar\/?s=96&d=mm&r=g","caption":"vincent vaillant"},"url":"https:\/\/blogs.thesocialmedia.com\/leblogmoto\/author\/vincent-vaillant\/"}]}},"_links":{"self":[{"href":"https:\/\/blogs.thesocialmedia.com\/leblogmoto\/wp-json\/wp\/v2\/posts\/2416","targetHints":{"allow":["GET"]}}],"collection":[{"href":"https:\/\/blogs.thesocialmedia.com\/leblogmoto\/wp-json\/wp\/v2\/posts"}],"about":[{"href":"https:\/\/blogs.thesocialmedia.com\/leblogmoto\/wp-json\/wp\/v2\/types\/post"}],"author":[{"embeddable":true,"href":"https:\/\/blogs.thesocialmedia.com\/leblogmoto\/wp-json\/wp\/v2\/users\/338"}],"replies":[{"embeddable":true,"href":"https:\/\/blogs.thesocialmedia.com\/leblogmoto\/wp-json\/wp\/v2\/comments?post=2416"}],"version-history":[{"count":2,"href":"https:\/\/blogs.thesocialmedia.com\/leblogmoto\/wp-json\/wp\/v2\/posts\/2416\/revisions"}],"predecessor-version":[{"id":5765,"href":"https:\/\/blogs.thesocialmedia.com\/leblogmoto\/wp-json\/wp\/v2\/posts\/2416\/revisions\/5765"}],"wp:attachment":[{"href":"https:\/\/blogs.thesocialmedia.com\/leblogmoto\/wp-json\/wp\/v2\/media?parent=2416"}],"wp:term":[{"taxonomy":"category","embeddable":true,"href":"https:\/\/blogs.thesocialmedia.com\/leblogmoto\/wp-json\/wp\/v2\/categories?post=2416"},{"taxonomy":"post_tag","embeddable":true,"href":"https:\/\/blogs.thesocialmedia.com\/leblogmoto\/wp-json\/wp\/v2\/tags?post=2416"}],"curies":[{"name":"wp","href":"https:\/\/api.w.org\/{rel}","templated":true}]}}