{"id":242,"date":"2009-03-05T18:24:27","date_gmt":"2009-03-05T18:24:27","guid":{"rendered":"http:\/\/blogs.thesocialmedia.com\/leblogmoto\/2009\/03\/05\/a-attitude-stup\/"},"modified":"2012-07-11T17:09:15","modified_gmt":"2012-07-11T17:09:15","slug":"a-attitude-stup","status":"publish","type":"post","link":"https:\/\/blogs.thesocialmedia.com\/leblogmoto\/2009\/03\/05\/a-attitude-stup\/","title":{"rendered":"A comportement stupide, commentaires consternants."},"content":{"rendered":"<p><a href=\"http:\/\/blogs.thesocialmedia.com\/leblogmoto\/files\/2012\/07\/du.jpg\"><img loading=\"lazy\" decoding=\"async\" height=\"351\"  width=\"470\" src=\"http:\/\/www.leblogmoto.com\/images\/2009\/03\/05\/du.jpg\" alt=\"Du\" \/><\/a> <\/p>\n<p>Voil\u00e0 ce que c&rsquo;est d&rsquo;aller chercher parfois ses infos ailleurs que dans la presse sp\u00e9cialis\u00e9e, on tombe sur des commentaires, adjoints \u00e0 l&rsquo;<a href=\"http:\/\/www.lefigaro.fr\/flash-actu\/2009\/03\/05\/01011-20090305FILWWW00437-flashe-a-206-kmh-sur-la-roue-arriere.php\">article<\/a> (ici chez nos honorables confr\u00e8res du Figaro), dignes du caf\u00e9 de commerce. Des discussions idiotes que l&rsquo;on tiendrait un ballon de rouge entre les mains, accoud\u00e9 au zinc, pleines de tous les poncifs sur les deux-roues. Sauf que l\u00e0 notre ami motard a fait fort, puisque cette d\u00e9p\u00eache AFP dat\u00e9e de ce matin, indique que notre cong\u00e9n\u00e8re a r\u00e9ussi \u00e0 placer un wheeling \u00e0 206 km\/h sur une voie limit\u00e9e \u00e0 90. J&rsquo;imagine le (m\u00e9)contentement de la mar\u00e9chauss\u00e9e qui a aper\u00e7u l&rsquo;hulubrius dans ses jumelles. Pour la petite histoire cela s&rsquo;est pass\u00e9 sur&nbsp; une route d\u00e9partementale dans le Val-d&rsquo;Oise. Le &quot;cascadeur&quot;, un directeur de production \u00e2g\u00e9 de 36 ans habite dans le d\u00e9partement, et a \u00e9t\u00e9 contr\u00f4l\u00e9 \u00e0 la jumelle par des gendarmes sur une longue ligne droite \u00e0 l&rsquo;entr\u00e9e de Neuville-sur-Oise, sur sa moto de 1053cc. Toujours selon la d\u00e9p\u00eache de l&rsquo;AFP, il s&rsquo;est vu confisquer son engin et son permis de conduire jusqu&rsquo;au 29 mai, date de son jugement au tribunal de Pontoise pour d\u00e9lit de grande vitesse. Qui plus est, six points ont \u00e9t\u00e9 retir\u00e9s sur son permis de conduire. Comme je le disais en titre dans un pr\u00e9c\u00e9dent sujet <a href=\"http:\/\/www.leblogmoto.com\/2008\/06\/dans-ce-pays-dj.html\">d\u00e9j\u00e0 pol\u00e9mique<\/a>, &quot;Dans un pays motophobe, voila qui va asseoir un peu plus notre r\u00e9putation&quot;.<\/p>\n<p><em>Source AFP, via Le Figaro en ligne.<\/em><\/p>\n","protected":false},"excerpt":{"rendered":"<p>Voil\u00e0 ce que c&rsquo;est d&rsquo;aller chercher parfois ses infos ailleurs que dans la presse sp\u00e9cialis\u00e9e, on tombe sur des commentaires, adjoints \u00e0 l&rsquo;article (ici chez nos honorables confr\u00e8res du Figaro), dignes du caf\u00e9 de commerce. Des discussions idiotes que l&rsquo;on tiendrait un ballon de rouge entre les mains, accoud\u00e9 au zinc, pleines de tous les [&hellip;]<\/p>\n","protected":false},"author":324,"featured_media":0,"comment_status":"open","ping_status":"open","sticky":false,"template":"","format":"standard","meta":{"footnotes":""},"categories":[3,27,65],"tags":[],"class_list":["post-242","post","type-post","status-publish","format-standard","hentry","category-actualite","category-securite","category-stunt"],"yoast_head":"<!-- This site is optimized with the Yoast SEO plugin v26.0 - https:\/\/yoast.com\/wordpress\/plugins\/seo\/ -->\n<title>A comportement stupide, commentaires consternants. - leblogmoto.com<\/title>\n<meta name=\"robots\" content=\"index, follow, max-snippet:-1, max-image-preview:large, max-video-preview:-1\" \/>\n<link rel=\"canonical\" href=\"https:\/\/blogs.thesocialmedia.com\/leblogmoto\/2009\/03\/05\/a-attitude-stup\/\" \/>\n<meta name=\"twitter:card\" content=\"summary_large_image\" \/>\n<meta name=\"twitter:title\" content=\"A comportement stupide, commentaires consternants. - leblogmoto.com\" \/>\n<meta name=\"twitter:description\" content=\"Voil\u00e0 ce que c&rsquo;est d&rsquo;aller chercher parfois ses infos ailleurs que dans la presse sp\u00e9cialis\u00e9e, on tombe sur des commentaires, adjoints \u00e0 l&rsquo;article (ici chez nos honorables confr\u00e8res du Figaro), dignes du caf\u00e9 de commerce. Des discussions idiotes que l&rsquo;on tiendrait un ballon de rouge entre les mains, accoud\u00e9 au zinc, pleines de tous les [&hellip;]\" \/>\n<meta name=\"twitter:image\" content=\"http:\/\/www.leblogmoto.com\/images\/2009\/03\/05\/du.jpg\" \/>\n<meta name=\"twitter:label1\" content=\"\u00c9crit par\" \/>\n\t<meta name=\"twitter:data1\" content=\"benoit rieu\" \/>\n\t<meta name=\"twitter:label2\" content=\"Dur\u00e9e de lecture estim\u00e9e\" \/>\n\t<meta name=\"twitter:data2\" content=\"1 minute\" \/>\n<script type=\"application\/ld+json\" class=\"yoast-schema-graph\">{\"@context\":\"https:\/\/schema.org\",\"@graph\":[{\"@type\":\"WebPage\",\"@id\":\"https:\/\/blogs.thesocialmedia.com\/leblogmoto\/2009\/03\/05\/a-attitude-stup\/\",\"url\":\"https:\/\/blogs.thesocialmedia.com\/leblogmoto\/2009\/03\/05\/a-attitude-stup\/\",\"name\":\"A comportement stupide, commentaires consternants. - leblogmoto.com\",\"isPartOf\":{\"@id\":\"https:\/\/blogs.thesocialmedia.com\/leblogmoto\/#website\"},\"primaryImageOfPage\":{\"@id\":\"https:\/\/blogs.thesocialmedia.com\/leblogmoto\/2009\/03\/05\/a-attitude-stup\/#primaryimage\"},\"image\":{\"@id\":\"https:\/\/blogs.thesocialmedia.com\/leblogmoto\/2009\/03\/05\/a-attitude-stup\/#primaryimage\"},\"thumbnailUrl\":\"http:\/\/www.leblogmoto.com\/images\/2009\/03\/05\/du.jpg\",\"datePublished\":\"2009-03-05T18:24:27+00:00\",\"dateModified\":\"2012-07-11T17:09:15+00:00\",\"author\":{\"@id\":\"https:\/\/blogs.thesocialmedia.com\/leblogmoto\/#\/schema\/person\/18bfe773e5725ed6d24f743da805362a\"},\"breadcrumb\":{\"@id\":\"https:\/\/blogs.thesocialmedia.com\/leblogmoto\/2009\/03\/05\/a-attitude-stup\/#breadcrumb\"},\"inLanguage\":\"fr-FR\",\"potentialAction\":[{\"@type\":\"ReadAction\",\"target\":[\"https:\/\/blogs.thesocialmedia.com\/leblogmoto\/2009\/03\/05\/a-attitude-stup\/\"]}]},{\"@type\":\"ImageObject\",\"inLanguage\":\"fr-FR\",\"@id\":\"https:\/\/blogs.thesocialmedia.com\/leblogmoto\/2009\/03\/05\/a-attitude-stup\/#primaryimage\",\"url\":\"http:\/\/www.leblogmoto.com\/images\/2009\/03\/05\/du.jpg\",\"contentUrl\":\"http:\/\/www.leblogmoto.com\/images\/2009\/03\/05\/du.jpg\"},{\"@type\":\"BreadcrumbList\",\"@id\":\"https:\/\/blogs.thesocialmedia.com\/leblogmoto\/2009\/03\/05\/a-attitude-stup\/#breadcrumb\",\"itemListElement\":[{\"@type\":\"ListItem\",\"position\":1,\"name\":\"Accueil\",\"item\":\"https:\/\/blogs.thesocialmedia.com\/leblogmoto\/\"},{\"@type\":\"ListItem\",\"position\":2,\"name\":\"A comportement stupide, commentaires consternants.\"}]},{\"@type\":\"WebSite\",\"@id\":\"https:\/\/blogs.thesocialmedia.com\/leblogmoto\/#website\",\"url\":\"https:\/\/blogs.thesocialmedia.com\/leblogmoto\/\",\"name\":\"leblogmoto\",\"description\":\"Toute l&#039;actualit\u00e9 des 2 roues\",\"potentialAction\":[{\"@type\":\"SearchAction\",\"target\":{\"@type\":\"EntryPoint\",\"urlTemplate\":\"https:\/\/blogs.thesocialmedia.com\/leblogmoto\/?s={search_term_string}\"},\"query-input\":{\"@type\":\"PropertyValueSpecification\",\"valueRequired\":true,\"valueName\":\"search_term_string\"}}],\"inLanguage\":\"fr-FR\"},{\"@type\":\"Person\",\"@id\":\"https:\/\/blogs.thesocialmedia.com\/leblogmoto\/#\/schema\/person\/18bfe773e5725ed6d24f743da805362a\",\"name\":\"benoit rieu\",\"image\":{\"@type\":\"ImageObject\",\"inLanguage\":\"fr-FR\",\"@id\":\"https:\/\/blogs.thesocialmedia.com\/leblogmoto\/#\/schema\/person\/image\/\",\"url\":\"https:\/\/secure.gravatar.com\/avatar\/?s=96&d=mm&r=g\",\"contentUrl\":\"https:\/\/secure.gravatar.com\/avatar\/?s=96&d=mm&r=g\",\"caption\":\"benoit rieu\"},\"url\":\"https:\/\/blogs.thesocialmedia.com\/leblogmoto\/author\/benoit-rieu\/\"}]}<\/script>\n<!-- \/ Yoast SEO plugin. -->","yoast_head_json":{"title":"A comportement stupide, commentaires consternants. - leblogmoto.com","robots":{"index":"index","follow":"follow","max-snippet":"max-snippet:-1","max-image-preview":"max-image-preview:large","max-video-preview":"max-video-preview:-1"},"canonical":"https:\/\/blogs.thesocialmedia.com\/leblogmoto\/2009\/03\/05\/a-attitude-stup\/","twitter_card":"summary_large_image","twitter_title":"A comportement stupide, commentaires consternants. - leblogmoto.com","twitter_description":"Voil\u00e0 ce que c&rsquo;est d&rsquo;aller chercher parfois ses infos ailleurs que dans la presse sp\u00e9cialis\u00e9e, on tombe sur des commentaires, adjoints \u00e0 l&rsquo;article (ici chez nos honorables confr\u00e8res du Figaro), dignes du caf\u00e9 de commerce. Des discussions idiotes que l&rsquo;on tiendrait un ballon de rouge entre les mains, accoud\u00e9 au zinc, pleines de tous les [&hellip;]","twitter_image":"http:\/\/www.leblogmoto.com\/images\/2009\/03\/05\/du.jpg","twitter_misc":{"\u00c9crit par":"benoit rieu","Dur\u00e9e de lecture estim\u00e9e":"1 minute"},"schema":{"@context":"https:\/\/schema.org","@graph":[{"@type":"WebPage","@id":"https:\/\/blogs.thesocialmedia.com\/leblogmoto\/2009\/03\/05\/a-attitude-stup\/","url":"https:\/\/blogs.thesocialmedia.com\/leblogmoto\/2009\/03\/05\/a-attitude-stup\/","name":"A comportement stupide, commentaires consternants. - leblogmoto.com","isPartOf":{"@id":"https:\/\/blogs.thesocialmedia.com\/leblogmoto\/#website"},"primaryImageOfPage":{"@id":"https:\/\/blogs.thesocialmedia.com\/leblogmoto\/2009\/03\/05\/a-attitude-stup\/#primaryimage"},"image":{"@id":"https:\/\/blogs.thesocialmedia.com\/leblogmoto\/2009\/03\/05\/a-attitude-stup\/#primaryimage"},"thumbnailUrl":"http:\/\/www.leblogmoto.com\/images\/2009\/03\/05\/du.jpg","datePublished":"2009-03-05T18:24:27+00:00","dateModified":"2012-07-11T17:09:15+00:00","author":{"@id":"https:\/\/blogs.thesocialmedia.com\/leblogmoto\/#\/schema\/person\/18bfe773e5725ed6d24f743da805362a"},"breadcrumb":{"@id":"https:\/\/blogs.thesocialmedia.com\/leblogmoto\/2009\/03\/05\/a-attitude-stup\/#breadcrumb"},"inLanguage":"fr-FR","potentialAction":[{"@type":"ReadAction","target":["https:\/\/blogs.thesocialmedia.com\/leblogmoto\/2009\/03\/05\/a-attitude-stup\/"]}]},{"@type":"ImageObject","inLanguage":"fr-FR","@id":"https:\/\/blogs.thesocialmedia.com\/leblogmoto\/2009\/03\/05\/a-attitude-stup\/#primaryimage","url":"http:\/\/www.leblogmoto.com\/images\/2009\/03\/05\/du.jpg","contentUrl":"http:\/\/www.leblogmoto.com\/images\/2009\/03\/05\/du.jpg"},{"@type":"BreadcrumbList","@id":"https:\/\/blogs.thesocialmedia.com\/leblogmoto\/2009\/03\/05\/a-attitude-stup\/#breadcrumb","itemListElement":[{"@type":"ListItem","position":1,"name":"Accueil","item":"https:\/\/blogs.thesocialmedia.com\/leblogmoto\/"},{"@type":"ListItem","position":2,"name":"A comportement stupide, commentaires consternants."}]},{"@type":"WebSite","@id":"https:\/\/blogs.thesocialmedia.com\/leblogmoto\/#website","url":"https:\/\/blogs.thesocialmedia.com\/leblogmoto\/","name":"leblogmoto","description":"Toute l&#039;actualit\u00e9 des 2 roues","potentialAction":[{"@type":"SearchAction","target":{"@type":"EntryPoint","urlTemplate":"https:\/\/blogs.thesocialmedia.com\/leblogmoto\/?s={search_term_string}"},"query-input":{"@type":"PropertyValueSpecification","valueRequired":true,"valueName":"search_term_string"}}],"inLanguage":"fr-FR"},{"@type":"Person","@id":"https:\/\/blogs.thesocialmedia.com\/leblogmoto\/#\/schema\/person\/18bfe773e5725ed6d24f743da805362a","name":"benoit rieu","image":{"@type":"ImageObject","inLanguage":"fr-FR","@id":"https:\/\/blogs.thesocialmedia.com\/leblogmoto\/#\/schema\/person\/image\/","url":"https:\/\/secure.gravatar.com\/avatar\/?s=96&d=mm&r=g","contentUrl":"https:\/\/secure.gravatar.com\/avatar\/?s=96&d=mm&r=g","caption":"benoit rieu"},"url":"https:\/\/blogs.thesocialmedia.com\/leblogmoto\/author\/benoit-rieu\/"}]}},"_links":{"self":[{"href":"https:\/\/blogs.thesocialmedia.com\/leblogmoto\/wp-json\/wp\/v2\/posts\/242","targetHints":{"allow":["GET"]}}],"collection":[{"href":"https:\/\/blogs.thesocialmedia.com\/leblogmoto\/wp-json\/wp\/v2\/posts"}],"about":[{"href":"https:\/\/blogs.thesocialmedia.com\/leblogmoto\/wp-json\/wp\/v2\/types\/post"}],"author":[{"embeddable":true,"href":"https:\/\/blogs.thesocialmedia.com\/leblogmoto\/wp-json\/wp\/v2\/users\/324"}],"replies":[{"embeddable":true,"href":"https:\/\/blogs.thesocialmedia.com\/leblogmoto\/wp-json\/wp\/v2\/comments?post=242"}],"version-history":[{"count":2,"href":"https:\/\/blogs.thesocialmedia.com\/leblogmoto\/wp-json\/wp\/v2\/posts\/242\/revisions"}],"predecessor-version":[{"id":12873,"href":"https:\/\/blogs.thesocialmedia.com\/leblogmoto\/wp-json\/wp\/v2\/posts\/242\/revisions\/12873"}],"wp:attachment":[{"href":"https:\/\/blogs.thesocialmedia.com\/leblogmoto\/wp-json\/wp\/v2\/media?parent=242"}],"wp:term":[{"taxonomy":"category","embeddable":true,"href":"https:\/\/blogs.thesocialmedia.com\/leblogmoto\/wp-json\/wp\/v2\/categories?post=242"},{"taxonomy":"post_tag","embeddable":true,"href":"https:\/\/blogs.thesocialmedia.com\/leblogmoto\/wp-json\/wp\/v2\/tags?post=242"}],"curies":[{"name":"wp","href":"https:\/\/api.w.org\/{rel}","templated":true}]}}