{"id":2427,"date":"2005-09-19T12:18:41","date_gmt":"2005-09-19T12:18:41","guid":{"rendered":"http:\/\/blogs.thesocialmedia.com\/leblogmoto\/2005\/09\/19\/kawasaki-vn-900\/"},"modified":"2012-07-11T13:42:57","modified_gmt":"2012-07-11T13:42:57","slug":"kawasaki-vn-900","status":"publish","type":"post","link":"https:\/\/blogs.thesocialmedia.com\/leblogmoto\/2005\/09\/19\/kawasaki-vn-900\/","title":{"rendered":"Kawasaki VN 900 : mod\u00e8le 2006"},"content":{"rendered":"<p><a href=\"http:\/\/blogs.thesocialmedia.com\/leblogmoto\/files\/2012\/07\/vn1.jpg\"><img loading=\"lazy\" decoding=\"async\" width=\"250\" height=\"152\"  src=\"http:\/\/www.leblogmoto.com\/images\/vn1.jpg\" alt=\"Vn1\" style=\"margin: 0px 5px 5px 0px;float: left\" \/><\/a>Apr\u00e8s la VN 2000, la VN 1600, voici venir la VN 900 qui viendra compl\u00e9ter la gamme de <a href=\"http:\/\/blogs.thesocialmedia.com\/leblogmoto\/files\/2012\/07\/index.html_20.png\">Kawasaki<\/a> sur le segment des customs en fin d\u2019ann\u00e9e pour mieux concurrencer <a href=\"http:\/\/www.leblogmoto.com\/harleydavidson\/index.html\">Harley-Davidson<\/a>.<br \/>Elle devrait reprendre bon nombre d\u2019\u00e9l\u00e9ments des deux pr\u00e9c\u00e9dentes au niveau moteur mais aussi d\u2019un point de vue esth\u00e9tique. Son Twin n\u2019aura heureusement rien \u00e0 voir avec le monstrueux bicylindre qui \u00e9quipe la VN 2000 et qui en fait le plus gros bicylindre du monde. La VN 900, pour 900 cm3, sera aussi \u00e9quip\u00e9e d\u2019une injection \u00e9lectronique qui lui permettra de passer sans encombre la norme antipollution Euro 3.<br \/>La VN 900 sera donc la petite s\u0153ur l\u00e9gitime des VN 2000 et VN 1600, et se positionnera comme une moto plus r\u00e9aliste en terme de praticit\u00e9, de poids et de prix. Affaire \u00e0 suivre\u2026<\/p>\n<p><a href=\"http:\/\/clabedan.typepad.com\/.shared\/image.html?\/photos\/uncategorized\/vn2.jpg\"><img loading=\"lazy\" decoding=\"async\" width=\"470\" height=\"279\"  src=\"http:\/\/www.leblogmoto.com\/images\/vn2.jpg\" alt=\"Vn2\" style=\"margin: 0px 5px 5px 0px;float: left\" \/><\/a><\/p>\n","protected":false},"excerpt":{"rendered":"<p>Apr\u00e8s la VN 2000, la VN 1600, voici venir la VN 900 qui viendra compl\u00e9ter la gamme de Kawasaki sur le segment des customs en fin d\u2019ann\u00e9e pour mieux concurrencer Harley-Davidson.Elle devrait reprendre bon nombre d\u2019\u00e9l\u00e9ments des deux pr\u00e9c\u00e9dentes au niveau moteur mais aussi d\u2019un point de vue esth\u00e9tique. Son Twin n\u2019aura heureusement rien \u00e0 [&hellip;]<\/p>\n","protected":false},"author":338,"featured_media":0,"comment_status":"open","ping_status":"open","sticky":false,"template":"","format":"standard","meta":{"footnotes":""},"categories":[45],"tags":[],"class_list":["post-2427","post","type-post","status-publish","format-standard","hentry","category-kawasaki"],"yoast_head":"<!-- This site is optimized with the Yoast SEO plugin v26.0 - https:\/\/yoast.com\/wordpress\/plugins\/seo\/ -->\n<title>Kawasaki VN 900 : mod\u00e8le 2006 - leblogmoto.com<\/title>\n<meta name=\"robots\" content=\"index, follow, max-snippet:-1, max-image-preview:large, max-video-preview:-1\" \/>\n<link rel=\"canonical\" href=\"https:\/\/blogs.thesocialmedia.com\/leblogmoto\/2005\/09\/19\/kawasaki-vn-900\/\" \/>\n<meta name=\"twitter:card\" content=\"summary_large_image\" \/>\n<meta name=\"twitter:title\" content=\"Kawasaki VN 900 : mod\u00e8le 2006 - leblogmoto.com\" \/>\n<meta name=\"twitter:description\" content=\"Apr\u00e8s la VN 2000, la VN 1600, voici venir la VN 900 qui viendra compl\u00e9ter la gamme de Kawasaki sur le segment des customs en fin d\u2019ann\u00e9e pour mieux concurrencer Harley-Davidson.Elle devrait reprendre bon nombre d\u2019\u00e9l\u00e9ments des deux pr\u00e9c\u00e9dentes au niveau moteur mais aussi d\u2019un point de vue esth\u00e9tique. Son Twin n\u2019aura heureusement rien \u00e0 [&hellip;]\" \/>\n<meta name=\"twitter:image\" content=\"http:\/\/www.leblogmoto.com\/images\/vn1.jpg\" \/>\n<meta name=\"twitter:label1\" content=\"\u00c9crit par\" \/>\n\t<meta name=\"twitter:data1\" content=\"vincent vaillant\" \/>\n\t<meta name=\"twitter:label2\" content=\"Dur\u00e9e de lecture estim\u00e9e\" \/>\n\t<meta name=\"twitter:data2\" content=\"1 minute\" \/>\n<script type=\"application\/ld+json\" class=\"yoast-schema-graph\">{\"@context\":\"https:\/\/schema.org\",\"@graph\":[{\"@type\":\"WebPage\",\"@id\":\"https:\/\/blogs.thesocialmedia.com\/leblogmoto\/2005\/09\/19\/kawasaki-vn-900\/\",\"url\":\"https:\/\/blogs.thesocialmedia.com\/leblogmoto\/2005\/09\/19\/kawasaki-vn-900\/\",\"name\":\"Kawasaki VN 900 : mod\u00e8le 2006 - leblogmoto.com\",\"isPartOf\":{\"@id\":\"https:\/\/blogs.thesocialmedia.com\/leblogmoto\/#website\"},\"primaryImageOfPage\":{\"@id\":\"https:\/\/blogs.thesocialmedia.com\/leblogmoto\/2005\/09\/19\/kawasaki-vn-900\/#primaryimage\"},\"image\":{\"@id\":\"https:\/\/blogs.thesocialmedia.com\/leblogmoto\/2005\/09\/19\/kawasaki-vn-900\/#primaryimage\"},\"thumbnailUrl\":\"http:\/\/www.leblogmoto.com\/images\/vn1.jpg\",\"datePublished\":\"2005-09-19T12:18:41+00:00\",\"dateModified\":\"2012-07-11T13:42:57+00:00\",\"author\":{\"@id\":\"https:\/\/blogs.thesocialmedia.com\/leblogmoto\/#\/schema\/person\/80d2a078dbdb8b60abbd76bae6011f19\"},\"breadcrumb\":{\"@id\":\"https:\/\/blogs.thesocialmedia.com\/leblogmoto\/2005\/09\/19\/kawasaki-vn-900\/#breadcrumb\"},\"inLanguage\":\"fr-FR\",\"potentialAction\":[{\"@type\":\"ReadAction\",\"target\":[\"https:\/\/blogs.thesocialmedia.com\/leblogmoto\/2005\/09\/19\/kawasaki-vn-900\/\"]}]},{\"@type\":\"ImageObject\",\"inLanguage\":\"fr-FR\",\"@id\":\"https:\/\/blogs.thesocialmedia.com\/leblogmoto\/2005\/09\/19\/kawasaki-vn-900\/#primaryimage\",\"url\":\"http:\/\/www.leblogmoto.com\/images\/vn1.jpg\",\"contentUrl\":\"http:\/\/www.leblogmoto.com\/images\/vn1.jpg\"},{\"@type\":\"BreadcrumbList\",\"@id\":\"https:\/\/blogs.thesocialmedia.com\/leblogmoto\/2005\/09\/19\/kawasaki-vn-900\/#breadcrumb\",\"itemListElement\":[{\"@type\":\"ListItem\",\"position\":1,\"name\":\"Accueil\",\"item\":\"https:\/\/blogs.thesocialmedia.com\/leblogmoto\/\"},{\"@type\":\"ListItem\",\"position\":2,\"name\":\"Kawasaki VN 900 : mod\u00e8le 2006\"}]},{\"@type\":\"WebSite\",\"@id\":\"https:\/\/blogs.thesocialmedia.com\/leblogmoto\/#website\",\"url\":\"https:\/\/blogs.thesocialmedia.com\/leblogmoto\/\",\"name\":\"leblogmoto\",\"description\":\"Toute l&#039;actualit\u00e9 des 2 roues\",\"potentialAction\":[{\"@type\":\"SearchAction\",\"target\":{\"@type\":\"EntryPoint\",\"urlTemplate\":\"https:\/\/blogs.thesocialmedia.com\/leblogmoto\/?s={search_term_string}\"},\"query-input\":{\"@type\":\"PropertyValueSpecification\",\"valueRequired\":true,\"valueName\":\"search_term_string\"}}],\"inLanguage\":\"fr-FR\"},{\"@type\":\"Person\",\"@id\":\"https:\/\/blogs.thesocialmedia.com\/leblogmoto\/#\/schema\/person\/80d2a078dbdb8b60abbd76bae6011f19\",\"name\":\"vincent vaillant\",\"image\":{\"@type\":\"ImageObject\",\"inLanguage\":\"fr-FR\",\"@id\":\"https:\/\/blogs.thesocialmedia.com\/leblogmoto\/#\/schema\/person\/image\/\",\"url\":\"https:\/\/secure.gravatar.com\/avatar\/?s=96&d=mm&r=g\",\"contentUrl\":\"https:\/\/secure.gravatar.com\/avatar\/?s=96&d=mm&r=g\",\"caption\":\"vincent vaillant\"},\"url\":\"https:\/\/blogs.thesocialmedia.com\/leblogmoto\/author\/vincent-vaillant\/\"}]}<\/script>\n<!-- \/ Yoast SEO plugin. -->","yoast_head_json":{"title":"Kawasaki VN 900 : mod\u00e8le 2006 - leblogmoto.com","robots":{"index":"index","follow":"follow","max-snippet":"max-snippet:-1","max-image-preview":"max-image-preview:large","max-video-preview":"max-video-preview:-1"},"canonical":"https:\/\/blogs.thesocialmedia.com\/leblogmoto\/2005\/09\/19\/kawasaki-vn-900\/","twitter_card":"summary_large_image","twitter_title":"Kawasaki VN 900 : mod\u00e8le 2006 - leblogmoto.com","twitter_description":"Apr\u00e8s la VN 2000, la VN 1600, voici venir la VN 900 qui viendra compl\u00e9ter la gamme de Kawasaki sur le segment des customs en fin d\u2019ann\u00e9e pour mieux concurrencer Harley-Davidson.Elle devrait reprendre bon nombre d\u2019\u00e9l\u00e9ments des deux pr\u00e9c\u00e9dentes au niveau moteur mais aussi d\u2019un point de vue esth\u00e9tique. Son Twin n\u2019aura heureusement rien \u00e0 [&hellip;]","twitter_image":"http:\/\/www.leblogmoto.com\/images\/vn1.jpg","twitter_misc":{"\u00c9crit par":"vincent vaillant","Dur\u00e9e de lecture estim\u00e9e":"1 minute"},"schema":{"@context":"https:\/\/schema.org","@graph":[{"@type":"WebPage","@id":"https:\/\/blogs.thesocialmedia.com\/leblogmoto\/2005\/09\/19\/kawasaki-vn-900\/","url":"https:\/\/blogs.thesocialmedia.com\/leblogmoto\/2005\/09\/19\/kawasaki-vn-900\/","name":"Kawasaki VN 900 : mod\u00e8le 2006 - leblogmoto.com","isPartOf":{"@id":"https:\/\/blogs.thesocialmedia.com\/leblogmoto\/#website"},"primaryImageOfPage":{"@id":"https:\/\/blogs.thesocialmedia.com\/leblogmoto\/2005\/09\/19\/kawasaki-vn-900\/#primaryimage"},"image":{"@id":"https:\/\/blogs.thesocialmedia.com\/leblogmoto\/2005\/09\/19\/kawasaki-vn-900\/#primaryimage"},"thumbnailUrl":"http:\/\/www.leblogmoto.com\/images\/vn1.jpg","datePublished":"2005-09-19T12:18:41+00:00","dateModified":"2012-07-11T13:42:57+00:00","author":{"@id":"https:\/\/blogs.thesocialmedia.com\/leblogmoto\/#\/schema\/person\/80d2a078dbdb8b60abbd76bae6011f19"},"breadcrumb":{"@id":"https:\/\/blogs.thesocialmedia.com\/leblogmoto\/2005\/09\/19\/kawasaki-vn-900\/#breadcrumb"},"inLanguage":"fr-FR","potentialAction":[{"@type":"ReadAction","target":["https:\/\/blogs.thesocialmedia.com\/leblogmoto\/2005\/09\/19\/kawasaki-vn-900\/"]}]},{"@type":"ImageObject","inLanguage":"fr-FR","@id":"https:\/\/blogs.thesocialmedia.com\/leblogmoto\/2005\/09\/19\/kawasaki-vn-900\/#primaryimage","url":"http:\/\/www.leblogmoto.com\/images\/vn1.jpg","contentUrl":"http:\/\/www.leblogmoto.com\/images\/vn1.jpg"},{"@type":"BreadcrumbList","@id":"https:\/\/blogs.thesocialmedia.com\/leblogmoto\/2005\/09\/19\/kawasaki-vn-900\/#breadcrumb","itemListElement":[{"@type":"ListItem","position":1,"name":"Accueil","item":"https:\/\/blogs.thesocialmedia.com\/leblogmoto\/"},{"@type":"ListItem","position":2,"name":"Kawasaki VN 900 : mod\u00e8le 2006"}]},{"@type":"WebSite","@id":"https:\/\/blogs.thesocialmedia.com\/leblogmoto\/#website","url":"https:\/\/blogs.thesocialmedia.com\/leblogmoto\/","name":"leblogmoto","description":"Toute l&#039;actualit\u00e9 des 2 roues","potentialAction":[{"@type":"SearchAction","target":{"@type":"EntryPoint","urlTemplate":"https:\/\/blogs.thesocialmedia.com\/leblogmoto\/?s={search_term_string}"},"query-input":{"@type":"PropertyValueSpecification","valueRequired":true,"valueName":"search_term_string"}}],"inLanguage":"fr-FR"},{"@type":"Person","@id":"https:\/\/blogs.thesocialmedia.com\/leblogmoto\/#\/schema\/person\/80d2a078dbdb8b60abbd76bae6011f19","name":"vincent vaillant","image":{"@type":"ImageObject","inLanguage":"fr-FR","@id":"https:\/\/blogs.thesocialmedia.com\/leblogmoto\/#\/schema\/person\/image\/","url":"https:\/\/secure.gravatar.com\/avatar\/?s=96&d=mm&r=g","contentUrl":"https:\/\/secure.gravatar.com\/avatar\/?s=96&d=mm&r=g","caption":"vincent vaillant"},"url":"https:\/\/blogs.thesocialmedia.com\/leblogmoto\/author\/vincent-vaillant\/"}]}},"_links":{"self":[{"href":"https:\/\/blogs.thesocialmedia.com\/leblogmoto\/wp-json\/wp\/v2\/posts\/2427","targetHints":{"allow":["GET"]}}],"collection":[{"href":"https:\/\/blogs.thesocialmedia.com\/leblogmoto\/wp-json\/wp\/v2\/posts"}],"about":[{"href":"https:\/\/blogs.thesocialmedia.com\/leblogmoto\/wp-json\/wp\/v2\/types\/post"}],"author":[{"embeddable":true,"href":"https:\/\/blogs.thesocialmedia.com\/leblogmoto\/wp-json\/wp\/v2\/users\/338"}],"replies":[{"embeddable":true,"href":"https:\/\/blogs.thesocialmedia.com\/leblogmoto\/wp-json\/wp\/v2\/comments?post=2427"}],"version-history":[{"count":2,"href":"https:\/\/blogs.thesocialmedia.com\/leblogmoto\/wp-json\/wp\/v2\/posts\/2427\/revisions"}],"predecessor-version":[{"id":5728,"href":"https:\/\/blogs.thesocialmedia.com\/leblogmoto\/wp-json\/wp\/v2\/posts\/2427\/revisions\/5728"}],"wp:attachment":[{"href":"https:\/\/blogs.thesocialmedia.com\/leblogmoto\/wp-json\/wp\/v2\/media?parent=2427"}],"wp:term":[{"taxonomy":"category","embeddable":true,"href":"https:\/\/blogs.thesocialmedia.com\/leblogmoto\/wp-json\/wp\/v2\/categories?post=2427"},{"taxonomy":"post_tag","embeddable":true,"href":"https:\/\/blogs.thesocialmedia.com\/leblogmoto\/wp-json\/wp\/v2\/tags?post=2427"}],"curies":[{"name":"wp","href":"https:\/\/api.w.org\/{rel}","templated":true}]}}