{"id":243,"date":"2009-03-04T04:26:07","date_gmt":"2009-03-04T04:26:07","guid":{"rendered":"http:\/\/blogs.thesocialmedia.com\/leblogmoto\/2009\/03\/04\/anke-eve-goldma\/"},"modified":"2012-07-11T17:09:13","modified_gmt":"2012-07-11T17:09:13","slug":"anke-eve-goldma","status":"publish","type":"post","link":"https:\/\/blogs.thesocialmedia.com\/leblogmoto\/2009\/03\/04\/anke-eve-goldma\/","title":{"rendered":"Anke-Eve Goldmann, dure \u00e0 cuir"},"content":{"rendered":"<p><a href=\"http:\/\/blogs.thesocialmedia.com\/leblogmoto\/files\/2012\/07\/anke1_2.jpg\"><img loading=\"lazy\" decoding=\"async\" width=\"470\" height=\"316\"  src=\"http:\/\/www.leblogmoto.com\/images\/2009\/03\/03\/anke1_2.jpg\" alt=\"Anke1_2\" \/><\/a> <\/p>\n<p>Il y a des destins particuliers, des gens pour qui l\u2019id\u00e9e d\u2019un train train p\u00e9p\u00e8re semble inimaginable, et faisant de leurs r\u00eaves une aventure quotidienne, plut\u00f4t qu\u2019un devenir flou \u00e0 l\u2019avenir incertain et sans cesse repouss\u00e9.<br \/>Anke-Eve Goldmann, que je vous pr\u00e9sente ici, est de ces femmes qui a une \u00e9poque o\u00f9, m\u00eame un homme suivant un chemin similaire \u00e9tait consid\u00e9r\u00e9 comme un aventurier, n\u2019h\u00e9sita jamais \u00e0 vivre sa vie, si je peux me permettre d\u2019emprunter \u00e0 Godard.<\/p>\n<p>Le peu que l\u2019on sait d\u2019elle d\u00e9bute dans les ann\u00e9es 50 en Allemagne. Elle enseigne l\u2019allemand aux enfants des soldats am\u00e9ricains dans une base de l\u2019US Air Force. Mais sa passion est ailleurs, elle vit sur les circuits d\u2019Hockenheim et du Nurburgring o\u00f9, d\u2019abord sur une BMW R67, puis une R69, elle participe \u00e0 toutes les comp\u00e9titions possibles, hiver comme \u00e9t\u00e9.<br \/>En 1958, avec quelques autres enthousiastes des deux roues dont Ellen Pfeiffer, une compatriote instigatrice du projet, elles formeront la branche europ\u00e9enne de la <a href=\"http:\/\/www.wimaworld.com\/\">WIMA<\/a> (Women\u2019s International motorcycling Association).<br \/>Allemande, il \u00e9tait tout \u00e0 fait naturel qu\u2019elle privil\u00e9gie la marque Bavaroise, mais au d\u00e9but des ann\u00e9es 70, au mitan de sa vie, elle se laissera s\u00e9duire par le c\u00f4t\u00e9 latin d\u2019une MV Agusta 750S, un caf\u00e9 racer bien cors\u00e9, nerveux et rapide en diable, bruyante et plus fragile que ses anciennes BMW, mais O combien plus exaltante. Elle devait \u00eatre, \u00e0 l\u2019\u00e9poque, une des rares femmes \u00e0 foncer avec de tels engins, engins que bien des hommes n\u2019osaient approcher, encore moins attaquer comme s\u2019il n\u2019y avait pas de lendemain \u00e0 son guidon.<\/p>\n<p><a href=\"http:\/\/clabedan.typepad.com\/.shared\/image.html?\/photos\/uncategorized\/2009\/03\/03\/anke2.jpg\"><img loading=\"lazy\" decoding=\"async\" width=\"470\" height=\"689\"  src=\"http:\/\/www.leblogmoto.com\/images\/2009\/03\/03\/anke2.jpg\" alt=\"Anke2\" \/><\/a> <\/p>\n<p>Grande et bard\u00e9e de cuirs de la t\u00eate aux pieds, sa seule pr\u00e9sence pouvait impressionner les timor\u00e9s, imaginez-la maintenant, fon\u00e7ant au guidon d\u2019une de ses grosses BMW ou de sa MV p\u00e9taradante, et l\u2019effet devait marquer les m\u00e9moires.<br \/>Elle d\u00e9veloppa elle-m\u00eame ses cuirs, y allant de l\u2019invention du zip \u00e0 la diagonale, servant mieux son anatomie que la formulation classique port\u00e9e par les hommes. Sa petite contribution \u00e0 la mode vestimentaire fut m\u00eame mise en march\u00e9 et connue un certain succ\u00e8s, puisque m\u00eame repris par la tr\u00e8s sexy Emma Peel de la s\u00e9rie <a href=\"http:\/\/en.wikipedia.org\/wiki\/The_Avengers_(TV_series)\">Chapeau melon et bottes de cuir<\/a>.<\/p>\n<p>Et puis un jour, \u00e0 la suite du d\u00e9c\u00e8s d\u2019un ami proche dans un accident de moto, elle d\u00e9laissa du jour au lendemain la pratique de la moto, pour une vie d\u2019aventuri\u00e8re en Asie, pratiquant seule un tourisme de boh\u00e9mienne, avec sac \u00e0 dos et sandales aux pieds.<\/p>\n<p>Pour qui aurait d\u2019anciens num\u00e9ros de <a href=\"http:\/\/www.motorevue.com\/site\/article-retro-38.html\">Moto Revue<\/a> de la fin des ann\u00e9es 50 et d\u00e9but 60, Anke-Eve Goldmann y collaborait assez r\u00e9guli\u00e8rement.<\/p>\n<p><a href=\"http:\/\/clabedan.typepad.com\/.shared\/image.html?\/photos\/uncategorized\/2009\/03\/03\/anke3.jpg\"><img loading=\"lazy\" decoding=\"async\" width=\"470\" height=\"411\"  src=\"http:\/\/www.leblogmoto.com\/images\/2009\/03\/03\/anke3.jpg\" alt=\"Anke3\" \/><\/a> <\/p>\n<p><a href=\"http:\/\/blogs.thesocialmedia.com\/leblogmoto\/files\/2012\/07\/anke4.jpg\"><img loading=\"lazy\" decoding=\"async\" width=\"470\" height=\"746\"  src=\"http:\/\/www.leblogmoto.com\/images\/2009\/03\/03\/anke4.jpg\" alt=\"Anke4\" \/><\/a> <\/p>\n<p><a href=\"http:\/\/blogs.thesocialmedia.com\/leblogmoto\/files\/2012\/07\/anke5.jpg\"><img loading=\"lazy\" decoding=\"async\" width=\"470\" height=\"320\"  src=\"http:\/\/www.leblogmoto.com\/images\/2009\/03\/03\/anke5.jpg\" alt=\"Anke5\" \/><\/a> <\/p>\n<p><a href=\"http:\/\/blogs.thesocialmedia.com\/leblogmoto\/files\/2012\/07\/anke6.jpg\"><img loading=\"lazy\" decoding=\"async\" width=\"470\" height=\"316\"  src=\"http:\/\/www.leblogmoto.com\/images\/2009\/03\/03\/anke6.jpg\" alt=\"Anke6\" \/><\/a> <\/p>\n<p><a href=\"http:\/\/blogs.thesocialmedia.com\/leblogmoto\/files\/2012\/07\/anke7.jpg\"><img loading=\"lazy\" decoding=\"async\" width=\"470\" height=\"664\"  src=\"http:\/\/www.leblogmoto.com\/images\/2009\/03\/03\/anke7.jpg\" alt=\"Anke7\" \/><\/a> <\/p>\n<p>Via <a href=\"http:\/\/thevintagent.blogspot.com\/\"><em>The Vintagent<\/em><\/a><\/p>\n","protected":false},"excerpt":{"rendered":"<p>Il y a des destins particuliers, des gens pour qui l\u2019id\u00e9e d\u2019un train train p\u00e9p\u00e8re semble inimaginable, et faisant de leurs r\u00eaves une aventure quotidienne, plut\u00f4t qu\u2019un devenir flou \u00e0 l\u2019avenir incertain et sans cesse repouss\u00e9.Anke-Eve Goldmann, que je vous pr\u00e9sente ici, est de ces femmes qui a une \u00e9poque o\u00f9, m\u00eame un homme suivant [&hellip;]<\/p>\n","protected":false},"author":325,"featured_media":0,"comment_status":"open","ping_status":"open","sticky":false,"template":"","format":"standard","meta":{"footnotes":""},"categories":[7,9,50],"tags":[],"class_list":["post-243","post","type-post","status-publish","format-standard","hentry","category-bmw","category-historique","category-mv-agusta"],"yoast_head":"<!-- This site is optimized with the Yoast SEO plugin v26.0 - https:\/\/yoast.com\/wordpress\/plugins\/seo\/ -->\n<title>Anke-Eve Goldmann, dure \u00e0 cuir - leblogmoto.com<\/title>\n<meta name=\"robots\" content=\"index, follow, max-snippet:-1, max-image-preview:large, max-video-preview:-1\" \/>\n<link rel=\"canonical\" href=\"https:\/\/blogs.thesocialmedia.com\/leblogmoto\/2009\/03\/04\/anke-eve-goldma\/\" \/>\n<meta name=\"twitter:card\" content=\"summary_large_image\" \/>\n<meta name=\"twitter:title\" content=\"Anke-Eve Goldmann, dure \u00e0 cuir - leblogmoto.com\" \/>\n<meta name=\"twitter:description\" content=\"Il y a des destins particuliers, des gens pour qui l\u2019id\u00e9e d\u2019un train train p\u00e9p\u00e8re semble inimaginable, et faisant de leurs r\u00eaves une aventure quotidienne, plut\u00f4t qu\u2019un devenir flou \u00e0 l\u2019avenir incertain et sans cesse repouss\u00e9.Anke-Eve Goldmann, que je vous pr\u00e9sente ici, est de ces femmes qui a une \u00e9poque o\u00f9, m\u00eame un homme suivant [&hellip;]\" \/>\n<meta name=\"twitter:image\" content=\"http:\/\/www.leblogmoto.com\/images\/2009\/03\/03\/anke1_2.jpg\" \/>\n<meta name=\"twitter:label1\" content=\"\u00c9crit par\" \/>\n\t<meta name=\"twitter:data1\" content=\"jacques lesage\" \/>\n\t<meta name=\"twitter:label2\" content=\"Dur\u00e9e de lecture estim\u00e9e\" \/>\n\t<meta name=\"twitter:data2\" content=\"2 minutes\" \/>\n<script type=\"application\/ld+json\" class=\"yoast-schema-graph\">{\"@context\":\"https:\/\/schema.org\",\"@graph\":[{\"@type\":\"WebPage\",\"@id\":\"https:\/\/blogs.thesocialmedia.com\/leblogmoto\/2009\/03\/04\/anke-eve-goldma\/\",\"url\":\"https:\/\/blogs.thesocialmedia.com\/leblogmoto\/2009\/03\/04\/anke-eve-goldma\/\",\"name\":\"Anke-Eve Goldmann, dure \u00e0 cuir - leblogmoto.com\",\"isPartOf\":{\"@id\":\"https:\/\/blogs.thesocialmedia.com\/leblogmoto\/#website\"},\"primaryImageOfPage\":{\"@id\":\"https:\/\/blogs.thesocialmedia.com\/leblogmoto\/2009\/03\/04\/anke-eve-goldma\/#primaryimage\"},\"image\":{\"@id\":\"https:\/\/blogs.thesocialmedia.com\/leblogmoto\/2009\/03\/04\/anke-eve-goldma\/#primaryimage\"},\"thumbnailUrl\":\"http:\/\/www.leblogmoto.com\/images\/2009\/03\/03\/anke1_2.jpg\",\"datePublished\":\"2009-03-04T04:26:07+00:00\",\"dateModified\":\"2012-07-11T17:09:13+00:00\",\"author\":{\"@id\":\"https:\/\/blogs.thesocialmedia.com\/leblogmoto\/#\/schema\/person\/e82a0ca8a9a63d031586097a3ed58526\"},\"breadcrumb\":{\"@id\":\"https:\/\/blogs.thesocialmedia.com\/leblogmoto\/2009\/03\/04\/anke-eve-goldma\/#breadcrumb\"},\"inLanguage\":\"fr-FR\",\"potentialAction\":[{\"@type\":\"ReadAction\",\"target\":[\"https:\/\/blogs.thesocialmedia.com\/leblogmoto\/2009\/03\/04\/anke-eve-goldma\/\"]}]},{\"@type\":\"ImageObject\",\"inLanguage\":\"fr-FR\",\"@id\":\"https:\/\/blogs.thesocialmedia.com\/leblogmoto\/2009\/03\/04\/anke-eve-goldma\/#primaryimage\",\"url\":\"http:\/\/www.leblogmoto.com\/images\/2009\/03\/03\/anke1_2.jpg\",\"contentUrl\":\"http:\/\/www.leblogmoto.com\/images\/2009\/03\/03\/anke1_2.jpg\"},{\"@type\":\"BreadcrumbList\",\"@id\":\"https:\/\/blogs.thesocialmedia.com\/leblogmoto\/2009\/03\/04\/anke-eve-goldma\/#breadcrumb\",\"itemListElement\":[{\"@type\":\"ListItem\",\"position\":1,\"name\":\"Accueil\",\"item\":\"https:\/\/blogs.thesocialmedia.com\/leblogmoto\/\"},{\"@type\":\"ListItem\",\"position\":2,\"name\":\"Anke-Eve Goldmann, dure \u00e0 cuir\"}]},{\"@type\":\"WebSite\",\"@id\":\"https:\/\/blogs.thesocialmedia.com\/leblogmoto\/#website\",\"url\":\"https:\/\/blogs.thesocialmedia.com\/leblogmoto\/\",\"name\":\"leblogmoto\",\"description\":\"Toute l&#039;actualit\u00e9 des 2 roues\",\"potentialAction\":[{\"@type\":\"SearchAction\",\"target\":{\"@type\":\"EntryPoint\",\"urlTemplate\":\"https:\/\/blogs.thesocialmedia.com\/leblogmoto\/?s={search_term_string}\"},\"query-input\":{\"@type\":\"PropertyValueSpecification\",\"valueRequired\":true,\"valueName\":\"search_term_string\"}}],\"inLanguage\":\"fr-FR\"},{\"@type\":\"Person\",\"@id\":\"https:\/\/blogs.thesocialmedia.com\/leblogmoto\/#\/schema\/person\/e82a0ca8a9a63d031586097a3ed58526\",\"name\":\"jacques lesage\",\"image\":{\"@type\":\"ImageObject\",\"inLanguage\":\"fr-FR\",\"@id\":\"https:\/\/blogs.thesocialmedia.com\/leblogmoto\/#\/schema\/person\/image\/\",\"url\":\"https:\/\/secure.gravatar.com\/avatar\/?s=96&d=mm&r=g\",\"contentUrl\":\"https:\/\/secure.gravatar.com\/avatar\/?s=96&d=mm&r=g\",\"caption\":\"jacques lesage\"},\"url\":\"https:\/\/blogs.thesocialmedia.com\/leblogmoto\/author\/jacques-lesage\/\"}]}<\/script>\n<!-- \/ Yoast SEO plugin. -->","yoast_head_json":{"title":"Anke-Eve Goldmann, dure \u00e0 cuir - leblogmoto.com","robots":{"index":"index","follow":"follow","max-snippet":"max-snippet:-1","max-image-preview":"max-image-preview:large","max-video-preview":"max-video-preview:-1"},"canonical":"https:\/\/blogs.thesocialmedia.com\/leblogmoto\/2009\/03\/04\/anke-eve-goldma\/","twitter_card":"summary_large_image","twitter_title":"Anke-Eve Goldmann, dure \u00e0 cuir - leblogmoto.com","twitter_description":"Il y a des destins particuliers, des gens pour qui l\u2019id\u00e9e d\u2019un train train p\u00e9p\u00e8re semble inimaginable, et faisant de leurs r\u00eaves une aventure quotidienne, plut\u00f4t qu\u2019un devenir flou \u00e0 l\u2019avenir incertain et sans cesse repouss\u00e9.Anke-Eve Goldmann, que je vous pr\u00e9sente ici, est de ces femmes qui a une \u00e9poque o\u00f9, m\u00eame un homme suivant [&hellip;]","twitter_image":"http:\/\/www.leblogmoto.com\/images\/2009\/03\/03\/anke1_2.jpg","twitter_misc":{"\u00c9crit par":"jacques lesage","Dur\u00e9e de lecture estim\u00e9e":"2 minutes"},"schema":{"@context":"https:\/\/schema.org","@graph":[{"@type":"WebPage","@id":"https:\/\/blogs.thesocialmedia.com\/leblogmoto\/2009\/03\/04\/anke-eve-goldma\/","url":"https:\/\/blogs.thesocialmedia.com\/leblogmoto\/2009\/03\/04\/anke-eve-goldma\/","name":"Anke-Eve Goldmann, dure \u00e0 cuir - leblogmoto.com","isPartOf":{"@id":"https:\/\/blogs.thesocialmedia.com\/leblogmoto\/#website"},"primaryImageOfPage":{"@id":"https:\/\/blogs.thesocialmedia.com\/leblogmoto\/2009\/03\/04\/anke-eve-goldma\/#primaryimage"},"image":{"@id":"https:\/\/blogs.thesocialmedia.com\/leblogmoto\/2009\/03\/04\/anke-eve-goldma\/#primaryimage"},"thumbnailUrl":"http:\/\/www.leblogmoto.com\/images\/2009\/03\/03\/anke1_2.jpg","datePublished":"2009-03-04T04:26:07+00:00","dateModified":"2012-07-11T17:09:13+00:00","author":{"@id":"https:\/\/blogs.thesocialmedia.com\/leblogmoto\/#\/schema\/person\/e82a0ca8a9a63d031586097a3ed58526"},"breadcrumb":{"@id":"https:\/\/blogs.thesocialmedia.com\/leblogmoto\/2009\/03\/04\/anke-eve-goldma\/#breadcrumb"},"inLanguage":"fr-FR","potentialAction":[{"@type":"ReadAction","target":["https:\/\/blogs.thesocialmedia.com\/leblogmoto\/2009\/03\/04\/anke-eve-goldma\/"]}]},{"@type":"ImageObject","inLanguage":"fr-FR","@id":"https:\/\/blogs.thesocialmedia.com\/leblogmoto\/2009\/03\/04\/anke-eve-goldma\/#primaryimage","url":"http:\/\/www.leblogmoto.com\/images\/2009\/03\/03\/anke1_2.jpg","contentUrl":"http:\/\/www.leblogmoto.com\/images\/2009\/03\/03\/anke1_2.jpg"},{"@type":"BreadcrumbList","@id":"https:\/\/blogs.thesocialmedia.com\/leblogmoto\/2009\/03\/04\/anke-eve-goldma\/#breadcrumb","itemListElement":[{"@type":"ListItem","position":1,"name":"Accueil","item":"https:\/\/blogs.thesocialmedia.com\/leblogmoto\/"},{"@type":"ListItem","position":2,"name":"Anke-Eve Goldmann, dure \u00e0 cuir"}]},{"@type":"WebSite","@id":"https:\/\/blogs.thesocialmedia.com\/leblogmoto\/#website","url":"https:\/\/blogs.thesocialmedia.com\/leblogmoto\/","name":"leblogmoto","description":"Toute l&#039;actualit\u00e9 des 2 roues","potentialAction":[{"@type":"SearchAction","target":{"@type":"EntryPoint","urlTemplate":"https:\/\/blogs.thesocialmedia.com\/leblogmoto\/?s={search_term_string}"},"query-input":{"@type":"PropertyValueSpecification","valueRequired":true,"valueName":"search_term_string"}}],"inLanguage":"fr-FR"},{"@type":"Person","@id":"https:\/\/blogs.thesocialmedia.com\/leblogmoto\/#\/schema\/person\/e82a0ca8a9a63d031586097a3ed58526","name":"jacques lesage","image":{"@type":"ImageObject","inLanguage":"fr-FR","@id":"https:\/\/blogs.thesocialmedia.com\/leblogmoto\/#\/schema\/person\/image\/","url":"https:\/\/secure.gravatar.com\/avatar\/?s=96&d=mm&r=g","contentUrl":"https:\/\/secure.gravatar.com\/avatar\/?s=96&d=mm&r=g","caption":"jacques lesage"},"url":"https:\/\/blogs.thesocialmedia.com\/leblogmoto\/author\/jacques-lesage\/"}]}},"_links":{"self":[{"href":"https:\/\/blogs.thesocialmedia.com\/leblogmoto\/wp-json\/wp\/v2\/posts\/243","targetHints":{"allow":["GET"]}}],"collection":[{"href":"https:\/\/blogs.thesocialmedia.com\/leblogmoto\/wp-json\/wp\/v2\/posts"}],"about":[{"href":"https:\/\/blogs.thesocialmedia.com\/leblogmoto\/wp-json\/wp\/v2\/types\/post"}],"author":[{"embeddable":true,"href":"https:\/\/blogs.thesocialmedia.com\/leblogmoto\/wp-json\/wp\/v2\/users\/325"}],"replies":[{"embeddable":true,"href":"https:\/\/blogs.thesocialmedia.com\/leblogmoto\/wp-json\/wp\/v2\/comments?post=243"}],"version-history":[{"count":2,"href":"https:\/\/blogs.thesocialmedia.com\/leblogmoto\/wp-json\/wp\/v2\/posts\/243\/revisions"}],"predecessor-version":[{"id":12871,"href":"https:\/\/blogs.thesocialmedia.com\/leblogmoto\/wp-json\/wp\/v2\/posts\/243\/revisions\/12871"}],"wp:attachment":[{"href":"https:\/\/blogs.thesocialmedia.com\/leblogmoto\/wp-json\/wp\/v2\/media?parent=243"}],"wp:term":[{"taxonomy":"category","embeddable":true,"href":"https:\/\/blogs.thesocialmedia.com\/leblogmoto\/wp-json\/wp\/v2\/categories?post=243"},{"taxonomy":"post_tag","embeddable":true,"href":"https:\/\/blogs.thesocialmedia.com\/leblogmoto\/wp-json\/wp\/v2\/tags?post=243"}],"curies":[{"name":"wp","href":"https:\/\/api.w.org\/{rel}","templated":true}]}}