{"id":2433,"date":"2005-09-18T16:19:27","date_gmt":"2005-09-18T16:19:27","guid":{"rendered":"http:\/\/blogs.thesocialmedia.com\/leblogmoto\/2005\/09\/18\/on-parle-de-plu\/"},"modified":"2012-07-11T13:21:13","modified_gmt":"2012-07-11T13:21:13","slug":"on-parle-de-plu","status":"publish","type":"post","link":"https:\/\/blogs.thesocialmedia.com\/leblogmoto\/2005\/09\/18\/on-parle-de-plu\/","title":{"rendered":"Motorisation hybride"},"content":{"rendered":"<p><a href=\"http:\/\/clabedan.typepad.com\/photos\/uncategorized\/giant_lite_blogimage.jpg\"><img loading=\"lazy\" decoding=\"async\" height=\"164\" alt=\"Giant_lite_blogimage\" src=\"http:\/\/www.leblogauto.com\/images\/giant_lite_blogimage.jpg\" width=\"250\"  \/><\/a>On parle de plus en plus de &quot;<a href=\"http:\/\/www.google.com\/search?q=moteurs+hybrides&amp;btnG=Recherche&amp;domains=http%3A%2F%2Fwww.leblogauto.com&amp;sitesearch=http%3A%2F%2Fwww.leblogauto.com\">motorisation hybride<\/a>&quot;, mais pourquoi pas &quot;d&rsquo;utilisation hybride&quot; \u00e9galement ? Si l&rsquo;on regarde bien, on pourrait parfois utiliser un moyen de locomotion alternatif dans certains cas, et garder notre ch\u00e8re voiture pour les utilisations pratiques et plaisirs. Et afin de pousser la reflexion \u00e0 son maximum, pourquoi ne pas se tourner vers des produits \u00e0 motorisation hybride, pas uniquement reserv\u00e9s au nos ch\u00e8res automobiles ? <\/p>\n<p><a href=\"http:\/\/clabedan.typepad.com\/photos\/uncategorized\/velosolex.jpg\"><img loading=\"lazy\" decoding=\"async\" height=\"187\" alt=\"Velosolex\" src=\"http:\/\/www.leblogauto.com\/images\/velosolex.jpg\" width=\"250\"  \/><\/a>En motorisation Hybride humain-essence, pourquoi ne pas craquer pour un <a href=\"http:\/\/solexin.free.fr\/\">Solex<\/a>, eh oui ce dernier fait son retour en force en 2005 avec pas moins de 2 mod\u00e8les disponibles sur le march\u00e9. Le <a href=\"http:\/\/www.blacknroll.com\/\">Black and Roll<\/a>, et \u00e9galement le Solex revu et corrig\u00e9 par <a href=\"http:\/\/solexin.free.fr\/actualite\/sinbar\/communique-20050511.html\">Pininfarina<\/a> qui seront tous deux pr\u00e9sent au <a href=\"http:\/\/www.leblogmoto.com\/2005\/09\/mondial_du_deux.html\">Mondial du 2 Roues<\/a> d\u00e9but octobre. Le solex est peu polluant ( 1,2 litres au cent km), <a href=\"http:\/\/www.levintage.com\/\">un brin vintage<\/a>, et assez s\u00e9curisant (vitesse limit\u00e9e \u00e0 36km\/h) sauf sous la pluie ou la traction avant par gallet peut poser soucis pour certains ! Enfin \u00e9conomique \u00e0 l&rsquo;achat en version <a href=\"http:\/\/cyclo60.myouebe.net\/3800\/3800.asp\">S3800<\/a> la plus fiable et aboutie, car disponible <a href=\"http:\/\/search.ebay.fr\/solex_W0QQfromZR40QQfsooZ2QQfsopZ3QQsbrsrtZl\">sur Ebay \u00e0 partir de 200 Euros<\/a>, bref un bon choix, qui n\u00e9cessite tout de m\u00eame une assurance, un casque, et pour les nouveaux mod\u00e8le l&rsquo;immatriculation&#8230;<\/p>\n<p>En motorisation Hybride humain-electrique, j&rsquo;ai cit\u00e9 les VAE (<a href=\"http:\/\/cyclurba.free.fr\/vae-menu.php\">V\u00e9lo \u00e0 Assistance Electrique<\/a>). Et l\u00e0, croyez moi il y a \u00e0 boire et \u00e0 manger. Les chinois, les fran\u00e7ais, les allemands, les am\u00e9ricains, bref tout le monde est sur le coup, et mieux vaut faire le bon choix pour ne pas se retrouver au guidon d&rsquo;une pile g\u00e9ante \u00e0 2 roues&#8230; Le Blog Moto a fait le travail pour vous, et vous a d\u00e9got\u00e9 ce qui se fait de mieux sur le march\u00e9 et <a href=\"http:\/\/www.parisquadvisit.com\/fr\/\">m\u00eame un loueur<\/a> pour tester le concept. A noter que la <a href=\"http:\/\/cyclurba.free.fr\/vae-homologation.php\">r\u00e9glementation<\/a> en la mati\u00e8re est tr\u00e8s stricte. Pour r\u00e9sumer l&rsquo;assitance ne doit pas fonctionner au del\u00e0 de 25km\/h, et la<br \/>puissance du moteur ne doit pas exceder 250 Watt. <\/p>\n<p>Disponible sur le march\u00e9 fran\u00e7ais, et le plus plebiscit\u00e9 le <a href=\"http:\/\/www.veloelectro.com\/velos_electriques_gitane_E-Bike_Pack.php\">Gitane ebike<\/a> disponible chez <a href=\"http:\/\/www.velo-oxygen.fr\/\">Velo &amp; Oxyg\u00e8ne<\/a> pour la somme de 999 Euros. <a href=\"http:\/\/www.velo-electrique.com\/Pages\/accueil.htm\">Un autre constructeur fran\u00e7ais, ISD<\/a>, propose une large gamme de produits allant de 900 \u00e0 pr\u00e8s de 1500 Euros. Chez nos voisins outre-manche, la soci\u00e9t\u00e9 <a href=\"http:\/\/www.powabyke.com\/index.html\">Powabyke<\/a> propose une large gamme, allant de 950 Euros \u00e0 plus de 1300 Euros, avec des looks plus ou moins r\u00e9ussi, mais un avec un poid pour certains mod\u00e8le qui frole les 40 kg !<\/p>\n<p>En Allemagne, on trouve la marque Sachs et Estelle, avec des v\u00e9los style hollandais mais assez cher<br \/>(pas moins de 1500 Euros) mais avec une fiabilt\u00e9 \u00e0 toute \u00e9preuve, on pourrait l&rsquo;imaginer. Enfin, <a href=\"http:\/\/www.giant-bicycles.com\/us\/030.000.000\/030.000.000.asp?range=218\">le constructeur Giant<\/a>, propose \u00e9galement une large gamme de VAE, qui au niveau design et ergonomie poss\u00e8de une certaine longueur d&rsquo;avance sur les mod\u00e8les Europeens. Le must en la mati\u00e8re pourrait bien \u00eatre le <a href=\"http:\/\/www.giant-bicycles.com\/us\/030.000.000\/030.000.000.asp?model=11119\">Giant Lite<\/a>, avec pas plus de 20kg \u00e0 la pes\u00e9e et un look d&rsquo;enfer !<\/p>\n<p>A vous de voir et de d\u00e9cider. Juste quelques derniers conseils pour que vous puissiez faire votre choix. L&rsquo;utilisation que vous allez faire de votre 2 roues est primordiale. Trajet quotidien ou promenade, le choix peut varier d&rsquo;un extr\u00e8me \u00e0 l&rsquo;autre. L&rsquo;autonomie, le poids, et la fiabilit\u00e9 seront des crit\u00e8res \u00e0 examiner de tr\u00e8s pr\u00e8s&#8230;<\/p>\n","protected":false},"excerpt":{"rendered":"<p>On parle de plus en plus de &quot;motorisation hybride&quot;, mais pourquoi pas &quot;d&rsquo;utilisation hybride&quot; \u00e9galement ? Si l&rsquo;on regarde bien, on pourrait parfois utiliser un moyen de locomotion alternatif dans certains cas, et garder notre ch\u00e8re voiture pour les utilisations pratiques et plaisirs. Et afin de pousser la reflexion \u00e0 son maximum, pourquoi ne pas [&hellip;]<\/p>\n","protected":false},"author":219,"featured_media":14496,"comment_status":"open","ping_status":"open","sticky":false,"template":"","format":"standard","meta":{"footnotes":""},"categories":[17],"tags":[],"class_list":["post-2433","post","type-post","status-publish","format-standard","has-post-thumbnail","hentry","category-divers"],"yoast_head":"<!-- This site is optimized with the Yoast SEO plugin v26.0 - https:\/\/yoast.com\/wordpress\/plugins\/seo\/ -->\n<title>Motorisation hybride - leblogmoto.com<\/title>\n<meta name=\"robots\" content=\"index, follow, max-snippet:-1, max-image-preview:large, max-video-preview:-1\" \/>\n<link rel=\"canonical\" href=\"https:\/\/blogs.thesocialmedia.com\/leblogmoto\/2005\/09\/18\/on-parle-de-plu\/\" \/>\n<meta name=\"twitter:card\" content=\"summary_large_image\" \/>\n<meta name=\"twitter:title\" content=\"Motorisation hybride - leblogmoto.com\" \/>\n<meta name=\"twitter:description\" content=\"On parle de plus en plus de &quot;motorisation hybride&quot;, mais pourquoi pas &quot;d&rsquo;utilisation hybride&quot; \u00e9galement ? Si l&rsquo;on regarde bien, on pourrait parfois utiliser un moyen de locomotion alternatif dans certains cas, et garder notre ch\u00e8re voiture pour les utilisations pratiques et plaisirs. Et afin de pousser la reflexion \u00e0 son maximum, pourquoi ne pas [&hellip;]\" \/>\n<meta name=\"twitter:image\" content=\"https:\/\/blogs.thesocialmedia.com\/leblogmoto\/files\/2012\/07\/giant_lite_blogimage.jpg\" \/>\n<meta name=\"twitter:label1\" content=\"\u00c9crit par\" \/>\n\t<meta name=\"twitter:data1\" content=\"David Christian Koskas\" \/>\n\t<meta name=\"twitter:label2\" content=\"Dur\u00e9e de lecture estim\u00e9e\" \/>\n\t<meta name=\"twitter:data2\" content=\"3 minutes\" \/>\n<script type=\"application\/ld+json\" class=\"yoast-schema-graph\">{\"@context\":\"https:\/\/schema.org\",\"@graph\":[{\"@type\":\"WebPage\",\"@id\":\"https:\/\/blogs.thesocialmedia.com\/leblogmoto\/2005\/09\/18\/on-parle-de-plu\/\",\"url\":\"https:\/\/blogs.thesocialmedia.com\/leblogmoto\/2005\/09\/18\/on-parle-de-plu\/\",\"name\":\"Motorisation hybride - leblogmoto.com\",\"isPartOf\":{\"@id\":\"https:\/\/blogs.thesocialmedia.com\/leblogmoto\/#website\"},\"primaryImageOfPage\":{\"@id\":\"https:\/\/blogs.thesocialmedia.com\/leblogmoto\/2005\/09\/18\/on-parle-de-plu\/#primaryimage\"},\"image\":{\"@id\":\"https:\/\/blogs.thesocialmedia.com\/leblogmoto\/2005\/09\/18\/on-parle-de-plu\/#primaryimage\"},\"thumbnailUrl\":\"https:\/\/blogs.thesocialmedia.com\/leblogmoto\/files\/2012\/07\/giant_lite_blogimage.jpg\",\"datePublished\":\"2005-09-18T16:19:27+00:00\",\"dateModified\":\"2012-07-11T13:21:13+00:00\",\"author\":{\"@id\":\"https:\/\/blogs.thesocialmedia.com\/leblogmoto\/#\/schema\/person\/deb0b0db470c11cf82cbc870c241f979\"},\"breadcrumb\":{\"@id\":\"https:\/\/blogs.thesocialmedia.com\/leblogmoto\/2005\/09\/18\/on-parle-de-plu\/#breadcrumb\"},\"inLanguage\":\"fr-FR\",\"potentialAction\":[{\"@type\":\"ReadAction\",\"target\":[\"https:\/\/blogs.thesocialmedia.com\/leblogmoto\/2005\/09\/18\/on-parle-de-plu\/\"]}]},{\"@type\":\"ImageObject\",\"inLanguage\":\"fr-FR\",\"@id\":\"https:\/\/blogs.thesocialmedia.com\/leblogmoto\/2005\/09\/18\/on-parle-de-plu\/#primaryimage\",\"url\":\"https:\/\/blogs.thesocialmedia.com\/leblogmoto\/files\/2012\/07\/giant_lite_blogimage.jpg\",\"contentUrl\":\"https:\/\/blogs.thesocialmedia.com\/leblogmoto\/files\/2012\/07\/giant_lite_blogimage.jpg\",\"width\":\"250\",\"height\":\"164\"},{\"@type\":\"BreadcrumbList\",\"@id\":\"https:\/\/blogs.thesocialmedia.com\/leblogmoto\/2005\/09\/18\/on-parle-de-plu\/#breadcrumb\",\"itemListElement\":[{\"@type\":\"ListItem\",\"position\":1,\"name\":\"Accueil\",\"item\":\"https:\/\/blogs.thesocialmedia.com\/leblogmoto\/\"},{\"@type\":\"ListItem\",\"position\":2,\"name\":\"Motorisation hybride\"}]},{\"@type\":\"WebSite\",\"@id\":\"https:\/\/blogs.thesocialmedia.com\/leblogmoto\/#website\",\"url\":\"https:\/\/blogs.thesocialmedia.com\/leblogmoto\/\",\"name\":\"leblogmoto\",\"description\":\"Toute l&#039;actualit\u00e9 des 2 roues\",\"potentialAction\":[{\"@type\":\"SearchAction\",\"target\":{\"@type\":\"EntryPoint\",\"urlTemplate\":\"https:\/\/blogs.thesocialmedia.com\/leblogmoto\/?s={search_term_string}\"},\"query-input\":{\"@type\":\"PropertyValueSpecification\",\"valueRequired\":true,\"valueName\":\"search_term_string\"}}],\"inLanguage\":\"fr-FR\"},{\"@type\":\"Person\",\"@id\":\"https:\/\/blogs.thesocialmedia.com\/leblogmoto\/#\/schema\/person\/deb0b0db470c11cf82cbc870c241f979\",\"name\":\"David Christian Koskas\",\"image\":{\"@type\":\"ImageObject\",\"inLanguage\":\"fr-FR\",\"@id\":\"https:\/\/blogs.thesocialmedia.com\/leblogmoto\/#\/schema\/person\/image\/\",\"url\":\"https:\/\/secure.gravatar.com\/avatar\/3b119f8169c8019feae7e6b32a2a6c3a?s=96&d=mm&r=g\",\"contentUrl\":\"https:\/\/secure.gravatar.com\/avatar\/3b119f8169c8019feae7e6b32a2a6c3a?s=96&d=mm&r=g\",\"caption\":\"David Christian Koskas\"},\"url\":\"https:\/\/blogs.thesocialmedia.com\/leblogmoto\/author\/david-koskas\/\"}]}<\/script>\n<!-- \/ Yoast SEO plugin. -->","yoast_head_json":{"title":"Motorisation hybride - leblogmoto.com","robots":{"index":"index","follow":"follow","max-snippet":"max-snippet:-1","max-image-preview":"max-image-preview:large","max-video-preview":"max-video-preview:-1"},"canonical":"https:\/\/blogs.thesocialmedia.com\/leblogmoto\/2005\/09\/18\/on-parle-de-plu\/","twitter_card":"summary_large_image","twitter_title":"Motorisation hybride - leblogmoto.com","twitter_description":"On parle de plus en plus de &quot;motorisation hybride&quot;, mais pourquoi pas &quot;d&rsquo;utilisation hybride&quot; \u00e9galement ? Si l&rsquo;on regarde bien, on pourrait parfois utiliser un moyen de locomotion alternatif dans certains cas, et garder notre ch\u00e8re voiture pour les utilisations pratiques et plaisirs. Et afin de pousser la reflexion \u00e0 son maximum, pourquoi ne pas [&hellip;]","twitter_image":"https:\/\/blogs.thesocialmedia.com\/leblogmoto\/files\/2012\/07\/giant_lite_blogimage.jpg","twitter_misc":{"\u00c9crit par":"David Christian Koskas","Dur\u00e9e de lecture estim\u00e9e":"3 minutes"},"schema":{"@context":"https:\/\/schema.org","@graph":[{"@type":"WebPage","@id":"https:\/\/blogs.thesocialmedia.com\/leblogmoto\/2005\/09\/18\/on-parle-de-plu\/","url":"https:\/\/blogs.thesocialmedia.com\/leblogmoto\/2005\/09\/18\/on-parle-de-plu\/","name":"Motorisation hybride - leblogmoto.com","isPartOf":{"@id":"https:\/\/blogs.thesocialmedia.com\/leblogmoto\/#website"},"primaryImageOfPage":{"@id":"https:\/\/blogs.thesocialmedia.com\/leblogmoto\/2005\/09\/18\/on-parle-de-plu\/#primaryimage"},"image":{"@id":"https:\/\/blogs.thesocialmedia.com\/leblogmoto\/2005\/09\/18\/on-parle-de-plu\/#primaryimage"},"thumbnailUrl":"https:\/\/blogs.thesocialmedia.com\/leblogmoto\/files\/2012\/07\/giant_lite_blogimage.jpg","datePublished":"2005-09-18T16:19:27+00:00","dateModified":"2012-07-11T13:21:13+00:00","author":{"@id":"https:\/\/blogs.thesocialmedia.com\/leblogmoto\/#\/schema\/person\/deb0b0db470c11cf82cbc870c241f979"},"breadcrumb":{"@id":"https:\/\/blogs.thesocialmedia.com\/leblogmoto\/2005\/09\/18\/on-parle-de-plu\/#breadcrumb"},"inLanguage":"fr-FR","potentialAction":[{"@type":"ReadAction","target":["https:\/\/blogs.thesocialmedia.com\/leblogmoto\/2005\/09\/18\/on-parle-de-plu\/"]}]},{"@type":"ImageObject","inLanguage":"fr-FR","@id":"https:\/\/blogs.thesocialmedia.com\/leblogmoto\/2005\/09\/18\/on-parle-de-plu\/#primaryimage","url":"https:\/\/blogs.thesocialmedia.com\/leblogmoto\/files\/2012\/07\/giant_lite_blogimage.jpg","contentUrl":"https:\/\/blogs.thesocialmedia.com\/leblogmoto\/files\/2012\/07\/giant_lite_blogimage.jpg","width":"250","height":"164"},{"@type":"BreadcrumbList","@id":"https:\/\/blogs.thesocialmedia.com\/leblogmoto\/2005\/09\/18\/on-parle-de-plu\/#breadcrumb","itemListElement":[{"@type":"ListItem","position":1,"name":"Accueil","item":"https:\/\/blogs.thesocialmedia.com\/leblogmoto\/"},{"@type":"ListItem","position":2,"name":"Motorisation hybride"}]},{"@type":"WebSite","@id":"https:\/\/blogs.thesocialmedia.com\/leblogmoto\/#website","url":"https:\/\/blogs.thesocialmedia.com\/leblogmoto\/","name":"leblogmoto","description":"Toute l&#039;actualit\u00e9 des 2 roues","potentialAction":[{"@type":"SearchAction","target":{"@type":"EntryPoint","urlTemplate":"https:\/\/blogs.thesocialmedia.com\/leblogmoto\/?s={search_term_string}"},"query-input":{"@type":"PropertyValueSpecification","valueRequired":true,"valueName":"search_term_string"}}],"inLanguage":"fr-FR"},{"@type":"Person","@id":"https:\/\/blogs.thesocialmedia.com\/leblogmoto\/#\/schema\/person\/deb0b0db470c11cf82cbc870c241f979","name":"David Christian Koskas","image":{"@type":"ImageObject","inLanguage":"fr-FR","@id":"https:\/\/blogs.thesocialmedia.com\/leblogmoto\/#\/schema\/person\/image\/","url":"https:\/\/secure.gravatar.com\/avatar\/3b119f8169c8019feae7e6b32a2a6c3a?s=96&d=mm&r=g","contentUrl":"https:\/\/secure.gravatar.com\/avatar\/3b119f8169c8019feae7e6b32a2a6c3a?s=96&d=mm&r=g","caption":"David Christian Koskas"},"url":"https:\/\/blogs.thesocialmedia.com\/leblogmoto\/author\/david-koskas\/"}]}},"_links":{"self":[{"href":"https:\/\/blogs.thesocialmedia.com\/leblogmoto\/wp-json\/wp\/v2\/posts\/2433","targetHints":{"allow":["GET"]}}],"collection":[{"href":"https:\/\/blogs.thesocialmedia.com\/leblogmoto\/wp-json\/wp\/v2\/posts"}],"about":[{"href":"https:\/\/blogs.thesocialmedia.com\/leblogmoto\/wp-json\/wp\/v2\/types\/post"}],"author":[{"embeddable":true,"href":"https:\/\/blogs.thesocialmedia.com\/leblogmoto\/wp-json\/wp\/v2\/users\/219"}],"replies":[{"embeddable":true,"href":"https:\/\/blogs.thesocialmedia.com\/leblogmoto\/wp-json\/wp\/v2\/comments?post=2433"}],"version-history":[{"count":1,"href":"https:\/\/blogs.thesocialmedia.com\/leblogmoto\/wp-json\/wp\/v2\/posts\/2433\/revisions"}],"predecessor-version":[{"id":2716,"href":"https:\/\/blogs.thesocialmedia.com\/leblogmoto\/wp-json\/wp\/v2\/posts\/2433\/revisions\/2716"}],"wp:featuredmedia":[{"embeddable":true,"href":"https:\/\/blogs.thesocialmedia.com\/leblogmoto\/wp-json\/wp\/v2\/media\/14496"}],"wp:attachment":[{"href":"https:\/\/blogs.thesocialmedia.com\/leblogmoto\/wp-json\/wp\/v2\/media?parent=2433"}],"wp:term":[{"taxonomy":"category","embeddable":true,"href":"https:\/\/blogs.thesocialmedia.com\/leblogmoto\/wp-json\/wp\/v2\/categories?post=2433"},{"taxonomy":"post_tag","embeddable":true,"href":"https:\/\/blogs.thesocialmedia.com\/leblogmoto\/wp-json\/wp\/v2\/tags?post=2433"}],"curies":[{"name":"wp","href":"https:\/\/api.w.org\/{rel}","templated":true}]}}