{"id":2435,"date":"2005-09-16T13:48:05","date_gmt":"2005-09-16T13:48:05","guid":{"rendered":"http:\/\/blogs.thesocialmedia.com\/leblogmoto\/2005\/09\/16\/mondial-du-deux-4\/"},"modified":"2012-07-11T13:42:18","modified_gmt":"2012-07-11T13:42:18","slug":"mondial-du-deux-4","status":"publish","type":"post","link":"https:\/\/blogs.thesocialmedia.com\/leblogmoto\/2005\/09\/16\/mondial-du-deux-4\/","title":{"rendered":"Mondial du Deux Roues 2005"},"content":{"rendered":"<p><a href=\"http:\/\/blogs.thesocialmedia.com\/leblogmoto\/files\/2012\/07\/press_moto.jpg\"><img loading=\"lazy\" decoding=\"async\" width=\"200\" height=\"281\"  alt=\"Press_moto\" src=\"http:\/\/www.leblogmoto.com\/images\/press_moto.jpg\" style=\"margin: 0px 5px 5px 0px;float: left\" \/><\/a>Le Mondial du Deux-Roues 2005 aura lieu du 1er au 9 octobre \u00e0 la Porte de Versailles, et reconduira sa formule &lsquo;2 Salons 1 Ev\u00e9nement&rsquo; qui a contribu\u00e9 au succ\u00e8s de son \u00e9dition 2003, o\u00f9 415 168 visiteurs et plus de 2 200 journalistes de 44 pays s\u2019\u00e9taient rendus. Cette fr\u00e9quentation record le conforte au 3\u00e8me rang des salons grand public fran\u00e7ais les plus fr\u00e9quent\u00e9s (apr\u00e8s le Mondial de l\u2019Automobile et le Salon de l\u2019Agriculture).<br \/>L\u2019\u00e9dition 2005 regroupera \u00e0 nouveau 2 univers :<br \/>&#8211; Le Salon International de la Moto, du 1er au 9 octobre, d\u00e9di\u00e9 aux inconditionnels et aux nombreux adeptes potentiels d\u2019engins motoris\u00e9s. Il se tiendra dans les halls 1, 2\/2 et 2\/3, et regroupera tous les constructeurs de motos, <a href=\"http:\/\/blogs.thesocialmedia.com\/leblogmoto\/files\/2012\/07\/index.html_18.png\">scooters<\/a>, quads, side-cars et autres <a href=\"http:\/\/www.leblogmoto.com\/2005\/08\/trike_honda_eml.html\">trikes<\/a>, ainsi qu\u2019une kyrielle d\u2019accessoiristes et de fabricants d\u2019<a href=\"http:\/\/www.leblogmoto.com\/2005\/06\/ne_roulez_plus_.html\">\u00e9quipements<\/a> et tous les medias. Les visiteurs y trouveront \u00e9galement de nombreux stands d\u2019assurance et de financement. Vitrine technologique de r\u00e9f\u00e9rence et lieu de contact privil\u00e9gi\u00e9 avec le public. De nombreuses nouveaut\u00e9s y seront pr\u00e9sent\u00e9es en avant-premi\u00e8re.<br \/>&#8211; Le Salon International du Cycle, du 1er au 4 octobre, pour les fanas de v\u00e9los sous toutes ses formes : Course, VTT, VTC, Citybikes, Beach bikes, v\u00e9los \u00e9lectriques\u2026 Cons\u00e9cutivement \u00e0 la hausse tr\u00e8s nette des inscriptions et des surfaces r\u00e9serv\u00e9es par les exposants qui ont d\u00e9j\u00e0 plus que doubl\u00e9 par rapport \u00e0 2003, le cycle quitte le hall 2\/1 et s\u2019installe dans le hall 3, plus vaste. De quoi r\u00e9jouir les aficionados de la petite reine !<\/p>\n<p>Salon International de la Moto &#8211; Halls 1, 2\/2 et 2\/3<br \/> Public : du Samedi 1er au Dimanche 9 octobre de 10h \u00e0 20h<br \/> Nocturnes Mardi 4 et Vendredi 7 jusqu\u2019\u00e0 22h<\/p>\n<p> Salon International du Cycle &#8211; Hall 3<br \/> Professionnel : Vendredi 30 septembre 14h \u00e0 19h<br \/> Public : du Samedi 1er au Mardi 4 octobre de 10h \u00e0 20h<\/p>\n<p> Prix d\u2019entr\u00e9e : 12 euros (un billet permet d\u2019aller aux 2 salons)<br \/> 6 euros de 12 \u00e0 18 ans, gratuit pour les moins de 12 ans<\/p>\n<p><a href=\"http:\/\/clabedan.typepad.com\/.shared\/image.html?\/photos\/uncategorized\/moto_1_1.jpg\"><img loading=\"lazy\" decoding=\"async\" width=\"469\" height=\"277\"  alt=\"Moto_1_1\" src=\"http:\/\/www.leblogmoto.com\/images\/moto_1_1.jpg\" style=\"margin: 0px 5px 5px 0px;float: left\" \/><\/a><a href=\"http:\/\/blogs.thesocialmedia.com\/leblogmoto\/files\/2012\/07\/moto_5.jpg\"><img loading=\"lazy\" decoding=\"async\" width=\"470\" height=\"308\"  alt=\"Moto_5\" src=\"http:\/\/www.leblogmoto.com\/images\/moto_5.jpg\" style=\"margin: 0px 5px 5px 0px;float: left\" \/><\/a><\/p>\n","protected":false},"excerpt":{"rendered":"<p>Le Mondial du Deux-Roues 2005 aura lieu du 1er au 9 octobre \u00e0 la Porte de Versailles, et reconduira sa formule &lsquo;2 Salons 1 Ev\u00e9nement&rsquo; qui a contribu\u00e9 au succ\u00e8s de son \u00e9dition 2003, o\u00f9 415 168 visiteurs et plus de 2 200 journalistes de 44 pays s\u2019\u00e9taient rendus. Cette fr\u00e9quentation record le conforte au [&hellip;]<\/p>\n","protected":false},"author":338,"featured_media":0,"comment_status":"open","ping_status":"open","sticky":false,"template":"","format":"standard","meta":{"footnotes":""},"categories":[3],"tags":[],"class_list":["post-2435","post","type-post","status-publish","format-standard","hentry","category-actualite"],"yoast_head":"<!-- This site is optimized with the Yoast SEO plugin v26.0 - https:\/\/yoast.com\/wordpress\/plugins\/seo\/ -->\n<title>Mondial du Deux Roues 2005 - leblogmoto.com<\/title>\n<meta name=\"robots\" content=\"index, follow, max-snippet:-1, max-image-preview:large, max-video-preview:-1\" \/>\n<link rel=\"canonical\" href=\"https:\/\/blogs.thesocialmedia.com\/leblogmoto\/2005\/09\/16\/mondial-du-deux-4\/\" \/>\n<meta name=\"twitter:card\" content=\"summary_large_image\" \/>\n<meta name=\"twitter:title\" content=\"Mondial du Deux Roues 2005 - leblogmoto.com\" \/>\n<meta name=\"twitter:description\" content=\"Le Mondial du Deux-Roues 2005 aura lieu du 1er au 9 octobre \u00e0 la Porte de Versailles, et reconduira sa formule &lsquo;2 Salons 1 Ev\u00e9nement&rsquo; qui a contribu\u00e9 au succ\u00e8s de son \u00e9dition 2003, o\u00f9 415 168 visiteurs et plus de 2 200 journalistes de 44 pays s\u2019\u00e9taient rendus. Cette fr\u00e9quentation record le conforte au [&hellip;]\" \/>\n<meta name=\"twitter:image\" content=\"http:\/\/www.leblogmoto.com\/images\/press_moto.jpg\" \/>\n<meta name=\"twitter:label1\" content=\"\u00c9crit par\" \/>\n\t<meta name=\"twitter:data1\" content=\"vincent vaillant\" \/>\n\t<meta name=\"twitter:label2\" content=\"Dur\u00e9e de lecture estim\u00e9e\" \/>\n\t<meta name=\"twitter:data2\" content=\"2 minutes\" \/>\n<script type=\"application\/ld+json\" class=\"yoast-schema-graph\">{\"@context\":\"https:\/\/schema.org\",\"@graph\":[{\"@type\":\"WebPage\",\"@id\":\"https:\/\/blogs.thesocialmedia.com\/leblogmoto\/2005\/09\/16\/mondial-du-deux-4\/\",\"url\":\"https:\/\/blogs.thesocialmedia.com\/leblogmoto\/2005\/09\/16\/mondial-du-deux-4\/\",\"name\":\"Mondial du Deux Roues 2005 - leblogmoto.com\",\"isPartOf\":{\"@id\":\"https:\/\/blogs.thesocialmedia.com\/leblogmoto\/#website\"},\"primaryImageOfPage\":{\"@id\":\"https:\/\/blogs.thesocialmedia.com\/leblogmoto\/2005\/09\/16\/mondial-du-deux-4\/#primaryimage\"},\"image\":{\"@id\":\"https:\/\/blogs.thesocialmedia.com\/leblogmoto\/2005\/09\/16\/mondial-du-deux-4\/#primaryimage\"},\"thumbnailUrl\":\"http:\/\/www.leblogmoto.com\/images\/press_moto.jpg\",\"datePublished\":\"2005-09-16T13:48:05+00:00\",\"dateModified\":\"2012-07-11T13:42:18+00:00\",\"author\":{\"@id\":\"https:\/\/blogs.thesocialmedia.com\/leblogmoto\/#\/schema\/person\/80d2a078dbdb8b60abbd76bae6011f19\"},\"breadcrumb\":{\"@id\":\"https:\/\/blogs.thesocialmedia.com\/leblogmoto\/2005\/09\/16\/mondial-du-deux-4\/#breadcrumb\"},\"inLanguage\":\"fr-FR\",\"potentialAction\":[{\"@type\":\"ReadAction\",\"target\":[\"https:\/\/blogs.thesocialmedia.com\/leblogmoto\/2005\/09\/16\/mondial-du-deux-4\/\"]}]},{\"@type\":\"ImageObject\",\"inLanguage\":\"fr-FR\",\"@id\":\"https:\/\/blogs.thesocialmedia.com\/leblogmoto\/2005\/09\/16\/mondial-du-deux-4\/#primaryimage\",\"url\":\"http:\/\/www.leblogmoto.com\/images\/press_moto.jpg\",\"contentUrl\":\"http:\/\/www.leblogmoto.com\/images\/press_moto.jpg\"},{\"@type\":\"BreadcrumbList\",\"@id\":\"https:\/\/blogs.thesocialmedia.com\/leblogmoto\/2005\/09\/16\/mondial-du-deux-4\/#breadcrumb\",\"itemListElement\":[{\"@type\":\"ListItem\",\"position\":1,\"name\":\"Accueil\",\"item\":\"https:\/\/blogs.thesocialmedia.com\/leblogmoto\/\"},{\"@type\":\"ListItem\",\"position\":2,\"name\":\"Mondial du Deux Roues 2005\"}]},{\"@type\":\"WebSite\",\"@id\":\"https:\/\/blogs.thesocialmedia.com\/leblogmoto\/#website\",\"url\":\"https:\/\/blogs.thesocialmedia.com\/leblogmoto\/\",\"name\":\"leblogmoto\",\"description\":\"Toute l&#039;actualit\u00e9 des 2 roues\",\"potentialAction\":[{\"@type\":\"SearchAction\",\"target\":{\"@type\":\"EntryPoint\",\"urlTemplate\":\"https:\/\/blogs.thesocialmedia.com\/leblogmoto\/?s={search_term_string}\"},\"query-input\":{\"@type\":\"PropertyValueSpecification\",\"valueRequired\":true,\"valueName\":\"search_term_string\"}}],\"inLanguage\":\"fr-FR\"},{\"@type\":\"Person\",\"@id\":\"https:\/\/blogs.thesocialmedia.com\/leblogmoto\/#\/schema\/person\/80d2a078dbdb8b60abbd76bae6011f19\",\"name\":\"vincent vaillant\",\"image\":{\"@type\":\"ImageObject\",\"inLanguage\":\"fr-FR\",\"@id\":\"https:\/\/blogs.thesocialmedia.com\/leblogmoto\/#\/schema\/person\/image\/\",\"url\":\"https:\/\/secure.gravatar.com\/avatar\/?s=96&d=mm&r=g\",\"contentUrl\":\"https:\/\/secure.gravatar.com\/avatar\/?s=96&d=mm&r=g\",\"caption\":\"vincent vaillant\"},\"url\":\"https:\/\/blogs.thesocialmedia.com\/leblogmoto\/author\/vincent-vaillant\/\"}]}<\/script>\n<!-- \/ Yoast SEO plugin. -->","yoast_head_json":{"title":"Mondial du Deux Roues 2005 - leblogmoto.com","robots":{"index":"index","follow":"follow","max-snippet":"max-snippet:-1","max-image-preview":"max-image-preview:large","max-video-preview":"max-video-preview:-1"},"canonical":"https:\/\/blogs.thesocialmedia.com\/leblogmoto\/2005\/09\/16\/mondial-du-deux-4\/","twitter_card":"summary_large_image","twitter_title":"Mondial du Deux Roues 2005 - leblogmoto.com","twitter_description":"Le Mondial du Deux-Roues 2005 aura lieu du 1er au 9 octobre \u00e0 la Porte de Versailles, et reconduira sa formule &lsquo;2 Salons 1 Ev\u00e9nement&rsquo; qui a contribu\u00e9 au succ\u00e8s de son \u00e9dition 2003, o\u00f9 415 168 visiteurs et plus de 2 200 journalistes de 44 pays s\u2019\u00e9taient rendus. Cette fr\u00e9quentation record le conforte au [&hellip;]","twitter_image":"http:\/\/www.leblogmoto.com\/images\/press_moto.jpg","twitter_misc":{"\u00c9crit par":"vincent vaillant","Dur\u00e9e de lecture estim\u00e9e":"2 minutes"},"schema":{"@context":"https:\/\/schema.org","@graph":[{"@type":"WebPage","@id":"https:\/\/blogs.thesocialmedia.com\/leblogmoto\/2005\/09\/16\/mondial-du-deux-4\/","url":"https:\/\/blogs.thesocialmedia.com\/leblogmoto\/2005\/09\/16\/mondial-du-deux-4\/","name":"Mondial du Deux Roues 2005 - leblogmoto.com","isPartOf":{"@id":"https:\/\/blogs.thesocialmedia.com\/leblogmoto\/#website"},"primaryImageOfPage":{"@id":"https:\/\/blogs.thesocialmedia.com\/leblogmoto\/2005\/09\/16\/mondial-du-deux-4\/#primaryimage"},"image":{"@id":"https:\/\/blogs.thesocialmedia.com\/leblogmoto\/2005\/09\/16\/mondial-du-deux-4\/#primaryimage"},"thumbnailUrl":"http:\/\/www.leblogmoto.com\/images\/press_moto.jpg","datePublished":"2005-09-16T13:48:05+00:00","dateModified":"2012-07-11T13:42:18+00:00","author":{"@id":"https:\/\/blogs.thesocialmedia.com\/leblogmoto\/#\/schema\/person\/80d2a078dbdb8b60abbd76bae6011f19"},"breadcrumb":{"@id":"https:\/\/blogs.thesocialmedia.com\/leblogmoto\/2005\/09\/16\/mondial-du-deux-4\/#breadcrumb"},"inLanguage":"fr-FR","potentialAction":[{"@type":"ReadAction","target":["https:\/\/blogs.thesocialmedia.com\/leblogmoto\/2005\/09\/16\/mondial-du-deux-4\/"]}]},{"@type":"ImageObject","inLanguage":"fr-FR","@id":"https:\/\/blogs.thesocialmedia.com\/leblogmoto\/2005\/09\/16\/mondial-du-deux-4\/#primaryimage","url":"http:\/\/www.leblogmoto.com\/images\/press_moto.jpg","contentUrl":"http:\/\/www.leblogmoto.com\/images\/press_moto.jpg"},{"@type":"BreadcrumbList","@id":"https:\/\/blogs.thesocialmedia.com\/leblogmoto\/2005\/09\/16\/mondial-du-deux-4\/#breadcrumb","itemListElement":[{"@type":"ListItem","position":1,"name":"Accueil","item":"https:\/\/blogs.thesocialmedia.com\/leblogmoto\/"},{"@type":"ListItem","position":2,"name":"Mondial du Deux Roues 2005"}]},{"@type":"WebSite","@id":"https:\/\/blogs.thesocialmedia.com\/leblogmoto\/#website","url":"https:\/\/blogs.thesocialmedia.com\/leblogmoto\/","name":"leblogmoto","description":"Toute l&#039;actualit\u00e9 des 2 roues","potentialAction":[{"@type":"SearchAction","target":{"@type":"EntryPoint","urlTemplate":"https:\/\/blogs.thesocialmedia.com\/leblogmoto\/?s={search_term_string}"},"query-input":{"@type":"PropertyValueSpecification","valueRequired":true,"valueName":"search_term_string"}}],"inLanguage":"fr-FR"},{"@type":"Person","@id":"https:\/\/blogs.thesocialmedia.com\/leblogmoto\/#\/schema\/person\/80d2a078dbdb8b60abbd76bae6011f19","name":"vincent vaillant","image":{"@type":"ImageObject","inLanguage":"fr-FR","@id":"https:\/\/blogs.thesocialmedia.com\/leblogmoto\/#\/schema\/person\/image\/","url":"https:\/\/secure.gravatar.com\/avatar\/?s=96&d=mm&r=g","contentUrl":"https:\/\/secure.gravatar.com\/avatar\/?s=96&d=mm&r=g","caption":"vincent vaillant"},"url":"https:\/\/blogs.thesocialmedia.com\/leblogmoto\/author\/vincent-vaillant\/"}]}},"_links":{"self":[{"href":"https:\/\/blogs.thesocialmedia.com\/leblogmoto\/wp-json\/wp\/v2\/posts\/2435","targetHints":{"allow":["GET"]}}],"collection":[{"href":"https:\/\/blogs.thesocialmedia.com\/leblogmoto\/wp-json\/wp\/v2\/posts"}],"about":[{"href":"https:\/\/blogs.thesocialmedia.com\/leblogmoto\/wp-json\/wp\/v2\/types\/post"}],"author":[{"embeddable":true,"href":"https:\/\/blogs.thesocialmedia.com\/leblogmoto\/wp-json\/wp\/v2\/users\/338"}],"replies":[{"embeddable":true,"href":"https:\/\/blogs.thesocialmedia.com\/leblogmoto\/wp-json\/wp\/v2\/comments?post=2435"}],"version-history":[{"count":2,"href":"https:\/\/blogs.thesocialmedia.com\/leblogmoto\/wp-json\/wp\/v2\/posts\/2435\/revisions"}],"predecessor-version":[{"id":5705,"href":"https:\/\/blogs.thesocialmedia.com\/leblogmoto\/wp-json\/wp\/v2\/posts\/2435\/revisions\/5705"}],"wp:attachment":[{"href":"https:\/\/blogs.thesocialmedia.com\/leblogmoto\/wp-json\/wp\/v2\/media?parent=2435"}],"wp:term":[{"taxonomy":"category","embeddable":true,"href":"https:\/\/blogs.thesocialmedia.com\/leblogmoto\/wp-json\/wp\/v2\/categories?post=2435"},{"taxonomy":"post_tag","embeddable":true,"href":"https:\/\/blogs.thesocialmedia.com\/leblogmoto\/wp-json\/wp\/v2\/tags?post=2435"}],"curies":[{"name":"wp","href":"https:\/\/api.w.org\/{rel}","templated":true}]}}