{"id":2438,"date":"2005-09-15T12:55:06","date_gmt":"2005-09-15T12:55:06","guid":{"rendered":"http:\/\/blogs.thesocialmedia.com\/leblogmoto\/2005\/09\/15\/superbike-premi\/"},"modified":"2012-07-11T13:42:05","modified_gmt":"2012-07-11T13:42:05","slug":"superbike-premi","status":"publish","type":"post","link":"https:\/\/blogs.thesocialmedia.com\/leblogmoto\/2005\/09\/15\/superbike-premi\/","title":{"rendered":"SuperBike : premi\u00e8re victoire de Lanzi \u00e0 Lausitz"},"content":{"rendered":"<p><a href=\"http:\/\/blogs.thesocialmedia.com\/leblogmoto\/files\/2012\/07\/lausitz.jpg\"><img loading=\"lazy\" decoding=\"async\" width=\"250\" height=\"227\"  src=\"http:\/\/www.leblogmoto.com\/images\/lausitz.jpg\" alt=\"Lausitz\" style=\"margin: 0px 5px 5px 0px;float: left\" \/><\/a>La 10\u00e8me \u00e9preuve du championnat <a href=\"http:\/\/blogs.thesocialmedia.com\/leblogmoto\/files\/2012\/07\/index.html_17.png\">Superbike<\/a> se d\u00e9roulait sur l\u2019Eurospeedway de Lausitz et a consacr\u00e9 Lorenzo Lanzi, heureux rempla\u00e7ant de R\u00e9gis Laconi bless\u00e9 \u00e0 Assen. Auteur de la p\u00f4le position, Lanzi a mal g\u00e9r\u00e9 la premi\u00e8re course puisqu\u2019il sort de la piste apr\u00e8s le d\u00e9part et perd deux positions, puis se voit infliger une p\u00e9nalit\u00e9 alors qu\u2019il reprenait la t\u00eate, il finira finalement 8\u00e8me et c\u2019est Vermeulen qui s\u2019impose \u00e0 la premi\u00e8re place devant Haga et Corser.<br \/>Lors de la deuxi\u00e8me course, Lanzi r\u00e9alise une course parfaite en prenant rapidement une grande avance sur Vermeulen qui est remont\u00e9 tr\u00e8s fort, Haga et Toseland. Lanzi signe l\u00e0 sa premi\u00e8re victoire en Superbike et s\u2019est fait remarquer par tous les top team. Corser, toujours leader du championnat, chute et ne termine qu\u2019en 13\u00e8me position ce qui le met dans une situation tr\u00e8s inconfortable au championnat du monde. En effet, la pression de Vermeulen se fait de plus en plus pesante apr\u00e8s <a href=\"http:\/\/www.leblogmoto.com\/2005\/09\/superbike_verme.html\">son hold up \u00e0 Assen<\/a> et cette 1\u00e8re et 2\u00e8me place puisqu\u2019il revient \u00e0 60 petits points de Corser alors qu\u2019il ne reste que deux courses \u00e0 disputer et 100 points \u00e0 prendre. La fin du championnat s\u2019annonce palpitante \u00e0 Imola et Magny Cours.<\/p>\n<p><a href=\"http:\/\/clabedan.typepad.com\/.shared\/image.html?\/photos\/uncategorized\/lanzi.jpg\"><img decoding=\"async\"  src=\"http:\/\/www.leblogmoto.com\/images\/lanzi.jpg\" alt=\"Lanzi\" style=\"margin: 0px 5px 5px 0px;float: left;width: 145px;height: 158px\" \/><\/a>Arriv\u00e9e de la course 1 :<br \/> 1. C. Vermeulen (AUS) Honda CBR 1000 RR<br \/> 2. N. Haga (JPN) Yamaha YZF R1<br \/> 3. T. Corser (AUS) Suzuki GSXR 1000 K5<br \/> 4. J. Toseland (GBR) Ducati 999 F05<br \/> 5. Y. Kagayama (JAP) suzuki GSXR 1000 K5<br \/> 6. A. Pitt (AUS) Yamaha YZF R1<br \/> 7. M. Neukirchner (GER) Honda CBR 1000 RR<br \/> 8. L. Lanzi (ITA) Ducati 999 RS<br \/> 9. N. Abe (JAP) Yamaha YZF R1<br \/> 10. B. Bostrom (USA) Honda CBR 1000 RR<\/p>\n<p> Arriv\u00e9e de la course 2 :<br \/> 1. L. Lanzi (ITA) Ducati 999 RS <br \/> 2. C. Vermeulen (AUS) Honda CBR 1000 RR<br \/> 3. N. Haga (JPN) Yamaha YZF R1<br \/> 4. Y. Kagayama (JAP) suzuki GSXR 1000 K5<br \/> 5. K. Muggeridge (AUS) Honda CBR 1000 RR<br \/> 6. A. Pitt (AUS) Yamaha YZF R1<br \/> 7. M. Neukirchner (GER) Honda CBR 1000 RR<br \/> 8. N. Abe (JAP) Yamaha YZF R1<br \/> 9. S. Martin (AUS) Petronas FP1<br \/> 10. P. Chili (ITA) Honda CBR 1000 RR<\/p>\n<p> Championnat pilote Superbike<br \/> 1. T. Corser (389 pts)<br \/> 2. C. Vermeulen (329 pts) <br \/> 3. N. Haga (239 pts)<br \/> 4. J. Toseland (215 pts) <br \/> 5. R. Laconi (214 pts) <br \/> 6. Y. Kagayama (211 pts) <br \/> 7. A. Pitt (137 pts)<br \/> 8. C. Walker (130 pts) <br \/> 9. P. Chili (125 pts) <br \/> 10. L. Lanzi (118 pts)<\/p>\n<p> Championnat constructeur Superbike<br \/> 1. <a href=\"http:\/\/www.leblogmoto.com\/suzuki\/index.html\">Suzuki<\/a> (408 pts)<br \/> 2. <a href=\"http:\/\/www.leblogmoto.com\/honda\/index.html\">Honda<\/a> (345 pts)<br \/> 3. <a href=\"http:\/\/www.leblogmoto.com\/ducati\/index.html\">Ducati<\/a> (331 pts)<br \/> 4. <a href=\"http:\/\/www.leblogmoto.com\/yamaha\/index.html\">Yamaha<\/a> (280 pts)<br \/> 5. <a href=\"http:\/\/www.leblogmoto.com\/kawasaki\/index.html\">Kawasaki<\/a> (153 pts)<br \/> 6. Petronas (37 pts)<\/p>\n","protected":false},"excerpt":{"rendered":"<p>La 10\u00e8me \u00e9preuve du championnat Superbike se d\u00e9roulait sur l\u2019Eurospeedway de Lausitz et a consacr\u00e9 Lorenzo Lanzi, heureux rempla\u00e7ant de R\u00e9gis Laconi bless\u00e9 \u00e0 Assen. Auteur de la p\u00f4le position, Lanzi a mal g\u00e9r\u00e9 la premi\u00e8re course puisqu\u2019il sort de la piste apr\u00e8s le d\u00e9part et perd deux positions, puis se voit infliger une p\u00e9nalit\u00e9 [&hellip;]<\/p>\n","protected":false},"author":338,"featured_media":0,"comment_status":"open","ping_status":"open","sticky":false,"template":"","format":"standard","meta":{"footnotes":""},"categories":[46],"tags":[],"class_list":["post-2438","post","type-post","status-publish","format-standard","hentry","category-superbike"],"yoast_head":"<!-- This site is optimized with the Yoast SEO plugin v26.0 - https:\/\/yoast.com\/wordpress\/plugins\/seo\/ -->\n<title>SuperBike : premi\u00e8re victoire de Lanzi \u00e0 Lausitz - leblogmoto.com<\/title>\n<meta name=\"robots\" content=\"index, follow, max-snippet:-1, max-image-preview:large, max-video-preview:-1\" \/>\n<link rel=\"canonical\" href=\"https:\/\/blogs.thesocialmedia.com\/leblogmoto\/2005\/09\/15\/superbike-premi\/\" \/>\n<meta name=\"twitter:card\" content=\"summary_large_image\" \/>\n<meta name=\"twitter:title\" content=\"SuperBike : premi\u00e8re victoire de Lanzi \u00e0 Lausitz - leblogmoto.com\" \/>\n<meta name=\"twitter:description\" content=\"La 10\u00e8me \u00e9preuve du championnat Superbike se d\u00e9roulait sur l\u2019Eurospeedway de Lausitz et a consacr\u00e9 Lorenzo Lanzi, heureux rempla\u00e7ant de R\u00e9gis Laconi bless\u00e9 \u00e0 Assen. Auteur de la p\u00f4le position, Lanzi a mal g\u00e9r\u00e9 la premi\u00e8re course puisqu\u2019il sort de la piste apr\u00e8s le d\u00e9part et perd deux positions, puis se voit infliger une p\u00e9nalit\u00e9 [&hellip;]\" \/>\n<meta name=\"twitter:image\" content=\"http:\/\/www.leblogmoto.com\/images\/lausitz.jpg\" \/>\n<meta name=\"twitter:label1\" content=\"\u00c9crit par\" \/>\n\t<meta name=\"twitter:data1\" content=\"vincent vaillant\" \/>\n\t<meta name=\"twitter:label2\" content=\"Dur\u00e9e de lecture estim\u00e9e\" \/>\n\t<meta name=\"twitter:data2\" content=\"2 minutes\" \/>\n<script type=\"application\/ld+json\" class=\"yoast-schema-graph\">{\"@context\":\"https:\/\/schema.org\",\"@graph\":[{\"@type\":\"WebPage\",\"@id\":\"https:\/\/blogs.thesocialmedia.com\/leblogmoto\/2005\/09\/15\/superbike-premi\/\",\"url\":\"https:\/\/blogs.thesocialmedia.com\/leblogmoto\/2005\/09\/15\/superbike-premi\/\",\"name\":\"SuperBike : premi\u00e8re victoire de Lanzi \u00e0 Lausitz - leblogmoto.com\",\"isPartOf\":{\"@id\":\"https:\/\/blogs.thesocialmedia.com\/leblogmoto\/#website\"},\"primaryImageOfPage\":{\"@id\":\"https:\/\/blogs.thesocialmedia.com\/leblogmoto\/2005\/09\/15\/superbike-premi\/#primaryimage\"},\"image\":{\"@id\":\"https:\/\/blogs.thesocialmedia.com\/leblogmoto\/2005\/09\/15\/superbike-premi\/#primaryimage\"},\"thumbnailUrl\":\"http:\/\/www.leblogmoto.com\/images\/lausitz.jpg\",\"datePublished\":\"2005-09-15T12:55:06+00:00\",\"dateModified\":\"2012-07-11T13:42:05+00:00\",\"author\":{\"@id\":\"https:\/\/blogs.thesocialmedia.com\/leblogmoto\/#\/schema\/person\/80d2a078dbdb8b60abbd76bae6011f19\"},\"breadcrumb\":{\"@id\":\"https:\/\/blogs.thesocialmedia.com\/leblogmoto\/2005\/09\/15\/superbike-premi\/#breadcrumb\"},\"inLanguage\":\"fr-FR\",\"potentialAction\":[{\"@type\":\"ReadAction\",\"target\":[\"https:\/\/blogs.thesocialmedia.com\/leblogmoto\/2005\/09\/15\/superbike-premi\/\"]}]},{\"@type\":\"ImageObject\",\"inLanguage\":\"fr-FR\",\"@id\":\"https:\/\/blogs.thesocialmedia.com\/leblogmoto\/2005\/09\/15\/superbike-premi\/#primaryimage\",\"url\":\"http:\/\/www.leblogmoto.com\/images\/lausitz.jpg\",\"contentUrl\":\"http:\/\/www.leblogmoto.com\/images\/lausitz.jpg\"},{\"@type\":\"BreadcrumbList\",\"@id\":\"https:\/\/blogs.thesocialmedia.com\/leblogmoto\/2005\/09\/15\/superbike-premi\/#breadcrumb\",\"itemListElement\":[{\"@type\":\"ListItem\",\"position\":1,\"name\":\"Accueil\",\"item\":\"https:\/\/blogs.thesocialmedia.com\/leblogmoto\/\"},{\"@type\":\"ListItem\",\"position\":2,\"name\":\"SuperBike : premi\u00e8re victoire de Lanzi \u00e0 Lausitz\"}]},{\"@type\":\"WebSite\",\"@id\":\"https:\/\/blogs.thesocialmedia.com\/leblogmoto\/#website\",\"url\":\"https:\/\/blogs.thesocialmedia.com\/leblogmoto\/\",\"name\":\"leblogmoto\",\"description\":\"Toute l&#039;actualit\u00e9 des 2 roues\",\"potentialAction\":[{\"@type\":\"SearchAction\",\"target\":{\"@type\":\"EntryPoint\",\"urlTemplate\":\"https:\/\/blogs.thesocialmedia.com\/leblogmoto\/?s={search_term_string}\"},\"query-input\":{\"@type\":\"PropertyValueSpecification\",\"valueRequired\":true,\"valueName\":\"search_term_string\"}}],\"inLanguage\":\"fr-FR\"},{\"@type\":\"Person\",\"@id\":\"https:\/\/blogs.thesocialmedia.com\/leblogmoto\/#\/schema\/person\/80d2a078dbdb8b60abbd76bae6011f19\",\"name\":\"vincent vaillant\",\"image\":{\"@type\":\"ImageObject\",\"inLanguage\":\"fr-FR\",\"@id\":\"https:\/\/blogs.thesocialmedia.com\/leblogmoto\/#\/schema\/person\/image\/\",\"url\":\"https:\/\/secure.gravatar.com\/avatar\/?s=96&d=mm&r=g\",\"contentUrl\":\"https:\/\/secure.gravatar.com\/avatar\/?s=96&d=mm&r=g\",\"caption\":\"vincent vaillant\"},\"url\":\"https:\/\/blogs.thesocialmedia.com\/leblogmoto\/author\/vincent-vaillant\/\"}]}<\/script>\n<!-- \/ Yoast SEO plugin. -->","yoast_head_json":{"title":"SuperBike : premi\u00e8re victoire de Lanzi \u00e0 Lausitz - leblogmoto.com","robots":{"index":"index","follow":"follow","max-snippet":"max-snippet:-1","max-image-preview":"max-image-preview:large","max-video-preview":"max-video-preview:-1"},"canonical":"https:\/\/blogs.thesocialmedia.com\/leblogmoto\/2005\/09\/15\/superbike-premi\/","twitter_card":"summary_large_image","twitter_title":"SuperBike : premi\u00e8re victoire de Lanzi \u00e0 Lausitz - leblogmoto.com","twitter_description":"La 10\u00e8me \u00e9preuve du championnat Superbike se d\u00e9roulait sur l\u2019Eurospeedway de Lausitz et a consacr\u00e9 Lorenzo Lanzi, heureux rempla\u00e7ant de R\u00e9gis Laconi bless\u00e9 \u00e0 Assen. Auteur de la p\u00f4le position, Lanzi a mal g\u00e9r\u00e9 la premi\u00e8re course puisqu\u2019il sort de la piste apr\u00e8s le d\u00e9part et perd deux positions, puis se voit infliger une p\u00e9nalit\u00e9 [&hellip;]","twitter_image":"http:\/\/www.leblogmoto.com\/images\/lausitz.jpg","twitter_misc":{"\u00c9crit par":"vincent vaillant","Dur\u00e9e de lecture estim\u00e9e":"2 minutes"},"schema":{"@context":"https:\/\/schema.org","@graph":[{"@type":"WebPage","@id":"https:\/\/blogs.thesocialmedia.com\/leblogmoto\/2005\/09\/15\/superbike-premi\/","url":"https:\/\/blogs.thesocialmedia.com\/leblogmoto\/2005\/09\/15\/superbike-premi\/","name":"SuperBike : premi\u00e8re victoire de Lanzi \u00e0 Lausitz - leblogmoto.com","isPartOf":{"@id":"https:\/\/blogs.thesocialmedia.com\/leblogmoto\/#website"},"primaryImageOfPage":{"@id":"https:\/\/blogs.thesocialmedia.com\/leblogmoto\/2005\/09\/15\/superbike-premi\/#primaryimage"},"image":{"@id":"https:\/\/blogs.thesocialmedia.com\/leblogmoto\/2005\/09\/15\/superbike-premi\/#primaryimage"},"thumbnailUrl":"http:\/\/www.leblogmoto.com\/images\/lausitz.jpg","datePublished":"2005-09-15T12:55:06+00:00","dateModified":"2012-07-11T13:42:05+00:00","author":{"@id":"https:\/\/blogs.thesocialmedia.com\/leblogmoto\/#\/schema\/person\/80d2a078dbdb8b60abbd76bae6011f19"},"breadcrumb":{"@id":"https:\/\/blogs.thesocialmedia.com\/leblogmoto\/2005\/09\/15\/superbike-premi\/#breadcrumb"},"inLanguage":"fr-FR","potentialAction":[{"@type":"ReadAction","target":["https:\/\/blogs.thesocialmedia.com\/leblogmoto\/2005\/09\/15\/superbike-premi\/"]}]},{"@type":"ImageObject","inLanguage":"fr-FR","@id":"https:\/\/blogs.thesocialmedia.com\/leblogmoto\/2005\/09\/15\/superbike-premi\/#primaryimage","url":"http:\/\/www.leblogmoto.com\/images\/lausitz.jpg","contentUrl":"http:\/\/www.leblogmoto.com\/images\/lausitz.jpg"},{"@type":"BreadcrumbList","@id":"https:\/\/blogs.thesocialmedia.com\/leblogmoto\/2005\/09\/15\/superbike-premi\/#breadcrumb","itemListElement":[{"@type":"ListItem","position":1,"name":"Accueil","item":"https:\/\/blogs.thesocialmedia.com\/leblogmoto\/"},{"@type":"ListItem","position":2,"name":"SuperBike : premi\u00e8re victoire de Lanzi \u00e0 Lausitz"}]},{"@type":"WebSite","@id":"https:\/\/blogs.thesocialmedia.com\/leblogmoto\/#website","url":"https:\/\/blogs.thesocialmedia.com\/leblogmoto\/","name":"leblogmoto","description":"Toute l&#039;actualit\u00e9 des 2 roues","potentialAction":[{"@type":"SearchAction","target":{"@type":"EntryPoint","urlTemplate":"https:\/\/blogs.thesocialmedia.com\/leblogmoto\/?s={search_term_string}"},"query-input":{"@type":"PropertyValueSpecification","valueRequired":true,"valueName":"search_term_string"}}],"inLanguage":"fr-FR"},{"@type":"Person","@id":"https:\/\/blogs.thesocialmedia.com\/leblogmoto\/#\/schema\/person\/80d2a078dbdb8b60abbd76bae6011f19","name":"vincent vaillant","image":{"@type":"ImageObject","inLanguage":"fr-FR","@id":"https:\/\/blogs.thesocialmedia.com\/leblogmoto\/#\/schema\/person\/image\/","url":"https:\/\/secure.gravatar.com\/avatar\/?s=96&d=mm&r=g","contentUrl":"https:\/\/secure.gravatar.com\/avatar\/?s=96&d=mm&r=g","caption":"vincent vaillant"},"url":"https:\/\/blogs.thesocialmedia.com\/leblogmoto\/author\/vincent-vaillant\/"}]}},"_links":{"self":[{"href":"https:\/\/blogs.thesocialmedia.com\/leblogmoto\/wp-json\/wp\/v2\/posts\/2438","targetHints":{"allow":["GET"]}}],"collection":[{"href":"https:\/\/blogs.thesocialmedia.com\/leblogmoto\/wp-json\/wp\/v2\/posts"}],"about":[{"href":"https:\/\/blogs.thesocialmedia.com\/leblogmoto\/wp-json\/wp\/v2\/types\/post"}],"author":[{"embeddable":true,"href":"https:\/\/blogs.thesocialmedia.com\/leblogmoto\/wp-json\/wp\/v2\/users\/338"}],"replies":[{"embeddable":true,"href":"https:\/\/blogs.thesocialmedia.com\/leblogmoto\/wp-json\/wp\/v2\/comments?post=2438"}],"version-history":[{"count":2,"href":"https:\/\/blogs.thesocialmedia.com\/leblogmoto\/wp-json\/wp\/v2\/posts\/2438\/revisions"}],"predecessor-version":[{"id":5696,"href":"https:\/\/blogs.thesocialmedia.com\/leblogmoto\/wp-json\/wp\/v2\/posts\/2438\/revisions\/5696"}],"wp:attachment":[{"href":"https:\/\/blogs.thesocialmedia.com\/leblogmoto\/wp-json\/wp\/v2\/media?parent=2438"}],"wp:term":[{"taxonomy":"category","embeddable":true,"href":"https:\/\/blogs.thesocialmedia.com\/leblogmoto\/wp-json\/wp\/v2\/categories?post=2438"},{"taxonomy":"post_tag","embeddable":true,"href":"https:\/\/blogs.thesocialmedia.com\/leblogmoto\/wp-json\/wp\/v2\/tags?post=2438"}],"curies":[{"name":"wp","href":"https:\/\/api.w.org\/{rel}","templated":true}]}}