{"id":2439,"date":"2005-09-15T12:34:00","date_gmt":"2005-09-15T12:34:00","guid":{"rendered":"http:\/\/blogs.thesocialmedia.com\/leblogmoto\/2005\/09\/15\/supersport-sbas\/"},"modified":"2012-07-11T13:42:03","modified_gmt":"2012-07-11T13:42:03","slug":"supersport-sbas","status":"publish","type":"post","link":"https:\/\/blogs.thesocialmedia.com\/leblogmoto\/2005\/09\/15\/supersport-sbas\/","title":{"rendered":"Supersport : S\u00e9bastien Charpentier champion du monde 2005"},"content":{"rendered":"<p><a href=\"http:\/\/blogs.thesocialmedia.com\/leblogmoto\/files\/2012\/07\/charp1.jpg\"><img loading=\"lazy\" decoding=\"async\" width=\"250\" height=\"166\"  alt=\"Charp1\" src=\"http:\/\/www.leblogmoto.com\/images\/charp1.jpg\" style=\"margin: 0px 5px 5px 0px;float: left\" \/><\/a>Je ne vous en ai pas encore parl\u00e9, mais en dessous de la cat\u00e9gorie reine <a href=\"http:\/\/blogs.thesocialmedia.com\/leblogmoto\/files\/2012\/07\/index.html_16.png\">Superbike<\/a>, se trouve la cat\u00e9gorie Supersport qui peut se r\u00e9sumer en une version 600 cm3 de la premi\u00e8re. D&rsquo;ailleurs les \u00e9preuves se d\u00e9roulent sur les m\u00eames circuits au m\u00eame date avec les m\u00eames constructeurs en pr\u00e9sence, c&rsquo;est donc l&rsquo;anti-chambre du Superbike.<br \/>Et bien figurez vous que dans cette cat\u00e9gorie, un fran\u00e7ais vient de gagner le titre de champion du monde 2005, il s\u2019agit de S\u00e9bastien Charpentier, 32 ans, du team Winston Ten Kate qui dispose d\u2019une Honda CBR 600 RR. Ce titre a \u00e9t\u00e9 emport\u00e9 \u00e0 Assen, soit 3 courses avant la fin du championnat ce qui ne s\u2019\u00e9tait jamais fait avant lui, puisque Charpentier l\u2019a totalement domin\u00e9 avec 9 victoires et 83 points d\u2019avance sur le second.<br \/>Un grand cocorico donc, et esp\u00e9rons voir ce fran\u00e7ais venir en Superbike pour avoir l\u2019occasion d\u2019en reparler plus souvent.<\/p>\n<p><a href=\"http:\/\/clabedan.typepad.com\/.shared\/image.html?\/photos\/uncategorized\/charp2.jpg\"><img loading=\"lazy\" decoding=\"async\" width=\"470\" height=\"313\"  alt=\"Charp2\" src=\"http:\/\/www.leblogmoto.com\/images\/charp2.jpg\" style=\"margin: 0px 5px 5px 0px;float: left\" \/><\/a><\/p>\n","protected":false},"excerpt":{"rendered":"<p>Je ne vous en ai pas encore parl\u00e9, mais en dessous de la cat\u00e9gorie reine Superbike, se trouve la cat\u00e9gorie Supersport qui peut se r\u00e9sumer en une version 600 cm3 de la premi\u00e8re. D&rsquo;ailleurs les \u00e9preuves se d\u00e9roulent sur les m\u00eames circuits au m\u00eame date avec les m\u00eames constructeurs en pr\u00e9sence, c&rsquo;est donc l&rsquo;anti-chambre du [&hellip;]<\/p>\n","protected":false},"author":338,"featured_media":0,"comment_status":"open","ping_status":"open","sticky":false,"template":"","format":"standard","meta":{"footnotes":""},"categories":[32],"tags":[],"class_list":["post-2439","post","type-post","status-publish","format-standard","hentry","category-sport-moto"],"yoast_head":"<!-- This site is optimized with the Yoast SEO plugin v26.0 - https:\/\/yoast.com\/wordpress\/plugins\/seo\/ -->\n<title>Supersport : S\u00e9bastien Charpentier champion du monde 2005 - leblogmoto.com<\/title>\n<meta name=\"robots\" content=\"index, follow, max-snippet:-1, max-image-preview:large, max-video-preview:-1\" \/>\n<link rel=\"canonical\" href=\"https:\/\/blogs.thesocialmedia.com\/leblogmoto\/2005\/09\/15\/supersport-sbas\/\" \/>\n<meta name=\"twitter:card\" content=\"summary_large_image\" \/>\n<meta name=\"twitter:title\" content=\"Supersport : S\u00e9bastien Charpentier champion du monde 2005 - leblogmoto.com\" \/>\n<meta name=\"twitter:description\" content=\"Je ne vous en ai pas encore parl\u00e9, mais en dessous de la cat\u00e9gorie reine Superbike, se trouve la cat\u00e9gorie Supersport qui peut se r\u00e9sumer en une version 600 cm3 de la premi\u00e8re. D&rsquo;ailleurs les \u00e9preuves se d\u00e9roulent sur les m\u00eames circuits au m\u00eame date avec les m\u00eames constructeurs en pr\u00e9sence, c&rsquo;est donc l&rsquo;anti-chambre du [&hellip;]\" \/>\n<meta name=\"twitter:image\" content=\"http:\/\/www.leblogmoto.com\/images\/charp1.jpg\" \/>\n<meta name=\"twitter:label1\" content=\"\u00c9crit par\" \/>\n\t<meta name=\"twitter:data1\" content=\"vincent vaillant\" \/>\n\t<meta name=\"twitter:label2\" content=\"Dur\u00e9e de lecture estim\u00e9e\" \/>\n\t<meta name=\"twitter:data2\" content=\"1 minute\" \/>\n<script type=\"application\/ld+json\" class=\"yoast-schema-graph\">{\"@context\":\"https:\/\/schema.org\",\"@graph\":[{\"@type\":\"WebPage\",\"@id\":\"https:\/\/blogs.thesocialmedia.com\/leblogmoto\/2005\/09\/15\/supersport-sbas\/\",\"url\":\"https:\/\/blogs.thesocialmedia.com\/leblogmoto\/2005\/09\/15\/supersport-sbas\/\",\"name\":\"Supersport : S\u00e9bastien Charpentier champion du monde 2005 - leblogmoto.com\",\"isPartOf\":{\"@id\":\"https:\/\/blogs.thesocialmedia.com\/leblogmoto\/#website\"},\"primaryImageOfPage\":{\"@id\":\"https:\/\/blogs.thesocialmedia.com\/leblogmoto\/2005\/09\/15\/supersport-sbas\/#primaryimage\"},\"image\":{\"@id\":\"https:\/\/blogs.thesocialmedia.com\/leblogmoto\/2005\/09\/15\/supersport-sbas\/#primaryimage\"},\"thumbnailUrl\":\"http:\/\/www.leblogmoto.com\/images\/charp1.jpg\",\"datePublished\":\"2005-09-15T12:34:00+00:00\",\"dateModified\":\"2012-07-11T13:42:03+00:00\",\"author\":{\"@id\":\"https:\/\/blogs.thesocialmedia.com\/leblogmoto\/#\/schema\/person\/80d2a078dbdb8b60abbd76bae6011f19\"},\"breadcrumb\":{\"@id\":\"https:\/\/blogs.thesocialmedia.com\/leblogmoto\/2005\/09\/15\/supersport-sbas\/#breadcrumb\"},\"inLanguage\":\"fr-FR\",\"potentialAction\":[{\"@type\":\"ReadAction\",\"target\":[\"https:\/\/blogs.thesocialmedia.com\/leblogmoto\/2005\/09\/15\/supersport-sbas\/\"]}]},{\"@type\":\"ImageObject\",\"inLanguage\":\"fr-FR\",\"@id\":\"https:\/\/blogs.thesocialmedia.com\/leblogmoto\/2005\/09\/15\/supersport-sbas\/#primaryimage\",\"url\":\"http:\/\/www.leblogmoto.com\/images\/charp1.jpg\",\"contentUrl\":\"http:\/\/www.leblogmoto.com\/images\/charp1.jpg\"},{\"@type\":\"BreadcrumbList\",\"@id\":\"https:\/\/blogs.thesocialmedia.com\/leblogmoto\/2005\/09\/15\/supersport-sbas\/#breadcrumb\",\"itemListElement\":[{\"@type\":\"ListItem\",\"position\":1,\"name\":\"Accueil\",\"item\":\"https:\/\/blogs.thesocialmedia.com\/leblogmoto\/\"},{\"@type\":\"ListItem\",\"position\":2,\"name\":\"Supersport : S\u00e9bastien Charpentier champion du monde 2005\"}]},{\"@type\":\"WebSite\",\"@id\":\"https:\/\/blogs.thesocialmedia.com\/leblogmoto\/#website\",\"url\":\"https:\/\/blogs.thesocialmedia.com\/leblogmoto\/\",\"name\":\"leblogmoto\",\"description\":\"Toute l&#039;actualit\u00e9 des 2 roues\",\"potentialAction\":[{\"@type\":\"SearchAction\",\"target\":{\"@type\":\"EntryPoint\",\"urlTemplate\":\"https:\/\/blogs.thesocialmedia.com\/leblogmoto\/?s={search_term_string}\"},\"query-input\":{\"@type\":\"PropertyValueSpecification\",\"valueRequired\":true,\"valueName\":\"search_term_string\"}}],\"inLanguage\":\"fr-FR\"},{\"@type\":\"Person\",\"@id\":\"https:\/\/blogs.thesocialmedia.com\/leblogmoto\/#\/schema\/person\/80d2a078dbdb8b60abbd76bae6011f19\",\"name\":\"vincent vaillant\",\"image\":{\"@type\":\"ImageObject\",\"inLanguage\":\"fr-FR\",\"@id\":\"https:\/\/blogs.thesocialmedia.com\/leblogmoto\/#\/schema\/person\/image\/\",\"url\":\"https:\/\/secure.gravatar.com\/avatar\/?s=96&d=mm&r=g\",\"contentUrl\":\"https:\/\/secure.gravatar.com\/avatar\/?s=96&d=mm&r=g\",\"caption\":\"vincent vaillant\"},\"url\":\"https:\/\/blogs.thesocialmedia.com\/leblogmoto\/author\/vincent-vaillant\/\"}]}<\/script>\n<!-- \/ Yoast SEO plugin. -->","yoast_head_json":{"title":"Supersport : S\u00e9bastien Charpentier champion du monde 2005 - leblogmoto.com","robots":{"index":"index","follow":"follow","max-snippet":"max-snippet:-1","max-image-preview":"max-image-preview:large","max-video-preview":"max-video-preview:-1"},"canonical":"https:\/\/blogs.thesocialmedia.com\/leblogmoto\/2005\/09\/15\/supersport-sbas\/","twitter_card":"summary_large_image","twitter_title":"Supersport : S\u00e9bastien Charpentier champion du monde 2005 - leblogmoto.com","twitter_description":"Je ne vous en ai pas encore parl\u00e9, mais en dessous de la cat\u00e9gorie reine Superbike, se trouve la cat\u00e9gorie Supersport qui peut se r\u00e9sumer en une version 600 cm3 de la premi\u00e8re. D&rsquo;ailleurs les \u00e9preuves se d\u00e9roulent sur les m\u00eames circuits au m\u00eame date avec les m\u00eames constructeurs en pr\u00e9sence, c&rsquo;est donc l&rsquo;anti-chambre du [&hellip;]","twitter_image":"http:\/\/www.leblogmoto.com\/images\/charp1.jpg","twitter_misc":{"\u00c9crit par":"vincent vaillant","Dur\u00e9e de lecture estim\u00e9e":"1 minute"},"schema":{"@context":"https:\/\/schema.org","@graph":[{"@type":"WebPage","@id":"https:\/\/blogs.thesocialmedia.com\/leblogmoto\/2005\/09\/15\/supersport-sbas\/","url":"https:\/\/blogs.thesocialmedia.com\/leblogmoto\/2005\/09\/15\/supersport-sbas\/","name":"Supersport : S\u00e9bastien Charpentier champion du monde 2005 - leblogmoto.com","isPartOf":{"@id":"https:\/\/blogs.thesocialmedia.com\/leblogmoto\/#website"},"primaryImageOfPage":{"@id":"https:\/\/blogs.thesocialmedia.com\/leblogmoto\/2005\/09\/15\/supersport-sbas\/#primaryimage"},"image":{"@id":"https:\/\/blogs.thesocialmedia.com\/leblogmoto\/2005\/09\/15\/supersport-sbas\/#primaryimage"},"thumbnailUrl":"http:\/\/www.leblogmoto.com\/images\/charp1.jpg","datePublished":"2005-09-15T12:34:00+00:00","dateModified":"2012-07-11T13:42:03+00:00","author":{"@id":"https:\/\/blogs.thesocialmedia.com\/leblogmoto\/#\/schema\/person\/80d2a078dbdb8b60abbd76bae6011f19"},"breadcrumb":{"@id":"https:\/\/blogs.thesocialmedia.com\/leblogmoto\/2005\/09\/15\/supersport-sbas\/#breadcrumb"},"inLanguage":"fr-FR","potentialAction":[{"@type":"ReadAction","target":["https:\/\/blogs.thesocialmedia.com\/leblogmoto\/2005\/09\/15\/supersport-sbas\/"]}]},{"@type":"ImageObject","inLanguage":"fr-FR","@id":"https:\/\/blogs.thesocialmedia.com\/leblogmoto\/2005\/09\/15\/supersport-sbas\/#primaryimage","url":"http:\/\/www.leblogmoto.com\/images\/charp1.jpg","contentUrl":"http:\/\/www.leblogmoto.com\/images\/charp1.jpg"},{"@type":"BreadcrumbList","@id":"https:\/\/blogs.thesocialmedia.com\/leblogmoto\/2005\/09\/15\/supersport-sbas\/#breadcrumb","itemListElement":[{"@type":"ListItem","position":1,"name":"Accueil","item":"https:\/\/blogs.thesocialmedia.com\/leblogmoto\/"},{"@type":"ListItem","position":2,"name":"Supersport : S\u00e9bastien Charpentier champion du monde 2005"}]},{"@type":"WebSite","@id":"https:\/\/blogs.thesocialmedia.com\/leblogmoto\/#website","url":"https:\/\/blogs.thesocialmedia.com\/leblogmoto\/","name":"leblogmoto","description":"Toute l&#039;actualit\u00e9 des 2 roues","potentialAction":[{"@type":"SearchAction","target":{"@type":"EntryPoint","urlTemplate":"https:\/\/blogs.thesocialmedia.com\/leblogmoto\/?s={search_term_string}"},"query-input":{"@type":"PropertyValueSpecification","valueRequired":true,"valueName":"search_term_string"}}],"inLanguage":"fr-FR"},{"@type":"Person","@id":"https:\/\/blogs.thesocialmedia.com\/leblogmoto\/#\/schema\/person\/80d2a078dbdb8b60abbd76bae6011f19","name":"vincent vaillant","image":{"@type":"ImageObject","inLanguage":"fr-FR","@id":"https:\/\/blogs.thesocialmedia.com\/leblogmoto\/#\/schema\/person\/image\/","url":"https:\/\/secure.gravatar.com\/avatar\/?s=96&d=mm&r=g","contentUrl":"https:\/\/secure.gravatar.com\/avatar\/?s=96&d=mm&r=g","caption":"vincent vaillant"},"url":"https:\/\/blogs.thesocialmedia.com\/leblogmoto\/author\/vincent-vaillant\/"}]}},"_links":{"self":[{"href":"https:\/\/blogs.thesocialmedia.com\/leblogmoto\/wp-json\/wp\/v2\/posts\/2439","targetHints":{"allow":["GET"]}}],"collection":[{"href":"https:\/\/blogs.thesocialmedia.com\/leblogmoto\/wp-json\/wp\/v2\/posts"}],"about":[{"href":"https:\/\/blogs.thesocialmedia.com\/leblogmoto\/wp-json\/wp\/v2\/types\/post"}],"author":[{"embeddable":true,"href":"https:\/\/blogs.thesocialmedia.com\/leblogmoto\/wp-json\/wp\/v2\/users\/338"}],"replies":[{"embeddable":true,"href":"https:\/\/blogs.thesocialmedia.com\/leblogmoto\/wp-json\/wp\/v2\/comments?post=2439"}],"version-history":[{"count":2,"href":"https:\/\/blogs.thesocialmedia.com\/leblogmoto\/wp-json\/wp\/v2\/posts\/2439\/revisions"}],"predecessor-version":[{"id":5694,"href":"https:\/\/blogs.thesocialmedia.com\/leblogmoto\/wp-json\/wp\/v2\/posts\/2439\/revisions\/5694"}],"wp:attachment":[{"href":"https:\/\/blogs.thesocialmedia.com\/leblogmoto\/wp-json\/wp\/v2\/media?parent=2439"}],"wp:term":[{"taxonomy":"category","embeddable":true,"href":"https:\/\/blogs.thesocialmedia.com\/leblogmoto\/wp-json\/wp\/v2\/categories?post=2439"},{"taxonomy":"post_tag","embeddable":true,"href":"https:\/\/blogs.thesocialmedia.com\/leblogmoto\/wp-json\/wp\/v2\/tags?post=2439"}],"curies":[{"name":"wp","href":"https:\/\/api.w.org\/{rel}","templated":true}]}}