{"id":2440,"date":"2005-09-15T11:44:24","date_gmt":"2005-09-15T11:44:24","guid":{"rendered":"http:\/\/blogs.thesocialmedia.com\/leblogmoto\/2005\/09\/15\/superbike-verme-2\/"},"modified":"2012-07-11T13:42:01","modified_gmt":"2012-07-11T13:42:01","slug":"superbike-verme-2","status":"publish","type":"post","link":"https:\/\/blogs.thesocialmedia.com\/leblogmoto\/2005\/09\/15\/superbike-verme-2\/","title":{"rendered":"Superbike : Vermeulen survole Assen"},"content":{"rendered":"<p><a href=\"http:\/\/blogs.thesocialmedia.com\/leblogmoto\/files\/2012\/07\/assen_1.jpg\"><img loading=\"lazy\" decoding=\"async\" width=\"250\" height=\"157\"  alt=\"Assen_1\" src=\"http:\/\/www.leblogmoto.com\/images\/assen_1.jpg\" style=\"margin: 0px 5px 5px 0px;float: left\" \/><\/a>Chris Vermeulen r\u00e9alise le week end parfait lors de la 9\u00e8me \u00e9preuve du championnat Superbike \u00e0 Assen avec une p\u00f4le position et une victoire dans chacune des deux manches. Lors de la premi\u00e8re course, Vermeulen s\u2019est litt\u00e9ralement envol\u00e9 laissant loin derri\u00e8re Toseland et Haga en lutte f\u00e9roce, suivi de Corser et Pitt.<br \/>Lors de la deuxi\u00e8me course, Vermeulen a rat\u00e9 son d\u00e9part mais a finalement r\u00e9ussi \u00e0 grappiller chaque position avec un combat acharn\u00e9 avec Haga pendant plusieurs tours. Le japonais a r\u00e9alis\u00e9 une tr\u00e8s belle course mais a du s\u2019incliner devant l\u2019australien qui \u00e9tait d\u00e9cid\u00e9ment magistral. Le grand perdant de Assen sera \u00e0 n\u2019en pas douter Troy Corser qui a termin\u00e9 4\u00e8me \u00e0 deux reprises mais qui reste leader du championnat suivi de Vermeulen tr\u00e8s mena\u00e7ant et de Laconi qui s\u2019est bless\u00e9 en chutant durant les essais. A noter que gr\u00e2ce \u00e0 ses deux victoires Vermeulen permet \u00e0 Honda de prendre la deuxi\u00e8me place du championnat constructeur \u00e0 Ducati.<\/p>\n<p><a href=\"http:\/\/blogs.thesocialmedia.com\/leblogmoto\/files\/2012\/07\/assen_2_2.jpg\"><img loading=\"lazy\" decoding=\"async\" width=\"250\" height=\"167\"  alt=\"Assen_2_2\" src=\"http:\/\/www.leblogmoto.com\/images\/assen_2_2.jpg\" style=\"margin: 0px 5px 5px 0px;float: left\" \/><\/a>Arriv\u00e9e de la course 1 :<br \/> 1. C. Vermeulen (AUS) Honda CBR 1000 RR<br \/> 2. J. Toseland (GBR) Ducati 999 F05<br \/> 3. N. Haga (JPN) Yamaha YZF R1<br \/> 4. T. Corser (AUS) Suzuki GSXR 1000 K5<br \/> 5. A. Pitt (AUS) Yamaha YZF R1<br \/> 6. Y. Kagayama (JAP) suzuki GSXR 1000 K5<br \/> 7. L. Lanzi (ITA) Ducati 999 RS<br \/> 8. M. Neukirchner (GER) Honda CBR 1000 RR<br \/> 9. K. Muggeridge (AUS) Honda CBR 1000 RR<br \/> 10. P. Chili (ITA) Honda CBR 1000 RR<\/p>\n<p> Arriv\u00e9e de la course 2 :<br \/> 1. C. Vermeulen (AUS) Honda CBR 1000 RR<br \/> 2. N. Haga (JPN) Yamaha YZF R1<br \/> 3. J. Toseland (GBR) Ducati 999 F05<br \/> 4. T. Corser (AUS) Suzuki GSXR 1000 K5<br \/> 5. A. Pitt (AUS) Yamaha YZF R1<br \/> 6. L. Lanzi (ITA) Ducati 999RS<br \/> 7. M. Neukirchner (GER) Honda CBR 1000 RR<br \/> 8. K. Muggeridge (AUS) Honda CBR 1000 RR<br \/> 9. N. Abe (JAP) Yamaha YZF R1<br \/> 10. B. Bostrom (USA) Honda CBR 1000 RR<\/p>\n<p> Championnat pilote :<br \/> 1. T. Corser (370 pts)<br \/> 2. C. Vermeulen (284 pts) <br \/> 3. R. Laconi (214 pts) <br \/> 4. N. Haga (203 pts) <br \/> 5. J. Toseland (197 pts) <br \/> 6. Y. Kagayama (187 pts) <br \/> 7. C. Walker (130 pts) <br \/> 8. P. Chili (119 pts) <br \/> 9. A. Pitt (117 pts)<br \/> 10. K. Muggeridge (100 pts)<\/p>\n<p> Championnat constructeur :<br \/> 1. <a href=\"http:\/\/www.leblogmoto.com\/suzuki\/index.html\">Suzuki<\/a> (379 pts)<br \/> 2. <a href=\"http:\/\/www.leblogmoto.com\/honda\/index.html\">Honda<\/a> (300 pts)<br \/> 3. <a href=\"http:\/\/www.leblogmoto.com\/ducati\/index.html\">Ducati<\/a> (293 pts)<br \/> 4. <a href=\"http:\/\/www.leblogmoto.com\/yamaha\/index.html\">Yamaha<\/a> (244 pts)<br \/> 5. <a href=\"http:\/\/www.leblogmoto.com\/kawasaki\/index.html\">Kawasaki<\/a> (145 pts)<br \/> 6. Petronas (25 pts)<\/p>\n","protected":false},"excerpt":{"rendered":"<p>Chris Vermeulen r\u00e9alise le week end parfait lors de la 9\u00e8me \u00e9preuve du championnat Superbike \u00e0 Assen avec une p\u00f4le position et une victoire dans chacune des deux manches. Lors de la premi\u00e8re course, Vermeulen s\u2019est litt\u00e9ralement envol\u00e9 laissant loin derri\u00e8re Toseland et Haga en lutte f\u00e9roce, suivi de Corser et Pitt.Lors de la deuxi\u00e8me [&hellip;]<\/p>\n","protected":false},"author":338,"featured_media":0,"comment_status":"open","ping_status":"open","sticky":false,"template":"","format":"standard","meta":{"footnotes":""},"categories":[46],"tags":[],"class_list":["post-2440","post","type-post","status-publish","format-standard","hentry","category-superbike"],"yoast_head":"<!-- This site is optimized with the Yoast SEO plugin v26.0 - https:\/\/yoast.com\/wordpress\/plugins\/seo\/ -->\n<title>Superbike : Vermeulen survole Assen - leblogmoto.com<\/title>\n<meta name=\"robots\" content=\"index, follow, max-snippet:-1, max-image-preview:large, max-video-preview:-1\" \/>\n<link rel=\"canonical\" href=\"https:\/\/blogs.thesocialmedia.com\/leblogmoto\/2005\/09\/15\/superbike-verme-2\/\" \/>\n<meta name=\"twitter:card\" content=\"summary_large_image\" \/>\n<meta name=\"twitter:title\" content=\"Superbike : Vermeulen survole Assen - leblogmoto.com\" \/>\n<meta name=\"twitter:description\" content=\"Chris Vermeulen r\u00e9alise le week end parfait lors de la 9\u00e8me \u00e9preuve du championnat Superbike \u00e0 Assen avec une p\u00f4le position et une victoire dans chacune des deux manches. Lors de la premi\u00e8re course, Vermeulen s\u2019est litt\u00e9ralement envol\u00e9 laissant loin derri\u00e8re Toseland et Haga en lutte f\u00e9roce, suivi de Corser et Pitt.Lors de la deuxi\u00e8me [&hellip;]\" \/>\n<meta name=\"twitter:image\" content=\"http:\/\/www.leblogmoto.com\/images\/assen_1.jpg\" \/>\n<meta name=\"twitter:label1\" content=\"\u00c9crit par\" \/>\n\t<meta name=\"twitter:data1\" content=\"vincent vaillant\" \/>\n\t<meta name=\"twitter:label2\" content=\"Dur\u00e9e de lecture estim\u00e9e\" \/>\n\t<meta name=\"twitter:data2\" content=\"2 minutes\" \/>\n<script type=\"application\/ld+json\" class=\"yoast-schema-graph\">{\"@context\":\"https:\/\/schema.org\",\"@graph\":[{\"@type\":\"WebPage\",\"@id\":\"https:\/\/blogs.thesocialmedia.com\/leblogmoto\/2005\/09\/15\/superbike-verme-2\/\",\"url\":\"https:\/\/blogs.thesocialmedia.com\/leblogmoto\/2005\/09\/15\/superbike-verme-2\/\",\"name\":\"Superbike : Vermeulen survole Assen - leblogmoto.com\",\"isPartOf\":{\"@id\":\"https:\/\/blogs.thesocialmedia.com\/leblogmoto\/#website\"},\"primaryImageOfPage\":{\"@id\":\"https:\/\/blogs.thesocialmedia.com\/leblogmoto\/2005\/09\/15\/superbike-verme-2\/#primaryimage\"},\"image\":{\"@id\":\"https:\/\/blogs.thesocialmedia.com\/leblogmoto\/2005\/09\/15\/superbike-verme-2\/#primaryimage\"},\"thumbnailUrl\":\"http:\/\/www.leblogmoto.com\/images\/assen_1.jpg\",\"datePublished\":\"2005-09-15T11:44:24+00:00\",\"dateModified\":\"2012-07-11T13:42:01+00:00\",\"author\":{\"@id\":\"https:\/\/blogs.thesocialmedia.com\/leblogmoto\/#\/schema\/person\/80d2a078dbdb8b60abbd76bae6011f19\"},\"breadcrumb\":{\"@id\":\"https:\/\/blogs.thesocialmedia.com\/leblogmoto\/2005\/09\/15\/superbike-verme-2\/#breadcrumb\"},\"inLanguage\":\"fr-FR\",\"potentialAction\":[{\"@type\":\"ReadAction\",\"target\":[\"https:\/\/blogs.thesocialmedia.com\/leblogmoto\/2005\/09\/15\/superbike-verme-2\/\"]}]},{\"@type\":\"ImageObject\",\"inLanguage\":\"fr-FR\",\"@id\":\"https:\/\/blogs.thesocialmedia.com\/leblogmoto\/2005\/09\/15\/superbike-verme-2\/#primaryimage\",\"url\":\"http:\/\/www.leblogmoto.com\/images\/assen_1.jpg\",\"contentUrl\":\"http:\/\/www.leblogmoto.com\/images\/assen_1.jpg\"},{\"@type\":\"BreadcrumbList\",\"@id\":\"https:\/\/blogs.thesocialmedia.com\/leblogmoto\/2005\/09\/15\/superbike-verme-2\/#breadcrumb\",\"itemListElement\":[{\"@type\":\"ListItem\",\"position\":1,\"name\":\"Accueil\",\"item\":\"https:\/\/blogs.thesocialmedia.com\/leblogmoto\/\"},{\"@type\":\"ListItem\",\"position\":2,\"name\":\"Superbike : Vermeulen survole Assen\"}]},{\"@type\":\"WebSite\",\"@id\":\"https:\/\/blogs.thesocialmedia.com\/leblogmoto\/#website\",\"url\":\"https:\/\/blogs.thesocialmedia.com\/leblogmoto\/\",\"name\":\"leblogmoto\",\"description\":\"Toute l&#039;actualit\u00e9 des 2 roues\",\"potentialAction\":[{\"@type\":\"SearchAction\",\"target\":{\"@type\":\"EntryPoint\",\"urlTemplate\":\"https:\/\/blogs.thesocialmedia.com\/leblogmoto\/?s={search_term_string}\"},\"query-input\":{\"@type\":\"PropertyValueSpecification\",\"valueRequired\":true,\"valueName\":\"search_term_string\"}}],\"inLanguage\":\"fr-FR\"},{\"@type\":\"Person\",\"@id\":\"https:\/\/blogs.thesocialmedia.com\/leblogmoto\/#\/schema\/person\/80d2a078dbdb8b60abbd76bae6011f19\",\"name\":\"vincent vaillant\",\"image\":{\"@type\":\"ImageObject\",\"inLanguage\":\"fr-FR\",\"@id\":\"https:\/\/blogs.thesocialmedia.com\/leblogmoto\/#\/schema\/person\/image\/\",\"url\":\"https:\/\/secure.gravatar.com\/avatar\/?s=96&d=mm&r=g\",\"contentUrl\":\"https:\/\/secure.gravatar.com\/avatar\/?s=96&d=mm&r=g\",\"caption\":\"vincent vaillant\"},\"url\":\"https:\/\/blogs.thesocialmedia.com\/leblogmoto\/author\/vincent-vaillant\/\"}]}<\/script>\n<!-- \/ Yoast SEO plugin. -->","yoast_head_json":{"title":"Superbike : Vermeulen survole Assen - leblogmoto.com","robots":{"index":"index","follow":"follow","max-snippet":"max-snippet:-1","max-image-preview":"max-image-preview:large","max-video-preview":"max-video-preview:-1"},"canonical":"https:\/\/blogs.thesocialmedia.com\/leblogmoto\/2005\/09\/15\/superbike-verme-2\/","twitter_card":"summary_large_image","twitter_title":"Superbike : Vermeulen survole Assen - leblogmoto.com","twitter_description":"Chris Vermeulen r\u00e9alise le week end parfait lors de la 9\u00e8me \u00e9preuve du championnat Superbike \u00e0 Assen avec une p\u00f4le position et une victoire dans chacune des deux manches. Lors de la premi\u00e8re course, Vermeulen s\u2019est litt\u00e9ralement envol\u00e9 laissant loin derri\u00e8re Toseland et Haga en lutte f\u00e9roce, suivi de Corser et Pitt.Lors de la deuxi\u00e8me [&hellip;]","twitter_image":"http:\/\/www.leblogmoto.com\/images\/assen_1.jpg","twitter_misc":{"\u00c9crit par":"vincent vaillant","Dur\u00e9e de lecture estim\u00e9e":"2 minutes"},"schema":{"@context":"https:\/\/schema.org","@graph":[{"@type":"WebPage","@id":"https:\/\/blogs.thesocialmedia.com\/leblogmoto\/2005\/09\/15\/superbike-verme-2\/","url":"https:\/\/blogs.thesocialmedia.com\/leblogmoto\/2005\/09\/15\/superbike-verme-2\/","name":"Superbike : Vermeulen survole Assen - leblogmoto.com","isPartOf":{"@id":"https:\/\/blogs.thesocialmedia.com\/leblogmoto\/#website"},"primaryImageOfPage":{"@id":"https:\/\/blogs.thesocialmedia.com\/leblogmoto\/2005\/09\/15\/superbike-verme-2\/#primaryimage"},"image":{"@id":"https:\/\/blogs.thesocialmedia.com\/leblogmoto\/2005\/09\/15\/superbike-verme-2\/#primaryimage"},"thumbnailUrl":"http:\/\/www.leblogmoto.com\/images\/assen_1.jpg","datePublished":"2005-09-15T11:44:24+00:00","dateModified":"2012-07-11T13:42:01+00:00","author":{"@id":"https:\/\/blogs.thesocialmedia.com\/leblogmoto\/#\/schema\/person\/80d2a078dbdb8b60abbd76bae6011f19"},"breadcrumb":{"@id":"https:\/\/blogs.thesocialmedia.com\/leblogmoto\/2005\/09\/15\/superbike-verme-2\/#breadcrumb"},"inLanguage":"fr-FR","potentialAction":[{"@type":"ReadAction","target":["https:\/\/blogs.thesocialmedia.com\/leblogmoto\/2005\/09\/15\/superbike-verme-2\/"]}]},{"@type":"ImageObject","inLanguage":"fr-FR","@id":"https:\/\/blogs.thesocialmedia.com\/leblogmoto\/2005\/09\/15\/superbike-verme-2\/#primaryimage","url":"http:\/\/www.leblogmoto.com\/images\/assen_1.jpg","contentUrl":"http:\/\/www.leblogmoto.com\/images\/assen_1.jpg"},{"@type":"BreadcrumbList","@id":"https:\/\/blogs.thesocialmedia.com\/leblogmoto\/2005\/09\/15\/superbike-verme-2\/#breadcrumb","itemListElement":[{"@type":"ListItem","position":1,"name":"Accueil","item":"https:\/\/blogs.thesocialmedia.com\/leblogmoto\/"},{"@type":"ListItem","position":2,"name":"Superbike : Vermeulen survole Assen"}]},{"@type":"WebSite","@id":"https:\/\/blogs.thesocialmedia.com\/leblogmoto\/#website","url":"https:\/\/blogs.thesocialmedia.com\/leblogmoto\/","name":"leblogmoto","description":"Toute l&#039;actualit\u00e9 des 2 roues","potentialAction":[{"@type":"SearchAction","target":{"@type":"EntryPoint","urlTemplate":"https:\/\/blogs.thesocialmedia.com\/leblogmoto\/?s={search_term_string}"},"query-input":{"@type":"PropertyValueSpecification","valueRequired":true,"valueName":"search_term_string"}}],"inLanguage":"fr-FR"},{"@type":"Person","@id":"https:\/\/blogs.thesocialmedia.com\/leblogmoto\/#\/schema\/person\/80d2a078dbdb8b60abbd76bae6011f19","name":"vincent vaillant","image":{"@type":"ImageObject","inLanguage":"fr-FR","@id":"https:\/\/blogs.thesocialmedia.com\/leblogmoto\/#\/schema\/person\/image\/","url":"https:\/\/secure.gravatar.com\/avatar\/?s=96&d=mm&r=g","contentUrl":"https:\/\/secure.gravatar.com\/avatar\/?s=96&d=mm&r=g","caption":"vincent vaillant"},"url":"https:\/\/blogs.thesocialmedia.com\/leblogmoto\/author\/vincent-vaillant\/"}]}},"_links":{"self":[{"href":"https:\/\/blogs.thesocialmedia.com\/leblogmoto\/wp-json\/wp\/v2\/posts\/2440","targetHints":{"allow":["GET"]}}],"collection":[{"href":"https:\/\/blogs.thesocialmedia.com\/leblogmoto\/wp-json\/wp\/v2\/posts"}],"about":[{"href":"https:\/\/blogs.thesocialmedia.com\/leblogmoto\/wp-json\/wp\/v2\/types\/post"}],"author":[{"embeddable":true,"href":"https:\/\/blogs.thesocialmedia.com\/leblogmoto\/wp-json\/wp\/v2\/users\/338"}],"replies":[{"embeddable":true,"href":"https:\/\/blogs.thesocialmedia.com\/leblogmoto\/wp-json\/wp\/v2\/comments?post=2440"}],"version-history":[{"count":2,"href":"https:\/\/blogs.thesocialmedia.com\/leblogmoto\/wp-json\/wp\/v2\/posts\/2440\/revisions"}],"predecessor-version":[{"id":5692,"href":"https:\/\/blogs.thesocialmedia.com\/leblogmoto\/wp-json\/wp\/v2\/posts\/2440\/revisions\/5692"}],"wp:attachment":[{"href":"https:\/\/blogs.thesocialmedia.com\/leblogmoto\/wp-json\/wp\/v2\/media?parent=2440"}],"wp:term":[{"taxonomy":"category","embeddable":true,"href":"https:\/\/blogs.thesocialmedia.com\/leblogmoto\/wp-json\/wp\/v2\/categories?post=2440"},{"taxonomy":"post_tag","embeddable":true,"href":"https:\/\/blogs.thesocialmedia.com\/leblogmoto\/wp-json\/wp\/v2\/tags?post=2440"}],"curies":[{"name":"wp","href":"https:\/\/api.w.org\/{rel}","templated":true}]}}