{"id":2441,"date":"2005-09-15T10:50:29","date_gmt":"2005-09-15T10:50:29","guid":{"rendered":"http:\/\/blogs.thesocialmedia.com\/leblogmoto\/2005\/09\/15\/yamaha-yzf-1000-1\/"},"modified":"2012-07-11T13:41:58","modified_gmt":"2012-07-11T13:41:58","slug":"yamaha-yzf-1000-1","status":"publish","type":"post","link":"https:\/\/blogs.thesocialmedia.com\/leblogmoto\/2005\/09\/15\/yamaha-yzf-1000-1\/","title":{"rendered":"Yamaha YZF 1000 R1 Extreme Yellow"},"content":{"rendered":"<p><a href=\"http:\/\/blogs.thesocialmedia.com\/leblogmoto\/files\/2012\/07\/r2221.jpg\"><img loading=\"lazy\" decoding=\"async\" width=\"250\" height=\"185\"  alt=\"R2221\" src=\"http:\/\/www.leblogmoto.com\/images\/r2221.jpg\" style=\"margin: 0px 5px 5px 0px;float: left\" \/><\/a>Bas\u00e9e sur <a href=\"http:\/\/www.leblogmoto.com\/2005\/09\/yamaha_yzf_1000.html\">la nouvelle R1 mill\u00e9sime 2006<\/a>, l\u2019Extreme Yellow est une version comm\u00e9morative d\u2019un glorieux pass\u00e9 mais aussi une c\u00e9l\u00e9bration du 50\u00e8me anniversaire de <a href=\"http:\/\/www.leblogmoto.com\/yamaha\/index.html\">Yamaha<\/a>. A l\u2019inverse de <a href=\"http:\/\/www.leblogmoto.com\/2005\/09\/yamaha_yzf_r1_s.html\">la R1 SP<\/a> qui est une s\u00e9rie limit\u00e9e, cette Extreme Yellow n\u2019est que le nom donn\u00e9 \u00e0 cette teinte jaune, blanche et noire que vous pourrez demander lors de la commande de votre bijou. Pourquoi ce jaune ? Et bien tout simplement parce que cette couleur \u00e9tait fi\u00e8rement arbor\u00e9e par les motos de course des ann\u00e9es 70-80\u2019 qui remport\u00e8rent de nombreuses victoires et titres avec Kenny Roberts au guidon.<br \/>Aucun changement esth\u00e9tique autre que la teinte et un petit logo 50\u00e8me anniversaire n\u2019est \u00e0 signaler, tout comme du c\u00f4t\u00e9 m\u00e9canique o\u00f9 l\u2019Extreme Yellow est strictement identique \u00e0 la R1 mod\u00e8le 2006.<\/p>\n<p><a href=\"http:\/\/clabedan.typepad.com\/.shared\/image.html?\/photos\/uncategorized\/r2222.jpeg\"><img loading=\"lazy\" decoding=\"async\" width=\"470\" height=\"352\"  alt=\"R2222\" src=\"http:\/\/www.leblogmoto.com\/images\/r2222.jpeg\" style=\"margin: 0px 5px 5px 0px;float: left\" \/><\/a><\/p>\n","protected":false},"excerpt":{"rendered":"<p>Bas\u00e9e sur la nouvelle R1 mill\u00e9sime 2006, l\u2019Extreme Yellow est une version comm\u00e9morative d\u2019un glorieux pass\u00e9 mais aussi une c\u00e9l\u00e9bration du 50\u00e8me anniversaire de Yamaha. A l\u2019inverse de la R1 SP qui est une s\u00e9rie limit\u00e9e, cette Extreme Yellow n\u2019est que le nom donn\u00e9 \u00e0 cette teinte jaune, blanche et noire que vous pourrez demander [&hellip;]<\/p>\n","protected":false},"author":338,"featured_media":0,"comment_status":"open","ping_status":"open","sticky":false,"template":"","format":"standard","meta":{"footnotes":""},"categories":[44],"tags":[],"class_list":["post-2441","post","type-post","status-publish","format-standard","hentry","category-yamaha"],"yoast_head":"<!-- This site is optimized with the Yoast SEO plugin v26.0 - https:\/\/yoast.com\/wordpress\/plugins\/seo\/ -->\n<title>Yamaha YZF 1000 R1 Extreme Yellow - leblogmoto.com<\/title>\n<meta name=\"robots\" content=\"index, follow, max-snippet:-1, max-image-preview:large, max-video-preview:-1\" \/>\n<link rel=\"canonical\" href=\"https:\/\/blogs.thesocialmedia.com\/leblogmoto\/2005\/09\/15\/yamaha-yzf-1000-1\/\" \/>\n<meta name=\"twitter:card\" content=\"summary_large_image\" \/>\n<meta name=\"twitter:title\" content=\"Yamaha YZF 1000 R1 Extreme Yellow - leblogmoto.com\" \/>\n<meta name=\"twitter:description\" content=\"Bas\u00e9e sur la nouvelle R1 mill\u00e9sime 2006, l\u2019Extreme Yellow est une version comm\u00e9morative d\u2019un glorieux pass\u00e9 mais aussi une c\u00e9l\u00e9bration du 50\u00e8me anniversaire de Yamaha. A l\u2019inverse de la R1 SP qui est une s\u00e9rie limit\u00e9e, cette Extreme Yellow n\u2019est que le nom donn\u00e9 \u00e0 cette teinte jaune, blanche et noire que vous pourrez demander [&hellip;]\" \/>\n<meta name=\"twitter:image\" content=\"http:\/\/www.leblogmoto.com\/images\/r2221.jpg\" \/>\n<meta name=\"twitter:label1\" content=\"\u00c9crit par\" \/>\n\t<meta name=\"twitter:data1\" content=\"vincent vaillant\" \/>\n\t<meta name=\"twitter:label2\" content=\"Dur\u00e9e de lecture estim\u00e9e\" \/>\n\t<meta name=\"twitter:data2\" content=\"1 minute\" \/>\n<script type=\"application\/ld+json\" class=\"yoast-schema-graph\">{\"@context\":\"https:\/\/schema.org\",\"@graph\":[{\"@type\":\"WebPage\",\"@id\":\"https:\/\/blogs.thesocialmedia.com\/leblogmoto\/2005\/09\/15\/yamaha-yzf-1000-1\/\",\"url\":\"https:\/\/blogs.thesocialmedia.com\/leblogmoto\/2005\/09\/15\/yamaha-yzf-1000-1\/\",\"name\":\"Yamaha YZF 1000 R1 Extreme Yellow - leblogmoto.com\",\"isPartOf\":{\"@id\":\"https:\/\/blogs.thesocialmedia.com\/leblogmoto\/#website\"},\"primaryImageOfPage\":{\"@id\":\"https:\/\/blogs.thesocialmedia.com\/leblogmoto\/2005\/09\/15\/yamaha-yzf-1000-1\/#primaryimage\"},\"image\":{\"@id\":\"https:\/\/blogs.thesocialmedia.com\/leblogmoto\/2005\/09\/15\/yamaha-yzf-1000-1\/#primaryimage\"},\"thumbnailUrl\":\"http:\/\/www.leblogmoto.com\/images\/r2221.jpg\",\"datePublished\":\"2005-09-15T10:50:29+00:00\",\"dateModified\":\"2012-07-11T13:41:58+00:00\",\"author\":{\"@id\":\"https:\/\/blogs.thesocialmedia.com\/leblogmoto\/#\/schema\/person\/80d2a078dbdb8b60abbd76bae6011f19\"},\"breadcrumb\":{\"@id\":\"https:\/\/blogs.thesocialmedia.com\/leblogmoto\/2005\/09\/15\/yamaha-yzf-1000-1\/#breadcrumb\"},\"inLanguage\":\"fr-FR\",\"potentialAction\":[{\"@type\":\"ReadAction\",\"target\":[\"https:\/\/blogs.thesocialmedia.com\/leblogmoto\/2005\/09\/15\/yamaha-yzf-1000-1\/\"]}]},{\"@type\":\"ImageObject\",\"inLanguage\":\"fr-FR\",\"@id\":\"https:\/\/blogs.thesocialmedia.com\/leblogmoto\/2005\/09\/15\/yamaha-yzf-1000-1\/#primaryimage\",\"url\":\"http:\/\/www.leblogmoto.com\/images\/r2221.jpg\",\"contentUrl\":\"http:\/\/www.leblogmoto.com\/images\/r2221.jpg\"},{\"@type\":\"BreadcrumbList\",\"@id\":\"https:\/\/blogs.thesocialmedia.com\/leblogmoto\/2005\/09\/15\/yamaha-yzf-1000-1\/#breadcrumb\",\"itemListElement\":[{\"@type\":\"ListItem\",\"position\":1,\"name\":\"Accueil\",\"item\":\"https:\/\/blogs.thesocialmedia.com\/leblogmoto\/\"},{\"@type\":\"ListItem\",\"position\":2,\"name\":\"Yamaha YZF 1000 R1 Extreme Yellow\"}]},{\"@type\":\"WebSite\",\"@id\":\"https:\/\/blogs.thesocialmedia.com\/leblogmoto\/#website\",\"url\":\"https:\/\/blogs.thesocialmedia.com\/leblogmoto\/\",\"name\":\"leblogmoto\",\"description\":\"Toute l&#039;actualit\u00e9 des 2 roues\",\"potentialAction\":[{\"@type\":\"SearchAction\",\"target\":{\"@type\":\"EntryPoint\",\"urlTemplate\":\"https:\/\/blogs.thesocialmedia.com\/leblogmoto\/?s={search_term_string}\"},\"query-input\":{\"@type\":\"PropertyValueSpecification\",\"valueRequired\":true,\"valueName\":\"search_term_string\"}}],\"inLanguage\":\"fr-FR\"},{\"@type\":\"Person\",\"@id\":\"https:\/\/blogs.thesocialmedia.com\/leblogmoto\/#\/schema\/person\/80d2a078dbdb8b60abbd76bae6011f19\",\"name\":\"vincent vaillant\",\"image\":{\"@type\":\"ImageObject\",\"inLanguage\":\"fr-FR\",\"@id\":\"https:\/\/blogs.thesocialmedia.com\/leblogmoto\/#\/schema\/person\/image\/\",\"url\":\"https:\/\/secure.gravatar.com\/avatar\/?s=96&d=mm&r=g\",\"contentUrl\":\"https:\/\/secure.gravatar.com\/avatar\/?s=96&d=mm&r=g\",\"caption\":\"vincent vaillant\"},\"url\":\"https:\/\/blogs.thesocialmedia.com\/leblogmoto\/author\/vincent-vaillant\/\"}]}<\/script>\n<!-- \/ Yoast SEO plugin. -->","yoast_head_json":{"title":"Yamaha YZF 1000 R1 Extreme Yellow - leblogmoto.com","robots":{"index":"index","follow":"follow","max-snippet":"max-snippet:-1","max-image-preview":"max-image-preview:large","max-video-preview":"max-video-preview:-1"},"canonical":"https:\/\/blogs.thesocialmedia.com\/leblogmoto\/2005\/09\/15\/yamaha-yzf-1000-1\/","twitter_card":"summary_large_image","twitter_title":"Yamaha YZF 1000 R1 Extreme Yellow - leblogmoto.com","twitter_description":"Bas\u00e9e sur la nouvelle R1 mill\u00e9sime 2006, l\u2019Extreme Yellow est une version comm\u00e9morative d\u2019un glorieux pass\u00e9 mais aussi une c\u00e9l\u00e9bration du 50\u00e8me anniversaire de Yamaha. A l\u2019inverse de la R1 SP qui est une s\u00e9rie limit\u00e9e, cette Extreme Yellow n\u2019est que le nom donn\u00e9 \u00e0 cette teinte jaune, blanche et noire que vous pourrez demander [&hellip;]","twitter_image":"http:\/\/www.leblogmoto.com\/images\/r2221.jpg","twitter_misc":{"\u00c9crit par":"vincent vaillant","Dur\u00e9e de lecture estim\u00e9e":"1 minute"},"schema":{"@context":"https:\/\/schema.org","@graph":[{"@type":"WebPage","@id":"https:\/\/blogs.thesocialmedia.com\/leblogmoto\/2005\/09\/15\/yamaha-yzf-1000-1\/","url":"https:\/\/blogs.thesocialmedia.com\/leblogmoto\/2005\/09\/15\/yamaha-yzf-1000-1\/","name":"Yamaha YZF 1000 R1 Extreme Yellow - leblogmoto.com","isPartOf":{"@id":"https:\/\/blogs.thesocialmedia.com\/leblogmoto\/#website"},"primaryImageOfPage":{"@id":"https:\/\/blogs.thesocialmedia.com\/leblogmoto\/2005\/09\/15\/yamaha-yzf-1000-1\/#primaryimage"},"image":{"@id":"https:\/\/blogs.thesocialmedia.com\/leblogmoto\/2005\/09\/15\/yamaha-yzf-1000-1\/#primaryimage"},"thumbnailUrl":"http:\/\/www.leblogmoto.com\/images\/r2221.jpg","datePublished":"2005-09-15T10:50:29+00:00","dateModified":"2012-07-11T13:41:58+00:00","author":{"@id":"https:\/\/blogs.thesocialmedia.com\/leblogmoto\/#\/schema\/person\/80d2a078dbdb8b60abbd76bae6011f19"},"breadcrumb":{"@id":"https:\/\/blogs.thesocialmedia.com\/leblogmoto\/2005\/09\/15\/yamaha-yzf-1000-1\/#breadcrumb"},"inLanguage":"fr-FR","potentialAction":[{"@type":"ReadAction","target":["https:\/\/blogs.thesocialmedia.com\/leblogmoto\/2005\/09\/15\/yamaha-yzf-1000-1\/"]}]},{"@type":"ImageObject","inLanguage":"fr-FR","@id":"https:\/\/blogs.thesocialmedia.com\/leblogmoto\/2005\/09\/15\/yamaha-yzf-1000-1\/#primaryimage","url":"http:\/\/www.leblogmoto.com\/images\/r2221.jpg","contentUrl":"http:\/\/www.leblogmoto.com\/images\/r2221.jpg"},{"@type":"BreadcrumbList","@id":"https:\/\/blogs.thesocialmedia.com\/leblogmoto\/2005\/09\/15\/yamaha-yzf-1000-1\/#breadcrumb","itemListElement":[{"@type":"ListItem","position":1,"name":"Accueil","item":"https:\/\/blogs.thesocialmedia.com\/leblogmoto\/"},{"@type":"ListItem","position":2,"name":"Yamaha YZF 1000 R1 Extreme Yellow"}]},{"@type":"WebSite","@id":"https:\/\/blogs.thesocialmedia.com\/leblogmoto\/#website","url":"https:\/\/blogs.thesocialmedia.com\/leblogmoto\/","name":"leblogmoto","description":"Toute l&#039;actualit\u00e9 des 2 roues","potentialAction":[{"@type":"SearchAction","target":{"@type":"EntryPoint","urlTemplate":"https:\/\/blogs.thesocialmedia.com\/leblogmoto\/?s={search_term_string}"},"query-input":{"@type":"PropertyValueSpecification","valueRequired":true,"valueName":"search_term_string"}}],"inLanguage":"fr-FR"},{"@type":"Person","@id":"https:\/\/blogs.thesocialmedia.com\/leblogmoto\/#\/schema\/person\/80d2a078dbdb8b60abbd76bae6011f19","name":"vincent vaillant","image":{"@type":"ImageObject","inLanguage":"fr-FR","@id":"https:\/\/blogs.thesocialmedia.com\/leblogmoto\/#\/schema\/person\/image\/","url":"https:\/\/secure.gravatar.com\/avatar\/?s=96&d=mm&r=g","contentUrl":"https:\/\/secure.gravatar.com\/avatar\/?s=96&d=mm&r=g","caption":"vincent vaillant"},"url":"https:\/\/blogs.thesocialmedia.com\/leblogmoto\/author\/vincent-vaillant\/"}]}},"_links":{"self":[{"href":"https:\/\/blogs.thesocialmedia.com\/leblogmoto\/wp-json\/wp\/v2\/posts\/2441","targetHints":{"allow":["GET"]}}],"collection":[{"href":"https:\/\/blogs.thesocialmedia.com\/leblogmoto\/wp-json\/wp\/v2\/posts"}],"about":[{"href":"https:\/\/blogs.thesocialmedia.com\/leblogmoto\/wp-json\/wp\/v2\/types\/post"}],"author":[{"embeddable":true,"href":"https:\/\/blogs.thesocialmedia.com\/leblogmoto\/wp-json\/wp\/v2\/users\/338"}],"replies":[{"embeddable":true,"href":"https:\/\/blogs.thesocialmedia.com\/leblogmoto\/wp-json\/wp\/v2\/comments?post=2441"}],"version-history":[{"count":2,"href":"https:\/\/blogs.thesocialmedia.com\/leblogmoto\/wp-json\/wp\/v2\/posts\/2441\/revisions"}],"predecessor-version":[{"id":5689,"href":"https:\/\/blogs.thesocialmedia.com\/leblogmoto\/wp-json\/wp\/v2\/posts\/2441\/revisions\/5689"}],"wp:attachment":[{"href":"https:\/\/blogs.thesocialmedia.com\/leblogmoto\/wp-json\/wp\/v2\/media?parent=2441"}],"wp:term":[{"taxonomy":"category","embeddable":true,"href":"https:\/\/blogs.thesocialmedia.com\/leblogmoto\/wp-json\/wp\/v2\/categories?post=2441"},{"taxonomy":"post_tag","embeddable":true,"href":"https:\/\/blogs.thesocialmedia.com\/leblogmoto\/wp-json\/wp\/v2\/tags?post=2441"}],"curies":[{"name":"wp","href":"https:\/\/api.w.org\/{rel}","templated":true}]}}