{"id":2451,"date":"2005-09-08T10:24:01","date_gmt":"2005-09-08T10:24:01","guid":{"rendered":"http:\/\/blogs.thesocialmedia.com\/leblogmoto\/2005\/09\/08\/lenduro-du-touq\/"},"modified":"2012-07-11T13:41:05","modified_gmt":"2012-07-11T13:41:05","slug":"lenduro-du-touq","status":"publish","type":"post","link":"https:\/\/blogs.thesocialmedia.com\/leblogmoto\/2005\/09\/08\/lenduro-du-touq\/","title":{"rendered":"L&rsquo;enduro du Touquet 2006 aura bien lieu"},"content":{"rendered":"<p><a href=\"http:\/\/blogs.thesocialmedia.com\/leblogmoto\/files\/2012\/07\/01bmoto.jpg\"><img loading=\"lazy\" decoding=\"async\" alt=\"01bmoto\" src=\"http:\/\/www.leblogmoto.com\/images\/01bmoto.jpg\" width=\"250\" height=\"166\"  style=\"float: left;margin: 0px 5px 5px 0px\" \/><\/a><\/p>\n<p>Le Touquet-Paris-Plage, station baln\u00e9aire plus que centenaire de la C\u00f4te d\u2019Opale,  doit une part de sa renomm\u00e9e actuelle \u00e0 une comp\u00e9tition de moto qui s\u2019y tient depuis 1975, L\u2019Enduro des Sables. Le cr\u00e9ateur de l\u2019\u00e9v\u00e9nement fut Thierry Sabine, \u00e9galement \u00e0 l\u2019origine du Paris-Dakar. Ce crit\u00e9rium dominical de trois heures est depuis trente ans un rendez-vous des inconditionnels de la moto; il attire plusieurs centaines de milliers de personnes au Touquet \u00e0 la mi-f\u00e9vrier.<br \/> Le 15 janvier dernier, la mairie du Touquet  annon\u00e7ait  qu\u2019elle mettait un terme \u00e0 l\u2019enduro suite \u00e0 un  conflit avec les repr\u00e9sentants de diverses associations mettant en avant le risque de d\u00e9gradation du milieu naturel.<br \/> Aujourd\u2019hui, la mairie du Touquet fait marche arri\u00e8re et indique que la prochaine \u00e9dition de l&rsquo;enduro du Touquet aura bien lieu en f\u00e9vrier mais en bord de mer sur la plage, non dans les dunes, annonce le Maire de la ville.  \u00ab\u00a0Il y aura bien un enduro au Touquet les 4 et 5 f\u00e9vrier prochains car au moins 400.000 personnes sont venues l&rsquo;an dernier et nous ne pouvons pas tout arr\u00eater, m\u00eame si d\u00e9sormais nous resterons sur la plage\u00a0\u00bb, a d\u00e9clar\u00e9 le D\u00e9put\u00e9-Maire L\u00e9once Deprez.\u00a0\u00bb Le public ne pourra plus rejoindre les espaces dunaires qui seront interdits \u00e0 toute circulation\u00a0\u00bb et le spectacle sera limit\u00e9 \u00ab\u00a0aux espaces urbanis\u00e9s du front de mer\u00a0\u00bb a conclu le D\u00e9put\u00e9-Maire.<\/p>\n","protected":false},"excerpt":{"rendered":"<p>Le Touquet-Paris-Plage, station baln\u00e9aire plus que centenaire de la C\u00f4te d\u2019Opale, doit une part de sa renomm\u00e9e actuelle \u00e0 une comp\u00e9tition de moto qui s\u2019y tient depuis 1975, L\u2019Enduro des Sables. Le cr\u00e9ateur de l\u2019\u00e9v\u00e9nement fut Thierry Sabine, \u00e9galement \u00e0 l\u2019origine du Paris-Dakar. Ce crit\u00e9rium dominical de trois heures est depuis trente ans un rendez-vous [&hellip;]<\/p>\n","protected":false},"author":339,"featured_media":0,"comment_status":"open","ping_status":"open","sticky":false,"template":"","format":"standard","meta":{"footnotes":""},"categories":[3],"tags":[],"class_list":["post-2451","post","type-post","status-publish","format-standard","hentry","category-actualite"],"yoast_head":"<!-- This site is optimized with the Yoast SEO plugin v26.0 - https:\/\/yoast.com\/wordpress\/plugins\/seo\/ -->\n<title>L&#039;enduro du Touquet 2006 aura bien lieu - leblogmoto.com<\/title>\n<meta name=\"robots\" content=\"index, follow, max-snippet:-1, max-image-preview:large, max-video-preview:-1\" \/>\n<link rel=\"canonical\" href=\"https:\/\/blogs.thesocialmedia.com\/leblogmoto\/2005\/09\/08\/lenduro-du-touq\/\" \/>\n<meta name=\"twitter:card\" content=\"summary_large_image\" \/>\n<meta name=\"twitter:title\" content=\"L&#039;enduro du Touquet 2006 aura bien lieu - leblogmoto.com\" \/>\n<meta name=\"twitter:description\" content=\"Le Touquet-Paris-Plage, station baln\u00e9aire plus que centenaire de la C\u00f4te d\u2019Opale, doit une part de sa renomm\u00e9e actuelle \u00e0 une comp\u00e9tition de moto qui s\u2019y tient depuis 1975, L\u2019Enduro des Sables. Le cr\u00e9ateur de l\u2019\u00e9v\u00e9nement fut Thierry Sabine, \u00e9galement \u00e0 l\u2019origine du Paris-Dakar. Ce crit\u00e9rium dominical de trois heures est depuis trente ans un rendez-vous [&hellip;]\" \/>\n<meta name=\"twitter:image\" content=\"http:\/\/www.leblogmoto.com\/images\/01bmoto.jpg\" \/>\n<meta name=\"twitter:label1\" content=\"\u00c9crit par\" \/>\n\t<meta name=\"twitter:data1\" content=\"daniel bour\" \/>\n\t<meta name=\"twitter:label2\" content=\"Dur\u00e9e de lecture estim\u00e9e\" \/>\n\t<meta name=\"twitter:data2\" content=\"1 minute\" \/>\n<script type=\"application\/ld+json\" class=\"yoast-schema-graph\">{\"@context\":\"https:\/\/schema.org\",\"@graph\":[{\"@type\":\"WebPage\",\"@id\":\"https:\/\/blogs.thesocialmedia.com\/leblogmoto\/2005\/09\/08\/lenduro-du-touq\/\",\"url\":\"https:\/\/blogs.thesocialmedia.com\/leblogmoto\/2005\/09\/08\/lenduro-du-touq\/\",\"name\":\"L'enduro du Touquet 2006 aura bien lieu - leblogmoto.com\",\"isPartOf\":{\"@id\":\"https:\/\/blogs.thesocialmedia.com\/leblogmoto\/#website\"},\"primaryImageOfPage\":{\"@id\":\"https:\/\/blogs.thesocialmedia.com\/leblogmoto\/2005\/09\/08\/lenduro-du-touq\/#primaryimage\"},\"image\":{\"@id\":\"https:\/\/blogs.thesocialmedia.com\/leblogmoto\/2005\/09\/08\/lenduro-du-touq\/#primaryimage\"},\"thumbnailUrl\":\"http:\/\/www.leblogmoto.com\/images\/01bmoto.jpg\",\"datePublished\":\"2005-09-08T10:24:01+00:00\",\"dateModified\":\"2012-07-11T13:41:05+00:00\",\"author\":{\"@id\":\"https:\/\/blogs.thesocialmedia.com\/leblogmoto\/#\/schema\/person\/112bf3448e55eeb119f6276bbf85b8e7\"},\"breadcrumb\":{\"@id\":\"https:\/\/blogs.thesocialmedia.com\/leblogmoto\/2005\/09\/08\/lenduro-du-touq\/#breadcrumb\"},\"inLanguage\":\"fr-FR\",\"potentialAction\":[{\"@type\":\"ReadAction\",\"target\":[\"https:\/\/blogs.thesocialmedia.com\/leblogmoto\/2005\/09\/08\/lenduro-du-touq\/\"]}]},{\"@type\":\"ImageObject\",\"inLanguage\":\"fr-FR\",\"@id\":\"https:\/\/blogs.thesocialmedia.com\/leblogmoto\/2005\/09\/08\/lenduro-du-touq\/#primaryimage\",\"url\":\"http:\/\/www.leblogmoto.com\/images\/01bmoto.jpg\",\"contentUrl\":\"http:\/\/www.leblogmoto.com\/images\/01bmoto.jpg\"},{\"@type\":\"BreadcrumbList\",\"@id\":\"https:\/\/blogs.thesocialmedia.com\/leblogmoto\/2005\/09\/08\/lenduro-du-touq\/#breadcrumb\",\"itemListElement\":[{\"@type\":\"ListItem\",\"position\":1,\"name\":\"Accueil\",\"item\":\"https:\/\/blogs.thesocialmedia.com\/leblogmoto\/\"},{\"@type\":\"ListItem\",\"position\":2,\"name\":\"L&rsquo;enduro du Touquet 2006 aura bien lieu\"}]},{\"@type\":\"WebSite\",\"@id\":\"https:\/\/blogs.thesocialmedia.com\/leblogmoto\/#website\",\"url\":\"https:\/\/blogs.thesocialmedia.com\/leblogmoto\/\",\"name\":\"leblogmoto\",\"description\":\"Toute l&#039;actualit\u00e9 des 2 roues\",\"potentialAction\":[{\"@type\":\"SearchAction\",\"target\":{\"@type\":\"EntryPoint\",\"urlTemplate\":\"https:\/\/blogs.thesocialmedia.com\/leblogmoto\/?s={search_term_string}\"},\"query-input\":{\"@type\":\"PropertyValueSpecification\",\"valueRequired\":true,\"valueName\":\"search_term_string\"}}],\"inLanguage\":\"fr-FR\"},{\"@type\":\"Person\",\"@id\":\"https:\/\/blogs.thesocialmedia.com\/leblogmoto\/#\/schema\/person\/112bf3448e55eeb119f6276bbf85b8e7\",\"name\":\"daniel bour\",\"image\":{\"@type\":\"ImageObject\",\"inLanguage\":\"fr-FR\",\"@id\":\"https:\/\/blogs.thesocialmedia.com\/leblogmoto\/#\/schema\/person\/image\/\",\"url\":\"https:\/\/secure.gravatar.com\/avatar\/?s=96&d=mm&r=g\",\"contentUrl\":\"https:\/\/secure.gravatar.com\/avatar\/?s=96&d=mm&r=g\",\"caption\":\"daniel bour\"},\"url\":\"https:\/\/blogs.thesocialmedia.com\/leblogmoto\/author\/daniel-bour\/\"}]}<\/script>\n<!-- \/ Yoast SEO plugin. -->","yoast_head_json":{"title":"L'enduro du Touquet 2006 aura bien lieu - leblogmoto.com","robots":{"index":"index","follow":"follow","max-snippet":"max-snippet:-1","max-image-preview":"max-image-preview:large","max-video-preview":"max-video-preview:-1"},"canonical":"https:\/\/blogs.thesocialmedia.com\/leblogmoto\/2005\/09\/08\/lenduro-du-touq\/","twitter_card":"summary_large_image","twitter_title":"L'enduro du Touquet 2006 aura bien lieu - leblogmoto.com","twitter_description":"Le Touquet-Paris-Plage, station baln\u00e9aire plus que centenaire de la C\u00f4te d\u2019Opale, doit une part de sa renomm\u00e9e actuelle \u00e0 une comp\u00e9tition de moto qui s\u2019y tient depuis 1975, L\u2019Enduro des Sables. Le cr\u00e9ateur de l\u2019\u00e9v\u00e9nement fut Thierry Sabine, \u00e9galement \u00e0 l\u2019origine du Paris-Dakar. Ce crit\u00e9rium dominical de trois heures est depuis trente ans un rendez-vous [&hellip;]","twitter_image":"http:\/\/www.leblogmoto.com\/images\/01bmoto.jpg","twitter_misc":{"\u00c9crit par":"daniel bour","Dur\u00e9e de lecture estim\u00e9e":"1 minute"},"schema":{"@context":"https:\/\/schema.org","@graph":[{"@type":"WebPage","@id":"https:\/\/blogs.thesocialmedia.com\/leblogmoto\/2005\/09\/08\/lenduro-du-touq\/","url":"https:\/\/blogs.thesocialmedia.com\/leblogmoto\/2005\/09\/08\/lenduro-du-touq\/","name":"L'enduro du Touquet 2006 aura bien lieu - leblogmoto.com","isPartOf":{"@id":"https:\/\/blogs.thesocialmedia.com\/leblogmoto\/#website"},"primaryImageOfPage":{"@id":"https:\/\/blogs.thesocialmedia.com\/leblogmoto\/2005\/09\/08\/lenduro-du-touq\/#primaryimage"},"image":{"@id":"https:\/\/blogs.thesocialmedia.com\/leblogmoto\/2005\/09\/08\/lenduro-du-touq\/#primaryimage"},"thumbnailUrl":"http:\/\/www.leblogmoto.com\/images\/01bmoto.jpg","datePublished":"2005-09-08T10:24:01+00:00","dateModified":"2012-07-11T13:41:05+00:00","author":{"@id":"https:\/\/blogs.thesocialmedia.com\/leblogmoto\/#\/schema\/person\/112bf3448e55eeb119f6276bbf85b8e7"},"breadcrumb":{"@id":"https:\/\/blogs.thesocialmedia.com\/leblogmoto\/2005\/09\/08\/lenduro-du-touq\/#breadcrumb"},"inLanguage":"fr-FR","potentialAction":[{"@type":"ReadAction","target":["https:\/\/blogs.thesocialmedia.com\/leblogmoto\/2005\/09\/08\/lenduro-du-touq\/"]}]},{"@type":"ImageObject","inLanguage":"fr-FR","@id":"https:\/\/blogs.thesocialmedia.com\/leblogmoto\/2005\/09\/08\/lenduro-du-touq\/#primaryimage","url":"http:\/\/www.leblogmoto.com\/images\/01bmoto.jpg","contentUrl":"http:\/\/www.leblogmoto.com\/images\/01bmoto.jpg"},{"@type":"BreadcrumbList","@id":"https:\/\/blogs.thesocialmedia.com\/leblogmoto\/2005\/09\/08\/lenduro-du-touq\/#breadcrumb","itemListElement":[{"@type":"ListItem","position":1,"name":"Accueil","item":"https:\/\/blogs.thesocialmedia.com\/leblogmoto\/"},{"@type":"ListItem","position":2,"name":"L&rsquo;enduro du Touquet 2006 aura bien lieu"}]},{"@type":"WebSite","@id":"https:\/\/blogs.thesocialmedia.com\/leblogmoto\/#website","url":"https:\/\/blogs.thesocialmedia.com\/leblogmoto\/","name":"leblogmoto","description":"Toute l&#039;actualit\u00e9 des 2 roues","potentialAction":[{"@type":"SearchAction","target":{"@type":"EntryPoint","urlTemplate":"https:\/\/blogs.thesocialmedia.com\/leblogmoto\/?s={search_term_string}"},"query-input":{"@type":"PropertyValueSpecification","valueRequired":true,"valueName":"search_term_string"}}],"inLanguage":"fr-FR"},{"@type":"Person","@id":"https:\/\/blogs.thesocialmedia.com\/leblogmoto\/#\/schema\/person\/112bf3448e55eeb119f6276bbf85b8e7","name":"daniel bour","image":{"@type":"ImageObject","inLanguage":"fr-FR","@id":"https:\/\/blogs.thesocialmedia.com\/leblogmoto\/#\/schema\/person\/image\/","url":"https:\/\/secure.gravatar.com\/avatar\/?s=96&d=mm&r=g","contentUrl":"https:\/\/secure.gravatar.com\/avatar\/?s=96&d=mm&r=g","caption":"daniel bour"},"url":"https:\/\/blogs.thesocialmedia.com\/leblogmoto\/author\/daniel-bour\/"}]}},"_links":{"self":[{"href":"https:\/\/blogs.thesocialmedia.com\/leblogmoto\/wp-json\/wp\/v2\/posts\/2451","targetHints":{"allow":["GET"]}}],"collection":[{"href":"https:\/\/blogs.thesocialmedia.com\/leblogmoto\/wp-json\/wp\/v2\/posts"}],"about":[{"href":"https:\/\/blogs.thesocialmedia.com\/leblogmoto\/wp-json\/wp\/v2\/types\/post"}],"author":[{"embeddable":true,"href":"https:\/\/blogs.thesocialmedia.com\/leblogmoto\/wp-json\/wp\/v2\/users\/339"}],"replies":[{"embeddable":true,"href":"https:\/\/blogs.thesocialmedia.com\/leblogmoto\/wp-json\/wp\/v2\/comments?post=2451"}],"version-history":[{"count":2,"href":"https:\/\/blogs.thesocialmedia.com\/leblogmoto\/wp-json\/wp\/v2\/posts\/2451\/revisions"}],"predecessor-version":[{"id":5657,"href":"https:\/\/blogs.thesocialmedia.com\/leblogmoto\/wp-json\/wp\/v2\/posts\/2451\/revisions\/5657"}],"wp:attachment":[{"href":"https:\/\/blogs.thesocialmedia.com\/leblogmoto\/wp-json\/wp\/v2\/media?parent=2451"}],"wp:term":[{"taxonomy":"category","embeddable":true,"href":"https:\/\/blogs.thesocialmedia.com\/leblogmoto\/wp-json\/wp\/v2\/categories?post=2451"},{"taxonomy":"post_tag","embeddable":true,"href":"https:\/\/blogs.thesocialmedia.com\/leblogmoto\/wp-json\/wp\/v2\/tags?post=2451"}],"curies":[{"name":"wp","href":"https:\/\/api.w.org\/{rel}","templated":true}]}}