{"id":2468,"date":"2005-08-30T15:24:04","date_gmt":"2005-08-30T15:24:04","guid":{"rendered":"http:\/\/blogs.thesocialmedia.com\/leblogmoto\/2005\/08\/30\/une-moto-hybrid\/"},"modified":"2012-07-11T13:39:54","modified_gmt":"2012-07-11T13:39:54","slug":"une-moto-hybrid","status":"publish","type":"post","link":"https:\/\/blogs.thesocialmedia.com\/leblogmoto\/2005\/08\/30\/une-moto-hybrid\/","title":{"rendered":"Une moto hybride"},"content":{"rendered":"<p><a href=\"http:\/\/blogs.thesocialmedia.com\/leblogmoto\/files\/2012\/07\/moto_hyd_1_1.jpg\"><img loading=\"lazy\" decoding=\"async\" alt=\"Moto_hyd_1_1\" src=\"http:\/\/www.leblogmoto.com\/images\/moto_hyd_1_1.jpg\" width=\"250\" height=\"187\"  style=\"float: left;margin: 0px 5px 5px 0px\" \/><\/a><\/p>\n<p>En 2006, la soci\u00e9t\u00e9 Am\u00e9ricaine Envbike devrait commercialiser une nouvelle moto non polluante. En effet celle-ci aura un moteur aliment\u00e9 par de l&rsquo;hydrog\u00e8ne liquide. Cette moto ou cyclomoteur pour les puristes aura un ch\u00e2ssis et un design particuli\u00e8rement avant-gardisme. Le moteur fonctionnant donc \u00e0 l\u2019hydrog\u00e8ne liquide se composera d&rsquo;une valise amovible appel\u00e9e  \u201cThe Core\u201d . Plac\u00e9e le long du cadre, elle pourra \u00eatre utilis\u00e9e \u00e0 d\u2019autres fins tel qu\u2019un moteur de bateau ou un g\u00e9n\u00e9rateur \u00e9lectrique. Cette valise contient notamment le r\u00e9servoir d\u2019hydrog\u00e8ne. Cette nouvelle moto fonctionnera en r\u00e9alit\u00e9 gr\u00e2ce \u00e0 une production d\u2019\u00e9lectricit\u00e9 fournie par des batteries pouvant atteindre 6 kw. La cellule a hydrog\u00e8ne aura, quant \u00e0 elle, une puissance de 1 kw. <br \/> La moto, d\u2019un poids  de 80 kg, gr\u00e2ce au design tr\u00e8s \u00e9pur\u00e9 et surtout \u00e0 l&rsquo;utilisation de l&rsquo;aluminium, pourra atteindre une vitesse de 80 km\/h et une autonomie de 4h pour cette vitesse l\u00e0. L\u2019autonomie restant de 160 km en parcourt urbain avec le plein d\u2019hydrog\u00e8ne. Le prix de la moto sera de 6000$ environ 5800 euros.<\/p>\n<p><a href=\"http:\/\/blogs.thesocialmedia.com\/leblogmoto\/files\/2012\/07\/moto_hyd_2.jpg\"><img loading=\"lazy\" decoding=\"async\" alt=\"Moto_hyd_2\" src=\"http:\/\/www.leblogmoto.com\/images\/moto_hyd_2.jpg\" width=\"470\" height=\"352\"  style=\"float: left;margin: 0px 5px 5px 0px\" \/><\/a><\/p>\n<p><a href=\"http:\/\/blogs.thesocialmedia.com\/leblogmoto\/files\/2012\/07\/env_power_1.jpg\"><img loading=\"lazy\" decoding=\"async\" alt=\"Env_power_1\" src=\"http:\/\/www.leblogmoto.com\/images\/env_power_1.jpg\" width=\"470\" height=\"353\"  style=\"float: left;margin: 0px 5px 5px 0px\" \/><\/a><\/p>\n","protected":false},"excerpt":{"rendered":"<p>En 2006, la soci\u00e9t\u00e9 Am\u00e9ricaine Envbike devrait commercialiser une nouvelle moto non polluante. En effet celle-ci aura un moteur aliment\u00e9 par de l&rsquo;hydrog\u00e8ne liquide. Cette moto ou cyclomoteur pour les puristes aura un ch\u00e2ssis et un design particuli\u00e8rement avant-gardisme. Le moteur fonctionnant donc \u00e0 l\u2019hydrog\u00e8ne liquide se composera d&rsquo;une valise amovible appel\u00e9e \u201cThe Core\u201d . [&hellip;]<\/p>\n","protected":false},"author":339,"featured_media":0,"comment_status":"open","ping_status":"open","sticky":false,"template":"","format":"standard","meta":{"footnotes":""},"categories":[30],"tags":[],"class_list":["post-2468","post","type-post","status-publish","format-standard","hentry","category-bio-carburantsvehicules-propres"],"yoast_head":"<!-- This site is optimized with the Yoast SEO plugin v26.0 - https:\/\/yoast.com\/wordpress\/plugins\/seo\/ -->\n<title>Une moto hybride - leblogmoto.com<\/title>\n<meta name=\"robots\" content=\"index, follow, max-snippet:-1, max-image-preview:large, max-video-preview:-1\" \/>\n<link rel=\"canonical\" href=\"https:\/\/blogs.thesocialmedia.com\/leblogmoto\/2005\/08\/30\/une-moto-hybrid\/\" \/>\n<meta name=\"twitter:card\" content=\"summary_large_image\" \/>\n<meta name=\"twitter:title\" content=\"Une moto hybride - leblogmoto.com\" \/>\n<meta name=\"twitter:description\" content=\"En 2006, la soci\u00e9t\u00e9 Am\u00e9ricaine Envbike devrait commercialiser une nouvelle moto non polluante. En effet celle-ci aura un moteur aliment\u00e9 par de l&rsquo;hydrog\u00e8ne liquide. Cette moto ou cyclomoteur pour les puristes aura un ch\u00e2ssis et un design particuli\u00e8rement avant-gardisme. Le moteur fonctionnant donc \u00e0 l\u2019hydrog\u00e8ne liquide se composera d&rsquo;une valise amovible appel\u00e9e \u201cThe Core\u201d . [&hellip;]\" \/>\n<meta name=\"twitter:image\" content=\"http:\/\/www.leblogmoto.com\/images\/moto_hyd_1_1.jpg\" \/>\n<meta name=\"twitter:label1\" content=\"\u00c9crit par\" \/>\n\t<meta name=\"twitter:data1\" content=\"daniel bour\" \/>\n\t<meta name=\"twitter:label2\" content=\"Dur\u00e9e de lecture estim\u00e9e\" \/>\n\t<meta name=\"twitter:data2\" content=\"1 minute\" \/>\n<script type=\"application\/ld+json\" class=\"yoast-schema-graph\">{\"@context\":\"https:\/\/schema.org\",\"@graph\":[{\"@type\":\"WebPage\",\"@id\":\"https:\/\/blogs.thesocialmedia.com\/leblogmoto\/2005\/08\/30\/une-moto-hybrid\/\",\"url\":\"https:\/\/blogs.thesocialmedia.com\/leblogmoto\/2005\/08\/30\/une-moto-hybrid\/\",\"name\":\"Une moto hybride - leblogmoto.com\",\"isPartOf\":{\"@id\":\"https:\/\/blogs.thesocialmedia.com\/leblogmoto\/#website\"},\"primaryImageOfPage\":{\"@id\":\"https:\/\/blogs.thesocialmedia.com\/leblogmoto\/2005\/08\/30\/une-moto-hybrid\/#primaryimage\"},\"image\":{\"@id\":\"https:\/\/blogs.thesocialmedia.com\/leblogmoto\/2005\/08\/30\/une-moto-hybrid\/#primaryimage\"},\"thumbnailUrl\":\"http:\/\/www.leblogmoto.com\/images\/moto_hyd_1_1.jpg\",\"datePublished\":\"2005-08-30T15:24:04+00:00\",\"dateModified\":\"2012-07-11T13:39:54+00:00\",\"author\":{\"@id\":\"https:\/\/blogs.thesocialmedia.com\/leblogmoto\/#\/schema\/person\/112bf3448e55eeb119f6276bbf85b8e7\"},\"breadcrumb\":{\"@id\":\"https:\/\/blogs.thesocialmedia.com\/leblogmoto\/2005\/08\/30\/une-moto-hybrid\/#breadcrumb\"},\"inLanguage\":\"fr-FR\",\"potentialAction\":[{\"@type\":\"ReadAction\",\"target\":[\"https:\/\/blogs.thesocialmedia.com\/leblogmoto\/2005\/08\/30\/une-moto-hybrid\/\"]}]},{\"@type\":\"ImageObject\",\"inLanguage\":\"fr-FR\",\"@id\":\"https:\/\/blogs.thesocialmedia.com\/leblogmoto\/2005\/08\/30\/une-moto-hybrid\/#primaryimage\",\"url\":\"http:\/\/www.leblogmoto.com\/images\/moto_hyd_1_1.jpg\",\"contentUrl\":\"http:\/\/www.leblogmoto.com\/images\/moto_hyd_1_1.jpg\"},{\"@type\":\"BreadcrumbList\",\"@id\":\"https:\/\/blogs.thesocialmedia.com\/leblogmoto\/2005\/08\/30\/une-moto-hybrid\/#breadcrumb\",\"itemListElement\":[{\"@type\":\"ListItem\",\"position\":1,\"name\":\"Accueil\",\"item\":\"https:\/\/blogs.thesocialmedia.com\/leblogmoto\/\"},{\"@type\":\"ListItem\",\"position\":2,\"name\":\"Une moto hybride\"}]},{\"@type\":\"WebSite\",\"@id\":\"https:\/\/blogs.thesocialmedia.com\/leblogmoto\/#website\",\"url\":\"https:\/\/blogs.thesocialmedia.com\/leblogmoto\/\",\"name\":\"leblogmoto\",\"description\":\"Toute l&#039;actualit\u00e9 des 2 roues\",\"potentialAction\":[{\"@type\":\"SearchAction\",\"target\":{\"@type\":\"EntryPoint\",\"urlTemplate\":\"https:\/\/blogs.thesocialmedia.com\/leblogmoto\/?s={search_term_string}\"},\"query-input\":{\"@type\":\"PropertyValueSpecification\",\"valueRequired\":true,\"valueName\":\"search_term_string\"}}],\"inLanguage\":\"fr-FR\"},{\"@type\":\"Person\",\"@id\":\"https:\/\/blogs.thesocialmedia.com\/leblogmoto\/#\/schema\/person\/112bf3448e55eeb119f6276bbf85b8e7\",\"name\":\"daniel bour\",\"image\":{\"@type\":\"ImageObject\",\"inLanguage\":\"fr-FR\",\"@id\":\"https:\/\/blogs.thesocialmedia.com\/leblogmoto\/#\/schema\/person\/image\/\",\"url\":\"https:\/\/secure.gravatar.com\/avatar\/?s=96&d=mm&r=g\",\"contentUrl\":\"https:\/\/secure.gravatar.com\/avatar\/?s=96&d=mm&r=g\",\"caption\":\"daniel bour\"},\"url\":\"https:\/\/blogs.thesocialmedia.com\/leblogmoto\/author\/daniel-bour\/\"}]}<\/script>\n<!-- \/ Yoast SEO plugin. -->","yoast_head_json":{"title":"Une moto hybride - leblogmoto.com","robots":{"index":"index","follow":"follow","max-snippet":"max-snippet:-1","max-image-preview":"max-image-preview:large","max-video-preview":"max-video-preview:-1"},"canonical":"https:\/\/blogs.thesocialmedia.com\/leblogmoto\/2005\/08\/30\/une-moto-hybrid\/","twitter_card":"summary_large_image","twitter_title":"Une moto hybride - leblogmoto.com","twitter_description":"En 2006, la soci\u00e9t\u00e9 Am\u00e9ricaine Envbike devrait commercialiser une nouvelle moto non polluante. En effet celle-ci aura un moteur aliment\u00e9 par de l&rsquo;hydrog\u00e8ne liquide. Cette moto ou cyclomoteur pour les puristes aura un ch\u00e2ssis et un design particuli\u00e8rement avant-gardisme. Le moteur fonctionnant donc \u00e0 l\u2019hydrog\u00e8ne liquide se composera d&rsquo;une valise amovible appel\u00e9e \u201cThe Core\u201d . [&hellip;]","twitter_image":"http:\/\/www.leblogmoto.com\/images\/moto_hyd_1_1.jpg","twitter_misc":{"\u00c9crit par":"daniel bour","Dur\u00e9e de lecture estim\u00e9e":"1 minute"},"schema":{"@context":"https:\/\/schema.org","@graph":[{"@type":"WebPage","@id":"https:\/\/blogs.thesocialmedia.com\/leblogmoto\/2005\/08\/30\/une-moto-hybrid\/","url":"https:\/\/blogs.thesocialmedia.com\/leblogmoto\/2005\/08\/30\/une-moto-hybrid\/","name":"Une moto hybride - leblogmoto.com","isPartOf":{"@id":"https:\/\/blogs.thesocialmedia.com\/leblogmoto\/#website"},"primaryImageOfPage":{"@id":"https:\/\/blogs.thesocialmedia.com\/leblogmoto\/2005\/08\/30\/une-moto-hybrid\/#primaryimage"},"image":{"@id":"https:\/\/blogs.thesocialmedia.com\/leblogmoto\/2005\/08\/30\/une-moto-hybrid\/#primaryimage"},"thumbnailUrl":"http:\/\/www.leblogmoto.com\/images\/moto_hyd_1_1.jpg","datePublished":"2005-08-30T15:24:04+00:00","dateModified":"2012-07-11T13:39:54+00:00","author":{"@id":"https:\/\/blogs.thesocialmedia.com\/leblogmoto\/#\/schema\/person\/112bf3448e55eeb119f6276bbf85b8e7"},"breadcrumb":{"@id":"https:\/\/blogs.thesocialmedia.com\/leblogmoto\/2005\/08\/30\/une-moto-hybrid\/#breadcrumb"},"inLanguage":"fr-FR","potentialAction":[{"@type":"ReadAction","target":["https:\/\/blogs.thesocialmedia.com\/leblogmoto\/2005\/08\/30\/une-moto-hybrid\/"]}]},{"@type":"ImageObject","inLanguage":"fr-FR","@id":"https:\/\/blogs.thesocialmedia.com\/leblogmoto\/2005\/08\/30\/une-moto-hybrid\/#primaryimage","url":"http:\/\/www.leblogmoto.com\/images\/moto_hyd_1_1.jpg","contentUrl":"http:\/\/www.leblogmoto.com\/images\/moto_hyd_1_1.jpg"},{"@type":"BreadcrumbList","@id":"https:\/\/blogs.thesocialmedia.com\/leblogmoto\/2005\/08\/30\/une-moto-hybrid\/#breadcrumb","itemListElement":[{"@type":"ListItem","position":1,"name":"Accueil","item":"https:\/\/blogs.thesocialmedia.com\/leblogmoto\/"},{"@type":"ListItem","position":2,"name":"Une moto hybride"}]},{"@type":"WebSite","@id":"https:\/\/blogs.thesocialmedia.com\/leblogmoto\/#website","url":"https:\/\/blogs.thesocialmedia.com\/leblogmoto\/","name":"leblogmoto","description":"Toute l&#039;actualit\u00e9 des 2 roues","potentialAction":[{"@type":"SearchAction","target":{"@type":"EntryPoint","urlTemplate":"https:\/\/blogs.thesocialmedia.com\/leblogmoto\/?s={search_term_string}"},"query-input":{"@type":"PropertyValueSpecification","valueRequired":true,"valueName":"search_term_string"}}],"inLanguage":"fr-FR"},{"@type":"Person","@id":"https:\/\/blogs.thesocialmedia.com\/leblogmoto\/#\/schema\/person\/112bf3448e55eeb119f6276bbf85b8e7","name":"daniel bour","image":{"@type":"ImageObject","inLanguage":"fr-FR","@id":"https:\/\/blogs.thesocialmedia.com\/leblogmoto\/#\/schema\/person\/image\/","url":"https:\/\/secure.gravatar.com\/avatar\/?s=96&d=mm&r=g","contentUrl":"https:\/\/secure.gravatar.com\/avatar\/?s=96&d=mm&r=g","caption":"daniel bour"},"url":"https:\/\/blogs.thesocialmedia.com\/leblogmoto\/author\/daniel-bour\/"}]}},"_links":{"self":[{"href":"https:\/\/blogs.thesocialmedia.com\/leblogmoto\/wp-json\/wp\/v2\/posts\/2468","targetHints":{"allow":["GET"]}}],"collection":[{"href":"https:\/\/blogs.thesocialmedia.com\/leblogmoto\/wp-json\/wp\/v2\/posts"}],"about":[{"href":"https:\/\/blogs.thesocialmedia.com\/leblogmoto\/wp-json\/wp\/v2\/types\/post"}],"author":[{"embeddable":true,"href":"https:\/\/blogs.thesocialmedia.com\/leblogmoto\/wp-json\/wp\/v2\/users\/339"}],"replies":[{"embeddable":true,"href":"https:\/\/blogs.thesocialmedia.com\/leblogmoto\/wp-json\/wp\/v2\/comments?post=2468"}],"version-history":[{"count":2,"href":"https:\/\/blogs.thesocialmedia.com\/leblogmoto\/wp-json\/wp\/v2\/posts\/2468\/revisions"}],"predecessor-version":[{"id":5601,"href":"https:\/\/blogs.thesocialmedia.com\/leblogmoto\/wp-json\/wp\/v2\/posts\/2468\/revisions\/5601"}],"wp:attachment":[{"href":"https:\/\/blogs.thesocialmedia.com\/leblogmoto\/wp-json\/wp\/v2\/media?parent=2468"}],"wp:term":[{"taxonomy":"category","embeddable":true,"href":"https:\/\/blogs.thesocialmedia.com\/leblogmoto\/wp-json\/wp\/v2\/categories?post=2468"},{"taxonomy":"post_tag","embeddable":true,"href":"https:\/\/blogs.thesocialmedia.com\/leblogmoto\/wp-json\/wp\/v2\/tags?post=2468"}],"curies":[{"name":"wp","href":"https:\/\/api.w.org\/{rel}","templated":true}]}}