{"id":2469,"date":"2005-08-30T14:55:26","date_gmt":"2005-08-30T14:55:26","guid":{"rendered":"http:\/\/blogs.thesocialmedia.com\/leblogmoto\/2005\/08\/30\/yamaha-r1-modle\/"},"modified":"2012-07-11T13:39:50","modified_gmt":"2012-07-11T13:39:50","slug":"yamaha-r1-modle","status":"publish","type":"post","link":"https:\/\/blogs.thesocialmedia.com\/leblogmoto\/2005\/08\/30\/yamaha-r1-modle\/","title":{"rendered":"Yamaha R1 \u00e9dition limit\u00e9e ?"},"content":{"rendered":"<p><a href=\"http:\/\/blogs.thesocialmedia.com\/leblogmoto\/files\/2012\/07\/r1_1.jpg\"><img loading=\"lazy\" decoding=\"async\" width=\"470\" height=\"352\"  src=\"http:\/\/www.leblogmoto.com\/images\/r1_1.jpg\" alt=\"R1_1\" style=\"margin: 0px 5px 5px 0px;float: left\" \/><\/a> Je n\u2019ai pas encore d\u2019information sur le sujet, uniquement cette photo de ce que sera peut \u00eatre <a href=\"http:\/\/www.leblogmoto.com\/2005\/06\/yamaha_yzf_1000.html\">la Yamaha R1<\/a> \u00e9dition sp\u00e9ciale. Et quelle photo ! Apr\u00e8s l\u2019avoir longuement observ\u00e9 \u00e0 la loupe, les changements me font penser \u00e0 une version en \u00e9dition limit\u00e9e visant \u00e0 f\u00eater la prochaine victoire en championnat <a href=\"http:\/\/www.leblogmoto.com\/grand_prix\/index.html\">MotoGP<\/a> quasi acquise par <a href=\"http:\/\/www.leblogmoto.com\/yamaha\/index.html\">le constructeur nippon<\/a> emmener de mains de ma\u00eetre par <a href=\"http:\/\/www.leblogmoto.com\/2005\/08\/motogp_rossi_ft.html\">Valentino Rossi<\/a>.<br \/> En effet, les \u00e9volutions ont l\u2019air d\u2019\u00eatre les suivantes : une teinte sp\u00e9ciale gris fonc\u00e9 bleut\u00e9\/noir du plus bel effet, un traitement au magn\u00e9sium pour la fourche avant, la sortie d\u2019\u00e9chappement et les jantes, ainsi que des freins am\u00e9lior\u00e9s de marque \u00d6hlins.<br \/> Je ne manquerai pas de vous en dire plus dans peu de temps, mais en attendant vous pouvez l\u2019admirer.<\/p>\n","protected":false},"excerpt":{"rendered":"<p>Je n\u2019ai pas encore d\u2019information sur le sujet, uniquement cette photo de ce que sera peut \u00eatre la Yamaha R1 \u00e9dition sp\u00e9ciale. Et quelle photo ! Apr\u00e8s l\u2019avoir longuement observ\u00e9 \u00e0 la loupe, les changements me font penser \u00e0 une version en \u00e9dition limit\u00e9e visant \u00e0 f\u00eater la prochaine victoire en championnat MotoGP quasi acquise [&hellip;]<\/p>\n","protected":false},"author":338,"featured_media":0,"comment_status":"open","ping_status":"open","sticky":false,"template":"","format":"standard","meta":{"footnotes":""},"categories":[44],"tags":[],"class_list":["post-2469","post","type-post","status-publish","format-standard","hentry","category-yamaha"],"yoast_head":"<!-- This site is optimized with the Yoast SEO plugin v26.0 - https:\/\/yoast.com\/wordpress\/plugins\/seo\/ -->\n<title>Yamaha R1 \u00e9dition limit\u00e9e ? - leblogmoto.com<\/title>\n<meta name=\"robots\" content=\"index, follow, max-snippet:-1, max-image-preview:large, max-video-preview:-1\" \/>\n<link rel=\"canonical\" href=\"https:\/\/blogs.thesocialmedia.com\/leblogmoto\/2005\/08\/30\/yamaha-r1-modle\/\" \/>\n<meta name=\"twitter:card\" content=\"summary_large_image\" \/>\n<meta name=\"twitter:title\" content=\"Yamaha R1 \u00e9dition limit\u00e9e ? - leblogmoto.com\" \/>\n<meta name=\"twitter:description\" content=\"Je n\u2019ai pas encore d\u2019information sur le sujet, uniquement cette photo de ce que sera peut \u00eatre la Yamaha R1 \u00e9dition sp\u00e9ciale. Et quelle photo ! Apr\u00e8s l\u2019avoir longuement observ\u00e9 \u00e0 la loupe, les changements me font penser \u00e0 une version en \u00e9dition limit\u00e9e visant \u00e0 f\u00eater la prochaine victoire en championnat MotoGP quasi acquise [&hellip;]\" \/>\n<meta name=\"twitter:image\" content=\"http:\/\/www.leblogmoto.com\/images\/r1_1.jpg\" \/>\n<meta name=\"twitter:label1\" content=\"\u00c9crit par\" \/>\n\t<meta name=\"twitter:data1\" content=\"vincent vaillant\" \/>\n\t<meta name=\"twitter:label2\" content=\"Dur\u00e9e de lecture estim\u00e9e\" \/>\n\t<meta name=\"twitter:data2\" content=\"1 minute\" \/>\n<script type=\"application\/ld+json\" class=\"yoast-schema-graph\">{\"@context\":\"https:\/\/schema.org\",\"@graph\":[{\"@type\":\"WebPage\",\"@id\":\"https:\/\/blogs.thesocialmedia.com\/leblogmoto\/2005\/08\/30\/yamaha-r1-modle\/\",\"url\":\"https:\/\/blogs.thesocialmedia.com\/leblogmoto\/2005\/08\/30\/yamaha-r1-modle\/\",\"name\":\"Yamaha R1 \u00e9dition limit\u00e9e ? - leblogmoto.com\",\"isPartOf\":{\"@id\":\"https:\/\/blogs.thesocialmedia.com\/leblogmoto\/#website\"},\"primaryImageOfPage\":{\"@id\":\"https:\/\/blogs.thesocialmedia.com\/leblogmoto\/2005\/08\/30\/yamaha-r1-modle\/#primaryimage\"},\"image\":{\"@id\":\"https:\/\/blogs.thesocialmedia.com\/leblogmoto\/2005\/08\/30\/yamaha-r1-modle\/#primaryimage\"},\"thumbnailUrl\":\"http:\/\/www.leblogmoto.com\/images\/r1_1.jpg\",\"datePublished\":\"2005-08-30T14:55:26+00:00\",\"dateModified\":\"2012-07-11T13:39:50+00:00\",\"author\":{\"@id\":\"https:\/\/blogs.thesocialmedia.com\/leblogmoto\/#\/schema\/person\/80d2a078dbdb8b60abbd76bae6011f19\"},\"breadcrumb\":{\"@id\":\"https:\/\/blogs.thesocialmedia.com\/leblogmoto\/2005\/08\/30\/yamaha-r1-modle\/#breadcrumb\"},\"inLanguage\":\"fr-FR\",\"potentialAction\":[{\"@type\":\"ReadAction\",\"target\":[\"https:\/\/blogs.thesocialmedia.com\/leblogmoto\/2005\/08\/30\/yamaha-r1-modle\/\"]}]},{\"@type\":\"ImageObject\",\"inLanguage\":\"fr-FR\",\"@id\":\"https:\/\/blogs.thesocialmedia.com\/leblogmoto\/2005\/08\/30\/yamaha-r1-modle\/#primaryimage\",\"url\":\"http:\/\/www.leblogmoto.com\/images\/r1_1.jpg\",\"contentUrl\":\"http:\/\/www.leblogmoto.com\/images\/r1_1.jpg\"},{\"@type\":\"BreadcrumbList\",\"@id\":\"https:\/\/blogs.thesocialmedia.com\/leblogmoto\/2005\/08\/30\/yamaha-r1-modle\/#breadcrumb\",\"itemListElement\":[{\"@type\":\"ListItem\",\"position\":1,\"name\":\"Accueil\",\"item\":\"https:\/\/blogs.thesocialmedia.com\/leblogmoto\/\"},{\"@type\":\"ListItem\",\"position\":2,\"name\":\"Yamaha R1 \u00e9dition limit\u00e9e ?\"}]},{\"@type\":\"WebSite\",\"@id\":\"https:\/\/blogs.thesocialmedia.com\/leblogmoto\/#website\",\"url\":\"https:\/\/blogs.thesocialmedia.com\/leblogmoto\/\",\"name\":\"leblogmoto\",\"description\":\"Toute l&#039;actualit\u00e9 des 2 roues\",\"potentialAction\":[{\"@type\":\"SearchAction\",\"target\":{\"@type\":\"EntryPoint\",\"urlTemplate\":\"https:\/\/blogs.thesocialmedia.com\/leblogmoto\/?s={search_term_string}\"},\"query-input\":{\"@type\":\"PropertyValueSpecification\",\"valueRequired\":true,\"valueName\":\"search_term_string\"}}],\"inLanguage\":\"fr-FR\"},{\"@type\":\"Person\",\"@id\":\"https:\/\/blogs.thesocialmedia.com\/leblogmoto\/#\/schema\/person\/80d2a078dbdb8b60abbd76bae6011f19\",\"name\":\"vincent vaillant\",\"image\":{\"@type\":\"ImageObject\",\"inLanguage\":\"fr-FR\",\"@id\":\"https:\/\/blogs.thesocialmedia.com\/leblogmoto\/#\/schema\/person\/image\/\",\"url\":\"https:\/\/secure.gravatar.com\/avatar\/?s=96&d=mm&r=g\",\"contentUrl\":\"https:\/\/secure.gravatar.com\/avatar\/?s=96&d=mm&r=g\",\"caption\":\"vincent vaillant\"},\"url\":\"https:\/\/blogs.thesocialmedia.com\/leblogmoto\/author\/vincent-vaillant\/\"}]}<\/script>\n<!-- \/ Yoast SEO plugin. -->","yoast_head_json":{"title":"Yamaha R1 \u00e9dition limit\u00e9e ? - leblogmoto.com","robots":{"index":"index","follow":"follow","max-snippet":"max-snippet:-1","max-image-preview":"max-image-preview:large","max-video-preview":"max-video-preview:-1"},"canonical":"https:\/\/blogs.thesocialmedia.com\/leblogmoto\/2005\/08\/30\/yamaha-r1-modle\/","twitter_card":"summary_large_image","twitter_title":"Yamaha R1 \u00e9dition limit\u00e9e ? - leblogmoto.com","twitter_description":"Je n\u2019ai pas encore d\u2019information sur le sujet, uniquement cette photo de ce que sera peut \u00eatre la Yamaha R1 \u00e9dition sp\u00e9ciale. Et quelle photo ! Apr\u00e8s l\u2019avoir longuement observ\u00e9 \u00e0 la loupe, les changements me font penser \u00e0 une version en \u00e9dition limit\u00e9e visant \u00e0 f\u00eater la prochaine victoire en championnat MotoGP quasi acquise [&hellip;]","twitter_image":"http:\/\/www.leblogmoto.com\/images\/r1_1.jpg","twitter_misc":{"\u00c9crit par":"vincent vaillant","Dur\u00e9e de lecture estim\u00e9e":"1 minute"},"schema":{"@context":"https:\/\/schema.org","@graph":[{"@type":"WebPage","@id":"https:\/\/blogs.thesocialmedia.com\/leblogmoto\/2005\/08\/30\/yamaha-r1-modle\/","url":"https:\/\/blogs.thesocialmedia.com\/leblogmoto\/2005\/08\/30\/yamaha-r1-modle\/","name":"Yamaha R1 \u00e9dition limit\u00e9e ? - leblogmoto.com","isPartOf":{"@id":"https:\/\/blogs.thesocialmedia.com\/leblogmoto\/#website"},"primaryImageOfPage":{"@id":"https:\/\/blogs.thesocialmedia.com\/leblogmoto\/2005\/08\/30\/yamaha-r1-modle\/#primaryimage"},"image":{"@id":"https:\/\/blogs.thesocialmedia.com\/leblogmoto\/2005\/08\/30\/yamaha-r1-modle\/#primaryimage"},"thumbnailUrl":"http:\/\/www.leblogmoto.com\/images\/r1_1.jpg","datePublished":"2005-08-30T14:55:26+00:00","dateModified":"2012-07-11T13:39:50+00:00","author":{"@id":"https:\/\/blogs.thesocialmedia.com\/leblogmoto\/#\/schema\/person\/80d2a078dbdb8b60abbd76bae6011f19"},"breadcrumb":{"@id":"https:\/\/blogs.thesocialmedia.com\/leblogmoto\/2005\/08\/30\/yamaha-r1-modle\/#breadcrumb"},"inLanguage":"fr-FR","potentialAction":[{"@type":"ReadAction","target":["https:\/\/blogs.thesocialmedia.com\/leblogmoto\/2005\/08\/30\/yamaha-r1-modle\/"]}]},{"@type":"ImageObject","inLanguage":"fr-FR","@id":"https:\/\/blogs.thesocialmedia.com\/leblogmoto\/2005\/08\/30\/yamaha-r1-modle\/#primaryimage","url":"http:\/\/www.leblogmoto.com\/images\/r1_1.jpg","contentUrl":"http:\/\/www.leblogmoto.com\/images\/r1_1.jpg"},{"@type":"BreadcrumbList","@id":"https:\/\/blogs.thesocialmedia.com\/leblogmoto\/2005\/08\/30\/yamaha-r1-modle\/#breadcrumb","itemListElement":[{"@type":"ListItem","position":1,"name":"Accueil","item":"https:\/\/blogs.thesocialmedia.com\/leblogmoto\/"},{"@type":"ListItem","position":2,"name":"Yamaha R1 \u00e9dition limit\u00e9e ?"}]},{"@type":"WebSite","@id":"https:\/\/blogs.thesocialmedia.com\/leblogmoto\/#website","url":"https:\/\/blogs.thesocialmedia.com\/leblogmoto\/","name":"leblogmoto","description":"Toute l&#039;actualit\u00e9 des 2 roues","potentialAction":[{"@type":"SearchAction","target":{"@type":"EntryPoint","urlTemplate":"https:\/\/blogs.thesocialmedia.com\/leblogmoto\/?s={search_term_string}"},"query-input":{"@type":"PropertyValueSpecification","valueRequired":true,"valueName":"search_term_string"}}],"inLanguage":"fr-FR"},{"@type":"Person","@id":"https:\/\/blogs.thesocialmedia.com\/leblogmoto\/#\/schema\/person\/80d2a078dbdb8b60abbd76bae6011f19","name":"vincent vaillant","image":{"@type":"ImageObject","inLanguage":"fr-FR","@id":"https:\/\/blogs.thesocialmedia.com\/leblogmoto\/#\/schema\/person\/image\/","url":"https:\/\/secure.gravatar.com\/avatar\/?s=96&d=mm&r=g","contentUrl":"https:\/\/secure.gravatar.com\/avatar\/?s=96&d=mm&r=g","caption":"vincent vaillant"},"url":"https:\/\/blogs.thesocialmedia.com\/leblogmoto\/author\/vincent-vaillant\/"}]}},"_links":{"self":[{"href":"https:\/\/blogs.thesocialmedia.com\/leblogmoto\/wp-json\/wp\/v2\/posts\/2469","targetHints":{"allow":["GET"]}}],"collection":[{"href":"https:\/\/blogs.thesocialmedia.com\/leblogmoto\/wp-json\/wp\/v2\/posts"}],"about":[{"href":"https:\/\/blogs.thesocialmedia.com\/leblogmoto\/wp-json\/wp\/v2\/types\/post"}],"author":[{"embeddable":true,"href":"https:\/\/blogs.thesocialmedia.com\/leblogmoto\/wp-json\/wp\/v2\/users\/338"}],"replies":[{"embeddable":true,"href":"https:\/\/blogs.thesocialmedia.com\/leblogmoto\/wp-json\/wp\/v2\/comments?post=2469"}],"version-history":[{"count":2,"href":"https:\/\/blogs.thesocialmedia.com\/leblogmoto\/wp-json\/wp\/v2\/posts\/2469\/revisions"}],"predecessor-version":[{"id":5597,"href":"https:\/\/blogs.thesocialmedia.com\/leblogmoto\/wp-json\/wp\/v2\/posts\/2469\/revisions\/5597"}],"wp:attachment":[{"href":"https:\/\/blogs.thesocialmedia.com\/leblogmoto\/wp-json\/wp\/v2\/media?parent=2469"}],"wp:term":[{"taxonomy":"category","embeddable":true,"href":"https:\/\/blogs.thesocialmedia.com\/leblogmoto\/wp-json\/wp\/v2\/categories?post=2469"},{"taxonomy":"post_tag","embeddable":true,"href":"https:\/\/blogs.thesocialmedia.com\/leblogmoto\/wp-json\/wp\/v2\/tags?post=2469"}],"curies":[{"name":"wp","href":"https:\/\/api.w.org\/{rel}","templated":true}]}}