{"id":247,"date":"2009-02-27T03:21:15","date_gmt":"2009-02-27T03:21:15","guid":{"rendered":"http:\/\/blogs.thesocialmedia.com\/leblogmoto\/2009\/02\/27\/album-du-vend-3\/"},"modified":"2012-07-11T17:08:36","modified_gmt":"2012-07-11T17:08:36","slug":"album-du-vend-3","status":"publish","type":"post","link":"https:\/\/blogs.thesocialmedia.com\/leblogmoto\/2009\/02\/27\/album-du-vend-3\/","title":{"rendered":"Album du vendredi, Daria par Mario et une moto"},"content":{"rendered":"<p><a href=\"http:\/\/blogs.thesocialmedia.com\/leblogmoto\/files\/2012\/07\/irondaria.jpg\"><img loading=\"lazy\" decoding=\"async\" width=\"470\" height=\"342\"  src=\"http:\/\/www.leblogmoto.com\/images\/2009\/02\/26\/irondaria.jpg\" alt=\"Irondaria\" \/><\/a> <\/p>\n<p>Ce doit \u00eatre une maladie que cette id\u00e9e de mettre une fille, g\u00e9n\u00e9ralement plus d\u00e9nud\u00e9e que moins, autour d\u2019engins motoris\u00e9s. La moto, d\u00e9j\u00e0 plus nue que moins contrairement \u00e0 une voiture, joue donc fr\u00e9quemment les accessoires de luxe.<\/p>\n<p>Ici, la top <a href=\"http:\/\/fr.wikipedia.org\/wiki\/Daria_Werbowy\">Daria Werbowy<\/a> prend la pose pour <a href=\"http:\/\/www.mariotestino.us\/\">Mario Testino<\/a> dans le Vogue britannique de mars 2009.<br \/>Pour ce qui est de la moto, son anonymat reste entier \u00e0 part le moteur <a href=\"http:\/\/www.leblogmoto.com\/2008\/07\/harley-davidson.html\">Harley Knucklehead<\/a> et le \u00ab<a href=\"http:\/\/en.wikipedia.org\/wiki\/Suicide_shifter\">suicide shifter<\/a>\u00bb. Tout \u00e9claircissement sera le bienvenu.<\/p>\n<p><a href=\"http:\/\/clabedan.typepad.com\/.shared\/image.html?\/photos\/uncategorized\/2009\/02\/26\/irondaria1.jpg\"><img loading=\"lazy\" decoding=\"async\" width=\"470\" height=\"644\"  src=\"http:\/\/www.leblogmoto.com\/images\/2009\/02\/26\/irondaria1.jpg\" alt=\"Irondaria1\" \/><\/a> <\/p>\n<p><a href=\"http:\/\/blogs.thesocialmedia.com\/leblogmoto\/files\/2012\/07\/irondaria2.jpg\"><img loading=\"lazy\" decoding=\"async\" width=\"470\" height=\"656\"  src=\"http:\/\/www.leblogmoto.com\/images\/2009\/02\/26\/irondaria2.jpg\" alt=\"Irondaria2\" \/><\/a> <\/p>\n<p><a href=\"http:\/\/blogs.thesocialmedia.com\/leblogmoto\/files\/2012\/07\/irondaria3.jpg\"><img loading=\"lazy\" decoding=\"async\" width=\"470\" height=\"653\"  src=\"http:\/\/www.leblogmoto.com\/images\/2009\/02\/26\/irondaria3.jpg\" alt=\"Irondaria3\" \/><\/a> <\/p>\n<p><a href=\"http:\/\/blogs.thesocialmedia.com\/leblogmoto\/files\/2012\/07\/irondaria4.jpg\"><img loading=\"lazy\" decoding=\"async\" width=\"470\" height=\"656\"  src=\"http:\/\/www.leblogmoto.com\/images\/2009\/02\/26\/irondaria4.jpg\" alt=\"Irondaria4\" \/><\/a> <\/p>\n<p><a href=\"http:\/\/blogs.thesocialmedia.com\/leblogmoto\/files\/2012\/07\/irondaria5.jpg\"><img loading=\"lazy\" decoding=\"async\" width=\"470\" height=\"651\"  src=\"http:\/\/www.leblogmoto.com\/images\/2009\/02\/26\/irondaria5.jpg\" alt=\"Irondaria5\" \/><\/a> <\/p>\n<p><a href=\"http:\/\/blogs.thesocialmedia.com\/leblogmoto\/files\/2012\/07\/irondaria6.jpg\"><img loading=\"lazy\" decoding=\"async\" width=\"470\" height=\"658\"  src=\"http:\/\/www.leblogmoto.com\/images\/2009\/02\/26\/irondaria6.jpg\" alt=\"Irondaria6\" \/><\/a> <\/p>\n<p><a href=\"http:\/\/blogs.thesocialmedia.com\/leblogmoto\/files\/2012\/07\/irondaria7.jpg\"><img loading=\"lazy\" decoding=\"async\" width=\"470\" height=\"660\"  src=\"http:\/\/www.leblogmoto.com\/images\/2009\/02\/26\/irondaria7.jpg\" alt=\"Irondaria7\" \/><\/a> <\/p>\n<p><a href=\"http:\/\/blogs.thesocialmedia.com\/leblogmoto\/files\/2012\/07\/irondaria8.jpg\"><img loading=\"lazy\" decoding=\"async\" width=\"470\" height=\"655\"  src=\"http:\/\/www.leblogmoto.com\/images\/2009\/02\/26\/irondaria8.jpg\" alt=\"Irondaria8\" \/><\/a> <\/p>\n","protected":false},"excerpt":{"rendered":"<p>Ce doit \u00eatre une maladie que cette id\u00e9e de mettre une fille, g\u00e9n\u00e9ralement plus d\u00e9nud\u00e9e que moins, autour d\u2019engins motoris\u00e9s. La moto, d\u00e9j\u00e0 plus nue que moins contrairement \u00e0 une voiture, joue donc fr\u00e9quemment les accessoires de luxe. Ici, la top Daria Werbowy prend la pose pour Mario Testino dans le Vogue britannique de mars [&hellip;]<\/p>\n","protected":false},"author":325,"featured_media":0,"comment_status":"open","ping_status":"open","sticky":false,"template":"","format":"standard","meta":{"footnotes":""},"categories":[8,17,29],"tags":[],"class_list":["post-247","post","type-post","status-publish","format-standard","hentry","category-chaines-et-cuirs","category-divers","category-harley-davidson"],"yoast_head":"<!-- This site is optimized with the Yoast SEO plugin v26.0 - https:\/\/yoast.com\/wordpress\/plugins\/seo\/ -->\n<title>Album du vendredi, Daria par Mario et une moto - leblogmoto.com<\/title>\n<meta name=\"robots\" content=\"index, follow, max-snippet:-1, max-image-preview:large, max-video-preview:-1\" \/>\n<link rel=\"canonical\" href=\"https:\/\/blogs.thesocialmedia.com\/leblogmoto\/2009\/02\/27\/album-du-vend-3\/\" \/>\n<meta name=\"twitter:card\" content=\"summary_large_image\" \/>\n<meta name=\"twitter:title\" content=\"Album du vendredi, Daria par Mario et une moto - leblogmoto.com\" \/>\n<meta name=\"twitter:description\" content=\"Ce doit \u00eatre une maladie que cette id\u00e9e de mettre une fille, g\u00e9n\u00e9ralement plus d\u00e9nud\u00e9e que moins, autour d\u2019engins motoris\u00e9s. La moto, d\u00e9j\u00e0 plus nue que moins contrairement \u00e0 une voiture, joue donc fr\u00e9quemment les accessoires de luxe. Ici, la top Daria Werbowy prend la pose pour Mario Testino dans le Vogue britannique de mars [&hellip;]\" \/>\n<meta name=\"twitter:image\" content=\"http:\/\/www.leblogmoto.com\/images\/2009\/02\/26\/irondaria.jpg\" \/>\n<meta name=\"twitter:label1\" content=\"\u00c9crit par\" \/>\n\t<meta name=\"twitter:data1\" content=\"jacques lesage\" \/>\n<script type=\"application\/ld+json\" class=\"yoast-schema-graph\">{\"@context\":\"https:\/\/schema.org\",\"@graph\":[{\"@type\":\"WebPage\",\"@id\":\"https:\/\/blogs.thesocialmedia.com\/leblogmoto\/2009\/02\/27\/album-du-vend-3\/\",\"url\":\"https:\/\/blogs.thesocialmedia.com\/leblogmoto\/2009\/02\/27\/album-du-vend-3\/\",\"name\":\"Album du vendredi, Daria par Mario et une moto - leblogmoto.com\",\"isPartOf\":{\"@id\":\"https:\/\/blogs.thesocialmedia.com\/leblogmoto\/#website\"},\"primaryImageOfPage\":{\"@id\":\"https:\/\/blogs.thesocialmedia.com\/leblogmoto\/2009\/02\/27\/album-du-vend-3\/#primaryimage\"},\"image\":{\"@id\":\"https:\/\/blogs.thesocialmedia.com\/leblogmoto\/2009\/02\/27\/album-du-vend-3\/#primaryimage\"},\"thumbnailUrl\":\"http:\/\/www.leblogmoto.com\/images\/2009\/02\/26\/irondaria.jpg\",\"datePublished\":\"2009-02-27T03:21:15+00:00\",\"dateModified\":\"2012-07-11T17:08:36+00:00\",\"author\":{\"@id\":\"https:\/\/blogs.thesocialmedia.com\/leblogmoto\/#\/schema\/person\/e82a0ca8a9a63d031586097a3ed58526\"},\"breadcrumb\":{\"@id\":\"https:\/\/blogs.thesocialmedia.com\/leblogmoto\/2009\/02\/27\/album-du-vend-3\/#breadcrumb\"},\"inLanguage\":\"fr-FR\",\"potentialAction\":[{\"@type\":\"ReadAction\",\"target\":[\"https:\/\/blogs.thesocialmedia.com\/leblogmoto\/2009\/02\/27\/album-du-vend-3\/\"]}]},{\"@type\":\"ImageObject\",\"inLanguage\":\"fr-FR\",\"@id\":\"https:\/\/blogs.thesocialmedia.com\/leblogmoto\/2009\/02\/27\/album-du-vend-3\/#primaryimage\",\"url\":\"http:\/\/www.leblogmoto.com\/images\/2009\/02\/26\/irondaria.jpg\",\"contentUrl\":\"http:\/\/www.leblogmoto.com\/images\/2009\/02\/26\/irondaria.jpg\"},{\"@type\":\"BreadcrumbList\",\"@id\":\"https:\/\/blogs.thesocialmedia.com\/leblogmoto\/2009\/02\/27\/album-du-vend-3\/#breadcrumb\",\"itemListElement\":[{\"@type\":\"ListItem\",\"position\":1,\"name\":\"Accueil\",\"item\":\"https:\/\/blogs.thesocialmedia.com\/leblogmoto\/\"},{\"@type\":\"ListItem\",\"position\":2,\"name\":\"Album du vendredi, Daria par Mario et une moto\"}]},{\"@type\":\"WebSite\",\"@id\":\"https:\/\/blogs.thesocialmedia.com\/leblogmoto\/#website\",\"url\":\"https:\/\/blogs.thesocialmedia.com\/leblogmoto\/\",\"name\":\"leblogmoto\",\"description\":\"Toute l&#039;actualit\u00e9 des 2 roues\",\"potentialAction\":[{\"@type\":\"SearchAction\",\"target\":{\"@type\":\"EntryPoint\",\"urlTemplate\":\"https:\/\/blogs.thesocialmedia.com\/leblogmoto\/?s={search_term_string}\"},\"query-input\":{\"@type\":\"PropertyValueSpecification\",\"valueRequired\":true,\"valueName\":\"search_term_string\"}}],\"inLanguage\":\"fr-FR\"},{\"@type\":\"Person\",\"@id\":\"https:\/\/blogs.thesocialmedia.com\/leblogmoto\/#\/schema\/person\/e82a0ca8a9a63d031586097a3ed58526\",\"name\":\"jacques lesage\",\"image\":{\"@type\":\"ImageObject\",\"inLanguage\":\"fr-FR\",\"@id\":\"https:\/\/blogs.thesocialmedia.com\/leblogmoto\/#\/schema\/person\/image\/\",\"url\":\"https:\/\/secure.gravatar.com\/avatar\/?s=96&d=mm&r=g\",\"contentUrl\":\"https:\/\/secure.gravatar.com\/avatar\/?s=96&d=mm&r=g\",\"caption\":\"jacques lesage\"},\"url\":\"https:\/\/blogs.thesocialmedia.com\/leblogmoto\/author\/jacques-lesage\/\"}]}<\/script>\n<!-- \/ Yoast SEO plugin. -->","yoast_head_json":{"title":"Album du vendredi, Daria par Mario et une moto - leblogmoto.com","robots":{"index":"index","follow":"follow","max-snippet":"max-snippet:-1","max-image-preview":"max-image-preview:large","max-video-preview":"max-video-preview:-1"},"canonical":"https:\/\/blogs.thesocialmedia.com\/leblogmoto\/2009\/02\/27\/album-du-vend-3\/","twitter_card":"summary_large_image","twitter_title":"Album du vendredi, Daria par Mario et une moto - leblogmoto.com","twitter_description":"Ce doit \u00eatre une maladie que cette id\u00e9e de mettre une fille, g\u00e9n\u00e9ralement plus d\u00e9nud\u00e9e que moins, autour d\u2019engins motoris\u00e9s. La moto, d\u00e9j\u00e0 plus nue que moins contrairement \u00e0 une voiture, joue donc fr\u00e9quemment les accessoires de luxe. Ici, la top Daria Werbowy prend la pose pour Mario Testino dans le Vogue britannique de mars [&hellip;]","twitter_image":"http:\/\/www.leblogmoto.com\/images\/2009\/02\/26\/irondaria.jpg","twitter_misc":{"\u00c9crit par":"jacques lesage"},"schema":{"@context":"https:\/\/schema.org","@graph":[{"@type":"WebPage","@id":"https:\/\/blogs.thesocialmedia.com\/leblogmoto\/2009\/02\/27\/album-du-vend-3\/","url":"https:\/\/blogs.thesocialmedia.com\/leblogmoto\/2009\/02\/27\/album-du-vend-3\/","name":"Album du vendredi, Daria par Mario et une moto - leblogmoto.com","isPartOf":{"@id":"https:\/\/blogs.thesocialmedia.com\/leblogmoto\/#website"},"primaryImageOfPage":{"@id":"https:\/\/blogs.thesocialmedia.com\/leblogmoto\/2009\/02\/27\/album-du-vend-3\/#primaryimage"},"image":{"@id":"https:\/\/blogs.thesocialmedia.com\/leblogmoto\/2009\/02\/27\/album-du-vend-3\/#primaryimage"},"thumbnailUrl":"http:\/\/www.leblogmoto.com\/images\/2009\/02\/26\/irondaria.jpg","datePublished":"2009-02-27T03:21:15+00:00","dateModified":"2012-07-11T17:08:36+00:00","author":{"@id":"https:\/\/blogs.thesocialmedia.com\/leblogmoto\/#\/schema\/person\/e82a0ca8a9a63d031586097a3ed58526"},"breadcrumb":{"@id":"https:\/\/blogs.thesocialmedia.com\/leblogmoto\/2009\/02\/27\/album-du-vend-3\/#breadcrumb"},"inLanguage":"fr-FR","potentialAction":[{"@type":"ReadAction","target":["https:\/\/blogs.thesocialmedia.com\/leblogmoto\/2009\/02\/27\/album-du-vend-3\/"]}]},{"@type":"ImageObject","inLanguage":"fr-FR","@id":"https:\/\/blogs.thesocialmedia.com\/leblogmoto\/2009\/02\/27\/album-du-vend-3\/#primaryimage","url":"http:\/\/www.leblogmoto.com\/images\/2009\/02\/26\/irondaria.jpg","contentUrl":"http:\/\/www.leblogmoto.com\/images\/2009\/02\/26\/irondaria.jpg"},{"@type":"BreadcrumbList","@id":"https:\/\/blogs.thesocialmedia.com\/leblogmoto\/2009\/02\/27\/album-du-vend-3\/#breadcrumb","itemListElement":[{"@type":"ListItem","position":1,"name":"Accueil","item":"https:\/\/blogs.thesocialmedia.com\/leblogmoto\/"},{"@type":"ListItem","position":2,"name":"Album du vendredi, Daria par Mario et une moto"}]},{"@type":"WebSite","@id":"https:\/\/blogs.thesocialmedia.com\/leblogmoto\/#website","url":"https:\/\/blogs.thesocialmedia.com\/leblogmoto\/","name":"leblogmoto","description":"Toute l&#039;actualit\u00e9 des 2 roues","potentialAction":[{"@type":"SearchAction","target":{"@type":"EntryPoint","urlTemplate":"https:\/\/blogs.thesocialmedia.com\/leblogmoto\/?s={search_term_string}"},"query-input":{"@type":"PropertyValueSpecification","valueRequired":true,"valueName":"search_term_string"}}],"inLanguage":"fr-FR"},{"@type":"Person","@id":"https:\/\/blogs.thesocialmedia.com\/leblogmoto\/#\/schema\/person\/e82a0ca8a9a63d031586097a3ed58526","name":"jacques lesage","image":{"@type":"ImageObject","inLanguage":"fr-FR","@id":"https:\/\/blogs.thesocialmedia.com\/leblogmoto\/#\/schema\/person\/image\/","url":"https:\/\/secure.gravatar.com\/avatar\/?s=96&d=mm&r=g","contentUrl":"https:\/\/secure.gravatar.com\/avatar\/?s=96&d=mm&r=g","caption":"jacques lesage"},"url":"https:\/\/blogs.thesocialmedia.com\/leblogmoto\/author\/jacques-lesage\/"}]}},"_links":{"self":[{"href":"https:\/\/blogs.thesocialmedia.com\/leblogmoto\/wp-json\/wp\/v2\/posts\/247","targetHints":{"allow":["GET"]}}],"collection":[{"href":"https:\/\/blogs.thesocialmedia.com\/leblogmoto\/wp-json\/wp\/v2\/posts"}],"about":[{"href":"https:\/\/blogs.thesocialmedia.com\/leblogmoto\/wp-json\/wp\/v2\/types\/post"}],"author":[{"embeddable":true,"href":"https:\/\/blogs.thesocialmedia.com\/leblogmoto\/wp-json\/wp\/v2\/users\/325"}],"replies":[{"embeddable":true,"href":"https:\/\/blogs.thesocialmedia.com\/leblogmoto\/wp-json\/wp\/v2\/comments?post=247"}],"version-history":[{"count":2,"href":"https:\/\/blogs.thesocialmedia.com\/leblogmoto\/wp-json\/wp\/v2\/posts\/247\/revisions"}],"predecessor-version":[{"id":12852,"href":"https:\/\/blogs.thesocialmedia.com\/leblogmoto\/wp-json\/wp\/v2\/posts\/247\/revisions\/12852"}],"wp:attachment":[{"href":"https:\/\/blogs.thesocialmedia.com\/leblogmoto\/wp-json\/wp\/v2\/media?parent=247"}],"wp:term":[{"taxonomy":"category","embeddable":true,"href":"https:\/\/blogs.thesocialmedia.com\/leblogmoto\/wp-json\/wp\/v2\/categories?post=247"},{"taxonomy":"post_tag","embeddable":true,"href":"https:\/\/blogs.thesocialmedia.com\/leblogmoto\/wp-json\/wp\/v2\/tags?post=247"}],"curies":[{"name":"wp","href":"https:\/\/api.w.org\/{rel}","templated":true}]}}