{"id":2470,"date":"2005-08-30T12:37:01","date_gmt":"2005-08-30T12:37:01","guid":{"rendered":"http:\/\/blogs.thesocialmedia.com\/leblogmoto\/2005\/08\/30\/yamaha-r6-modle\/"},"modified":"2012-07-11T13:39:48","modified_gmt":"2012-07-11T13:39:48","slug":"yamaha-r6-modle","status":"publish","type":"post","link":"https:\/\/blogs.thesocialmedia.com\/leblogmoto\/2005\/08\/30\/yamaha-r6-modle\/","title":{"rendered":"Yamaha R6 : mod\u00e8le 2006"},"content":{"rendered":"<p><a href=\"http:\/\/blogs.thesocialmedia.com\/leblogmoto\/files\/2012\/07\/r6_1.jpg\"><img loading=\"lazy\" decoding=\"async\" alt=\"R6_1\" src=\"http:\/\/www.leblogmoto.com\/images\/r6_1.jpg\" width=\"250\" height=\"187\"  style=\"float: left;margin: 0px 5px 5px 0px\" \/><\/a> <a href=\"http:\/\/blogs.thesocialmedia.com\/leblogmoto\/files\/2012\/07\/index.html_12.png\">Yamaha<\/a> devrait d\u00e9voiler sa nouvelle R6 lors du prochain Salon du 2 roues \u00e0 Paris, dont je vous parlerai ult\u00e9rieurement, ce qui est une r\u00e9elle surprise car on ne l\u2019attendait pas si t\u00f4t.<br \/> Suzuki a donc d\u00e9cid\u00e9 de ne pas se laisser distancer par la concurrence et notamment les <a href=\"http:\/\/www.leblogmoto.com\/kawasaki\/index.html\">Kawasaki<\/a> ZX-6 RR et <a href=\"http:\/\/www.leblogmoto.com\/suzuki\/index.html\">Suzuki<\/a> GSX-R 600 de respectivement 130 et 120 ch. La R6 mod\u00e8le 2005 affiche 120 ch, mais reste l\u00e9g\u00e8rement en retrait face \u00e0 ces deux concurrentes. L\u2019heure est donc au perfectionnement pour terrasser ses adversaires. <br \/> Pas d\u2019information technique pour le moment, mais \u00e0 observer ses premiers clich\u00e9s exclusifs, la nouvelle R6 adopte une face avant avec prise d\u2019air centrale et un \u00e9chappement court positionn\u00e9 tr\u00e8s bas pour un obtenir un meilleur centre de gravit\u00e9. Sa forme tr\u00e8s particuli\u00e8re ne va certainement pas lui attire la sympathie des motards qui ne manqueront pas de le changer pour un pot plus esth\u00e9tique et plus avare en db.<br \/> D\u2019un point de vue esth\u00e9tique, la nouvelle R6 mod\u00e8le 2006 se rapproche un peu plus de l\u2019esprit de sa grande s\u0153ur <a href=\"http:\/\/www.leblogmoto.com\/2005\/06\/yamaha_yzf_1000.html\">R1<\/a>.<\/p>\n<p><a href=\"http:\/\/clabedan.typepad.com\/.shared\/image.html?\/photos\/uncategorized\/r6_2.jpg\"><img loading=\"lazy\" decoding=\"async\" alt=\"R6_2\" src=\"http:\/\/www.leblogmoto.com\/images\/r6_2.jpg\" width=\"470\" height=\"404\"  style=\"float: left;margin: 0px 5px 5px 0px\" \/><\/a><\/p>\n<p><a href=\"http:\/\/blogs.thesocialmedia.com\/leblogmoto\/files\/2012\/07\/r6_3.jpg\"><img loading=\"lazy\" decoding=\"async\" alt=\"R6_3\" src=\"http:\/\/www.leblogmoto.com\/images\/r6_3.jpg\" width=\"470\" height=\"626\"  style=\"float: left;margin: 0px 5px 5px 0px\" \/><\/a><\/p>\n<p><a href=\"http:\/\/blogs.thesocialmedia.com\/leblogmoto\/files\/2012\/07\/r6_4.jpg\"><img loading=\"lazy\" decoding=\"async\" alt=\"R6_4\" src=\"http:\/\/www.leblogmoto.com\/images\/r6_4.jpg\" width=\"470\" height=\"626\"  style=\"float: left;margin: 0px 5px 5px 0px\" \/><\/a><\/p>\n<p><a href=\"http:\/\/blogs.thesocialmedia.com\/leblogmoto\/files\/2012\/07\/r6_5.jpg\"><img loading=\"lazy\" decoding=\"async\" alt=\"R6_5\" src=\"http:\/\/www.leblogmoto.com\/images\/r6_5.jpg\" width=\"470\" height=\"626\"  style=\"float: left;margin: 0px 5px 5px 0px\" \/><\/a><\/p>\n","protected":false},"excerpt":{"rendered":"<p>Yamaha devrait d\u00e9voiler sa nouvelle R6 lors du prochain Salon du 2 roues \u00e0 Paris, dont je vous parlerai ult\u00e9rieurement, ce qui est une r\u00e9elle surprise car on ne l\u2019attendait pas si t\u00f4t. Suzuki a donc d\u00e9cid\u00e9 de ne pas se laisser distancer par la concurrence et notamment les Kawasaki ZX-6 RR et Suzuki GSX-R [&hellip;]<\/p>\n","protected":false},"author":338,"featured_media":0,"comment_status":"open","ping_status":"open","sticky":false,"template":"","format":"standard","meta":{"footnotes":""},"categories":[44],"tags":[],"class_list":["post-2470","post","type-post","status-publish","format-standard","hentry","category-yamaha"],"yoast_head":"<!-- This site is optimized with the Yoast SEO plugin v26.0 - https:\/\/yoast.com\/wordpress\/plugins\/seo\/ -->\n<title>Yamaha R6 : mod\u00e8le 2006 - leblogmoto.com<\/title>\n<meta name=\"robots\" content=\"index, follow, max-snippet:-1, max-image-preview:large, max-video-preview:-1\" \/>\n<link rel=\"canonical\" href=\"https:\/\/blogs.thesocialmedia.com\/leblogmoto\/2005\/08\/30\/yamaha-r6-modle\/\" \/>\n<meta name=\"twitter:card\" content=\"summary_large_image\" \/>\n<meta name=\"twitter:title\" content=\"Yamaha R6 : mod\u00e8le 2006 - leblogmoto.com\" \/>\n<meta name=\"twitter:description\" content=\"Yamaha devrait d\u00e9voiler sa nouvelle R6 lors du prochain Salon du 2 roues \u00e0 Paris, dont je vous parlerai ult\u00e9rieurement, ce qui est une r\u00e9elle surprise car on ne l\u2019attendait pas si t\u00f4t. Suzuki a donc d\u00e9cid\u00e9 de ne pas se laisser distancer par la concurrence et notamment les Kawasaki ZX-6 RR et Suzuki GSX-R [&hellip;]\" \/>\n<meta name=\"twitter:image\" content=\"http:\/\/www.leblogmoto.com\/images\/r6_1.jpg\" \/>\n<meta name=\"twitter:label1\" content=\"\u00c9crit par\" \/>\n\t<meta name=\"twitter:data1\" content=\"vincent vaillant\" \/>\n\t<meta name=\"twitter:label2\" content=\"Dur\u00e9e de lecture estim\u00e9e\" \/>\n\t<meta name=\"twitter:data2\" content=\"1 minute\" \/>\n<script type=\"application\/ld+json\" class=\"yoast-schema-graph\">{\"@context\":\"https:\/\/schema.org\",\"@graph\":[{\"@type\":\"WebPage\",\"@id\":\"https:\/\/blogs.thesocialmedia.com\/leblogmoto\/2005\/08\/30\/yamaha-r6-modle\/\",\"url\":\"https:\/\/blogs.thesocialmedia.com\/leblogmoto\/2005\/08\/30\/yamaha-r6-modle\/\",\"name\":\"Yamaha R6 : mod\u00e8le 2006 - leblogmoto.com\",\"isPartOf\":{\"@id\":\"https:\/\/blogs.thesocialmedia.com\/leblogmoto\/#website\"},\"primaryImageOfPage\":{\"@id\":\"https:\/\/blogs.thesocialmedia.com\/leblogmoto\/2005\/08\/30\/yamaha-r6-modle\/#primaryimage\"},\"image\":{\"@id\":\"https:\/\/blogs.thesocialmedia.com\/leblogmoto\/2005\/08\/30\/yamaha-r6-modle\/#primaryimage\"},\"thumbnailUrl\":\"http:\/\/www.leblogmoto.com\/images\/r6_1.jpg\",\"datePublished\":\"2005-08-30T12:37:01+00:00\",\"dateModified\":\"2012-07-11T13:39:48+00:00\",\"author\":{\"@id\":\"https:\/\/blogs.thesocialmedia.com\/leblogmoto\/#\/schema\/person\/80d2a078dbdb8b60abbd76bae6011f19\"},\"breadcrumb\":{\"@id\":\"https:\/\/blogs.thesocialmedia.com\/leblogmoto\/2005\/08\/30\/yamaha-r6-modle\/#breadcrumb\"},\"inLanguage\":\"fr-FR\",\"potentialAction\":[{\"@type\":\"ReadAction\",\"target\":[\"https:\/\/blogs.thesocialmedia.com\/leblogmoto\/2005\/08\/30\/yamaha-r6-modle\/\"]}]},{\"@type\":\"ImageObject\",\"inLanguage\":\"fr-FR\",\"@id\":\"https:\/\/blogs.thesocialmedia.com\/leblogmoto\/2005\/08\/30\/yamaha-r6-modle\/#primaryimage\",\"url\":\"http:\/\/www.leblogmoto.com\/images\/r6_1.jpg\",\"contentUrl\":\"http:\/\/www.leblogmoto.com\/images\/r6_1.jpg\"},{\"@type\":\"BreadcrumbList\",\"@id\":\"https:\/\/blogs.thesocialmedia.com\/leblogmoto\/2005\/08\/30\/yamaha-r6-modle\/#breadcrumb\",\"itemListElement\":[{\"@type\":\"ListItem\",\"position\":1,\"name\":\"Accueil\",\"item\":\"https:\/\/blogs.thesocialmedia.com\/leblogmoto\/\"},{\"@type\":\"ListItem\",\"position\":2,\"name\":\"Yamaha R6 : mod\u00e8le 2006\"}]},{\"@type\":\"WebSite\",\"@id\":\"https:\/\/blogs.thesocialmedia.com\/leblogmoto\/#website\",\"url\":\"https:\/\/blogs.thesocialmedia.com\/leblogmoto\/\",\"name\":\"leblogmoto\",\"description\":\"Toute l&#039;actualit\u00e9 des 2 roues\",\"potentialAction\":[{\"@type\":\"SearchAction\",\"target\":{\"@type\":\"EntryPoint\",\"urlTemplate\":\"https:\/\/blogs.thesocialmedia.com\/leblogmoto\/?s={search_term_string}\"},\"query-input\":{\"@type\":\"PropertyValueSpecification\",\"valueRequired\":true,\"valueName\":\"search_term_string\"}}],\"inLanguage\":\"fr-FR\"},{\"@type\":\"Person\",\"@id\":\"https:\/\/blogs.thesocialmedia.com\/leblogmoto\/#\/schema\/person\/80d2a078dbdb8b60abbd76bae6011f19\",\"name\":\"vincent vaillant\",\"image\":{\"@type\":\"ImageObject\",\"inLanguage\":\"fr-FR\",\"@id\":\"https:\/\/blogs.thesocialmedia.com\/leblogmoto\/#\/schema\/person\/image\/\",\"url\":\"https:\/\/secure.gravatar.com\/avatar\/?s=96&d=mm&r=g\",\"contentUrl\":\"https:\/\/secure.gravatar.com\/avatar\/?s=96&d=mm&r=g\",\"caption\":\"vincent vaillant\"},\"url\":\"https:\/\/blogs.thesocialmedia.com\/leblogmoto\/author\/vincent-vaillant\/\"}]}<\/script>\n<!-- \/ Yoast SEO plugin. -->","yoast_head_json":{"title":"Yamaha R6 : mod\u00e8le 2006 - leblogmoto.com","robots":{"index":"index","follow":"follow","max-snippet":"max-snippet:-1","max-image-preview":"max-image-preview:large","max-video-preview":"max-video-preview:-1"},"canonical":"https:\/\/blogs.thesocialmedia.com\/leblogmoto\/2005\/08\/30\/yamaha-r6-modle\/","twitter_card":"summary_large_image","twitter_title":"Yamaha R6 : mod\u00e8le 2006 - leblogmoto.com","twitter_description":"Yamaha devrait d\u00e9voiler sa nouvelle R6 lors du prochain Salon du 2 roues \u00e0 Paris, dont je vous parlerai ult\u00e9rieurement, ce qui est une r\u00e9elle surprise car on ne l\u2019attendait pas si t\u00f4t. Suzuki a donc d\u00e9cid\u00e9 de ne pas se laisser distancer par la concurrence et notamment les Kawasaki ZX-6 RR et Suzuki GSX-R [&hellip;]","twitter_image":"http:\/\/www.leblogmoto.com\/images\/r6_1.jpg","twitter_misc":{"\u00c9crit par":"vincent vaillant","Dur\u00e9e de lecture estim\u00e9e":"1 minute"},"schema":{"@context":"https:\/\/schema.org","@graph":[{"@type":"WebPage","@id":"https:\/\/blogs.thesocialmedia.com\/leblogmoto\/2005\/08\/30\/yamaha-r6-modle\/","url":"https:\/\/blogs.thesocialmedia.com\/leblogmoto\/2005\/08\/30\/yamaha-r6-modle\/","name":"Yamaha R6 : mod\u00e8le 2006 - leblogmoto.com","isPartOf":{"@id":"https:\/\/blogs.thesocialmedia.com\/leblogmoto\/#website"},"primaryImageOfPage":{"@id":"https:\/\/blogs.thesocialmedia.com\/leblogmoto\/2005\/08\/30\/yamaha-r6-modle\/#primaryimage"},"image":{"@id":"https:\/\/blogs.thesocialmedia.com\/leblogmoto\/2005\/08\/30\/yamaha-r6-modle\/#primaryimage"},"thumbnailUrl":"http:\/\/www.leblogmoto.com\/images\/r6_1.jpg","datePublished":"2005-08-30T12:37:01+00:00","dateModified":"2012-07-11T13:39:48+00:00","author":{"@id":"https:\/\/blogs.thesocialmedia.com\/leblogmoto\/#\/schema\/person\/80d2a078dbdb8b60abbd76bae6011f19"},"breadcrumb":{"@id":"https:\/\/blogs.thesocialmedia.com\/leblogmoto\/2005\/08\/30\/yamaha-r6-modle\/#breadcrumb"},"inLanguage":"fr-FR","potentialAction":[{"@type":"ReadAction","target":["https:\/\/blogs.thesocialmedia.com\/leblogmoto\/2005\/08\/30\/yamaha-r6-modle\/"]}]},{"@type":"ImageObject","inLanguage":"fr-FR","@id":"https:\/\/blogs.thesocialmedia.com\/leblogmoto\/2005\/08\/30\/yamaha-r6-modle\/#primaryimage","url":"http:\/\/www.leblogmoto.com\/images\/r6_1.jpg","contentUrl":"http:\/\/www.leblogmoto.com\/images\/r6_1.jpg"},{"@type":"BreadcrumbList","@id":"https:\/\/blogs.thesocialmedia.com\/leblogmoto\/2005\/08\/30\/yamaha-r6-modle\/#breadcrumb","itemListElement":[{"@type":"ListItem","position":1,"name":"Accueil","item":"https:\/\/blogs.thesocialmedia.com\/leblogmoto\/"},{"@type":"ListItem","position":2,"name":"Yamaha R6 : mod\u00e8le 2006"}]},{"@type":"WebSite","@id":"https:\/\/blogs.thesocialmedia.com\/leblogmoto\/#website","url":"https:\/\/blogs.thesocialmedia.com\/leblogmoto\/","name":"leblogmoto","description":"Toute l&#039;actualit\u00e9 des 2 roues","potentialAction":[{"@type":"SearchAction","target":{"@type":"EntryPoint","urlTemplate":"https:\/\/blogs.thesocialmedia.com\/leblogmoto\/?s={search_term_string}"},"query-input":{"@type":"PropertyValueSpecification","valueRequired":true,"valueName":"search_term_string"}}],"inLanguage":"fr-FR"},{"@type":"Person","@id":"https:\/\/blogs.thesocialmedia.com\/leblogmoto\/#\/schema\/person\/80d2a078dbdb8b60abbd76bae6011f19","name":"vincent vaillant","image":{"@type":"ImageObject","inLanguage":"fr-FR","@id":"https:\/\/blogs.thesocialmedia.com\/leblogmoto\/#\/schema\/person\/image\/","url":"https:\/\/secure.gravatar.com\/avatar\/?s=96&d=mm&r=g","contentUrl":"https:\/\/secure.gravatar.com\/avatar\/?s=96&d=mm&r=g","caption":"vincent vaillant"},"url":"https:\/\/blogs.thesocialmedia.com\/leblogmoto\/author\/vincent-vaillant\/"}]}},"_links":{"self":[{"href":"https:\/\/blogs.thesocialmedia.com\/leblogmoto\/wp-json\/wp\/v2\/posts\/2470","targetHints":{"allow":["GET"]}}],"collection":[{"href":"https:\/\/blogs.thesocialmedia.com\/leblogmoto\/wp-json\/wp\/v2\/posts"}],"about":[{"href":"https:\/\/blogs.thesocialmedia.com\/leblogmoto\/wp-json\/wp\/v2\/types\/post"}],"author":[{"embeddable":true,"href":"https:\/\/blogs.thesocialmedia.com\/leblogmoto\/wp-json\/wp\/v2\/users\/338"}],"replies":[{"embeddable":true,"href":"https:\/\/blogs.thesocialmedia.com\/leblogmoto\/wp-json\/wp\/v2\/comments?post=2470"}],"version-history":[{"count":2,"href":"https:\/\/blogs.thesocialmedia.com\/leblogmoto\/wp-json\/wp\/v2\/posts\/2470\/revisions"}],"predecessor-version":[{"id":5595,"href":"https:\/\/blogs.thesocialmedia.com\/leblogmoto\/wp-json\/wp\/v2\/posts\/2470\/revisions\/5595"}],"wp:attachment":[{"href":"https:\/\/blogs.thesocialmedia.com\/leblogmoto\/wp-json\/wp\/v2\/media?parent=2470"}],"wp:term":[{"taxonomy":"category","embeddable":true,"href":"https:\/\/blogs.thesocialmedia.com\/leblogmoto\/wp-json\/wp\/v2\/categories?post=2470"},{"taxonomy":"post_tag","embeddable":true,"href":"https:\/\/blogs.thesocialmedia.com\/leblogmoto\/wp-json\/wp\/v2\/tags?post=2470"}],"curies":[{"name":"wp","href":"https:\/\/api.w.org\/{rel}","templated":true}]}}