{"id":2482,"date":"2005-08-25T18:09:15","date_gmt":"2005-08-25T18:09:15","guid":{"rendered":"http:\/\/blogs.thesocialmedia.com\/leblogmoto\/2005\/08\/25\/roof-dtruit-par\/"},"modified":"2012-07-11T13:38:54","modified_gmt":"2012-07-11T13:38:54","slug":"roof-dtruit-par","status":"publish","type":"post","link":"https:\/\/blogs.thesocialmedia.com\/leblogmoto\/2005\/08\/25\/roof-dtruit-par\/","title":{"rendered":"Roof d\u00e9truit par les flammes"},"content":{"rendered":"<p><a href=\"http:\/\/blogs.thesocialmedia.com\/leblogmoto\/files\/2012\/07\/roof_2.jpg\"><img loading=\"lazy\" decoding=\"async\" alt=\"Roof_2\" src=\"http:\/\/www.leblogmoto.com\/images\/roof_2.jpg\" width=\"200\" height=\"196\"  style=\"float: left;margin: 0px 5px 5px 0px\" \/><\/a> Les locaux du constructeur fran\u00e7ais de casques de moto viennent d\u2019\u00eatre compl\u00e8tement d\u00e9truis par un important incendie. Roof \u00e9tait install\u00e9 \u00e0 P\u00e9gomas dans les Alpes-Maritimes.<br \/> Chantal et Claude Morin, les fondateurs de la marque sont bien naturellement effondr\u00e9s \u00ab <em>Nous avons cr\u00e9\u00e9 cette entreprise de toutes pi\u00e8ces&#8230; C&rsquo;est quinze ans de notre vie qui s&rsquo;envolent en fum\u00e9e <\/em>\u00bb mais n\u2019entendent pas baisser les bras \u00ab <em>Nous tenons \u00e0 informer nos clients, fournisseurs et amis que nous ne baissons pas les bras et que d\u00e8s maintenant, nous mettons tout en oeuvre pour relancer l&rsquo;activit\u00e9 des casques Roof <\/em>\u00bb. L\u2019origine de l\u2019incendie est encore inconnue.<br \/> Rappelons que l\u2019aventure Roof a commenc\u00e9 d\u00e8s 1970, lorsque Claude Morin mat\u00e9rialise sa passion pour l\u2019innovation et la technologie. Il est le premier \u00e0 cr\u00e9er des ch\u00e2ssis de moto en mat\u00e9riaux composites. Il \u00e9labore alors des car\u00e9nages \u2018Grand Tourisme\u2019 r\u00e9volutionnaires, qui permettront \u00e0 <a href=\"http:\/\/www.leblogmoto.com\/honda\/index.html\">Honda<\/a> de remporter le Bol d\u2019Or en 1973 et 1974. Les recherches de nouvelles voies en mati\u00e8re de protection des conducteurs le poussent tout naturellement \u00e0 s\u2019int\u00e9resser \u00e0 la conception de casques. Pendant 20 ans, bousculant les id\u00e9es re\u00e7ues, il innovera sans cesse dans ce domaine aupr\u00e8s des plus grands fabricants de casques.<br \/> Fort de ses exp\u00e9riences, c\u2019est en 1993 qu\u2019il cr\u00e9e sa propre marque Roof, et lance le premier mod\u00e8le : Roadster. Roof se distingue depuis par la cr\u00e9ativit\u00e9, l\u2019originalit\u00e9, la s\u00e9curit\u00e9 et le confort de ses casques. Souhaitons bon courage et r\u00e9ussite \u00e0 cette entreprise de qualit\u00e9.<\/p>\n","protected":false},"excerpt":{"rendered":"<p>Les locaux du constructeur fran\u00e7ais de casques de moto viennent d\u2019\u00eatre compl\u00e8tement d\u00e9truis par un important incendie. Roof \u00e9tait install\u00e9 \u00e0 P\u00e9gomas dans les Alpes-Maritimes. Chantal et Claude Morin, les fondateurs de la marque sont bien naturellement effondr\u00e9s \u00ab Nous avons cr\u00e9\u00e9 cette entreprise de toutes pi\u00e8ces&#8230; C&rsquo;est quinze ans de notre vie qui s&rsquo;envolent [&hellip;]<\/p>\n","protected":false},"author":338,"featured_media":0,"comment_status":"open","ping_status":"open","sticky":false,"template":"","format":"standard","meta":{"footnotes":""},"categories":[49],"tags":[],"class_list":["post-2482","post","type-post","status-publish","format-standard","hentry","category-actualites-entreprise"],"yoast_head":"<!-- This site is optimized with the Yoast SEO plugin v26.0 - https:\/\/yoast.com\/wordpress\/plugins\/seo\/ -->\n<title>Roof d\u00e9truit par les flammes - leblogmoto.com<\/title>\n<meta name=\"robots\" content=\"index, follow, max-snippet:-1, max-image-preview:large, max-video-preview:-1\" \/>\n<link rel=\"canonical\" href=\"https:\/\/blogs.thesocialmedia.com\/leblogmoto\/2005\/08\/25\/roof-dtruit-par\/\" \/>\n<meta name=\"twitter:card\" content=\"summary_large_image\" \/>\n<meta name=\"twitter:title\" content=\"Roof d\u00e9truit par les flammes - leblogmoto.com\" \/>\n<meta name=\"twitter:description\" content=\"Les locaux du constructeur fran\u00e7ais de casques de moto viennent d\u2019\u00eatre compl\u00e8tement d\u00e9truis par un important incendie. Roof \u00e9tait install\u00e9 \u00e0 P\u00e9gomas dans les Alpes-Maritimes. Chantal et Claude Morin, les fondateurs de la marque sont bien naturellement effondr\u00e9s \u00ab Nous avons cr\u00e9\u00e9 cette entreprise de toutes pi\u00e8ces&#8230; C&rsquo;est quinze ans de notre vie qui s&rsquo;envolent [&hellip;]\" \/>\n<meta name=\"twitter:image\" content=\"http:\/\/www.leblogmoto.com\/images\/roof_2.jpg\" \/>\n<meta name=\"twitter:label1\" content=\"\u00c9crit par\" \/>\n\t<meta name=\"twitter:data1\" content=\"vincent vaillant\" \/>\n\t<meta name=\"twitter:label2\" content=\"Dur\u00e9e de lecture estim\u00e9e\" \/>\n\t<meta name=\"twitter:data2\" content=\"1 minute\" \/>\n<script type=\"application\/ld+json\" class=\"yoast-schema-graph\">{\"@context\":\"https:\/\/schema.org\",\"@graph\":[{\"@type\":\"WebPage\",\"@id\":\"https:\/\/blogs.thesocialmedia.com\/leblogmoto\/2005\/08\/25\/roof-dtruit-par\/\",\"url\":\"https:\/\/blogs.thesocialmedia.com\/leblogmoto\/2005\/08\/25\/roof-dtruit-par\/\",\"name\":\"Roof d\u00e9truit par les flammes - leblogmoto.com\",\"isPartOf\":{\"@id\":\"https:\/\/blogs.thesocialmedia.com\/leblogmoto\/#website\"},\"primaryImageOfPage\":{\"@id\":\"https:\/\/blogs.thesocialmedia.com\/leblogmoto\/2005\/08\/25\/roof-dtruit-par\/#primaryimage\"},\"image\":{\"@id\":\"https:\/\/blogs.thesocialmedia.com\/leblogmoto\/2005\/08\/25\/roof-dtruit-par\/#primaryimage\"},\"thumbnailUrl\":\"http:\/\/www.leblogmoto.com\/images\/roof_2.jpg\",\"datePublished\":\"2005-08-25T18:09:15+00:00\",\"dateModified\":\"2012-07-11T13:38:54+00:00\",\"author\":{\"@id\":\"https:\/\/blogs.thesocialmedia.com\/leblogmoto\/#\/schema\/person\/80d2a078dbdb8b60abbd76bae6011f19\"},\"breadcrumb\":{\"@id\":\"https:\/\/blogs.thesocialmedia.com\/leblogmoto\/2005\/08\/25\/roof-dtruit-par\/#breadcrumb\"},\"inLanguage\":\"fr-FR\",\"potentialAction\":[{\"@type\":\"ReadAction\",\"target\":[\"https:\/\/blogs.thesocialmedia.com\/leblogmoto\/2005\/08\/25\/roof-dtruit-par\/\"]}]},{\"@type\":\"ImageObject\",\"inLanguage\":\"fr-FR\",\"@id\":\"https:\/\/blogs.thesocialmedia.com\/leblogmoto\/2005\/08\/25\/roof-dtruit-par\/#primaryimage\",\"url\":\"http:\/\/www.leblogmoto.com\/images\/roof_2.jpg\",\"contentUrl\":\"http:\/\/www.leblogmoto.com\/images\/roof_2.jpg\"},{\"@type\":\"BreadcrumbList\",\"@id\":\"https:\/\/blogs.thesocialmedia.com\/leblogmoto\/2005\/08\/25\/roof-dtruit-par\/#breadcrumb\",\"itemListElement\":[{\"@type\":\"ListItem\",\"position\":1,\"name\":\"Accueil\",\"item\":\"https:\/\/blogs.thesocialmedia.com\/leblogmoto\/\"},{\"@type\":\"ListItem\",\"position\":2,\"name\":\"Roof d\u00e9truit par les flammes\"}]},{\"@type\":\"WebSite\",\"@id\":\"https:\/\/blogs.thesocialmedia.com\/leblogmoto\/#website\",\"url\":\"https:\/\/blogs.thesocialmedia.com\/leblogmoto\/\",\"name\":\"leblogmoto\",\"description\":\"Toute l&#039;actualit\u00e9 des 2 roues\",\"potentialAction\":[{\"@type\":\"SearchAction\",\"target\":{\"@type\":\"EntryPoint\",\"urlTemplate\":\"https:\/\/blogs.thesocialmedia.com\/leblogmoto\/?s={search_term_string}\"},\"query-input\":{\"@type\":\"PropertyValueSpecification\",\"valueRequired\":true,\"valueName\":\"search_term_string\"}}],\"inLanguage\":\"fr-FR\"},{\"@type\":\"Person\",\"@id\":\"https:\/\/blogs.thesocialmedia.com\/leblogmoto\/#\/schema\/person\/80d2a078dbdb8b60abbd76bae6011f19\",\"name\":\"vincent vaillant\",\"image\":{\"@type\":\"ImageObject\",\"inLanguage\":\"fr-FR\",\"@id\":\"https:\/\/blogs.thesocialmedia.com\/leblogmoto\/#\/schema\/person\/image\/\",\"url\":\"https:\/\/secure.gravatar.com\/avatar\/?s=96&d=mm&r=g\",\"contentUrl\":\"https:\/\/secure.gravatar.com\/avatar\/?s=96&d=mm&r=g\",\"caption\":\"vincent vaillant\"},\"url\":\"https:\/\/blogs.thesocialmedia.com\/leblogmoto\/author\/vincent-vaillant\/\"}]}<\/script>\n<!-- \/ Yoast SEO plugin. -->","yoast_head_json":{"title":"Roof d\u00e9truit par les flammes - leblogmoto.com","robots":{"index":"index","follow":"follow","max-snippet":"max-snippet:-1","max-image-preview":"max-image-preview:large","max-video-preview":"max-video-preview:-1"},"canonical":"https:\/\/blogs.thesocialmedia.com\/leblogmoto\/2005\/08\/25\/roof-dtruit-par\/","twitter_card":"summary_large_image","twitter_title":"Roof d\u00e9truit par les flammes - leblogmoto.com","twitter_description":"Les locaux du constructeur fran\u00e7ais de casques de moto viennent d\u2019\u00eatre compl\u00e8tement d\u00e9truis par un important incendie. Roof \u00e9tait install\u00e9 \u00e0 P\u00e9gomas dans les Alpes-Maritimes. Chantal et Claude Morin, les fondateurs de la marque sont bien naturellement effondr\u00e9s \u00ab Nous avons cr\u00e9\u00e9 cette entreprise de toutes pi\u00e8ces&#8230; C&rsquo;est quinze ans de notre vie qui s&rsquo;envolent [&hellip;]","twitter_image":"http:\/\/www.leblogmoto.com\/images\/roof_2.jpg","twitter_misc":{"\u00c9crit par":"vincent vaillant","Dur\u00e9e de lecture estim\u00e9e":"1 minute"},"schema":{"@context":"https:\/\/schema.org","@graph":[{"@type":"WebPage","@id":"https:\/\/blogs.thesocialmedia.com\/leblogmoto\/2005\/08\/25\/roof-dtruit-par\/","url":"https:\/\/blogs.thesocialmedia.com\/leblogmoto\/2005\/08\/25\/roof-dtruit-par\/","name":"Roof d\u00e9truit par les flammes - leblogmoto.com","isPartOf":{"@id":"https:\/\/blogs.thesocialmedia.com\/leblogmoto\/#website"},"primaryImageOfPage":{"@id":"https:\/\/blogs.thesocialmedia.com\/leblogmoto\/2005\/08\/25\/roof-dtruit-par\/#primaryimage"},"image":{"@id":"https:\/\/blogs.thesocialmedia.com\/leblogmoto\/2005\/08\/25\/roof-dtruit-par\/#primaryimage"},"thumbnailUrl":"http:\/\/www.leblogmoto.com\/images\/roof_2.jpg","datePublished":"2005-08-25T18:09:15+00:00","dateModified":"2012-07-11T13:38:54+00:00","author":{"@id":"https:\/\/blogs.thesocialmedia.com\/leblogmoto\/#\/schema\/person\/80d2a078dbdb8b60abbd76bae6011f19"},"breadcrumb":{"@id":"https:\/\/blogs.thesocialmedia.com\/leblogmoto\/2005\/08\/25\/roof-dtruit-par\/#breadcrumb"},"inLanguage":"fr-FR","potentialAction":[{"@type":"ReadAction","target":["https:\/\/blogs.thesocialmedia.com\/leblogmoto\/2005\/08\/25\/roof-dtruit-par\/"]}]},{"@type":"ImageObject","inLanguage":"fr-FR","@id":"https:\/\/blogs.thesocialmedia.com\/leblogmoto\/2005\/08\/25\/roof-dtruit-par\/#primaryimage","url":"http:\/\/www.leblogmoto.com\/images\/roof_2.jpg","contentUrl":"http:\/\/www.leblogmoto.com\/images\/roof_2.jpg"},{"@type":"BreadcrumbList","@id":"https:\/\/blogs.thesocialmedia.com\/leblogmoto\/2005\/08\/25\/roof-dtruit-par\/#breadcrumb","itemListElement":[{"@type":"ListItem","position":1,"name":"Accueil","item":"https:\/\/blogs.thesocialmedia.com\/leblogmoto\/"},{"@type":"ListItem","position":2,"name":"Roof d\u00e9truit par les flammes"}]},{"@type":"WebSite","@id":"https:\/\/blogs.thesocialmedia.com\/leblogmoto\/#website","url":"https:\/\/blogs.thesocialmedia.com\/leblogmoto\/","name":"leblogmoto","description":"Toute l&#039;actualit\u00e9 des 2 roues","potentialAction":[{"@type":"SearchAction","target":{"@type":"EntryPoint","urlTemplate":"https:\/\/blogs.thesocialmedia.com\/leblogmoto\/?s={search_term_string}"},"query-input":{"@type":"PropertyValueSpecification","valueRequired":true,"valueName":"search_term_string"}}],"inLanguage":"fr-FR"},{"@type":"Person","@id":"https:\/\/blogs.thesocialmedia.com\/leblogmoto\/#\/schema\/person\/80d2a078dbdb8b60abbd76bae6011f19","name":"vincent vaillant","image":{"@type":"ImageObject","inLanguage":"fr-FR","@id":"https:\/\/blogs.thesocialmedia.com\/leblogmoto\/#\/schema\/person\/image\/","url":"https:\/\/secure.gravatar.com\/avatar\/?s=96&d=mm&r=g","contentUrl":"https:\/\/secure.gravatar.com\/avatar\/?s=96&d=mm&r=g","caption":"vincent vaillant"},"url":"https:\/\/blogs.thesocialmedia.com\/leblogmoto\/author\/vincent-vaillant\/"}]}},"_links":{"self":[{"href":"https:\/\/blogs.thesocialmedia.com\/leblogmoto\/wp-json\/wp\/v2\/posts\/2482","targetHints":{"allow":["GET"]}}],"collection":[{"href":"https:\/\/blogs.thesocialmedia.com\/leblogmoto\/wp-json\/wp\/v2\/posts"}],"about":[{"href":"https:\/\/blogs.thesocialmedia.com\/leblogmoto\/wp-json\/wp\/v2\/types\/post"}],"author":[{"embeddable":true,"href":"https:\/\/blogs.thesocialmedia.com\/leblogmoto\/wp-json\/wp\/v2\/users\/338"}],"replies":[{"embeddable":true,"href":"https:\/\/blogs.thesocialmedia.com\/leblogmoto\/wp-json\/wp\/v2\/comments?post=2482"}],"version-history":[{"count":2,"href":"https:\/\/blogs.thesocialmedia.com\/leblogmoto\/wp-json\/wp\/v2\/posts\/2482\/revisions"}],"predecessor-version":[{"id":5554,"href":"https:\/\/blogs.thesocialmedia.com\/leblogmoto\/wp-json\/wp\/v2\/posts\/2482\/revisions\/5554"}],"wp:attachment":[{"href":"https:\/\/blogs.thesocialmedia.com\/leblogmoto\/wp-json\/wp\/v2\/media?parent=2482"}],"wp:term":[{"taxonomy":"category","embeddable":true,"href":"https:\/\/blogs.thesocialmedia.com\/leblogmoto\/wp-json\/wp\/v2\/categories?post=2482"},{"taxonomy":"post_tag","embeddable":true,"href":"https:\/\/blogs.thesocialmedia.com\/leblogmoto\/wp-json\/wp\/v2\/tags?post=2482"}],"curies":[{"name":"wp","href":"https:\/\/api.w.org\/{rel}","templated":true}]}}