{"id":2488,"date":"2005-08-23T15:15:02","date_gmt":"2005-08-23T15:15:02","guid":{"rendered":"http:\/\/blogs.thesocialmedia.com\/leblogmoto\/2005\/08\/23\/harleydavidson-7\/"},"modified":"2012-07-11T13:38:42","modified_gmt":"2012-07-11T13:38:42","slug":"harleydavidson-7","status":"publish","type":"post","link":"https:\/\/blogs.thesocialmedia.com\/leblogmoto\/2005\/08\/23\/harleydavidson-7\/","title":{"rendered":"Harley-Davidson Sportster XL 883L (Low)"},"content":{"rendered":"<p><a href=\"http:\/\/blogs.thesocialmedia.com\/leblogmoto\/files\/2012\/07\/883_3.jpg\"><img loading=\"lazy\" decoding=\"async\" alt=\"883_3\" src=\"http:\/\/www.leblogmoto.com\/images\/883_3.jpg\" width=\"249\" height=\"192\"  style=\"float: left;margin: 0px 5px 5px 0px\" \/><\/a> La Sportster XL 883 L est une version basse (Low) de <a href=\"http:\/\/www.leblogmoto.com\/2005\/08\/harleydavidson__6.html\">la 883 normale<\/a>.<br \/> En effet, si vous mesurez moins d\u20191m60 les bras lev\u00e9s, cette moto est faite pour vous puisqu\u2019elle se caract\u00e9rise, comme la 883, par des repose-pieds et des commandes centr\u00e9s, des jantes \u00e0 rayons, un guidon plat plus large, une course d\u2019embrayage r\u00e9duite&#8230; auxquels elle ajoute une selle plus basse qui est en fait obtenue par l\u2019abaissement des suspensions avant et arri\u00e8re. Elle se transforme ainsi en engin id\u00e9al pour faire des balades dans un grand confort tout en ayant la possibilit\u00e9 de mettre les 2 pieds au sol. Hormis ce petit d\u00e9tail de taille, la 883L reste fid\u00e8le aux caract\u00e9ristiques techniques de la 883 ce qui lui conf\u00e8rent les m\u00eames qualit\u00e9s, les m\u00eames d\u00e9fauts et le m\u00eame prix de 8 000 \u20ac.<\/p>\n<p><a href=\"http:\/\/clabedan.typepad.com\/.shared\/image.html?\/photos\/uncategorized\/883_4.jpg\"><img loading=\"lazy\" decoding=\"async\" alt=\"883_4\" src=\"http:\/\/www.leblogmoto.com\/images\/883_4.jpg\" width=\"470\" height=\"340\"  style=\"float: left;margin: 0px 5px 5px 0px\" \/><\/a> <\/p>\n","protected":false},"excerpt":{"rendered":"<p>La Sportster XL 883 L est une version basse (Low) de la 883 normale. En effet, si vous mesurez moins d\u20191m60 les bras lev\u00e9s, cette moto est faite pour vous puisqu\u2019elle se caract\u00e9rise, comme la 883, par des repose-pieds et des commandes centr\u00e9s, des jantes \u00e0 rayons, un guidon plat plus large, une course d\u2019embrayage [&hellip;]<\/p>\n","protected":false},"author":338,"featured_media":0,"comment_status":"open","ping_status":"open","sticky":false,"template":"","format":"standard","meta":{"footnotes":""},"categories":[29],"tags":[],"class_list":["post-2488","post","type-post","status-publish","format-standard","hentry","category-harley-davidson"],"yoast_head":"<!-- This site is optimized with the Yoast SEO plugin v26.0 - https:\/\/yoast.com\/wordpress\/plugins\/seo\/ -->\n<title>Harley-Davidson Sportster XL 883L (Low) - leblogmoto.com<\/title>\n<meta name=\"robots\" content=\"index, follow, max-snippet:-1, max-image-preview:large, max-video-preview:-1\" \/>\n<link rel=\"canonical\" href=\"https:\/\/blogs.thesocialmedia.com\/leblogmoto\/2005\/08\/23\/harleydavidson-7\/\" \/>\n<meta name=\"twitter:card\" content=\"summary_large_image\" \/>\n<meta name=\"twitter:title\" content=\"Harley-Davidson Sportster XL 883L (Low) - leblogmoto.com\" \/>\n<meta name=\"twitter:description\" content=\"La Sportster XL 883 L est une version basse (Low) de la 883 normale. En effet, si vous mesurez moins d\u20191m60 les bras lev\u00e9s, cette moto est faite pour vous puisqu\u2019elle se caract\u00e9rise, comme la 883, par des repose-pieds et des commandes centr\u00e9s, des jantes \u00e0 rayons, un guidon plat plus large, une course d\u2019embrayage [&hellip;]\" \/>\n<meta name=\"twitter:image\" content=\"http:\/\/www.leblogmoto.com\/images\/883_3.jpg\" \/>\n<meta name=\"twitter:label1\" content=\"\u00c9crit par\" \/>\n\t<meta name=\"twitter:data1\" content=\"vincent vaillant\" \/>\n\t<meta name=\"twitter:label2\" content=\"Dur\u00e9e de lecture estim\u00e9e\" \/>\n\t<meta name=\"twitter:data2\" content=\"1 minute\" \/>\n<script type=\"application\/ld+json\" class=\"yoast-schema-graph\">{\"@context\":\"https:\/\/schema.org\",\"@graph\":[{\"@type\":\"WebPage\",\"@id\":\"https:\/\/blogs.thesocialmedia.com\/leblogmoto\/2005\/08\/23\/harleydavidson-7\/\",\"url\":\"https:\/\/blogs.thesocialmedia.com\/leblogmoto\/2005\/08\/23\/harleydavidson-7\/\",\"name\":\"Harley-Davidson Sportster XL 883L (Low) - leblogmoto.com\",\"isPartOf\":{\"@id\":\"https:\/\/blogs.thesocialmedia.com\/leblogmoto\/#website\"},\"primaryImageOfPage\":{\"@id\":\"https:\/\/blogs.thesocialmedia.com\/leblogmoto\/2005\/08\/23\/harleydavidson-7\/#primaryimage\"},\"image\":{\"@id\":\"https:\/\/blogs.thesocialmedia.com\/leblogmoto\/2005\/08\/23\/harleydavidson-7\/#primaryimage\"},\"thumbnailUrl\":\"http:\/\/www.leblogmoto.com\/images\/883_3.jpg\",\"datePublished\":\"2005-08-23T15:15:02+00:00\",\"dateModified\":\"2012-07-11T13:38:42+00:00\",\"author\":{\"@id\":\"https:\/\/blogs.thesocialmedia.com\/leblogmoto\/#\/schema\/person\/80d2a078dbdb8b60abbd76bae6011f19\"},\"breadcrumb\":{\"@id\":\"https:\/\/blogs.thesocialmedia.com\/leblogmoto\/2005\/08\/23\/harleydavidson-7\/#breadcrumb\"},\"inLanguage\":\"fr-FR\",\"potentialAction\":[{\"@type\":\"ReadAction\",\"target\":[\"https:\/\/blogs.thesocialmedia.com\/leblogmoto\/2005\/08\/23\/harleydavidson-7\/\"]}]},{\"@type\":\"ImageObject\",\"inLanguage\":\"fr-FR\",\"@id\":\"https:\/\/blogs.thesocialmedia.com\/leblogmoto\/2005\/08\/23\/harleydavidson-7\/#primaryimage\",\"url\":\"http:\/\/www.leblogmoto.com\/images\/883_3.jpg\",\"contentUrl\":\"http:\/\/www.leblogmoto.com\/images\/883_3.jpg\"},{\"@type\":\"BreadcrumbList\",\"@id\":\"https:\/\/blogs.thesocialmedia.com\/leblogmoto\/2005\/08\/23\/harleydavidson-7\/#breadcrumb\",\"itemListElement\":[{\"@type\":\"ListItem\",\"position\":1,\"name\":\"Accueil\",\"item\":\"https:\/\/blogs.thesocialmedia.com\/leblogmoto\/\"},{\"@type\":\"ListItem\",\"position\":2,\"name\":\"Harley-Davidson Sportster XL 883L (Low)\"}]},{\"@type\":\"WebSite\",\"@id\":\"https:\/\/blogs.thesocialmedia.com\/leblogmoto\/#website\",\"url\":\"https:\/\/blogs.thesocialmedia.com\/leblogmoto\/\",\"name\":\"leblogmoto\",\"description\":\"Toute l&#039;actualit\u00e9 des 2 roues\",\"potentialAction\":[{\"@type\":\"SearchAction\",\"target\":{\"@type\":\"EntryPoint\",\"urlTemplate\":\"https:\/\/blogs.thesocialmedia.com\/leblogmoto\/?s={search_term_string}\"},\"query-input\":{\"@type\":\"PropertyValueSpecification\",\"valueRequired\":true,\"valueName\":\"search_term_string\"}}],\"inLanguage\":\"fr-FR\"},{\"@type\":\"Person\",\"@id\":\"https:\/\/blogs.thesocialmedia.com\/leblogmoto\/#\/schema\/person\/80d2a078dbdb8b60abbd76bae6011f19\",\"name\":\"vincent vaillant\",\"image\":{\"@type\":\"ImageObject\",\"inLanguage\":\"fr-FR\",\"@id\":\"https:\/\/blogs.thesocialmedia.com\/leblogmoto\/#\/schema\/person\/image\/\",\"url\":\"https:\/\/secure.gravatar.com\/avatar\/?s=96&d=mm&r=g\",\"contentUrl\":\"https:\/\/secure.gravatar.com\/avatar\/?s=96&d=mm&r=g\",\"caption\":\"vincent vaillant\"},\"url\":\"https:\/\/blogs.thesocialmedia.com\/leblogmoto\/author\/vincent-vaillant\/\"}]}<\/script>\n<!-- \/ Yoast SEO plugin. -->","yoast_head_json":{"title":"Harley-Davidson Sportster XL 883L (Low) - leblogmoto.com","robots":{"index":"index","follow":"follow","max-snippet":"max-snippet:-1","max-image-preview":"max-image-preview:large","max-video-preview":"max-video-preview:-1"},"canonical":"https:\/\/blogs.thesocialmedia.com\/leblogmoto\/2005\/08\/23\/harleydavidson-7\/","twitter_card":"summary_large_image","twitter_title":"Harley-Davidson Sportster XL 883L (Low) - leblogmoto.com","twitter_description":"La Sportster XL 883 L est une version basse (Low) de la 883 normale. En effet, si vous mesurez moins d\u20191m60 les bras lev\u00e9s, cette moto est faite pour vous puisqu\u2019elle se caract\u00e9rise, comme la 883, par des repose-pieds et des commandes centr\u00e9s, des jantes \u00e0 rayons, un guidon plat plus large, une course d\u2019embrayage [&hellip;]","twitter_image":"http:\/\/www.leblogmoto.com\/images\/883_3.jpg","twitter_misc":{"\u00c9crit par":"vincent vaillant","Dur\u00e9e de lecture estim\u00e9e":"1 minute"},"schema":{"@context":"https:\/\/schema.org","@graph":[{"@type":"WebPage","@id":"https:\/\/blogs.thesocialmedia.com\/leblogmoto\/2005\/08\/23\/harleydavidson-7\/","url":"https:\/\/blogs.thesocialmedia.com\/leblogmoto\/2005\/08\/23\/harleydavidson-7\/","name":"Harley-Davidson Sportster XL 883L (Low) - leblogmoto.com","isPartOf":{"@id":"https:\/\/blogs.thesocialmedia.com\/leblogmoto\/#website"},"primaryImageOfPage":{"@id":"https:\/\/blogs.thesocialmedia.com\/leblogmoto\/2005\/08\/23\/harleydavidson-7\/#primaryimage"},"image":{"@id":"https:\/\/blogs.thesocialmedia.com\/leblogmoto\/2005\/08\/23\/harleydavidson-7\/#primaryimage"},"thumbnailUrl":"http:\/\/www.leblogmoto.com\/images\/883_3.jpg","datePublished":"2005-08-23T15:15:02+00:00","dateModified":"2012-07-11T13:38:42+00:00","author":{"@id":"https:\/\/blogs.thesocialmedia.com\/leblogmoto\/#\/schema\/person\/80d2a078dbdb8b60abbd76bae6011f19"},"breadcrumb":{"@id":"https:\/\/blogs.thesocialmedia.com\/leblogmoto\/2005\/08\/23\/harleydavidson-7\/#breadcrumb"},"inLanguage":"fr-FR","potentialAction":[{"@type":"ReadAction","target":["https:\/\/blogs.thesocialmedia.com\/leblogmoto\/2005\/08\/23\/harleydavidson-7\/"]}]},{"@type":"ImageObject","inLanguage":"fr-FR","@id":"https:\/\/blogs.thesocialmedia.com\/leblogmoto\/2005\/08\/23\/harleydavidson-7\/#primaryimage","url":"http:\/\/www.leblogmoto.com\/images\/883_3.jpg","contentUrl":"http:\/\/www.leblogmoto.com\/images\/883_3.jpg"},{"@type":"BreadcrumbList","@id":"https:\/\/blogs.thesocialmedia.com\/leblogmoto\/2005\/08\/23\/harleydavidson-7\/#breadcrumb","itemListElement":[{"@type":"ListItem","position":1,"name":"Accueil","item":"https:\/\/blogs.thesocialmedia.com\/leblogmoto\/"},{"@type":"ListItem","position":2,"name":"Harley-Davidson Sportster XL 883L (Low)"}]},{"@type":"WebSite","@id":"https:\/\/blogs.thesocialmedia.com\/leblogmoto\/#website","url":"https:\/\/blogs.thesocialmedia.com\/leblogmoto\/","name":"leblogmoto","description":"Toute l&#039;actualit\u00e9 des 2 roues","potentialAction":[{"@type":"SearchAction","target":{"@type":"EntryPoint","urlTemplate":"https:\/\/blogs.thesocialmedia.com\/leblogmoto\/?s={search_term_string}"},"query-input":{"@type":"PropertyValueSpecification","valueRequired":true,"valueName":"search_term_string"}}],"inLanguage":"fr-FR"},{"@type":"Person","@id":"https:\/\/blogs.thesocialmedia.com\/leblogmoto\/#\/schema\/person\/80d2a078dbdb8b60abbd76bae6011f19","name":"vincent vaillant","image":{"@type":"ImageObject","inLanguage":"fr-FR","@id":"https:\/\/blogs.thesocialmedia.com\/leblogmoto\/#\/schema\/person\/image\/","url":"https:\/\/secure.gravatar.com\/avatar\/?s=96&d=mm&r=g","contentUrl":"https:\/\/secure.gravatar.com\/avatar\/?s=96&d=mm&r=g","caption":"vincent vaillant"},"url":"https:\/\/blogs.thesocialmedia.com\/leblogmoto\/author\/vincent-vaillant\/"}]}},"_links":{"self":[{"href":"https:\/\/blogs.thesocialmedia.com\/leblogmoto\/wp-json\/wp\/v2\/posts\/2488","targetHints":{"allow":["GET"]}}],"collection":[{"href":"https:\/\/blogs.thesocialmedia.com\/leblogmoto\/wp-json\/wp\/v2\/posts"}],"about":[{"href":"https:\/\/blogs.thesocialmedia.com\/leblogmoto\/wp-json\/wp\/v2\/types\/post"}],"author":[{"embeddable":true,"href":"https:\/\/blogs.thesocialmedia.com\/leblogmoto\/wp-json\/wp\/v2\/users\/338"}],"replies":[{"embeddable":true,"href":"https:\/\/blogs.thesocialmedia.com\/leblogmoto\/wp-json\/wp\/v2\/comments?post=2488"}],"version-history":[{"count":2,"href":"https:\/\/blogs.thesocialmedia.com\/leblogmoto\/wp-json\/wp\/v2\/posts\/2488\/revisions"}],"predecessor-version":[{"id":5541,"href":"https:\/\/blogs.thesocialmedia.com\/leblogmoto\/wp-json\/wp\/v2\/posts\/2488\/revisions\/5541"}],"wp:attachment":[{"href":"https:\/\/blogs.thesocialmedia.com\/leblogmoto\/wp-json\/wp\/v2\/media?parent=2488"}],"wp:term":[{"taxonomy":"category","embeddable":true,"href":"https:\/\/blogs.thesocialmedia.com\/leblogmoto\/wp-json\/wp\/v2\/categories?post=2488"},{"taxonomy":"post_tag","embeddable":true,"href":"https:\/\/blogs.thesocialmedia.com\/leblogmoto\/wp-json\/wp\/v2\/tags?post=2488"}],"curies":[{"name":"wp","href":"https:\/\/api.w.org\/{rel}","templated":true}]}}