{"id":2492,"date":"2005-08-22T21:48:56","date_gmt":"2005-08-22T21:48:56","guid":{"rendered":"http:\/\/blogs.thesocialmedia.com\/leblogmoto\/2005\/08\/22\/harleydavidson-3\/"},"modified":"2012-07-11T13:38:34","modified_gmt":"2012-07-11T13:38:34","slug":"harleydavidson-3","status":"publish","type":"post","link":"https:\/\/blogs.thesocialmedia.com\/leblogmoto\/2005\/08\/22\/harleydavidson-3\/","title":{"rendered":"Harley-Davidson V-Rod VRSCD"},"content":{"rendered":"<p><a href=\"http:\/\/blogs.thesocialmedia.com\/leblogmoto\/files\/2012\/07\/vrscd_11.jpg\"><img loading=\"lazy\" decoding=\"async\" width=\"249\" height=\"159\"  src=\"http:\/\/www.leblogmoto.com\/images\/vrscd_11.JPG\" alt=\"Vrscd_11\" style=\"margin: 0px 5px 5px 0px;float: left\" \/><\/a>La toute derni\u00e8re VRSCD remplace <a href=\"http:\/\/www.leblogmoto.com\/2005\/08\/harleydavidson__1.html\">la V-Rod VRSCB<\/a>. Elle se positionne donc comme la nouvelle <a href=\"http:\/\/www.leblogmoto.com\/harleydavidson\/index.html\">Harley<\/a> \u2018dark\u2019 pour bad boys. D\u2019ailleurs, elle porte le petit surnom de Night-Rod puisqu\u2019elle ne commet ses crimes qu\u2019une fois la nuit tomb\u00e9e. Comme le chante notre Johnny Hallyday national \u00ab <em>Noir c\u2019est noir ! il n\u2019y plus d\u2019espoir\u2026 <\/em>\u00bb, et bien la Night-Rod n\u2019a plus aucun espoir d\u2019excentricit\u00e9 puisqu\u2019elle se pare de commandes, r\u00e9troviseurs et amortisseurs noircis, d\u2019un Twin \u00e0 la finition \u00e9poxy noir, d\u2019\u00e9triers et de conduites de freins noirs, d\u2019une peinture de cadre noire et, si vous le souhaitez, d\u2019une magnifique peinture noire mate \u2018Black Denim\u2019 (les autres couleurs bordeaux et bleu ne lui vont pas du tout). Le tout fait resplendir les chromes de la fourche, de la ligne d\u2019\u00e9chappement et des jantes qui sont pleines mais ajour\u00e9es. A noter que la fourche est moins inclin\u00e9e que sur <a href=\"http:\/\/www.leblogmoto.com\/2005\/08\/harleydavidson_.html\">la VRSCA<\/a>, la selle est rabaiss\u00e9e et restyl\u00e9e, les repose-pieds sont repositionn\u00e9s et les commandes sont centralis\u00e9es \u00e0 l\u2019instar de <a href=\"http:\/\/www.leblogmoto.com\/2005\/08\/harleydavidson__2.html\">la Street-Rod<\/a>. De cette derni\u00e8re, la Night-Rod reprend aussi la ligne d\u2019\u00e9chappement qui \u00e9met un son toujours aussi \u00e9vocateur et, comme \u00e0 pr\u00e9sent toutes les VRSC, elle h\u00e9rite aussi des freins Brembo. Elle profite \u00e9galement du petit saute-vent que l\u2019on pouvait trouver dans la liste des options de la d\u00e9funte VRSCB. Enfin, si vous vous sentiez une \u00e2me de bad boy, il va falloir attendre un peu car les prix pour la France n&rsquo;ont pas encore \u00e9t\u00e9 annonc\u00e9&#8230; <\/p>\n<p><a href=\"http:\/\/clabedan.typepad.com\/.shared\/image.html?\/photos\/uncategorized\/vrscd_2.JPG\"><img loading=\"lazy\" decoding=\"async\" width=\"470\" height=\"298\"  src=\"http:\/\/www.leblogmoto.com\/images\/vrscd_2.JPG\" alt=\"Vrscd_2\" style=\"margin: 0px 5px 5px 0px;float: left\" \/><\/a><a href=\"http:\/\/blogs.thesocialmedia.com\/leblogmoto\/files\/2012\/07\/vrscd_1_1.jpg\"><img loading=\"lazy\" decoding=\"async\" width=\"470\" height=\"295\"  src=\"http:\/\/www.leblogmoto.com\/images\/vrscd_1_1.JPG\" alt=\"Vrscd_1_1\" style=\"margin: 0px 5px 5px 0px;float: left\" \/><\/a><\/p>\n","protected":false},"excerpt":{"rendered":"<p>La toute derni\u00e8re VRSCD remplace la V-Rod VRSCB. Elle se positionne donc comme la nouvelle Harley \u2018dark\u2019 pour bad boys. D\u2019ailleurs, elle porte le petit surnom de Night-Rod puisqu\u2019elle ne commet ses crimes qu\u2019une fois la nuit tomb\u00e9e. Comme le chante notre Johnny Hallyday national \u00ab Noir c\u2019est noir ! il n\u2019y plus d\u2019espoir\u2026 \u00bb, [&hellip;]<\/p>\n","protected":false},"author":338,"featured_media":0,"comment_status":"open","ping_status":"open","sticky":false,"template":"","format":"standard","meta":{"footnotes":""},"categories":[29],"tags":[],"class_list":["post-2492","post","type-post","status-publish","format-standard","hentry","category-harley-davidson"],"yoast_head":"<!-- This site is optimized with the Yoast SEO plugin v26.0 - https:\/\/yoast.com\/wordpress\/plugins\/seo\/ -->\n<title>Harley-Davidson V-Rod VRSCD - leblogmoto.com<\/title>\n<meta name=\"robots\" content=\"index, follow, max-snippet:-1, max-image-preview:large, max-video-preview:-1\" \/>\n<link rel=\"canonical\" href=\"https:\/\/blogs.thesocialmedia.com\/leblogmoto\/2005\/08\/22\/harleydavidson-3\/\" \/>\n<meta name=\"twitter:card\" content=\"summary_large_image\" \/>\n<meta name=\"twitter:title\" content=\"Harley-Davidson V-Rod VRSCD - leblogmoto.com\" \/>\n<meta name=\"twitter:description\" content=\"La toute derni\u00e8re VRSCD remplace la V-Rod VRSCB. Elle se positionne donc comme la nouvelle Harley \u2018dark\u2019 pour bad boys. D\u2019ailleurs, elle porte le petit surnom de Night-Rod puisqu\u2019elle ne commet ses crimes qu\u2019une fois la nuit tomb\u00e9e. Comme le chante notre Johnny Hallyday national \u00ab Noir c\u2019est noir ! il n\u2019y plus d\u2019espoir\u2026 \u00bb, [&hellip;]\" \/>\n<meta name=\"twitter:image\" content=\"http:\/\/www.leblogmoto.com\/images\/vrscd_11.JPG\" \/>\n<meta name=\"twitter:label1\" content=\"\u00c9crit par\" \/>\n\t<meta name=\"twitter:data1\" content=\"vincent vaillant\" \/>\n\t<meta name=\"twitter:label2\" content=\"Dur\u00e9e de lecture estim\u00e9e\" \/>\n\t<meta name=\"twitter:data2\" content=\"1 minute\" \/>\n<script type=\"application\/ld+json\" class=\"yoast-schema-graph\">{\"@context\":\"https:\/\/schema.org\",\"@graph\":[{\"@type\":\"WebPage\",\"@id\":\"https:\/\/blogs.thesocialmedia.com\/leblogmoto\/2005\/08\/22\/harleydavidson-3\/\",\"url\":\"https:\/\/blogs.thesocialmedia.com\/leblogmoto\/2005\/08\/22\/harleydavidson-3\/\",\"name\":\"Harley-Davidson V-Rod VRSCD - leblogmoto.com\",\"isPartOf\":{\"@id\":\"https:\/\/blogs.thesocialmedia.com\/leblogmoto\/#website\"},\"primaryImageOfPage\":{\"@id\":\"https:\/\/blogs.thesocialmedia.com\/leblogmoto\/2005\/08\/22\/harleydavidson-3\/#primaryimage\"},\"image\":{\"@id\":\"https:\/\/blogs.thesocialmedia.com\/leblogmoto\/2005\/08\/22\/harleydavidson-3\/#primaryimage\"},\"thumbnailUrl\":\"http:\/\/www.leblogmoto.com\/images\/vrscd_11.JPG\",\"datePublished\":\"2005-08-22T21:48:56+00:00\",\"dateModified\":\"2012-07-11T13:38:34+00:00\",\"author\":{\"@id\":\"https:\/\/blogs.thesocialmedia.com\/leblogmoto\/#\/schema\/person\/80d2a078dbdb8b60abbd76bae6011f19\"},\"breadcrumb\":{\"@id\":\"https:\/\/blogs.thesocialmedia.com\/leblogmoto\/2005\/08\/22\/harleydavidson-3\/#breadcrumb\"},\"inLanguage\":\"fr-FR\",\"potentialAction\":[{\"@type\":\"ReadAction\",\"target\":[\"https:\/\/blogs.thesocialmedia.com\/leblogmoto\/2005\/08\/22\/harleydavidson-3\/\"]}]},{\"@type\":\"ImageObject\",\"inLanguage\":\"fr-FR\",\"@id\":\"https:\/\/blogs.thesocialmedia.com\/leblogmoto\/2005\/08\/22\/harleydavidson-3\/#primaryimage\",\"url\":\"http:\/\/www.leblogmoto.com\/images\/vrscd_11.JPG\",\"contentUrl\":\"http:\/\/www.leblogmoto.com\/images\/vrscd_11.JPG\"},{\"@type\":\"BreadcrumbList\",\"@id\":\"https:\/\/blogs.thesocialmedia.com\/leblogmoto\/2005\/08\/22\/harleydavidson-3\/#breadcrumb\",\"itemListElement\":[{\"@type\":\"ListItem\",\"position\":1,\"name\":\"Accueil\",\"item\":\"https:\/\/blogs.thesocialmedia.com\/leblogmoto\/\"},{\"@type\":\"ListItem\",\"position\":2,\"name\":\"Harley-Davidson V-Rod VRSCD\"}]},{\"@type\":\"WebSite\",\"@id\":\"https:\/\/blogs.thesocialmedia.com\/leblogmoto\/#website\",\"url\":\"https:\/\/blogs.thesocialmedia.com\/leblogmoto\/\",\"name\":\"leblogmoto\",\"description\":\"Toute l&#039;actualit\u00e9 des 2 roues\",\"potentialAction\":[{\"@type\":\"SearchAction\",\"target\":{\"@type\":\"EntryPoint\",\"urlTemplate\":\"https:\/\/blogs.thesocialmedia.com\/leblogmoto\/?s={search_term_string}\"},\"query-input\":{\"@type\":\"PropertyValueSpecification\",\"valueRequired\":true,\"valueName\":\"search_term_string\"}}],\"inLanguage\":\"fr-FR\"},{\"@type\":\"Person\",\"@id\":\"https:\/\/blogs.thesocialmedia.com\/leblogmoto\/#\/schema\/person\/80d2a078dbdb8b60abbd76bae6011f19\",\"name\":\"vincent vaillant\",\"image\":{\"@type\":\"ImageObject\",\"inLanguage\":\"fr-FR\",\"@id\":\"https:\/\/blogs.thesocialmedia.com\/leblogmoto\/#\/schema\/person\/image\/\",\"url\":\"https:\/\/secure.gravatar.com\/avatar\/?s=96&d=mm&r=g\",\"contentUrl\":\"https:\/\/secure.gravatar.com\/avatar\/?s=96&d=mm&r=g\",\"caption\":\"vincent vaillant\"},\"url\":\"https:\/\/blogs.thesocialmedia.com\/leblogmoto\/author\/vincent-vaillant\/\"}]}<\/script>\n<!-- \/ Yoast SEO plugin. -->","yoast_head_json":{"title":"Harley-Davidson V-Rod VRSCD - leblogmoto.com","robots":{"index":"index","follow":"follow","max-snippet":"max-snippet:-1","max-image-preview":"max-image-preview:large","max-video-preview":"max-video-preview:-1"},"canonical":"https:\/\/blogs.thesocialmedia.com\/leblogmoto\/2005\/08\/22\/harleydavidson-3\/","twitter_card":"summary_large_image","twitter_title":"Harley-Davidson V-Rod VRSCD - leblogmoto.com","twitter_description":"La toute derni\u00e8re VRSCD remplace la V-Rod VRSCB. Elle se positionne donc comme la nouvelle Harley \u2018dark\u2019 pour bad boys. D\u2019ailleurs, elle porte le petit surnom de Night-Rod puisqu\u2019elle ne commet ses crimes qu\u2019une fois la nuit tomb\u00e9e. Comme le chante notre Johnny Hallyday national \u00ab Noir c\u2019est noir ! il n\u2019y plus d\u2019espoir\u2026 \u00bb, [&hellip;]","twitter_image":"http:\/\/www.leblogmoto.com\/images\/vrscd_11.JPG","twitter_misc":{"\u00c9crit par":"vincent vaillant","Dur\u00e9e de lecture estim\u00e9e":"1 minute"},"schema":{"@context":"https:\/\/schema.org","@graph":[{"@type":"WebPage","@id":"https:\/\/blogs.thesocialmedia.com\/leblogmoto\/2005\/08\/22\/harleydavidson-3\/","url":"https:\/\/blogs.thesocialmedia.com\/leblogmoto\/2005\/08\/22\/harleydavidson-3\/","name":"Harley-Davidson V-Rod VRSCD - leblogmoto.com","isPartOf":{"@id":"https:\/\/blogs.thesocialmedia.com\/leblogmoto\/#website"},"primaryImageOfPage":{"@id":"https:\/\/blogs.thesocialmedia.com\/leblogmoto\/2005\/08\/22\/harleydavidson-3\/#primaryimage"},"image":{"@id":"https:\/\/blogs.thesocialmedia.com\/leblogmoto\/2005\/08\/22\/harleydavidson-3\/#primaryimage"},"thumbnailUrl":"http:\/\/www.leblogmoto.com\/images\/vrscd_11.JPG","datePublished":"2005-08-22T21:48:56+00:00","dateModified":"2012-07-11T13:38:34+00:00","author":{"@id":"https:\/\/blogs.thesocialmedia.com\/leblogmoto\/#\/schema\/person\/80d2a078dbdb8b60abbd76bae6011f19"},"breadcrumb":{"@id":"https:\/\/blogs.thesocialmedia.com\/leblogmoto\/2005\/08\/22\/harleydavidson-3\/#breadcrumb"},"inLanguage":"fr-FR","potentialAction":[{"@type":"ReadAction","target":["https:\/\/blogs.thesocialmedia.com\/leblogmoto\/2005\/08\/22\/harleydavidson-3\/"]}]},{"@type":"ImageObject","inLanguage":"fr-FR","@id":"https:\/\/blogs.thesocialmedia.com\/leblogmoto\/2005\/08\/22\/harleydavidson-3\/#primaryimage","url":"http:\/\/www.leblogmoto.com\/images\/vrscd_11.JPG","contentUrl":"http:\/\/www.leblogmoto.com\/images\/vrscd_11.JPG"},{"@type":"BreadcrumbList","@id":"https:\/\/blogs.thesocialmedia.com\/leblogmoto\/2005\/08\/22\/harleydavidson-3\/#breadcrumb","itemListElement":[{"@type":"ListItem","position":1,"name":"Accueil","item":"https:\/\/blogs.thesocialmedia.com\/leblogmoto\/"},{"@type":"ListItem","position":2,"name":"Harley-Davidson V-Rod VRSCD"}]},{"@type":"WebSite","@id":"https:\/\/blogs.thesocialmedia.com\/leblogmoto\/#website","url":"https:\/\/blogs.thesocialmedia.com\/leblogmoto\/","name":"leblogmoto","description":"Toute l&#039;actualit\u00e9 des 2 roues","potentialAction":[{"@type":"SearchAction","target":{"@type":"EntryPoint","urlTemplate":"https:\/\/blogs.thesocialmedia.com\/leblogmoto\/?s={search_term_string}"},"query-input":{"@type":"PropertyValueSpecification","valueRequired":true,"valueName":"search_term_string"}}],"inLanguage":"fr-FR"},{"@type":"Person","@id":"https:\/\/blogs.thesocialmedia.com\/leblogmoto\/#\/schema\/person\/80d2a078dbdb8b60abbd76bae6011f19","name":"vincent vaillant","image":{"@type":"ImageObject","inLanguage":"fr-FR","@id":"https:\/\/blogs.thesocialmedia.com\/leblogmoto\/#\/schema\/person\/image\/","url":"https:\/\/secure.gravatar.com\/avatar\/?s=96&d=mm&r=g","contentUrl":"https:\/\/secure.gravatar.com\/avatar\/?s=96&d=mm&r=g","caption":"vincent vaillant"},"url":"https:\/\/blogs.thesocialmedia.com\/leblogmoto\/author\/vincent-vaillant\/"}]}},"_links":{"self":[{"href":"https:\/\/blogs.thesocialmedia.com\/leblogmoto\/wp-json\/wp\/v2\/posts\/2492","targetHints":{"allow":["GET"]}}],"collection":[{"href":"https:\/\/blogs.thesocialmedia.com\/leblogmoto\/wp-json\/wp\/v2\/posts"}],"about":[{"href":"https:\/\/blogs.thesocialmedia.com\/leblogmoto\/wp-json\/wp\/v2\/types\/post"}],"author":[{"embeddable":true,"href":"https:\/\/blogs.thesocialmedia.com\/leblogmoto\/wp-json\/wp\/v2\/users\/338"}],"replies":[{"embeddable":true,"href":"https:\/\/blogs.thesocialmedia.com\/leblogmoto\/wp-json\/wp\/v2\/comments?post=2492"}],"version-history":[{"count":2,"href":"https:\/\/blogs.thesocialmedia.com\/leblogmoto\/wp-json\/wp\/v2\/posts\/2492\/revisions"}],"predecessor-version":[{"id":5532,"href":"https:\/\/blogs.thesocialmedia.com\/leblogmoto\/wp-json\/wp\/v2\/posts\/2492\/revisions\/5532"}],"wp:attachment":[{"href":"https:\/\/blogs.thesocialmedia.com\/leblogmoto\/wp-json\/wp\/v2\/media?parent=2492"}],"wp:term":[{"taxonomy":"category","embeddable":true,"href":"https:\/\/blogs.thesocialmedia.com\/leblogmoto\/wp-json\/wp\/v2\/categories?post=2492"},{"taxonomy":"post_tag","embeddable":true,"href":"https:\/\/blogs.thesocialmedia.com\/leblogmoto\/wp-json\/wp\/v2\/tags?post=2492"}],"curies":[{"name":"wp","href":"https:\/\/api.w.org\/{rel}","templated":true}]}}