{"id":2496,"date":"2005-08-20T18:56:51","date_gmt":"2005-08-20T18:56:51","guid":{"rendered":"http:\/\/blogs.thesocialmedia.com\/leblogmoto\/2005\/08\/20\/embrio-moto-col\/"},"modified":"2012-07-11T13:38:25","modified_gmt":"2012-07-11T13:38:25","slug":"embrio-moto-col","status":"publish","type":"post","link":"https:\/\/blogs.thesocialmedia.com\/leblogmoto\/2005\/08\/20\/embrio-moto-col\/","title":{"rendered":"Embrio : moto \u00e9cologique \u00e0 1 roue"},"content":{"rendered":"<p><a href=\"http:\/\/blogs.thesocialmedia.com\/leblogmoto\/files\/2012\/07\/embrio_1.jpg\"><img loading=\"lazy\" decoding=\"async\" width=\"250\" height=\"335\"  src=\"http:\/\/www.leblogmoto.com\/images\/embrio_1.jpg\" alt=\"Embrio_1\" style=\"margin: 0px 5px 5px 0px;float: left\" \/><\/a>Con\u00e7u par Bombardier Produits R\u00e9cr\u00e9atifs, entreprise multicartes qui con\u00e7oit des v\u00e9hicules utilitaires, des moteurs, des karts, des motoneiges, des VTT, des jet skis, des bateaux, etc\u2026, le concept Embrio n\u2019est pas nouveau car il date de 2003, mais je le d\u00e9couvre aujourd\u2019hui avec un grand plaisir. Et puis, comme il est tr\u00e8s en avance sur son temps et qu\u2019il a gagn\u00e9 le Prix Or du Prix annuels de design \u2013 2003 d\u00e9livr\u00e9 par l&rsquo;Industrial Design Society of America en association avec le magazine Business Week, cela m\u00e9ritait bien un article dans le BlogMoto.<br \/>L\u2019Embrio est un concept futuriste de v\u00e9hicule urbain de loisir destin\u00e9 aux 18-45 ans de l\u2019an 2025. Son design est minimaliste avec des lignes \u00e9pur\u00e9es et \u00e9pousant parfaitement la physionomie de son conducteur. Comme vous pouvez le remarquer, il n\u2019a qu\u2019une seule grosse roue mais il dispose \u00e9galement de roues \u00e0 l\u2019avant du v\u00e9hicule qui se d\u00e9ploient au sol comme le train d&rsquo;atterrissage d&rsquo;un avion afin d&rsquo;augmenter la stabilit\u00e9 longitudinale. La position de conduite est similaire \u00e0 celle d\u2019une moto, ce qui explique sa pr\u00e9sence dans ce blog, tandis que l\u2019\u00e9quilibre de la machine et de son pilote est assur\u00e9e par un ing\u00e9nieux syst\u00e8me gyroscopique comportant de nombreux capteurs. De plus, le concept Embrio est \u00e9quip\u00e9 d\u2019un syst\u00e8me de freinage hautes performances, d\u2019une suspension active, d\u2019un syst\u00e8me de vision nocturne et d\u2019une assistance robotis\u00e9e.<\/p>\n<p><a href=\"http:\/\/blogs.thesocialmedia.com\/leblogmoto\/files\/2012\/07\/embrio_2.jpg\"><img loading=\"lazy\" decoding=\"async\" width=\"250\" height=\"312\"  src=\"http:\/\/www.leblogmoto.com\/images\/embrio_2.jpg\" alt=\"Embrio_2\" style=\"margin: 0px 5px 5px 0px;float: left\" \/><\/a>Pour avancer, le conducteur n&rsquo;a qu&rsquo;\u00e0 appuyer sur la d\u00e9tente de la poign\u00e9e gauche du guidon, le train de stabilisation se replie lorsque la vitesse atteint 20 km\/h. Pour tourner, le conducteur se penche dans la direction d\u00e9sir\u00e9e et le frein est actionn\u00e9 par la d\u00e9tente de la poign\u00e9e droite du guidon. Lorsque la vitesse repasse sous la barre des 20 km\/h, le syst\u00e8me de stabilisation se red\u00e9ploiera automatiquement. M\u00eame sans le train de stabilisation, l&rsquo;Embrio est parfaitement en \u00e9quilibre \u00e0 l&rsquo;arr\u00eat gr\u00e2ce au gyroscope. Cette technologie est d\u00e9j\u00e0 commercialis\u00e9e en s\u00e9rie sur <a href=\"http:\/\/www.leblogmoto.com\/2005\/08\/segway_centaur_.html\">le Segway HT<\/a>.<br \/>Mais, \u00e0 l\u2019inverse de ce dernier, l\u2019Embrio innove aussi par sa motorisation puisqu\u2019il est dot\u00e9 d\u2019une pile \u00e0 hydrog\u00e8ne qui n\u2019a aucun mal \u00e0 mouvoir ce petit monocycle de 64 kg.<br \/>L\u2019Embrio est donc un v\u00e9hicule \u00e9cologique et d\u2019avenir en ces temps d\u2019inflation p\u00e9troli\u00e8re et pourrait m\u00eame procurer quelques sensations sympathiques \u00e0 son guidon sans avoir recours \u00e0 la cavalerie d\u2019une <a href=\"http:\/\/www.leblogmoto.com\/2005\/06\/yamaha_yzf_1000.html\">R1<\/a> par exemple.<\/p>\n<p><a href=\"http:\/\/clabedan.typepad.com\/.shared\/image.html?\/photos\/uncategorized\/embrio_3_4.jpg\"><img loading=\"lazy\" decoding=\"async\" width=\"470\" height=\"360\"  src=\"http:\/\/www.leblogmoto.com\/images\/embrio_3_4.jpg\" alt=\"Embrio_3_4\" style=\"margin: 0px 5px 5px 0px;float: left\" \/><\/a><span style=\"text-decoration: underline\"><br \/><a href=\"http:\/\/blogs.thesocialmedia.com\/leblogmoto\/files\/2012\/07\/embrio_3_3.jpg\"><\/a><a href=\"http:\/\/clabedan.typepad.com\/.shared\/image.html?\/photos\/uncategorized\/embrio_4_1.jpg\"><img loading=\"lazy\" decoding=\"async\" width=\"470\" height=\"345\"  src=\"http:\/\/www.leblogmoto.com\/images\/embrio_4_1.jpg\" alt=\"Embrio_4_1\" style=\"margin: 0px 5px 5px 0px;float: left\" \/><\/a><br \/><\/span><\/p>\n","protected":false},"excerpt":{"rendered":"<p>Con\u00e7u par Bombardier Produits R\u00e9cr\u00e9atifs, entreprise multicartes qui con\u00e7oit des v\u00e9hicules utilitaires, des moteurs, des karts, des motoneiges, des VTT, des jet skis, des bateaux, etc\u2026, le concept Embrio n\u2019est pas nouveau car il date de 2003, mais je le d\u00e9couvre aujourd\u2019hui avec un grand plaisir. Et puis, comme il est tr\u00e8s en avance sur [&hellip;]<\/p>\n","protected":false},"author":338,"featured_media":0,"comment_status":"open","ping_status":"open","sticky":false,"template":"","format":"standard","meta":{"footnotes":""},"categories":[33,17],"tags":[],"class_list":["post-2496","post","type-post","status-publish","format-standard","hentry","category-concept-bike","category-divers"],"yoast_head":"<!-- This site is optimized with the Yoast SEO plugin v26.0 - https:\/\/yoast.com\/wordpress\/plugins\/seo\/ -->\n<title>Embrio : moto \u00e9cologique \u00e0 1 roue - leblogmoto.com<\/title>\n<meta name=\"robots\" content=\"index, follow, max-snippet:-1, max-image-preview:large, max-video-preview:-1\" \/>\n<link rel=\"canonical\" href=\"https:\/\/blogs.thesocialmedia.com\/leblogmoto\/2005\/08\/20\/embrio-moto-col\/\" \/>\n<meta name=\"twitter:card\" content=\"summary_large_image\" \/>\n<meta name=\"twitter:title\" content=\"Embrio : moto \u00e9cologique \u00e0 1 roue - leblogmoto.com\" \/>\n<meta name=\"twitter:description\" content=\"Con\u00e7u par Bombardier Produits R\u00e9cr\u00e9atifs, entreprise multicartes qui con\u00e7oit des v\u00e9hicules utilitaires, des moteurs, des karts, des motoneiges, des VTT, des jet skis, des bateaux, etc\u2026, le concept Embrio n\u2019est pas nouveau car il date de 2003, mais je le d\u00e9couvre aujourd\u2019hui avec un grand plaisir. Et puis, comme il est tr\u00e8s en avance sur [&hellip;]\" \/>\n<meta name=\"twitter:image\" content=\"http:\/\/www.leblogmoto.com\/images\/embrio_1.jpg\" \/>\n<meta name=\"twitter:label1\" content=\"\u00c9crit par\" \/>\n\t<meta name=\"twitter:data1\" content=\"vincent vaillant\" \/>\n\t<meta name=\"twitter:label2\" content=\"Dur\u00e9e de lecture estim\u00e9e\" \/>\n\t<meta name=\"twitter:data2\" content=\"2 minutes\" \/>\n<script type=\"application\/ld+json\" class=\"yoast-schema-graph\">{\"@context\":\"https:\/\/schema.org\",\"@graph\":[{\"@type\":\"WebPage\",\"@id\":\"https:\/\/blogs.thesocialmedia.com\/leblogmoto\/2005\/08\/20\/embrio-moto-col\/\",\"url\":\"https:\/\/blogs.thesocialmedia.com\/leblogmoto\/2005\/08\/20\/embrio-moto-col\/\",\"name\":\"Embrio : moto \u00e9cologique \u00e0 1 roue - leblogmoto.com\",\"isPartOf\":{\"@id\":\"https:\/\/blogs.thesocialmedia.com\/leblogmoto\/#website\"},\"primaryImageOfPage\":{\"@id\":\"https:\/\/blogs.thesocialmedia.com\/leblogmoto\/2005\/08\/20\/embrio-moto-col\/#primaryimage\"},\"image\":{\"@id\":\"https:\/\/blogs.thesocialmedia.com\/leblogmoto\/2005\/08\/20\/embrio-moto-col\/#primaryimage\"},\"thumbnailUrl\":\"http:\/\/www.leblogmoto.com\/images\/embrio_1.jpg\",\"datePublished\":\"2005-08-20T18:56:51+00:00\",\"dateModified\":\"2012-07-11T13:38:25+00:00\",\"author\":{\"@id\":\"https:\/\/blogs.thesocialmedia.com\/leblogmoto\/#\/schema\/person\/80d2a078dbdb8b60abbd76bae6011f19\"},\"breadcrumb\":{\"@id\":\"https:\/\/blogs.thesocialmedia.com\/leblogmoto\/2005\/08\/20\/embrio-moto-col\/#breadcrumb\"},\"inLanguage\":\"fr-FR\",\"potentialAction\":[{\"@type\":\"ReadAction\",\"target\":[\"https:\/\/blogs.thesocialmedia.com\/leblogmoto\/2005\/08\/20\/embrio-moto-col\/\"]}]},{\"@type\":\"ImageObject\",\"inLanguage\":\"fr-FR\",\"@id\":\"https:\/\/blogs.thesocialmedia.com\/leblogmoto\/2005\/08\/20\/embrio-moto-col\/#primaryimage\",\"url\":\"http:\/\/www.leblogmoto.com\/images\/embrio_1.jpg\",\"contentUrl\":\"http:\/\/www.leblogmoto.com\/images\/embrio_1.jpg\"},{\"@type\":\"BreadcrumbList\",\"@id\":\"https:\/\/blogs.thesocialmedia.com\/leblogmoto\/2005\/08\/20\/embrio-moto-col\/#breadcrumb\",\"itemListElement\":[{\"@type\":\"ListItem\",\"position\":1,\"name\":\"Accueil\",\"item\":\"https:\/\/blogs.thesocialmedia.com\/leblogmoto\/\"},{\"@type\":\"ListItem\",\"position\":2,\"name\":\"Embrio : moto \u00e9cologique \u00e0 1 roue\"}]},{\"@type\":\"WebSite\",\"@id\":\"https:\/\/blogs.thesocialmedia.com\/leblogmoto\/#website\",\"url\":\"https:\/\/blogs.thesocialmedia.com\/leblogmoto\/\",\"name\":\"leblogmoto\",\"description\":\"Toute l&#039;actualit\u00e9 des 2 roues\",\"potentialAction\":[{\"@type\":\"SearchAction\",\"target\":{\"@type\":\"EntryPoint\",\"urlTemplate\":\"https:\/\/blogs.thesocialmedia.com\/leblogmoto\/?s={search_term_string}\"},\"query-input\":{\"@type\":\"PropertyValueSpecification\",\"valueRequired\":true,\"valueName\":\"search_term_string\"}}],\"inLanguage\":\"fr-FR\"},{\"@type\":\"Person\",\"@id\":\"https:\/\/blogs.thesocialmedia.com\/leblogmoto\/#\/schema\/person\/80d2a078dbdb8b60abbd76bae6011f19\",\"name\":\"vincent vaillant\",\"image\":{\"@type\":\"ImageObject\",\"inLanguage\":\"fr-FR\",\"@id\":\"https:\/\/blogs.thesocialmedia.com\/leblogmoto\/#\/schema\/person\/image\/\",\"url\":\"https:\/\/secure.gravatar.com\/avatar\/?s=96&d=mm&r=g\",\"contentUrl\":\"https:\/\/secure.gravatar.com\/avatar\/?s=96&d=mm&r=g\",\"caption\":\"vincent vaillant\"},\"url\":\"https:\/\/blogs.thesocialmedia.com\/leblogmoto\/author\/vincent-vaillant\/\"}]}<\/script>\n<!-- \/ Yoast SEO plugin. -->","yoast_head_json":{"title":"Embrio : moto \u00e9cologique \u00e0 1 roue - leblogmoto.com","robots":{"index":"index","follow":"follow","max-snippet":"max-snippet:-1","max-image-preview":"max-image-preview:large","max-video-preview":"max-video-preview:-1"},"canonical":"https:\/\/blogs.thesocialmedia.com\/leblogmoto\/2005\/08\/20\/embrio-moto-col\/","twitter_card":"summary_large_image","twitter_title":"Embrio : moto \u00e9cologique \u00e0 1 roue - leblogmoto.com","twitter_description":"Con\u00e7u par Bombardier Produits R\u00e9cr\u00e9atifs, entreprise multicartes qui con\u00e7oit des v\u00e9hicules utilitaires, des moteurs, des karts, des motoneiges, des VTT, des jet skis, des bateaux, etc\u2026, le concept Embrio n\u2019est pas nouveau car il date de 2003, mais je le d\u00e9couvre aujourd\u2019hui avec un grand plaisir. Et puis, comme il est tr\u00e8s en avance sur [&hellip;]","twitter_image":"http:\/\/www.leblogmoto.com\/images\/embrio_1.jpg","twitter_misc":{"\u00c9crit par":"vincent vaillant","Dur\u00e9e de lecture estim\u00e9e":"2 minutes"},"schema":{"@context":"https:\/\/schema.org","@graph":[{"@type":"WebPage","@id":"https:\/\/blogs.thesocialmedia.com\/leblogmoto\/2005\/08\/20\/embrio-moto-col\/","url":"https:\/\/blogs.thesocialmedia.com\/leblogmoto\/2005\/08\/20\/embrio-moto-col\/","name":"Embrio : moto \u00e9cologique \u00e0 1 roue - leblogmoto.com","isPartOf":{"@id":"https:\/\/blogs.thesocialmedia.com\/leblogmoto\/#website"},"primaryImageOfPage":{"@id":"https:\/\/blogs.thesocialmedia.com\/leblogmoto\/2005\/08\/20\/embrio-moto-col\/#primaryimage"},"image":{"@id":"https:\/\/blogs.thesocialmedia.com\/leblogmoto\/2005\/08\/20\/embrio-moto-col\/#primaryimage"},"thumbnailUrl":"http:\/\/www.leblogmoto.com\/images\/embrio_1.jpg","datePublished":"2005-08-20T18:56:51+00:00","dateModified":"2012-07-11T13:38:25+00:00","author":{"@id":"https:\/\/blogs.thesocialmedia.com\/leblogmoto\/#\/schema\/person\/80d2a078dbdb8b60abbd76bae6011f19"},"breadcrumb":{"@id":"https:\/\/blogs.thesocialmedia.com\/leblogmoto\/2005\/08\/20\/embrio-moto-col\/#breadcrumb"},"inLanguage":"fr-FR","potentialAction":[{"@type":"ReadAction","target":["https:\/\/blogs.thesocialmedia.com\/leblogmoto\/2005\/08\/20\/embrio-moto-col\/"]}]},{"@type":"ImageObject","inLanguage":"fr-FR","@id":"https:\/\/blogs.thesocialmedia.com\/leblogmoto\/2005\/08\/20\/embrio-moto-col\/#primaryimage","url":"http:\/\/www.leblogmoto.com\/images\/embrio_1.jpg","contentUrl":"http:\/\/www.leblogmoto.com\/images\/embrio_1.jpg"},{"@type":"BreadcrumbList","@id":"https:\/\/blogs.thesocialmedia.com\/leblogmoto\/2005\/08\/20\/embrio-moto-col\/#breadcrumb","itemListElement":[{"@type":"ListItem","position":1,"name":"Accueil","item":"https:\/\/blogs.thesocialmedia.com\/leblogmoto\/"},{"@type":"ListItem","position":2,"name":"Embrio : moto \u00e9cologique \u00e0 1 roue"}]},{"@type":"WebSite","@id":"https:\/\/blogs.thesocialmedia.com\/leblogmoto\/#website","url":"https:\/\/blogs.thesocialmedia.com\/leblogmoto\/","name":"leblogmoto","description":"Toute l&#039;actualit\u00e9 des 2 roues","potentialAction":[{"@type":"SearchAction","target":{"@type":"EntryPoint","urlTemplate":"https:\/\/blogs.thesocialmedia.com\/leblogmoto\/?s={search_term_string}"},"query-input":{"@type":"PropertyValueSpecification","valueRequired":true,"valueName":"search_term_string"}}],"inLanguage":"fr-FR"},{"@type":"Person","@id":"https:\/\/blogs.thesocialmedia.com\/leblogmoto\/#\/schema\/person\/80d2a078dbdb8b60abbd76bae6011f19","name":"vincent vaillant","image":{"@type":"ImageObject","inLanguage":"fr-FR","@id":"https:\/\/blogs.thesocialmedia.com\/leblogmoto\/#\/schema\/person\/image\/","url":"https:\/\/secure.gravatar.com\/avatar\/?s=96&d=mm&r=g","contentUrl":"https:\/\/secure.gravatar.com\/avatar\/?s=96&d=mm&r=g","caption":"vincent vaillant"},"url":"https:\/\/blogs.thesocialmedia.com\/leblogmoto\/author\/vincent-vaillant\/"}]}},"_links":{"self":[{"href":"https:\/\/blogs.thesocialmedia.com\/leblogmoto\/wp-json\/wp\/v2\/posts\/2496","targetHints":{"allow":["GET"]}}],"collection":[{"href":"https:\/\/blogs.thesocialmedia.com\/leblogmoto\/wp-json\/wp\/v2\/posts"}],"about":[{"href":"https:\/\/blogs.thesocialmedia.com\/leblogmoto\/wp-json\/wp\/v2\/types\/post"}],"author":[{"embeddable":true,"href":"https:\/\/blogs.thesocialmedia.com\/leblogmoto\/wp-json\/wp\/v2\/users\/338"}],"replies":[{"embeddable":true,"href":"https:\/\/blogs.thesocialmedia.com\/leblogmoto\/wp-json\/wp\/v2\/comments?post=2496"}],"version-history":[{"count":2,"href":"https:\/\/blogs.thesocialmedia.com\/leblogmoto\/wp-json\/wp\/v2\/posts\/2496\/revisions"}],"predecessor-version":[{"id":5522,"href":"https:\/\/blogs.thesocialmedia.com\/leblogmoto\/wp-json\/wp\/v2\/posts\/2496\/revisions\/5522"}],"wp:attachment":[{"href":"https:\/\/blogs.thesocialmedia.com\/leblogmoto\/wp-json\/wp\/v2\/media?parent=2496"}],"wp:term":[{"taxonomy":"category","embeddable":true,"href":"https:\/\/blogs.thesocialmedia.com\/leblogmoto\/wp-json\/wp\/v2\/categories?post=2496"},{"taxonomy":"post_tag","embeddable":true,"href":"https:\/\/blogs.thesocialmedia.com\/leblogmoto\/wp-json\/wp\/v2\/tags?post=2496"}],"curies":[{"name":"wp","href":"https:\/\/api.w.org\/{rel}","templated":true}]}}