{"id":2498,"date":"2005-08-16T21:41:07","date_gmt":"2005-08-16T21:41:07","guid":{"rendered":"http:\/\/blogs.thesocialmedia.com\/leblogmoto\/2005\/08\/16\/ktm-se-retire-d\/"},"modified":"2012-07-11T13:38:21","modified_gmt":"2012-07-11T13:38:21","slug":"ktm-se-retire-d","status":"publish","type":"post","link":"https:\/\/blogs.thesocialmedia.com\/leblogmoto\/2005\/08\/16\/ktm-se-retire-d\/","title":{"rendered":"KTM se retire du championnat MotoGP"},"content":{"rendered":"<p><a href=\"http:\/\/blogs.thesocialmedia.com\/leblogmoto\/files\/2012\/07\/ktm_logo.gif\"><img decoding=\"async\"  src=\"http:\/\/www.leblogmoto.com\/images\/ktm_logo.gif\" alt=\"Ktm_logo\" style=\"margin: 0px 5px 5px 0px;float: left;width: 144px;height: 144px\" \/><\/a>Le fabricant autrichien de moto KTM a annonc\u00e9 le 12\/08\/05, par l\u2019interm\u00e9diaire de son Directeur g\u00e9n\u00e9ral Stefan Pierer, sa volont\u00e9 de ne plus participer au championnat <a href=\"http:\/\/www.leblogmoto.com\/grand_prix\/index.html\">MotoGP<\/a> au-del\u00e0 de la saison 2006 mais restera pr\u00e9sent dans les cat\u00e9gories 125 et 250 cm3.<br \/>Aujourd\u2019hui fournisseur du Team Roberts en MotoGP, cette d\u00e9cision d\u2019arr\u00eater le moteur KTM 990 cm3 provient du prochain changement de la r\u00e9glementation en MotoGP puisque cette cat\u00e9gorie passera \u00e0 une motorisation 800 cm3 d\u00e8s la saison 2007. Autre cause principale, les co\u00fbts en R&amp;D sont devenus trop importants pour KTM qui n\u2019a pas le pouvoir financier des marques japonaises ou italiennes. Souhaitons leur bonne chance en 125 et 250 cm3 !<\/p>\n","protected":false},"excerpt":{"rendered":"<p>Le fabricant autrichien de moto KTM a annonc\u00e9 le 12\/08\/05, par l\u2019interm\u00e9diaire de son Directeur g\u00e9n\u00e9ral Stefan Pierer, sa volont\u00e9 de ne plus participer au championnat MotoGP au-del\u00e0 de la saison 2006 mais restera pr\u00e9sent dans les cat\u00e9gories 125 et 250 cm3.Aujourd\u2019hui fournisseur du Team Roberts en MotoGP, cette d\u00e9cision d\u2019arr\u00eater le moteur KTM 990 [&hellip;]<\/p>\n","protected":false},"author":338,"featured_media":0,"comment_status":"open","ping_status":"open","sticky":false,"template":"","format":"standard","meta":{"footnotes":""},"categories":[49,39,22],"tags":[],"class_list":["post-2498","post","type-post","status-publish","format-standard","hentry","category-actualites-entreprise","category-ktm","category-motogp"],"yoast_head":"<!-- This site is optimized with the Yoast SEO plugin v26.0 - https:\/\/yoast.com\/wordpress\/plugins\/seo\/ -->\n<title>KTM se retire du championnat MotoGP - leblogmoto.com<\/title>\n<meta name=\"robots\" content=\"index, follow, max-snippet:-1, max-image-preview:large, max-video-preview:-1\" \/>\n<link rel=\"canonical\" href=\"https:\/\/blogs.thesocialmedia.com\/leblogmoto\/2005\/08\/16\/ktm-se-retire-d\/\" \/>\n<meta name=\"twitter:card\" content=\"summary_large_image\" \/>\n<meta name=\"twitter:title\" content=\"KTM se retire du championnat MotoGP - leblogmoto.com\" \/>\n<meta name=\"twitter:description\" content=\"Le fabricant autrichien de moto KTM a annonc\u00e9 le 12\/08\/05, par l\u2019interm\u00e9diaire de son Directeur g\u00e9n\u00e9ral Stefan Pierer, sa volont\u00e9 de ne plus participer au championnat MotoGP au-del\u00e0 de la saison 2006 mais restera pr\u00e9sent dans les cat\u00e9gories 125 et 250 cm3.Aujourd\u2019hui fournisseur du Team Roberts en MotoGP, cette d\u00e9cision d\u2019arr\u00eater le moteur KTM 990 [&hellip;]\" \/>\n<meta name=\"twitter:image\" content=\"http:\/\/www.leblogmoto.com\/images\/ktm_logo.gif\" \/>\n<meta name=\"twitter:label1\" content=\"\u00c9crit par\" \/>\n\t<meta name=\"twitter:data1\" content=\"vincent vaillant\" \/>\n\t<meta name=\"twitter:label2\" content=\"Dur\u00e9e de lecture estim\u00e9e\" \/>\n\t<meta name=\"twitter:data2\" content=\"1 minute\" \/>\n<script type=\"application\/ld+json\" class=\"yoast-schema-graph\">{\"@context\":\"https:\/\/schema.org\",\"@graph\":[{\"@type\":\"WebPage\",\"@id\":\"https:\/\/blogs.thesocialmedia.com\/leblogmoto\/2005\/08\/16\/ktm-se-retire-d\/\",\"url\":\"https:\/\/blogs.thesocialmedia.com\/leblogmoto\/2005\/08\/16\/ktm-se-retire-d\/\",\"name\":\"KTM se retire du championnat MotoGP - leblogmoto.com\",\"isPartOf\":{\"@id\":\"https:\/\/blogs.thesocialmedia.com\/leblogmoto\/#website\"},\"primaryImageOfPage\":{\"@id\":\"https:\/\/blogs.thesocialmedia.com\/leblogmoto\/2005\/08\/16\/ktm-se-retire-d\/#primaryimage\"},\"image\":{\"@id\":\"https:\/\/blogs.thesocialmedia.com\/leblogmoto\/2005\/08\/16\/ktm-se-retire-d\/#primaryimage\"},\"thumbnailUrl\":\"http:\/\/www.leblogmoto.com\/images\/ktm_logo.gif\",\"datePublished\":\"2005-08-16T21:41:07+00:00\",\"dateModified\":\"2012-07-11T13:38:21+00:00\",\"author\":{\"@id\":\"https:\/\/blogs.thesocialmedia.com\/leblogmoto\/#\/schema\/person\/80d2a078dbdb8b60abbd76bae6011f19\"},\"breadcrumb\":{\"@id\":\"https:\/\/blogs.thesocialmedia.com\/leblogmoto\/2005\/08\/16\/ktm-se-retire-d\/#breadcrumb\"},\"inLanguage\":\"fr-FR\",\"potentialAction\":[{\"@type\":\"ReadAction\",\"target\":[\"https:\/\/blogs.thesocialmedia.com\/leblogmoto\/2005\/08\/16\/ktm-se-retire-d\/\"]}]},{\"@type\":\"ImageObject\",\"inLanguage\":\"fr-FR\",\"@id\":\"https:\/\/blogs.thesocialmedia.com\/leblogmoto\/2005\/08\/16\/ktm-se-retire-d\/#primaryimage\",\"url\":\"http:\/\/www.leblogmoto.com\/images\/ktm_logo.gif\",\"contentUrl\":\"http:\/\/www.leblogmoto.com\/images\/ktm_logo.gif\"},{\"@type\":\"BreadcrumbList\",\"@id\":\"https:\/\/blogs.thesocialmedia.com\/leblogmoto\/2005\/08\/16\/ktm-se-retire-d\/#breadcrumb\",\"itemListElement\":[{\"@type\":\"ListItem\",\"position\":1,\"name\":\"Accueil\",\"item\":\"https:\/\/blogs.thesocialmedia.com\/leblogmoto\/\"},{\"@type\":\"ListItem\",\"position\":2,\"name\":\"KTM se retire du championnat MotoGP\"}]},{\"@type\":\"WebSite\",\"@id\":\"https:\/\/blogs.thesocialmedia.com\/leblogmoto\/#website\",\"url\":\"https:\/\/blogs.thesocialmedia.com\/leblogmoto\/\",\"name\":\"leblogmoto\",\"description\":\"Toute l&#039;actualit\u00e9 des 2 roues\",\"potentialAction\":[{\"@type\":\"SearchAction\",\"target\":{\"@type\":\"EntryPoint\",\"urlTemplate\":\"https:\/\/blogs.thesocialmedia.com\/leblogmoto\/?s={search_term_string}\"},\"query-input\":{\"@type\":\"PropertyValueSpecification\",\"valueRequired\":true,\"valueName\":\"search_term_string\"}}],\"inLanguage\":\"fr-FR\"},{\"@type\":\"Person\",\"@id\":\"https:\/\/blogs.thesocialmedia.com\/leblogmoto\/#\/schema\/person\/80d2a078dbdb8b60abbd76bae6011f19\",\"name\":\"vincent vaillant\",\"image\":{\"@type\":\"ImageObject\",\"inLanguage\":\"fr-FR\",\"@id\":\"https:\/\/blogs.thesocialmedia.com\/leblogmoto\/#\/schema\/person\/image\/\",\"url\":\"https:\/\/secure.gravatar.com\/avatar\/?s=96&d=mm&r=g\",\"contentUrl\":\"https:\/\/secure.gravatar.com\/avatar\/?s=96&d=mm&r=g\",\"caption\":\"vincent vaillant\"},\"url\":\"https:\/\/blogs.thesocialmedia.com\/leblogmoto\/author\/vincent-vaillant\/\"}]}<\/script>\n<!-- \/ Yoast SEO plugin. -->","yoast_head_json":{"title":"KTM se retire du championnat MotoGP - leblogmoto.com","robots":{"index":"index","follow":"follow","max-snippet":"max-snippet:-1","max-image-preview":"max-image-preview:large","max-video-preview":"max-video-preview:-1"},"canonical":"https:\/\/blogs.thesocialmedia.com\/leblogmoto\/2005\/08\/16\/ktm-se-retire-d\/","twitter_card":"summary_large_image","twitter_title":"KTM se retire du championnat MotoGP - leblogmoto.com","twitter_description":"Le fabricant autrichien de moto KTM a annonc\u00e9 le 12\/08\/05, par l\u2019interm\u00e9diaire de son Directeur g\u00e9n\u00e9ral Stefan Pierer, sa volont\u00e9 de ne plus participer au championnat MotoGP au-del\u00e0 de la saison 2006 mais restera pr\u00e9sent dans les cat\u00e9gories 125 et 250 cm3.Aujourd\u2019hui fournisseur du Team Roberts en MotoGP, cette d\u00e9cision d\u2019arr\u00eater le moteur KTM 990 [&hellip;]","twitter_image":"http:\/\/www.leblogmoto.com\/images\/ktm_logo.gif","twitter_misc":{"\u00c9crit par":"vincent vaillant","Dur\u00e9e de lecture estim\u00e9e":"1 minute"},"schema":{"@context":"https:\/\/schema.org","@graph":[{"@type":"WebPage","@id":"https:\/\/blogs.thesocialmedia.com\/leblogmoto\/2005\/08\/16\/ktm-se-retire-d\/","url":"https:\/\/blogs.thesocialmedia.com\/leblogmoto\/2005\/08\/16\/ktm-se-retire-d\/","name":"KTM se retire du championnat MotoGP - leblogmoto.com","isPartOf":{"@id":"https:\/\/blogs.thesocialmedia.com\/leblogmoto\/#website"},"primaryImageOfPage":{"@id":"https:\/\/blogs.thesocialmedia.com\/leblogmoto\/2005\/08\/16\/ktm-se-retire-d\/#primaryimage"},"image":{"@id":"https:\/\/blogs.thesocialmedia.com\/leblogmoto\/2005\/08\/16\/ktm-se-retire-d\/#primaryimage"},"thumbnailUrl":"http:\/\/www.leblogmoto.com\/images\/ktm_logo.gif","datePublished":"2005-08-16T21:41:07+00:00","dateModified":"2012-07-11T13:38:21+00:00","author":{"@id":"https:\/\/blogs.thesocialmedia.com\/leblogmoto\/#\/schema\/person\/80d2a078dbdb8b60abbd76bae6011f19"},"breadcrumb":{"@id":"https:\/\/blogs.thesocialmedia.com\/leblogmoto\/2005\/08\/16\/ktm-se-retire-d\/#breadcrumb"},"inLanguage":"fr-FR","potentialAction":[{"@type":"ReadAction","target":["https:\/\/blogs.thesocialmedia.com\/leblogmoto\/2005\/08\/16\/ktm-se-retire-d\/"]}]},{"@type":"ImageObject","inLanguage":"fr-FR","@id":"https:\/\/blogs.thesocialmedia.com\/leblogmoto\/2005\/08\/16\/ktm-se-retire-d\/#primaryimage","url":"http:\/\/www.leblogmoto.com\/images\/ktm_logo.gif","contentUrl":"http:\/\/www.leblogmoto.com\/images\/ktm_logo.gif"},{"@type":"BreadcrumbList","@id":"https:\/\/blogs.thesocialmedia.com\/leblogmoto\/2005\/08\/16\/ktm-se-retire-d\/#breadcrumb","itemListElement":[{"@type":"ListItem","position":1,"name":"Accueil","item":"https:\/\/blogs.thesocialmedia.com\/leblogmoto\/"},{"@type":"ListItem","position":2,"name":"KTM se retire du championnat MotoGP"}]},{"@type":"WebSite","@id":"https:\/\/blogs.thesocialmedia.com\/leblogmoto\/#website","url":"https:\/\/blogs.thesocialmedia.com\/leblogmoto\/","name":"leblogmoto","description":"Toute l&#039;actualit\u00e9 des 2 roues","potentialAction":[{"@type":"SearchAction","target":{"@type":"EntryPoint","urlTemplate":"https:\/\/blogs.thesocialmedia.com\/leblogmoto\/?s={search_term_string}"},"query-input":{"@type":"PropertyValueSpecification","valueRequired":true,"valueName":"search_term_string"}}],"inLanguage":"fr-FR"},{"@type":"Person","@id":"https:\/\/blogs.thesocialmedia.com\/leblogmoto\/#\/schema\/person\/80d2a078dbdb8b60abbd76bae6011f19","name":"vincent vaillant","image":{"@type":"ImageObject","inLanguage":"fr-FR","@id":"https:\/\/blogs.thesocialmedia.com\/leblogmoto\/#\/schema\/person\/image\/","url":"https:\/\/secure.gravatar.com\/avatar\/?s=96&d=mm&r=g","contentUrl":"https:\/\/secure.gravatar.com\/avatar\/?s=96&d=mm&r=g","caption":"vincent vaillant"},"url":"https:\/\/blogs.thesocialmedia.com\/leblogmoto\/author\/vincent-vaillant\/"}]}},"_links":{"self":[{"href":"https:\/\/blogs.thesocialmedia.com\/leblogmoto\/wp-json\/wp\/v2\/posts\/2498","targetHints":{"allow":["GET"]}}],"collection":[{"href":"https:\/\/blogs.thesocialmedia.com\/leblogmoto\/wp-json\/wp\/v2\/posts"}],"about":[{"href":"https:\/\/blogs.thesocialmedia.com\/leblogmoto\/wp-json\/wp\/v2\/types\/post"}],"author":[{"embeddable":true,"href":"https:\/\/blogs.thesocialmedia.com\/leblogmoto\/wp-json\/wp\/v2\/users\/338"}],"replies":[{"embeddable":true,"href":"https:\/\/blogs.thesocialmedia.com\/leblogmoto\/wp-json\/wp\/v2\/comments?post=2498"}],"version-history":[{"count":2,"href":"https:\/\/blogs.thesocialmedia.com\/leblogmoto\/wp-json\/wp\/v2\/posts\/2498\/revisions"}],"predecessor-version":[{"id":5518,"href":"https:\/\/blogs.thesocialmedia.com\/leblogmoto\/wp-json\/wp\/v2\/posts\/2498\/revisions\/5518"}],"wp:attachment":[{"href":"https:\/\/blogs.thesocialmedia.com\/leblogmoto\/wp-json\/wp\/v2\/media?parent=2498"}],"wp:term":[{"taxonomy":"category","embeddable":true,"href":"https:\/\/blogs.thesocialmedia.com\/leblogmoto\/wp-json\/wp\/v2\/categories?post=2498"},{"taxonomy":"post_tag","embeddable":true,"href":"https:\/\/blogs.thesocialmedia.com\/leblogmoto\/wp-json\/wp\/v2\/tags?post=2498"}],"curies":[{"name":"wp","href":"https:\/\/api.w.org\/{rel}","templated":true}]}}