{"id":2499,"date":"2005-08-15T21:18:18","date_gmt":"2005-08-15T21:18:18","guid":{"rendered":"http:\/\/blogs.thesocialmedia.com\/leblogmoto\/2005\/08\/15\/244-kmh\/"},"modified":"2012-07-11T13:38:20","modified_gmt":"2012-07-11T13:38:20","slug":"244-kmh","status":"publish","type":"post","link":"https:\/\/blogs.thesocialmedia.com\/leblogmoto\/2005\/08\/15\/244-kmh\/","title":{"rendered":"244 km\/h&#8230;"},"content":{"rendered":"<p><a href=\"http:\/\/blogs.thesocialmedia.com\/leblogmoto\/files\/2012\/07\/compteur.jpg\"><img loading=\"lazy\" decoding=\"async\" width=\"250\" height=\"187\"  src=\"http:\/\/www.leblogmoto.com\/images\/compteur.JPG\" alt=\"Compteur\" style=\"margin: 0px 5px 5px 0px;float: left\" \/><\/a>Voil\u00e0 un bien beau chiffre qui va co\u00fbter tr\u00e8s cher \u00e0 ses trois propri\u00e9taires.<br \/>En effet, 3 jeunes motards de 22, 23 et 29 ans se sont fait flasher \u00e0 cette vitesse alors qu\u2019ils se livraient \u00e0 une petite course sur l\u2019A4 avant d\u2019\u00eatre intercept\u00e9s par la Gendarmerie apr\u00e8s une course poursuite de plusieurs kilom\u00e8tres. L\u2019histoire ne dit pas si les gendarmes \u00e9taient \u00e9quip\u00e9s de <a href=\"http:\/\/www.leblogmoto.com\/2005\/07\/yamaha_fjr_1300.html\">leur nouvelle monture<\/a>.<br \/>Lors de leur audition par les repr\u00e9sentants de l\u2019ordre, ceux-ci ont expliqu\u00e9 qu\u2019ils se \u00ab tiraient la bourre \u00bb tout naturellement. Pour ceux qui seraient tent\u00e9s de faire de m\u00eame, sachez qu\u2019il existe des endroits sp\u00e9cialement pr\u00e9vus pour taquiner la poign\u00e9e des gaz, et si le budget circuit (bottes, combi, pneus, essence,\u2026) vous parait cher, sachez que cela est infiniment moins \u00e9lev\u00e9 que ce que ces 3 jeunes vont devoir payer en amende, en peine de prison et en repassage des permis de conduire A et B.<br \/>De plus, apr\u00e8s un tel exploit routier dont on ne peut se vanter, l\u2019ensemble des motards risquent de porter le chapeau pour une bande d\u2019irr\u00e9ductibles larrons qui ternissent l\u2019image d\u2019une majorit\u00e9 de passionn\u00e9s et de bons conducteurs.<br \/>En effet, il est fort \u00e0 parier que <a href=\"http:\/\/www.leblogmoto.com\/2005\/07\/perben_sattaque.html\">Domnique Perben<\/a> va se faire un malin plaisir \u00e0 citer ce fait divers pour alimenter sa politique de r\u00e9pression et nous promulguer de nouvelles lois absurdes.<\/p>\n","protected":false},"excerpt":{"rendered":"<p>Voil\u00e0 un bien beau chiffre qui va co\u00fbter tr\u00e8s cher \u00e0 ses trois propri\u00e9taires.En effet, 3 jeunes motards de 22, 23 et 29 ans se sont fait flasher \u00e0 cette vitesse alors qu\u2019ils se livraient \u00e0 une petite course sur l\u2019A4 avant d\u2019\u00eatre intercept\u00e9s par la Gendarmerie apr\u00e8s une course poursuite de plusieurs kilom\u00e8tres. L\u2019histoire [&hellip;]<\/p>\n","protected":false},"author":338,"featured_media":0,"comment_status":"open","ping_status":"open","sticky":false,"template":"","format":"standard","meta":{"footnotes":""},"categories":[3,27],"tags":[],"class_list":["post-2499","post","type-post","status-publish","format-standard","hentry","category-actualite","category-securite"],"yoast_head":"<!-- This site is optimized with the Yoast SEO plugin v26.0 - https:\/\/yoast.com\/wordpress\/plugins\/seo\/ -->\n<title>244 km\/h... - leblogmoto.com<\/title>\n<meta name=\"robots\" content=\"index, follow, max-snippet:-1, max-image-preview:large, max-video-preview:-1\" \/>\n<link rel=\"canonical\" href=\"https:\/\/blogs.thesocialmedia.com\/leblogmoto\/2005\/08\/15\/244-kmh\/\" \/>\n<meta name=\"twitter:card\" content=\"summary_large_image\" \/>\n<meta name=\"twitter:title\" content=\"244 km\/h... - leblogmoto.com\" \/>\n<meta name=\"twitter:description\" content=\"Voil\u00e0 un bien beau chiffre qui va co\u00fbter tr\u00e8s cher \u00e0 ses trois propri\u00e9taires.En effet, 3 jeunes motards de 22, 23 et 29 ans se sont fait flasher \u00e0 cette vitesse alors qu\u2019ils se livraient \u00e0 une petite course sur l\u2019A4 avant d\u2019\u00eatre intercept\u00e9s par la Gendarmerie apr\u00e8s une course poursuite de plusieurs kilom\u00e8tres. L\u2019histoire [&hellip;]\" \/>\n<meta name=\"twitter:image\" content=\"http:\/\/www.leblogmoto.com\/images\/compteur.JPG\" \/>\n<meta name=\"twitter:label1\" content=\"\u00c9crit par\" \/>\n\t<meta name=\"twitter:data1\" content=\"vincent vaillant\" \/>\n\t<meta name=\"twitter:label2\" content=\"Dur\u00e9e de lecture estim\u00e9e\" \/>\n\t<meta name=\"twitter:data2\" content=\"1 minute\" \/>\n<script type=\"application\/ld+json\" class=\"yoast-schema-graph\">{\"@context\":\"https:\/\/schema.org\",\"@graph\":[{\"@type\":\"WebPage\",\"@id\":\"https:\/\/blogs.thesocialmedia.com\/leblogmoto\/2005\/08\/15\/244-kmh\/\",\"url\":\"https:\/\/blogs.thesocialmedia.com\/leblogmoto\/2005\/08\/15\/244-kmh\/\",\"name\":\"244 km\/h... - leblogmoto.com\",\"isPartOf\":{\"@id\":\"https:\/\/blogs.thesocialmedia.com\/leblogmoto\/#website\"},\"primaryImageOfPage\":{\"@id\":\"https:\/\/blogs.thesocialmedia.com\/leblogmoto\/2005\/08\/15\/244-kmh\/#primaryimage\"},\"image\":{\"@id\":\"https:\/\/blogs.thesocialmedia.com\/leblogmoto\/2005\/08\/15\/244-kmh\/#primaryimage\"},\"thumbnailUrl\":\"http:\/\/www.leblogmoto.com\/images\/compteur.JPG\",\"datePublished\":\"2005-08-15T21:18:18+00:00\",\"dateModified\":\"2012-07-11T13:38:20+00:00\",\"author\":{\"@id\":\"https:\/\/blogs.thesocialmedia.com\/leblogmoto\/#\/schema\/person\/80d2a078dbdb8b60abbd76bae6011f19\"},\"breadcrumb\":{\"@id\":\"https:\/\/blogs.thesocialmedia.com\/leblogmoto\/2005\/08\/15\/244-kmh\/#breadcrumb\"},\"inLanguage\":\"fr-FR\",\"potentialAction\":[{\"@type\":\"ReadAction\",\"target\":[\"https:\/\/blogs.thesocialmedia.com\/leblogmoto\/2005\/08\/15\/244-kmh\/\"]}]},{\"@type\":\"ImageObject\",\"inLanguage\":\"fr-FR\",\"@id\":\"https:\/\/blogs.thesocialmedia.com\/leblogmoto\/2005\/08\/15\/244-kmh\/#primaryimage\",\"url\":\"http:\/\/www.leblogmoto.com\/images\/compteur.JPG\",\"contentUrl\":\"http:\/\/www.leblogmoto.com\/images\/compteur.JPG\"},{\"@type\":\"BreadcrumbList\",\"@id\":\"https:\/\/blogs.thesocialmedia.com\/leblogmoto\/2005\/08\/15\/244-kmh\/#breadcrumb\",\"itemListElement\":[{\"@type\":\"ListItem\",\"position\":1,\"name\":\"Accueil\",\"item\":\"https:\/\/blogs.thesocialmedia.com\/leblogmoto\/\"},{\"@type\":\"ListItem\",\"position\":2,\"name\":\"244 km\/h&#8230;\"}]},{\"@type\":\"WebSite\",\"@id\":\"https:\/\/blogs.thesocialmedia.com\/leblogmoto\/#website\",\"url\":\"https:\/\/blogs.thesocialmedia.com\/leblogmoto\/\",\"name\":\"leblogmoto\",\"description\":\"Toute l&#039;actualit\u00e9 des 2 roues\",\"potentialAction\":[{\"@type\":\"SearchAction\",\"target\":{\"@type\":\"EntryPoint\",\"urlTemplate\":\"https:\/\/blogs.thesocialmedia.com\/leblogmoto\/?s={search_term_string}\"},\"query-input\":{\"@type\":\"PropertyValueSpecification\",\"valueRequired\":true,\"valueName\":\"search_term_string\"}}],\"inLanguage\":\"fr-FR\"},{\"@type\":\"Person\",\"@id\":\"https:\/\/blogs.thesocialmedia.com\/leblogmoto\/#\/schema\/person\/80d2a078dbdb8b60abbd76bae6011f19\",\"name\":\"vincent vaillant\",\"image\":{\"@type\":\"ImageObject\",\"inLanguage\":\"fr-FR\",\"@id\":\"https:\/\/blogs.thesocialmedia.com\/leblogmoto\/#\/schema\/person\/image\/\",\"url\":\"https:\/\/secure.gravatar.com\/avatar\/?s=96&d=mm&r=g\",\"contentUrl\":\"https:\/\/secure.gravatar.com\/avatar\/?s=96&d=mm&r=g\",\"caption\":\"vincent vaillant\"},\"url\":\"https:\/\/blogs.thesocialmedia.com\/leblogmoto\/author\/vincent-vaillant\/\"}]}<\/script>\n<!-- \/ Yoast SEO plugin. -->","yoast_head_json":{"title":"244 km\/h... - leblogmoto.com","robots":{"index":"index","follow":"follow","max-snippet":"max-snippet:-1","max-image-preview":"max-image-preview:large","max-video-preview":"max-video-preview:-1"},"canonical":"https:\/\/blogs.thesocialmedia.com\/leblogmoto\/2005\/08\/15\/244-kmh\/","twitter_card":"summary_large_image","twitter_title":"244 km\/h... - leblogmoto.com","twitter_description":"Voil\u00e0 un bien beau chiffre qui va co\u00fbter tr\u00e8s cher \u00e0 ses trois propri\u00e9taires.En effet, 3 jeunes motards de 22, 23 et 29 ans se sont fait flasher \u00e0 cette vitesse alors qu\u2019ils se livraient \u00e0 une petite course sur l\u2019A4 avant d\u2019\u00eatre intercept\u00e9s par la Gendarmerie apr\u00e8s une course poursuite de plusieurs kilom\u00e8tres. L\u2019histoire [&hellip;]","twitter_image":"http:\/\/www.leblogmoto.com\/images\/compteur.JPG","twitter_misc":{"\u00c9crit par":"vincent vaillant","Dur\u00e9e de lecture estim\u00e9e":"1 minute"},"schema":{"@context":"https:\/\/schema.org","@graph":[{"@type":"WebPage","@id":"https:\/\/blogs.thesocialmedia.com\/leblogmoto\/2005\/08\/15\/244-kmh\/","url":"https:\/\/blogs.thesocialmedia.com\/leblogmoto\/2005\/08\/15\/244-kmh\/","name":"244 km\/h... - leblogmoto.com","isPartOf":{"@id":"https:\/\/blogs.thesocialmedia.com\/leblogmoto\/#website"},"primaryImageOfPage":{"@id":"https:\/\/blogs.thesocialmedia.com\/leblogmoto\/2005\/08\/15\/244-kmh\/#primaryimage"},"image":{"@id":"https:\/\/blogs.thesocialmedia.com\/leblogmoto\/2005\/08\/15\/244-kmh\/#primaryimage"},"thumbnailUrl":"http:\/\/www.leblogmoto.com\/images\/compteur.JPG","datePublished":"2005-08-15T21:18:18+00:00","dateModified":"2012-07-11T13:38:20+00:00","author":{"@id":"https:\/\/blogs.thesocialmedia.com\/leblogmoto\/#\/schema\/person\/80d2a078dbdb8b60abbd76bae6011f19"},"breadcrumb":{"@id":"https:\/\/blogs.thesocialmedia.com\/leblogmoto\/2005\/08\/15\/244-kmh\/#breadcrumb"},"inLanguage":"fr-FR","potentialAction":[{"@type":"ReadAction","target":["https:\/\/blogs.thesocialmedia.com\/leblogmoto\/2005\/08\/15\/244-kmh\/"]}]},{"@type":"ImageObject","inLanguage":"fr-FR","@id":"https:\/\/blogs.thesocialmedia.com\/leblogmoto\/2005\/08\/15\/244-kmh\/#primaryimage","url":"http:\/\/www.leblogmoto.com\/images\/compteur.JPG","contentUrl":"http:\/\/www.leblogmoto.com\/images\/compteur.JPG"},{"@type":"BreadcrumbList","@id":"https:\/\/blogs.thesocialmedia.com\/leblogmoto\/2005\/08\/15\/244-kmh\/#breadcrumb","itemListElement":[{"@type":"ListItem","position":1,"name":"Accueil","item":"https:\/\/blogs.thesocialmedia.com\/leblogmoto\/"},{"@type":"ListItem","position":2,"name":"244 km\/h&#8230;"}]},{"@type":"WebSite","@id":"https:\/\/blogs.thesocialmedia.com\/leblogmoto\/#website","url":"https:\/\/blogs.thesocialmedia.com\/leblogmoto\/","name":"leblogmoto","description":"Toute l&#039;actualit\u00e9 des 2 roues","potentialAction":[{"@type":"SearchAction","target":{"@type":"EntryPoint","urlTemplate":"https:\/\/blogs.thesocialmedia.com\/leblogmoto\/?s={search_term_string}"},"query-input":{"@type":"PropertyValueSpecification","valueRequired":true,"valueName":"search_term_string"}}],"inLanguage":"fr-FR"},{"@type":"Person","@id":"https:\/\/blogs.thesocialmedia.com\/leblogmoto\/#\/schema\/person\/80d2a078dbdb8b60abbd76bae6011f19","name":"vincent vaillant","image":{"@type":"ImageObject","inLanguage":"fr-FR","@id":"https:\/\/blogs.thesocialmedia.com\/leblogmoto\/#\/schema\/person\/image\/","url":"https:\/\/secure.gravatar.com\/avatar\/?s=96&d=mm&r=g","contentUrl":"https:\/\/secure.gravatar.com\/avatar\/?s=96&d=mm&r=g","caption":"vincent vaillant"},"url":"https:\/\/blogs.thesocialmedia.com\/leblogmoto\/author\/vincent-vaillant\/"}]}},"_links":{"self":[{"href":"https:\/\/blogs.thesocialmedia.com\/leblogmoto\/wp-json\/wp\/v2\/posts\/2499","targetHints":{"allow":["GET"]}}],"collection":[{"href":"https:\/\/blogs.thesocialmedia.com\/leblogmoto\/wp-json\/wp\/v2\/posts"}],"about":[{"href":"https:\/\/blogs.thesocialmedia.com\/leblogmoto\/wp-json\/wp\/v2\/types\/post"}],"author":[{"embeddable":true,"href":"https:\/\/blogs.thesocialmedia.com\/leblogmoto\/wp-json\/wp\/v2\/users\/338"}],"replies":[{"embeddable":true,"href":"https:\/\/blogs.thesocialmedia.com\/leblogmoto\/wp-json\/wp\/v2\/comments?post=2499"}],"version-history":[{"count":2,"href":"https:\/\/blogs.thesocialmedia.com\/leblogmoto\/wp-json\/wp\/v2\/posts\/2499\/revisions"}],"predecessor-version":[{"id":5516,"href":"https:\/\/blogs.thesocialmedia.com\/leblogmoto\/wp-json\/wp\/v2\/posts\/2499\/revisions\/5516"}],"wp:attachment":[{"href":"https:\/\/blogs.thesocialmedia.com\/leblogmoto\/wp-json\/wp\/v2\/media?parent=2499"}],"wp:term":[{"taxonomy":"category","embeddable":true,"href":"https:\/\/blogs.thesocialmedia.com\/leblogmoto\/wp-json\/wp\/v2\/categories?post=2499"},{"taxonomy":"post_tag","embeddable":true,"href":"https:\/\/blogs.thesocialmedia.com\/leblogmoto\/wp-json\/wp\/v2\/tags?post=2499"}],"curies":[{"name":"wp","href":"https:\/\/api.w.org\/{rel}","templated":true}]}}