{"id":25,"date":"2009-11-27T00:00:13","date_gmt":"2009-11-27T00:00:13","guid":{"rendered":"http:\/\/blogs.thesocialmedia.com\/leblogmoto\/2009\/11\/27\/aprilia-juge-le-moto2-nuisible-a-son-image\/"},"modified":"2012-07-11T17:42:59","modified_gmt":"2012-07-11T17:42:59","slug":"aprilia-juge-le-moto2-nuisible-a-son-image","status":"publish","type":"post","link":"https:\/\/blogs.thesocialmedia.com\/leblogmoto\/2009\/11\/27\/aprilia-juge-le-moto2-nuisible-a-son-image\/","title":{"rendered":"Aprilia juge que le Moto2 nuit \u00e0 son image."},"content":{"rendered":"<p><a href=\"http:\/\/blogs.thesocialmedia.com\/leblogmoto\/files\/2012\/07\/6a00d83451b18369e20120a6de93aa970b-popup.png\"><img decoding=\"async\" alt=\"Moto 250 Aprilia Jorge Lorenzo\" class=\"asset asset-image at-xid-6a00d83451b18369e20120a6de93aa970b \" src=\"http:\/\/blogs.thesocialmedia.com\/leblogmoto\/files\/2012\/07\/6a00d83451b18369e20120a6de93aa970b-500wi.jpg\" \/><\/a><\/p>\n<p>La <a href=\"http:\/\/france.aprilia.com\/\">firme de Noale<\/a>, un des fleurons&#160;du groupe Piaggio, ne concourra pas dans le championnat Moto2 en 2010, ni ne fournira de machine aux <em>teams<\/em> priv\u00e9s. La nouvelle discipline, qui remplace les 250cc, o\u00f9 les comp\u00e9titeurs utiliseront des moteurs cubant du 600 fournis par Honda, et des gommes Dunlop, laisserait ainsi sur le bas-c\u00f4t\u00e9 des pilotes comme Mike DiMeglio et Gabor Talmacsi. M\u00eame s&#039;il manie la langue de bois, le communiqu\u00e9 ne laisse que peu de place \u00e0 l&#039;interpr\u00e9tation et encore moins au doute. Mais surtout,&#160;usant de la p\u00e9riphrase et de l&#039;allusion, il \u00e9gratigne le premier fabriquant mondial de deux-roues, et&#160;plus encore la politique de r\u00e9duction des co\u00fbts voulue par les instances de ce sport. Attention, traduction &quot;maison&quot;&#160;du communiqu\u00e9 paru sur le site anglais <a href=\"http:\/\/www.autosport.com\/news\/report.php\/id\/80329\">Autosport<\/a>:<\/p>\n<\/p>\n<p>&quot;Le championnat Moto2 ne pr\u00e9sente pas, dans l&#039;optique du groupe, les caract\u00e9ristiques sportives et technologiques qui rendent la participation d&#039;Aprilia strat\u00e9gique pour ce type de comp\u00e9tition. Par cons\u00e9quent, le groupe pense qu&#039;il est inutile et dommageable pour l&#039;image d&#039;un grand constructeur italien et europ\u00e9en &#8211; qui a gagn\u00e9 43 titres* de champion du monde sur piste et en dehors &#8211; de participer \u00e0 des comp\u00e9titions vigoureusement centr\u00e9e sur la technologie moteur d&#039;un constructeur concurrent.&quot;<\/p>\n<p>Ainsi appara\u00eet en filigrane une critique de&#160;l&#039;omnipotence de la firme au blason ail\u00e9, et des <em>cost killers <\/em>adeptes de la formule monotype. Aspar Martinez et les autres ne pourront esp\u00e9rer de ch\u00e2ssis Aprilia pour&#160;enrober leurs moteurs.&#160;Il est vrai que sur le papier, imaginer un moulbif japonais port\u00e9 par une marque italienne, par ailleurs&#160;elle aussi&#160;motoriste, semblait&#160;incongru.&#160;Plus g\u00e9n\u00e9ralement &#8211; et plus cyniquement -&#160;ce mauvais d\u00e9part du&#160;Moto2&#160;pourrait rassurer ceux qui craignaient une concurrence&#160;frontale avec la cat\u00e9gorie Supersport.<\/p>\n<p><em>*gr\u00e2ce notamment \u00e0 Jorge Lorenzo, sur cette photo.<\/em><\/p>\n","protected":false},"excerpt":{"rendered":"<p>La firme de Noale, un des fleurons&#160;du groupe Piaggio, ne concourra pas dans le championnat Moto2 en 2010, ni ne fournira de machine aux teams priv\u00e9s. La nouvelle discipline, qui remplace les 250cc, o\u00f9 les comp\u00e9titeurs utiliseront des moteurs cubant du 600 fournis par Honda, et des gommes Dunlop, laisserait ainsi sur le bas-c\u00f4t\u00e9 des [&hellip;]<\/p>\n","protected":false},"author":324,"featured_media":14371,"comment_status":"open","ping_status":"open","sticky":false,"template":"","format":"standard","meta":{"footnotes":""},"categories":[3,31,32],"tags":[],"class_list":["post-25","post","type-post","status-publish","format-standard","has-post-thumbnail","hentry","category-actualite","category-aprilia","category-sport-moto"],"yoast_head":"<!-- This site is optimized with the Yoast SEO plugin v26.0 - https:\/\/yoast.com\/wordpress\/plugins\/seo\/ -->\n<title>Aprilia juge que le Moto2 nuit \u00e0 son image. - leblogmoto.com<\/title>\n<meta name=\"robots\" content=\"index, follow, max-snippet:-1, max-image-preview:large, max-video-preview:-1\" \/>\n<link rel=\"canonical\" href=\"https:\/\/blogs.thesocialmedia.com\/leblogmoto\/2009\/11\/27\/aprilia-juge-le-moto2-nuisible-a-son-image\/\" \/>\n<meta name=\"twitter:card\" content=\"summary_large_image\" \/>\n<meta name=\"twitter:title\" content=\"Aprilia juge que le Moto2 nuit \u00e0 son image. - leblogmoto.com\" \/>\n<meta name=\"twitter:description\" content=\"La firme de Noale, un des fleurons&#160;du groupe Piaggio, ne concourra pas dans le championnat Moto2 en 2010, ni ne fournira de machine aux teams priv\u00e9s. La nouvelle discipline, qui remplace les 250cc, o\u00f9 les comp\u00e9titeurs utiliseront des moteurs cubant du 600 fournis par Honda, et des gommes Dunlop, laisserait ainsi sur le bas-c\u00f4t\u00e9 des [&hellip;]\" \/>\n<meta name=\"twitter:image\" content=\"https:\/\/blogs.thesocialmedia.com\/leblogmoto\/files\/2012\/07\/6a00d83451b18369e20120a6de93aa970b-500wi.jpg\" \/>\n<meta name=\"twitter:label1\" content=\"\u00c9crit par\" \/>\n\t<meta name=\"twitter:data1\" content=\"benoit rieu\" \/>\n\t<meta name=\"twitter:label2\" content=\"Dur\u00e9e de lecture estim\u00e9e\" \/>\n\t<meta name=\"twitter:data2\" content=\"2 minutes\" \/>\n<script type=\"application\/ld+json\" class=\"yoast-schema-graph\">{\"@context\":\"https:\/\/schema.org\",\"@graph\":[{\"@type\":\"WebPage\",\"@id\":\"https:\/\/blogs.thesocialmedia.com\/leblogmoto\/2009\/11\/27\/aprilia-juge-le-moto2-nuisible-a-son-image\/\",\"url\":\"https:\/\/blogs.thesocialmedia.com\/leblogmoto\/2009\/11\/27\/aprilia-juge-le-moto2-nuisible-a-son-image\/\",\"name\":\"Aprilia juge que le Moto2 nuit \u00e0 son image. - leblogmoto.com\",\"isPartOf\":{\"@id\":\"https:\/\/blogs.thesocialmedia.com\/leblogmoto\/#website\"},\"primaryImageOfPage\":{\"@id\":\"https:\/\/blogs.thesocialmedia.com\/leblogmoto\/2009\/11\/27\/aprilia-juge-le-moto2-nuisible-a-son-image\/#primaryimage\"},\"image\":{\"@id\":\"https:\/\/blogs.thesocialmedia.com\/leblogmoto\/2009\/11\/27\/aprilia-juge-le-moto2-nuisible-a-son-image\/#primaryimage\"},\"thumbnailUrl\":\"https:\/\/blogs.thesocialmedia.com\/leblogmoto\/files\/2012\/07\/6a00d83451b18369e20120a6de93aa970b-500wi.jpg\",\"datePublished\":\"2009-11-27T00:00:13+00:00\",\"dateModified\":\"2012-07-11T17:42:59+00:00\",\"author\":{\"@id\":\"https:\/\/blogs.thesocialmedia.com\/leblogmoto\/#\/schema\/person\/18bfe773e5725ed6d24f743da805362a\"},\"breadcrumb\":{\"@id\":\"https:\/\/blogs.thesocialmedia.com\/leblogmoto\/2009\/11\/27\/aprilia-juge-le-moto2-nuisible-a-son-image\/#breadcrumb\"},\"inLanguage\":\"fr-FR\",\"potentialAction\":[{\"@type\":\"ReadAction\",\"target\":[\"https:\/\/blogs.thesocialmedia.com\/leblogmoto\/2009\/11\/27\/aprilia-juge-le-moto2-nuisible-a-son-image\/\"]}]},{\"@type\":\"ImageObject\",\"inLanguage\":\"fr-FR\",\"@id\":\"https:\/\/blogs.thesocialmedia.com\/leblogmoto\/2009\/11\/27\/aprilia-juge-le-moto2-nuisible-a-son-image\/#primaryimage\",\"url\":\"https:\/\/blogs.thesocialmedia.com\/leblogmoto\/files\/2012\/07\/6a00d83451b18369e20120a6de93aa970b-500wi.jpg\",\"contentUrl\":\"https:\/\/blogs.thesocialmedia.com\/leblogmoto\/files\/2012\/07\/6a00d83451b18369e20120a6de93aa970b-500wi.jpg\",\"width\":\"500\",\"height\":\"307\"},{\"@type\":\"BreadcrumbList\",\"@id\":\"https:\/\/blogs.thesocialmedia.com\/leblogmoto\/2009\/11\/27\/aprilia-juge-le-moto2-nuisible-a-son-image\/#breadcrumb\",\"itemListElement\":[{\"@type\":\"ListItem\",\"position\":1,\"name\":\"Accueil\",\"item\":\"https:\/\/blogs.thesocialmedia.com\/leblogmoto\/\"},{\"@type\":\"ListItem\",\"position\":2,\"name\":\"Aprilia juge que le Moto2 nuit \u00e0 son image.\"}]},{\"@type\":\"WebSite\",\"@id\":\"https:\/\/blogs.thesocialmedia.com\/leblogmoto\/#website\",\"url\":\"https:\/\/blogs.thesocialmedia.com\/leblogmoto\/\",\"name\":\"leblogmoto\",\"description\":\"Toute l&#039;actualit\u00e9 des 2 roues\",\"potentialAction\":[{\"@type\":\"SearchAction\",\"target\":{\"@type\":\"EntryPoint\",\"urlTemplate\":\"https:\/\/blogs.thesocialmedia.com\/leblogmoto\/?s={search_term_string}\"},\"query-input\":{\"@type\":\"PropertyValueSpecification\",\"valueRequired\":true,\"valueName\":\"search_term_string\"}}],\"inLanguage\":\"fr-FR\"},{\"@type\":\"Person\",\"@id\":\"https:\/\/blogs.thesocialmedia.com\/leblogmoto\/#\/schema\/person\/18bfe773e5725ed6d24f743da805362a\",\"name\":\"benoit rieu\",\"image\":{\"@type\":\"ImageObject\",\"inLanguage\":\"fr-FR\",\"@id\":\"https:\/\/blogs.thesocialmedia.com\/leblogmoto\/#\/schema\/person\/image\/\",\"url\":\"https:\/\/secure.gravatar.com\/avatar\/?s=96&d=mm&r=g\",\"contentUrl\":\"https:\/\/secure.gravatar.com\/avatar\/?s=96&d=mm&r=g\",\"caption\":\"benoit rieu\"},\"url\":\"https:\/\/blogs.thesocialmedia.com\/leblogmoto\/author\/benoit-rieu\/\"}]}<\/script>\n<!-- \/ Yoast SEO plugin. -->","yoast_head_json":{"title":"Aprilia juge que le Moto2 nuit \u00e0 son image. - leblogmoto.com","robots":{"index":"index","follow":"follow","max-snippet":"max-snippet:-1","max-image-preview":"max-image-preview:large","max-video-preview":"max-video-preview:-1"},"canonical":"https:\/\/blogs.thesocialmedia.com\/leblogmoto\/2009\/11\/27\/aprilia-juge-le-moto2-nuisible-a-son-image\/","twitter_card":"summary_large_image","twitter_title":"Aprilia juge que le Moto2 nuit \u00e0 son image. - leblogmoto.com","twitter_description":"La firme de Noale, un des fleurons&#160;du groupe Piaggio, ne concourra pas dans le championnat Moto2 en 2010, ni ne fournira de machine aux teams priv\u00e9s. La nouvelle discipline, qui remplace les 250cc, o\u00f9 les comp\u00e9titeurs utiliseront des moteurs cubant du 600 fournis par Honda, et des gommes Dunlop, laisserait ainsi sur le bas-c\u00f4t\u00e9 des [&hellip;]","twitter_image":"https:\/\/blogs.thesocialmedia.com\/leblogmoto\/files\/2012\/07\/6a00d83451b18369e20120a6de93aa970b-500wi.jpg","twitter_misc":{"\u00c9crit par":"benoit rieu","Dur\u00e9e de lecture estim\u00e9e":"2 minutes"},"schema":{"@context":"https:\/\/schema.org","@graph":[{"@type":"WebPage","@id":"https:\/\/blogs.thesocialmedia.com\/leblogmoto\/2009\/11\/27\/aprilia-juge-le-moto2-nuisible-a-son-image\/","url":"https:\/\/blogs.thesocialmedia.com\/leblogmoto\/2009\/11\/27\/aprilia-juge-le-moto2-nuisible-a-son-image\/","name":"Aprilia juge que le Moto2 nuit \u00e0 son image. - leblogmoto.com","isPartOf":{"@id":"https:\/\/blogs.thesocialmedia.com\/leblogmoto\/#website"},"primaryImageOfPage":{"@id":"https:\/\/blogs.thesocialmedia.com\/leblogmoto\/2009\/11\/27\/aprilia-juge-le-moto2-nuisible-a-son-image\/#primaryimage"},"image":{"@id":"https:\/\/blogs.thesocialmedia.com\/leblogmoto\/2009\/11\/27\/aprilia-juge-le-moto2-nuisible-a-son-image\/#primaryimage"},"thumbnailUrl":"https:\/\/blogs.thesocialmedia.com\/leblogmoto\/files\/2012\/07\/6a00d83451b18369e20120a6de93aa970b-500wi.jpg","datePublished":"2009-11-27T00:00:13+00:00","dateModified":"2012-07-11T17:42:59+00:00","author":{"@id":"https:\/\/blogs.thesocialmedia.com\/leblogmoto\/#\/schema\/person\/18bfe773e5725ed6d24f743da805362a"},"breadcrumb":{"@id":"https:\/\/blogs.thesocialmedia.com\/leblogmoto\/2009\/11\/27\/aprilia-juge-le-moto2-nuisible-a-son-image\/#breadcrumb"},"inLanguage":"fr-FR","potentialAction":[{"@type":"ReadAction","target":["https:\/\/blogs.thesocialmedia.com\/leblogmoto\/2009\/11\/27\/aprilia-juge-le-moto2-nuisible-a-son-image\/"]}]},{"@type":"ImageObject","inLanguage":"fr-FR","@id":"https:\/\/blogs.thesocialmedia.com\/leblogmoto\/2009\/11\/27\/aprilia-juge-le-moto2-nuisible-a-son-image\/#primaryimage","url":"https:\/\/blogs.thesocialmedia.com\/leblogmoto\/files\/2012\/07\/6a00d83451b18369e20120a6de93aa970b-500wi.jpg","contentUrl":"https:\/\/blogs.thesocialmedia.com\/leblogmoto\/files\/2012\/07\/6a00d83451b18369e20120a6de93aa970b-500wi.jpg","width":"500","height":"307"},{"@type":"BreadcrumbList","@id":"https:\/\/blogs.thesocialmedia.com\/leblogmoto\/2009\/11\/27\/aprilia-juge-le-moto2-nuisible-a-son-image\/#breadcrumb","itemListElement":[{"@type":"ListItem","position":1,"name":"Accueil","item":"https:\/\/blogs.thesocialmedia.com\/leblogmoto\/"},{"@type":"ListItem","position":2,"name":"Aprilia juge que le Moto2 nuit \u00e0 son image."}]},{"@type":"WebSite","@id":"https:\/\/blogs.thesocialmedia.com\/leblogmoto\/#website","url":"https:\/\/blogs.thesocialmedia.com\/leblogmoto\/","name":"leblogmoto","description":"Toute l&#039;actualit\u00e9 des 2 roues","potentialAction":[{"@type":"SearchAction","target":{"@type":"EntryPoint","urlTemplate":"https:\/\/blogs.thesocialmedia.com\/leblogmoto\/?s={search_term_string}"},"query-input":{"@type":"PropertyValueSpecification","valueRequired":true,"valueName":"search_term_string"}}],"inLanguage":"fr-FR"},{"@type":"Person","@id":"https:\/\/blogs.thesocialmedia.com\/leblogmoto\/#\/schema\/person\/18bfe773e5725ed6d24f743da805362a","name":"benoit rieu","image":{"@type":"ImageObject","inLanguage":"fr-FR","@id":"https:\/\/blogs.thesocialmedia.com\/leblogmoto\/#\/schema\/person\/image\/","url":"https:\/\/secure.gravatar.com\/avatar\/?s=96&d=mm&r=g","contentUrl":"https:\/\/secure.gravatar.com\/avatar\/?s=96&d=mm&r=g","caption":"benoit rieu"},"url":"https:\/\/blogs.thesocialmedia.com\/leblogmoto\/author\/benoit-rieu\/"}]}},"_links":{"self":[{"href":"https:\/\/blogs.thesocialmedia.com\/leblogmoto\/wp-json\/wp\/v2\/posts\/25","targetHints":{"allow":["GET"]}}],"collection":[{"href":"https:\/\/blogs.thesocialmedia.com\/leblogmoto\/wp-json\/wp\/v2\/posts"}],"about":[{"href":"https:\/\/blogs.thesocialmedia.com\/leblogmoto\/wp-json\/wp\/v2\/types\/post"}],"author":[{"embeddable":true,"href":"https:\/\/blogs.thesocialmedia.com\/leblogmoto\/wp-json\/wp\/v2\/users\/324"}],"replies":[{"embeddable":true,"href":"https:\/\/blogs.thesocialmedia.com\/leblogmoto\/wp-json\/wp\/v2\/comments?post=25"}],"version-history":[{"count":2,"href":"https:\/\/blogs.thesocialmedia.com\/leblogmoto\/wp-json\/wp\/v2\/posts\/25\/revisions"}],"predecessor-version":[{"id":14373,"href":"https:\/\/blogs.thesocialmedia.com\/leblogmoto\/wp-json\/wp\/v2\/posts\/25\/revisions\/14373"}],"wp:featuredmedia":[{"embeddable":true,"href":"https:\/\/blogs.thesocialmedia.com\/leblogmoto\/wp-json\/wp\/v2\/media\/14371"}],"wp:attachment":[{"href":"https:\/\/blogs.thesocialmedia.com\/leblogmoto\/wp-json\/wp\/v2\/media?parent=25"}],"wp:term":[{"taxonomy":"category","embeddable":true,"href":"https:\/\/blogs.thesocialmedia.com\/leblogmoto\/wp-json\/wp\/v2\/categories?post=25"},{"taxonomy":"post_tag","embeddable":true,"href":"https:\/\/blogs.thesocialmedia.com\/leblogmoto\/wp-json\/wp\/v2\/tags?post=25"}],"curies":[{"name":"wp","href":"https:\/\/api.w.org\/{rel}","templated":true}]}}