{"id":2502,"date":"2005-08-08T14:23:31","date_gmt":"2005-08-08T14:23:31","guid":{"rendered":"http:\/\/blogs.thesocialmedia.com\/leblogmoto\/2005\/08\/08\/valentino-rossi-3\/"},"modified":"2012-07-11T13:38:10","modified_gmt":"2012-07-11T13:38:10","slug":"valentino-rossi-3","status":"publish","type":"post","link":"https:\/\/blogs.thesocialmedia.com\/leblogmoto\/2005\/08\/08\/valentino-rossi-3\/","title":{"rendered":"Valentino Rossi reste chez Yamaha"},"content":{"rendered":"<p><a href=\"http:\/\/blogs.thesocialmedia.com\/leblogmoto\/files\/2012\/07\/rossi_4.jpg\"><img loading=\"lazy\" decoding=\"async\" width=\"250\" height=\"165\"  alt=\"Rossi_4\" src=\"http:\/\/www.leblogmoto.com\/images\/rossi_4.jpg\" style=\"margin: 0px 5px 5px 0px;float: left\" \/><\/a> Alors que certaines mauvaises langues l\u2019annon\u00e7aient partant vers d\u2019autres cieux, Valentino Rossi \u00e0 re-signer chez <a href=\"http:\/\/www.leblogmoto.com\/yamaha\/index.html\">Yamaha<\/a> pour l\u2019ann\u00e9e 2006.<br \/> Cette prolongation de contrat enchante les deux parties puisque Rossi s\u2019exprime en ces termes : \u00ab<em> Je suis si heureux de pouvoir annoncer la suite de ma collaboration avec Yamaha, 2004 a \u00e9t\u00e9 une ann\u00e9e vraiment magique\u2026 ma premi\u00e8re course et une premi\u00e8re victoire historique sur une Yamaha, puis au final le titre mondial\u2026 j&rsquo;ai un rapport fantastique avec cette usine, les techniciens et mon \u00e9quipier qui travaille ensemble pour rendre la M1 aussi performante que possible. Tout le monde est d&rsquo;accord pour rester une ann\u00e9e de plus ensemble<\/em> \u00bb. Tandis que du c\u00f4t\u00e9 du constructeur japonais on se f\u00e9licite de cette d\u00e9cision, des r\u00e9sultats obtenus et de l\u2019avenir prometteur de ce duo de choc : \u00ab<em> Puisque nous avions annonc\u00e9 la signature de Valentino Rossi \u00e0 la fin de 2003 et que nous avions eu une premi\u00e8re ann\u00e9e \u00e9tonnante avec lui, nous appr\u00e9cions encore plus nos nombreux succ\u00e8s cette ann\u00e9e. 2005, c&rsquo;est surtout l&rsquo;ann\u00e9e du cinquanti\u00e8me anniversaire de Yamaha et c&rsquo;est donc une ann\u00e9e tr\u00e8s sp\u00e9ciale pour nous tous. Nous esp\u00e9rons que nos efforts en MotoGP aboutiront \u00e0 un deuxi\u00e8me titre mondial pour Valentino avec Yamaha. Nous sommes \u00e9videmment tr\u00e8s heureux d&rsquo;avoir Valentino avec nous pour une ann\u00e9e de plus et de le garder en MotoGP en 2006. Notre association avec Valentino est la cl\u00e9 qui nous permettra maintenant de poursuivre notre strat\u00e9gie globale MotoGP pour 2006 <\/em>\u00bb.<\/p>\n","protected":false},"excerpt":{"rendered":"<p>Alors que certaines mauvaises langues l\u2019annon\u00e7aient partant vers d\u2019autres cieux, Valentino Rossi \u00e0 re-signer chez Yamaha pour l\u2019ann\u00e9e 2006. Cette prolongation de contrat enchante les deux parties puisque Rossi s\u2019exprime en ces termes : \u00ab Je suis si heureux de pouvoir annoncer la suite de ma collaboration avec Yamaha, 2004 a \u00e9t\u00e9 une ann\u00e9e vraiment [&hellip;]<\/p>\n","protected":false},"author":338,"featured_media":0,"comment_status":"open","ping_status":"open","sticky":false,"template":"","format":"standard","meta":{"footnotes":""},"categories":[22,44],"tags":[],"class_list":["post-2502","post","type-post","status-publish","format-standard","hentry","category-motogp","category-yamaha"],"yoast_head":"<!-- This site is optimized with the Yoast SEO plugin v26.0 - https:\/\/yoast.com\/wordpress\/plugins\/seo\/ -->\n<title>Valentino Rossi reste chez Yamaha - leblogmoto.com<\/title>\n<meta name=\"robots\" content=\"index, follow, max-snippet:-1, max-image-preview:large, max-video-preview:-1\" \/>\n<link rel=\"canonical\" href=\"https:\/\/blogs.thesocialmedia.com\/leblogmoto\/2005\/08\/08\/valentino-rossi-3\/\" \/>\n<meta name=\"twitter:card\" content=\"summary_large_image\" \/>\n<meta name=\"twitter:title\" content=\"Valentino Rossi reste chez Yamaha - leblogmoto.com\" \/>\n<meta name=\"twitter:description\" content=\"Alors que certaines mauvaises langues l\u2019annon\u00e7aient partant vers d\u2019autres cieux, Valentino Rossi \u00e0 re-signer chez Yamaha pour l\u2019ann\u00e9e 2006. Cette prolongation de contrat enchante les deux parties puisque Rossi s\u2019exprime en ces termes : \u00ab Je suis si heureux de pouvoir annoncer la suite de ma collaboration avec Yamaha, 2004 a \u00e9t\u00e9 une ann\u00e9e vraiment [&hellip;]\" \/>\n<meta name=\"twitter:image\" content=\"http:\/\/www.leblogmoto.com\/images\/rossi_4.jpg\" \/>\n<meta name=\"twitter:label1\" content=\"\u00c9crit par\" \/>\n\t<meta name=\"twitter:data1\" content=\"vincent vaillant\" \/>\n\t<meta name=\"twitter:label2\" content=\"Dur\u00e9e de lecture estim\u00e9e\" \/>\n\t<meta name=\"twitter:data2\" content=\"1 minute\" \/>\n<script type=\"application\/ld+json\" class=\"yoast-schema-graph\">{\"@context\":\"https:\/\/schema.org\",\"@graph\":[{\"@type\":\"WebPage\",\"@id\":\"https:\/\/blogs.thesocialmedia.com\/leblogmoto\/2005\/08\/08\/valentino-rossi-3\/\",\"url\":\"https:\/\/blogs.thesocialmedia.com\/leblogmoto\/2005\/08\/08\/valentino-rossi-3\/\",\"name\":\"Valentino Rossi reste chez Yamaha - leblogmoto.com\",\"isPartOf\":{\"@id\":\"https:\/\/blogs.thesocialmedia.com\/leblogmoto\/#website\"},\"primaryImageOfPage\":{\"@id\":\"https:\/\/blogs.thesocialmedia.com\/leblogmoto\/2005\/08\/08\/valentino-rossi-3\/#primaryimage\"},\"image\":{\"@id\":\"https:\/\/blogs.thesocialmedia.com\/leblogmoto\/2005\/08\/08\/valentino-rossi-3\/#primaryimage\"},\"thumbnailUrl\":\"http:\/\/www.leblogmoto.com\/images\/rossi_4.jpg\",\"datePublished\":\"2005-08-08T14:23:31+00:00\",\"dateModified\":\"2012-07-11T13:38:10+00:00\",\"author\":{\"@id\":\"https:\/\/blogs.thesocialmedia.com\/leblogmoto\/#\/schema\/person\/80d2a078dbdb8b60abbd76bae6011f19\"},\"breadcrumb\":{\"@id\":\"https:\/\/blogs.thesocialmedia.com\/leblogmoto\/2005\/08\/08\/valentino-rossi-3\/#breadcrumb\"},\"inLanguage\":\"fr-FR\",\"potentialAction\":[{\"@type\":\"ReadAction\",\"target\":[\"https:\/\/blogs.thesocialmedia.com\/leblogmoto\/2005\/08\/08\/valentino-rossi-3\/\"]}]},{\"@type\":\"ImageObject\",\"inLanguage\":\"fr-FR\",\"@id\":\"https:\/\/blogs.thesocialmedia.com\/leblogmoto\/2005\/08\/08\/valentino-rossi-3\/#primaryimage\",\"url\":\"http:\/\/www.leblogmoto.com\/images\/rossi_4.jpg\",\"contentUrl\":\"http:\/\/www.leblogmoto.com\/images\/rossi_4.jpg\"},{\"@type\":\"BreadcrumbList\",\"@id\":\"https:\/\/blogs.thesocialmedia.com\/leblogmoto\/2005\/08\/08\/valentino-rossi-3\/#breadcrumb\",\"itemListElement\":[{\"@type\":\"ListItem\",\"position\":1,\"name\":\"Accueil\",\"item\":\"https:\/\/blogs.thesocialmedia.com\/leblogmoto\/\"},{\"@type\":\"ListItem\",\"position\":2,\"name\":\"Valentino Rossi reste chez Yamaha\"}]},{\"@type\":\"WebSite\",\"@id\":\"https:\/\/blogs.thesocialmedia.com\/leblogmoto\/#website\",\"url\":\"https:\/\/blogs.thesocialmedia.com\/leblogmoto\/\",\"name\":\"leblogmoto\",\"description\":\"Toute l&#039;actualit\u00e9 des 2 roues\",\"potentialAction\":[{\"@type\":\"SearchAction\",\"target\":{\"@type\":\"EntryPoint\",\"urlTemplate\":\"https:\/\/blogs.thesocialmedia.com\/leblogmoto\/?s={search_term_string}\"},\"query-input\":{\"@type\":\"PropertyValueSpecification\",\"valueRequired\":true,\"valueName\":\"search_term_string\"}}],\"inLanguage\":\"fr-FR\"},{\"@type\":\"Person\",\"@id\":\"https:\/\/blogs.thesocialmedia.com\/leblogmoto\/#\/schema\/person\/80d2a078dbdb8b60abbd76bae6011f19\",\"name\":\"vincent vaillant\",\"image\":{\"@type\":\"ImageObject\",\"inLanguage\":\"fr-FR\",\"@id\":\"https:\/\/blogs.thesocialmedia.com\/leblogmoto\/#\/schema\/person\/image\/\",\"url\":\"https:\/\/secure.gravatar.com\/avatar\/?s=96&d=mm&r=g\",\"contentUrl\":\"https:\/\/secure.gravatar.com\/avatar\/?s=96&d=mm&r=g\",\"caption\":\"vincent vaillant\"},\"url\":\"https:\/\/blogs.thesocialmedia.com\/leblogmoto\/author\/vincent-vaillant\/\"}]}<\/script>\n<!-- \/ Yoast SEO plugin. -->","yoast_head_json":{"title":"Valentino Rossi reste chez Yamaha - leblogmoto.com","robots":{"index":"index","follow":"follow","max-snippet":"max-snippet:-1","max-image-preview":"max-image-preview:large","max-video-preview":"max-video-preview:-1"},"canonical":"https:\/\/blogs.thesocialmedia.com\/leblogmoto\/2005\/08\/08\/valentino-rossi-3\/","twitter_card":"summary_large_image","twitter_title":"Valentino Rossi reste chez Yamaha - leblogmoto.com","twitter_description":"Alors que certaines mauvaises langues l\u2019annon\u00e7aient partant vers d\u2019autres cieux, Valentino Rossi \u00e0 re-signer chez Yamaha pour l\u2019ann\u00e9e 2006. Cette prolongation de contrat enchante les deux parties puisque Rossi s\u2019exprime en ces termes : \u00ab Je suis si heureux de pouvoir annoncer la suite de ma collaboration avec Yamaha, 2004 a \u00e9t\u00e9 une ann\u00e9e vraiment [&hellip;]","twitter_image":"http:\/\/www.leblogmoto.com\/images\/rossi_4.jpg","twitter_misc":{"\u00c9crit par":"vincent vaillant","Dur\u00e9e de lecture estim\u00e9e":"1 minute"},"schema":{"@context":"https:\/\/schema.org","@graph":[{"@type":"WebPage","@id":"https:\/\/blogs.thesocialmedia.com\/leblogmoto\/2005\/08\/08\/valentino-rossi-3\/","url":"https:\/\/blogs.thesocialmedia.com\/leblogmoto\/2005\/08\/08\/valentino-rossi-3\/","name":"Valentino Rossi reste chez Yamaha - leblogmoto.com","isPartOf":{"@id":"https:\/\/blogs.thesocialmedia.com\/leblogmoto\/#website"},"primaryImageOfPage":{"@id":"https:\/\/blogs.thesocialmedia.com\/leblogmoto\/2005\/08\/08\/valentino-rossi-3\/#primaryimage"},"image":{"@id":"https:\/\/blogs.thesocialmedia.com\/leblogmoto\/2005\/08\/08\/valentino-rossi-3\/#primaryimage"},"thumbnailUrl":"http:\/\/www.leblogmoto.com\/images\/rossi_4.jpg","datePublished":"2005-08-08T14:23:31+00:00","dateModified":"2012-07-11T13:38:10+00:00","author":{"@id":"https:\/\/blogs.thesocialmedia.com\/leblogmoto\/#\/schema\/person\/80d2a078dbdb8b60abbd76bae6011f19"},"breadcrumb":{"@id":"https:\/\/blogs.thesocialmedia.com\/leblogmoto\/2005\/08\/08\/valentino-rossi-3\/#breadcrumb"},"inLanguage":"fr-FR","potentialAction":[{"@type":"ReadAction","target":["https:\/\/blogs.thesocialmedia.com\/leblogmoto\/2005\/08\/08\/valentino-rossi-3\/"]}]},{"@type":"ImageObject","inLanguage":"fr-FR","@id":"https:\/\/blogs.thesocialmedia.com\/leblogmoto\/2005\/08\/08\/valentino-rossi-3\/#primaryimage","url":"http:\/\/www.leblogmoto.com\/images\/rossi_4.jpg","contentUrl":"http:\/\/www.leblogmoto.com\/images\/rossi_4.jpg"},{"@type":"BreadcrumbList","@id":"https:\/\/blogs.thesocialmedia.com\/leblogmoto\/2005\/08\/08\/valentino-rossi-3\/#breadcrumb","itemListElement":[{"@type":"ListItem","position":1,"name":"Accueil","item":"https:\/\/blogs.thesocialmedia.com\/leblogmoto\/"},{"@type":"ListItem","position":2,"name":"Valentino Rossi reste chez Yamaha"}]},{"@type":"WebSite","@id":"https:\/\/blogs.thesocialmedia.com\/leblogmoto\/#website","url":"https:\/\/blogs.thesocialmedia.com\/leblogmoto\/","name":"leblogmoto","description":"Toute l&#039;actualit\u00e9 des 2 roues","potentialAction":[{"@type":"SearchAction","target":{"@type":"EntryPoint","urlTemplate":"https:\/\/blogs.thesocialmedia.com\/leblogmoto\/?s={search_term_string}"},"query-input":{"@type":"PropertyValueSpecification","valueRequired":true,"valueName":"search_term_string"}}],"inLanguage":"fr-FR"},{"@type":"Person","@id":"https:\/\/blogs.thesocialmedia.com\/leblogmoto\/#\/schema\/person\/80d2a078dbdb8b60abbd76bae6011f19","name":"vincent vaillant","image":{"@type":"ImageObject","inLanguage":"fr-FR","@id":"https:\/\/blogs.thesocialmedia.com\/leblogmoto\/#\/schema\/person\/image\/","url":"https:\/\/secure.gravatar.com\/avatar\/?s=96&d=mm&r=g","contentUrl":"https:\/\/secure.gravatar.com\/avatar\/?s=96&d=mm&r=g","caption":"vincent vaillant"},"url":"https:\/\/blogs.thesocialmedia.com\/leblogmoto\/author\/vincent-vaillant\/"}]}},"_links":{"self":[{"href":"https:\/\/blogs.thesocialmedia.com\/leblogmoto\/wp-json\/wp\/v2\/posts\/2502","targetHints":{"allow":["GET"]}}],"collection":[{"href":"https:\/\/blogs.thesocialmedia.com\/leblogmoto\/wp-json\/wp\/v2\/posts"}],"about":[{"href":"https:\/\/blogs.thesocialmedia.com\/leblogmoto\/wp-json\/wp\/v2\/types\/post"}],"author":[{"embeddable":true,"href":"https:\/\/blogs.thesocialmedia.com\/leblogmoto\/wp-json\/wp\/v2\/users\/338"}],"replies":[{"embeddable":true,"href":"https:\/\/blogs.thesocialmedia.com\/leblogmoto\/wp-json\/wp\/v2\/comments?post=2502"}],"version-history":[{"count":2,"href":"https:\/\/blogs.thesocialmedia.com\/leblogmoto\/wp-json\/wp\/v2\/posts\/2502\/revisions"}],"predecessor-version":[{"id":5509,"href":"https:\/\/blogs.thesocialmedia.com\/leblogmoto\/wp-json\/wp\/v2\/posts\/2502\/revisions\/5509"}],"wp:attachment":[{"href":"https:\/\/blogs.thesocialmedia.com\/leblogmoto\/wp-json\/wp\/v2\/media?parent=2502"}],"wp:term":[{"taxonomy":"category","embeddable":true,"href":"https:\/\/blogs.thesocialmedia.com\/leblogmoto\/wp-json\/wp\/v2\/categories?post=2502"},{"taxonomy":"post_tag","embeddable":true,"href":"https:\/\/blogs.thesocialmedia.com\/leblogmoto\/wp-json\/wp\/v2\/tags?post=2502"}],"curies":[{"name":"wp","href":"https:\/\/api.w.org\/{rel}","templated":true}]}}