{"id":2503,"date":"2005-08-08T14:08:47","date_gmt":"2005-08-08T14:08:47","guid":{"rendered":"http:\/\/blogs.thesocialmedia.com\/leblogmoto\/2005\/08\/08\/tvr-rachte-bene\/"},"modified":"2012-07-11T13:38:08","modified_gmt":"2012-07-11T13:38:08","slug":"tvr-rachte-bene","status":"publish","type":"post","link":"https:\/\/blogs.thesocialmedia.com\/leblogmoto\/2005\/08\/08\/tvr-rachte-bene\/","title":{"rendered":"TVR rach\u00e8te Benelli"},"content":{"rendered":"<p><a href=\"http:\/\/blogs.thesocialmedia.com\/leblogmoto\/files\/2012\/07\/benelli.jpg\"><img loading=\"lazy\" decoding=\"async\" alt=\"Benelli\" src=\"http:\/\/www.leblogmoto.com\/images\/benelli.jpg\" width=\"250\" height=\"256\"  style=\"float: left;margin: 0px 5px 5px 0px\" \/><\/a> S\u2019est \u00e0 pr\u00e9sent officiel, le charismatique r\u00e9cent propri\u00e9taire russe du constructeur anglais <a href=\"http:\/\/www.leblogauto.com\/tvr\/\">TVR<\/a>, Nikolai Smolenski, vient de racheter le constructeur italien de moto Benelli pour un montant non communiqu\u00e9. Cette op\u00e9ration financi\u00e8re semble remonter \u00e0 quelques temps d\u00e9j\u00e0 mais n\u2019appara\u00eet au grand jour qu\u2019aujourd\u2019hui.<br \/> En effet, le constructeur italien \u00e9tait en proie \u00e0 une crise financi\u00e8re depuis pas mal de temps et n\u2019\u00e9tait plus que l\u2019ombre de lui m\u00eame. L\u2019aventure Benelli a commenc\u00e9 en 1911 et a connu son apog\u00e9e dans les ann\u00e9es 70\u2019. Bien loin d\u2019\u00eatre un rachat strat\u00e9gique, il semblerait que cela soit le fruit d\u2019un coup de c\u0153ur pour la marque. Esp\u00e9rons que TVR et Nikolai Smolenski r\u00e9ussissent \u00e0 redresser la barre.<\/p>\n","protected":false},"excerpt":{"rendered":"<p>S\u2019est \u00e0 pr\u00e9sent officiel, le charismatique r\u00e9cent propri\u00e9taire russe du constructeur anglais TVR, Nikolai Smolenski, vient de racheter le constructeur italien de moto Benelli pour un montant non communiqu\u00e9. Cette op\u00e9ration financi\u00e8re semble remonter \u00e0 quelques temps d\u00e9j\u00e0 mais n\u2019appara\u00eet au grand jour qu\u2019aujourd\u2019hui. En effet, le constructeur italien \u00e9tait en proie \u00e0 une crise [&hellip;]<\/p>\n","protected":false},"author":338,"featured_media":0,"comment_status":"open","ping_status":"open","sticky":false,"template":"","format":"standard","meta":{"footnotes":""},"categories":[49],"tags":[],"class_list":["post-2503","post","type-post","status-publish","format-standard","hentry","category-actualites-entreprise"],"yoast_head":"<!-- This site is optimized with the Yoast SEO plugin v26.0 - https:\/\/yoast.com\/wordpress\/plugins\/seo\/ -->\n<title>TVR rach\u00e8te Benelli - leblogmoto.com<\/title>\n<meta name=\"robots\" content=\"index, follow, max-snippet:-1, max-image-preview:large, max-video-preview:-1\" \/>\n<link rel=\"canonical\" href=\"https:\/\/blogs.thesocialmedia.com\/leblogmoto\/2005\/08\/08\/tvr-rachte-bene\/\" \/>\n<meta name=\"twitter:card\" content=\"summary_large_image\" \/>\n<meta name=\"twitter:title\" content=\"TVR rach\u00e8te Benelli - leblogmoto.com\" \/>\n<meta name=\"twitter:description\" content=\"S\u2019est \u00e0 pr\u00e9sent officiel, le charismatique r\u00e9cent propri\u00e9taire russe du constructeur anglais TVR, Nikolai Smolenski, vient de racheter le constructeur italien de moto Benelli pour un montant non communiqu\u00e9. Cette op\u00e9ration financi\u00e8re semble remonter \u00e0 quelques temps d\u00e9j\u00e0 mais n\u2019appara\u00eet au grand jour qu\u2019aujourd\u2019hui. En effet, le constructeur italien \u00e9tait en proie \u00e0 une crise [&hellip;]\" \/>\n<meta name=\"twitter:image\" content=\"http:\/\/www.leblogmoto.com\/images\/benelli.jpg\" \/>\n<meta name=\"twitter:label1\" content=\"\u00c9crit par\" \/>\n\t<meta name=\"twitter:data1\" content=\"vincent vaillant\" \/>\n\t<meta name=\"twitter:label2\" content=\"Dur\u00e9e de lecture estim\u00e9e\" \/>\n\t<meta name=\"twitter:data2\" content=\"1 minute\" \/>\n<script type=\"application\/ld+json\" class=\"yoast-schema-graph\">{\"@context\":\"https:\/\/schema.org\",\"@graph\":[{\"@type\":\"WebPage\",\"@id\":\"https:\/\/blogs.thesocialmedia.com\/leblogmoto\/2005\/08\/08\/tvr-rachte-bene\/\",\"url\":\"https:\/\/blogs.thesocialmedia.com\/leblogmoto\/2005\/08\/08\/tvr-rachte-bene\/\",\"name\":\"TVR rach\u00e8te Benelli - leblogmoto.com\",\"isPartOf\":{\"@id\":\"https:\/\/blogs.thesocialmedia.com\/leblogmoto\/#website\"},\"primaryImageOfPage\":{\"@id\":\"https:\/\/blogs.thesocialmedia.com\/leblogmoto\/2005\/08\/08\/tvr-rachte-bene\/#primaryimage\"},\"image\":{\"@id\":\"https:\/\/blogs.thesocialmedia.com\/leblogmoto\/2005\/08\/08\/tvr-rachte-bene\/#primaryimage\"},\"thumbnailUrl\":\"http:\/\/www.leblogmoto.com\/images\/benelli.jpg\",\"datePublished\":\"2005-08-08T14:08:47+00:00\",\"dateModified\":\"2012-07-11T13:38:08+00:00\",\"author\":{\"@id\":\"https:\/\/blogs.thesocialmedia.com\/leblogmoto\/#\/schema\/person\/80d2a078dbdb8b60abbd76bae6011f19\"},\"breadcrumb\":{\"@id\":\"https:\/\/blogs.thesocialmedia.com\/leblogmoto\/2005\/08\/08\/tvr-rachte-bene\/#breadcrumb\"},\"inLanguage\":\"fr-FR\",\"potentialAction\":[{\"@type\":\"ReadAction\",\"target\":[\"https:\/\/blogs.thesocialmedia.com\/leblogmoto\/2005\/08\/08\/tvr-rachte-bene\/\"]}]},{\"@type\":\"ImageObject\",\"inLanguage\":\"fr-FR\",\"@id\":\"https:\/\/blogs.thesocialmedia.com\/leblogmoto\/2005\/08\/08\/tvr-rachte-bene\/#primaryimage\",\"url\":\"http:\/\/www.leblogmoto.com\/images\/benelli.jpg\",\"contentUrl\":\"http:\/\/www.leblogmoto.com\/images\/benelli.jpg\"},{\"@type\":\"BreadcrumbList\",\"@id\":\"https:\/\/blogs.thesocialmedia.com\/leblogmoto\/2005\/08\/08\/tvr-rachte-bene\/#breadcrumb\",\"itemListElement\":[{\"@type\":\"ListItem\",\"position\":1,\"name\":\"Accueil\",\"item\":\"https:\/\/blogs.thesocialmedia.com\/leblogmoto\/\"},{\"@type\":\"ListItem\",\"position\":2,\"name\":\"TVR rach\u00e8te Benelli\"}]},{\"@type\":\"WebSite\",\"@id\":\"https:\/\/blogs.thesocialmedia.com\/leblogmoto\/#website\",\"url\":\"https:\/\/blogs.thesocialmedia.com\/leblogmoto\/\",\"name\":\"leblogmoto\",\"description\":\"Toute l&#039;actualit\u00e9 des 2 roues\",\"potentialAction\":[{\"@type\":\"SearchAction\",\"target\":{\"@type\":\"EntryPoint\",\"urlTemplate\":\"https:\/\/blogs.thesocialmedia.com\/leblogmoto\/?s={search_term_string}\"},\"query-input\":{\"@type\":\"PropertyValueSpecification\",\"valueRequired\":true,\"valueName\":\"search_term_string\"}}],\"inLanguage\":\"fr-FR\"},{\"@type\":\"Person\",\"@id\":\"https:\/\/blogs.thesocialmedia.com\/leblogmoto\/#\/schema\/person\/80d2a078dbdb8b60abbd76bae6011f19\",\"name\":\"vincent vaillant\",\"image\":{\"@type\":\"ImageObject\",\"inLanguage\":\"fr-FR\",\"@id\":\"https:\/\/blogs.thesocialmedia.com\/leblogmoto\/#\/schema\/person\/image\/\",\"url\":\"https:\/\/secure.gravatar.com\/avatar\/?s=96&d=mm&r=g\",\"contentUrl\":\"https:\/\/secure.gravatar.com\/avatar\/?s=96&d=mm&r=g\",\"caption\":\"vincent vaillant\"},\"url\":\"https:\/\/blogs.thesocialmedia.com\/leblogmoto\/author\/vincent-vaillant\/\"}]}<\/script>\n<!-- \/ Yoast SEO plugin. -->","yoast_head_json":{"title":"TVR rach\u00e8te Benelli - leblogmoto.com","robots":{"index":"index","follow":"follow","max-snippet":"max-snippet:-1","max-image-preview":"max-image-preview:large","max-video-preview":"max-video-preview:-1"},"canonical":"https:\/\/blogs.thesocialmedia.com\/leblogmoto\/2005\/08\/08\/tvr-rachte-bene\/","twitter_card":"summary_large_image","twitter_title":"TVR rach\u00e8te Benelli - leblogmoto.com","twitter_description":"S\u2019est \u00e0 pr\u00e9sent officiel, le charismatique r\u00e9cent propri\u00e9taire russe du constructeur anglais TVR, Nikolai Smolenski, vient de racheter le constructeur italien de moto Benelli pour un montant non communiqu\u00e9. Cette op\u00e9ration financi\u00e8re semble remonter \u00e0 quelques temps d\u00e9j\u00e0 mais n\u2019appara\u00eet au grand jour qu\u2019aujourd\u2019hui. En effet, le constructeur italien \u00e9tait en proie \u00e0 une crise [&hellip;]","twitter_image":"http:\/\/www.leblogmoto.com\/images\/benelli.jpg","twitter_misc":{"\u00c9crit par":"vincent vaillant","Dur\u00e9e de lecture estim\u00e9e":"1 minute"},"schema":{"@context":"https:\/\/schema.org","@graph":[{"@type":"WebPage","@id":"https:\/\/blogs.thesocialmedia.com\/leblogmoto\/2005\/08\/08\/tvr-rachte-bene\/","url":"https:\/\/blogs.thesocialmedia.com\/leblogmoto\/2005\/08\/08\/tvr-rachte-bene\/","name":"TVR rach\u00e8te Benelli - leblogmoto.com","isPartOf":{"@id":"https:\/\/blogs.thesocialmedia.com\/leblogmoto\/#website"},"primaryImageOfPage":{"@id":"https:\/\/blogs.thesocialmedia.com\/leblogmoto\/2005\/08\/08\/tvr-rachte-bene\/#primaryimage"},"image":{"@id":"https:\/\/blogs.thesocialmedia.com\/leblogmoto\/2005\/08\/08\/tvr-rachte-bene\/#primaryimage"},"thumbnailUrl":"http:\/\/www.leblogmoto.com\/images\/benelli.jpg","datePublished":"2005-08-08T14:08:47+00:00","dateModified":"2012-07-11T13:38:08+00:00","author":{"@id":"https:\/\/blogs.thesocialmedia.com\/leblogmoto\/#\/schema\/person\/80d2a078dbdb8b60abbd76bae6011f19"},"breadcrumb":{"@id":"https:\/\/blogs.thesocialmedia.com\/leblogmoto\/2005\/08\/08\/tvr-rachte-bene\/#breadcrumb"},"inLanguage":"fr-FR","potentialAction":[{"@type":"ReadAction","target":["https:\/\/blogs.thesocialmedia.com\/leblogmoto\/2005\/08\/08\/tvr-rachte-bene\/"]}]},{"@type":"ImageObject","inLanguage":"fr-FR","@id":"https:\/\/blogs.thesocialmedia.com\/leblogmoto\/2005\/08\/08\/tvr-rachte-bene\/#primaryimage","url":"http:\/\/www.leblogmoto.com\/images\/benelli.jpg","contentUrl":"http:\/\/www.leblogmoto.com\/images\/benelli.jpg"},{"@type":"BreadcrumbList","@id":"https:\/\/blogs.thesocialmedia.com\/leblogmoto\/2005\/08\/08\/tvr-rachte-bene\/#breadcrumb","itemListElement":[{"@type":"ListItem","position":1,"name":"Accueil","item":"https:\/\/blogs.thesocialmedia.com\/leblogmoto\/"},{"@type":"ListItem","position":2,"name":"TVR rach\u00e8te Benelli"}]},{"@type":"WebSite","@id":"https:\/\/blogs.thesocialmedia.com\/leblogmoto\/#website","url":"https:\/\/blogs.thesocialmedia.com\/leblogmoto\/","name":"leblogmoto","description":"Toute l&#039;actualit\u00e9 des 2 roues","potentialAction":[{"@type":"SearchAction","target":{"@type":"EntryPoint","urlTemplate":"https:\/\/blogs.thesocialmedia.com\/leblogmoto\/?s={search_term_string}"},"query-input":{"@type":"PropertyValueSpecification","valueRequired":true,"valueName":"search_term_string"}}],"inLanguage":"fr-FR"},{"@type":"Person","@id":"https:\/\/blogs.thesocialmedia.com\/leblogmoto\/#\/schema\/person\/80d2a078dbdb8b60abbd76bae6011f19","name":"vincent vaillant","image":{"@type":"ImageObject","inLanguage":"fr-FR","@id":"https:\/\/blogs.thesocialmedia.com\/leblogmoto\/#\/schema\/person\/image\/","url":"https:\/\/secure.gravatar.com\/avatar\/?s=96&d=mm&r=g","contentUrl":"https:\/\/secure.gravatar.com\/avatar\/?s=96&d=mm&r=g","caption":"vincent vaillant"},"url":"https:\/\/blogs.thesocialmedia.com\/leblogmoto\/author\/vincent-vaillant\/"}]}},"_links":{"self":[{"href":"https:\/\/blogs.thesocialmedia.com\/leblogmoto\/wp-json\/wp\/v2\/posts\/2503","targetHints":{"allow":["GET"]}}],"collection":[{"href":"https:\/\/blogs.thesocialmedia.com\/leblogmoto\/wp-json\/wp\/v2\/posts"}],"about":[{"href":"https:\/\/blogs.thesocialmedia.com\/leblogmoto\/wp-json\/wp\/v2\/types\/post"}],"author":[{"embeddable":true,"href":"https:\/\/blogs.thesocialmedia.com\/leblogmoto\/wp-json\/wp\/v2\/users\/338"}],"replies":[{"embeddable":true,"href":"https:\/\/blogs.thesocialmedia.com\/leblogmoto\/wp-json\/wp\/v2\/comments?post=2503"}],"version-history":[{"count":2,"href":"https:\/\/blogs.thesocialmedia.com\/leblogmoto\/wp-json\/wp\/v2\/posts\/2503\/revisions"}],"predecessor-version":[{"id":5507,"href":"https:\/\/blogs.thesocialmedia.com\/leblogmoto\/wp-json\/wp\/v2\/posts\/2503\/revisions\/5507"}],"wp:attachment":[{"href":"https:\/\/blogs.thesocialmedia.com\/leblogmoto\/wp-json\/wp\/v2\/media?parent=2503"}],"wp:term":[{"taxonomy":"category","embeddable":true,"href":"https:\/\/blogs.thesocialmedia.com\/leblogmoto\/wp-json\/wp\/v2\/categories?post=2503"},{"taxonomy":"post_tag","embeddable":true,"href":"https:\/\/blogs.thesocialmedia.com\/leblogmoto\/wp-json\/wp\/v2\/tags?post=2503"}],"curies":[{"name":"wp","href":"https:\/\/api.w.org\/{rel}","templated":true}]}}