{"id":2508,"date":"2005-07-20T17:34:34","date_gmt":"2005-07-20T17:34:34","guid":{"rendered":"http:\/\/blogs.thesocialmedia.com\/leblogmoto\/2005\/07\/20\/mondial-piega-e\/"},"modified":"2012-07-11T13:37:48","modified_gmt":"2012-07-11T13:37:48","slug":"mondial-piega-e","status":"publish","type":"post","link":"https:\/\/blogs.thesocialmedia.com\/leblogmoto\/2005\/07\/20\/mondial-piega-e\/","title":{"rendered":"Mondial Piega Evo Ziletti"},"content":{"rendered":"<p><a href=\"http:\/\/blogs.thesocialmedia.com\/leblogmoto\/files\/2012\/07\/logo_mondial.jpg\"><img loading=\"lazy\" decoding=\"async\" height=\"174\" alt=\"Logo_mondial\" src=\"http:\/\/www.leblogmoto.com\/images\/logo_mondial.jpg\" width=\"249\"  \/><\/a> Afin de f\u00eater la renaissance de la marque italienne Mondial (voir cet article), une s\u00e9rie limit\u00e9e a \u00e9t\u00e9 \u00e9dit\u00e9 \u00e0 100 motos sous le nom de Mondial Piega Evo Ziletti.<br \/>M\u00eame si aucune photo n&rsquo;a encore filtr\u00e9, elle devrait se diff\u00e9rencier de <a href=\"http:\/\/www.leblogmoto.com\/2005\/07\/mondial_piega_e_1.html\">la Piega Evo<\/a> uniquement par 3 logos : un sur le r\u00e9servoir et un sur chaque aile, une plaque num\u00e9rot\u00e9e, un certificat d\u2019authenticit\u00e9 comprenant la signature du technicien qui a assembl\u00e9 la moto \u00e0 la main, une couleur sp\u00e9ciale et un pack comprenant un livre &lsquo;History Of The Piega&rsquo; avec sa pochette en cuir, une couverture brod\u00e9e, un billet aller\/retour pour visiter l\u2019usine et participer \u00e0 cours de pilotage, 3 jours d\u2019h\u00f4tel tout compris, un DVD sur la marque, et quelques autres attentions particuli\u00e8res qui raviront les 100 heureux propri\u00e9taires. Tout ceci se d\u00e9roulera en octobre 2006 et sera relay\u00e9 par la Presse, il y aura certainement des invit\u00e9s d\u2019honneur et autres stars.<br \/>Pour r\u00e9server votre Piega Ziletti, il vous suffira de vous connecter sur <a href=\"http:\/\/www.mondialmoto.it\/\">le site Internet du constructeur<\/a> qui ouvrira ses portes en novembre prochain et de d\u00e9bourser la coquette somme de 28 000 \u20ac.<\/p>\n","protected":false},"excerpt":{"rendered":"<p>Afin de f\u00eater la renaissance de la marque italienne Mondial (voir cet article), une s\u00e9rie limit\u00e9e a \u00e9t\u00e9 \u00e9dit\u00e9 \u00e0 100 motos sous le nom de Mondial Piega Evo Ziletti.M\u00eame si aucune photo n&rsquo;a encore filtr\u00e9, elle devrait se diff\u00e9rencier de la Piega Evo uniquement par 3 logos : un sur le r\u00e9servoir et un [&hellip;]<\/p>\n","protected":false},"author":338,"featured_media":0,"comment_status":"open","ping_status":"open","sticky":false,"template":"","format":"standard","meta":{"footnotes":""},"categories":[88],"tags":[],"class_list":["post-2508","post","type-post","status-publish","format-standard","hentry","category-mondial"],"yoast_head":"<!-- This site is optimized with the Yoast SEO plugin v26.0 - https:\/\/yoast.com\/wordpress\/plugins\/seo\/ -->\n<title>Mondial Piega Evo Ziletti - leblogmoto.com<\/title>\n<meta name=\"robots\" content=\"index, follow, max-snippet:-1, max-image-preview:large, max-video-preview:-1\" \/>\n<link rel=\"canonical\" href=\"https:\/\/blogs.thesocialmedia.com\/leblogmoto\/2005\/07\/20\/mondial-piega-e\/\" \/>\n<meta name=\"twitter:card\" content=\"summary_large_image\" \/>\n<meta name=\"twitter:title\" content=\"Mondial Piega Evo Ziletti - leblogmoto.com\" \/>\n<meta name=\"twitter:description\" content=\"Afin de f\u00eater la renaissance de la marque italienne Mondial (voir cet article), une s\u00e9rie limit\u00e9e a \u00e9t\u00e9 \u00e9dit\u00e9 \u00e0 100 motos sous le nom de Mondial Piega Evo Ziletti.M\u00eame si aucune photo n&rsquo;a encore filtr\u00e9, elle devrait se diff\u00e9rencier de la Piega Evo uniquement par 3 logos : un sur le r\u00e9servoir et un [&hellip;]\" \/>\n<meta name=\"twitter:image\" content=\"http:\/\/www.leblogmoto.com\/images\/logo_mondial.jpg\" \/>\n<meta name=\"twitter:label1\" content=\"\u00c9crit par\" \/>\n\t<meta name=\"twitter:data1\" content=\"vincent vaillant\" \/>\n\t<meta name=\"twitter:label2\" content=\"Dur\u00e9e de lecture estim\u00e9e\" \/>\n\t<meta name=\"twitter:data2\" content=\"1 minute\" \/>\n<script type=\"application\/ld+json\" class=\"yoast-schema-graph\">{\"@context\":\"https:\/\/schema.org\",\"@graph\":[{\"@type\":\"WebPage\",\"@id\":\"https:\/\/blogs.thesocialmedia.com\/leblogmoto\/2005\/07\/20\/mondial-piega-e\/\",\"url\":\"https:\/\/blogs.thesocialmedia.com\/leblogmoto\/2005\/07\/20\/mondial-piega-e\/\",\"name\":\"Mondial Piega Evo Ziletti - leblogmoto.com\",\"isPartOf\":{\"@id\":\"https:\/\/blogs.thesocialmedia.com\/leblogmoto\/#website\"},\"primaryImageOfPage\":{\"@id\":\"https:\/\/blogs.thesocialmedia.com\/leblogmoto\/2005\/07\/20\/mondial-piega-e\/#primaryimage\"},\"image\":{\"@id\":\"https:\/\/blogs.thesocialmedia.com\/leblogmoto\/2005\/07\/20\/mondial-piega-e\/#primaryimage\"},\"thumbnailUrl\":\"http:\/\/www.leblogmoto.com\/images\/logo_mondial.jpg\",\"datePublished\":\"2005-07-20T17:34:34+00:00\",\"dateModified\":\"2012-07-11T13:37:48+00:00\",\"author\":{\"@id\":\"https:\/\/blogs.thesocialmedia.com\/leblogmoto\/#\/schema\/person\/80d2a078dbdb8b60abbd76bae6011f19\"},\"breadcrumb\":{\"@id\":\"https:\/\/blogs.thesocialmedia.com\/leblogmoto\/2005\/07\/20\/mondial-piega-e\/#breadcrumb\"},\"inLanguage\":\"fr-FR\",\"potentialAction\":[{\"@type\":\"ReadAction\",\"target\":[\"https:\/\/blogs.thesocialmedia.com\/leblogmoto\/2005\/07\/20\/mondial-piega-e\/\"]}]},{\"@type\":\"ImageObject\",\"inLanguage\":\"fr-FR\",\"@id\":\"https:\/\/blogs.thesocialmedia.com\/leblogmoto\/2005\/07\/20\/mondial-piega-e\/#primaryimage\",\"url\":\"http:\/\/www.leblogmoto.com\/images\/logo_mondial.jpg\",\"contentUrl\":\"http:\/\/www.leblogmoto.com\/images\/logo_mondial.jpg\"},{\"@type\":\"BreadcrumbList\",\"@id\":\"https:\/\/blogs.thesocialmedia.com\/leblogmoto\/2005\/07\/20\/mondial-piega-e\/#breadcrumb\",\"itemListElement\":[{\"@type\":\"ListItem\",\"position\":1,\"name\":\"Accueil\",\"item\":\"https:\/\/blogs.thesocialmedia.com\/leblogmoto\/\"},{\"@type\":\"ListItem\",\"position\":2,\"name\":\"Mondial Piega Evo Ziletti\"}]},{\"@type\":\"WebSite\",\"@id\":\"https:\/\/blogs.thesocialmedia.com\/leblogmoto\/#website\",\"url\":\"https:\/\/blogs.thesocialmedia.com\/leblogmoto\/\",\"name\":\"leblogmoto\",\"description\":\"Toute l&#039;actualit\u00e9 des 2 roues\",\"potentialAction\":[{\"@type\":\"SearchAction\",\"target\":{\"@type\":\"EntryPoint\",\"urlTemplate\":\"https:\/\/blogs.thesocialmedia.com\/leblogmoto\/?s={search_term_string}\"},\"query-input\":{\"@type\":\"PropertyValueSpecification\",\"valueRequired\":true,\"valueName\":\"search_term_string\"}}],\"inLanguage\":\"fr-FR\"},{\"@type\":\"Person\",\"@id\":\"https:\/\/blogs.thesocialmedia.com\/leblogmoto\/#\/schema\/person\/80d2a078dbdb8b60abbd76bae6011f19\",\"name\":\"vincent vaillant\",\"image\":{\"@type\":\"ImageObject\",\"inLanguage\":\"fr-FR\",\"@id\":\"https:\/\/blogs.thesocialmedia.com\/leblogmoto\/#\/schema\/person\/image\/\",\"url\":\"https:\/\/secure.gravatar.com\/avatar\/?s=96&d=mm&r=g\",\"contentUrl\":\"https:\/\/secure.gravatar.com\/avatar\/?s=96&d=mm&r=g\",\"caption\":\"vincent vaillant\"},\"url\":\"https:\/\/blogs.thesocialmedia.com\/leblogmoto\/author\/vincent-vaillant\/\"}]}<\/script>\n<!-- \/ Yoast SEO plugin. -->","yoast_head_json":{"title":"Mondial Piega Evo Ziletti - leblogmoto.com","robots":{"index":"index","follow":"follow","max-snippet":"max-snippet:-1","max-image-preview":"max-image-preview:large","max-video-preview":"max-video-preview:-1"},"canonical":"https:\/\/blogs.thesocialmedia.com\/leblogmoto\/2005\/07\/20\/mondial-piega-e\/","twitter_card":"summary_large_image","twitter_title":"Mondial Piega Evo Ziletti - leblogmoto.com","twitter_description":"Afin de f\u00eater la renaissance de la marque italienne Mondial (voir cet article), une s\u00e9rie limit\u00e9e a \u00e9t\u00e9 \u00e9dit\u00e9 \u00e0 100 motos sous le nom de Mondial Piega Evo Ziletti.M\u00eame si aucune photo n&rsquo;a encore filtr\u00e9, elle devrait se diff\u00e9rencier de la Piega Evo uniquement par 3 logos : un sur le r\u00e9servoir et un [&hellip;]","twitter_image":"http:\/\/www.leblogmoto.com\/images\/logo_mondial.jpg","twitter_misc":{"\u00c9crit par":"vincent vaillant","Dur\u00e9e de lecture estim\u00e9e":"1 minute"},"schema":{"@context":"https:\/\/schema.org","@graph":[{"@type":"WebPage","@id":"https:\/\/blogs.thesocialmedia.com\/leblogmoto\/2005\/07\/20\/mondial-piega-e\/","url":"https:\/\/blogs.thesocialmedia.com\/leblogmoto\/2005\/07\/20\/mondial-piega-e\/","name":"Mondial Piega Evo Ziletti - leblogmoto.com","isPartOf":{"@id":"https:\/\/blogs.thesocialmedia.com\/leblogmoto\/#website"},"primaryImageOfPage":{"@id":"https:\/\/blogs.thesocialmedia.com\/leblogmoto\/2005\/07\/20\/mondial-piega-e\/#primaryimage"},"image":{"@id":"https:\/\/blogs.thesocialmedia.com\/leblogmoto\/2005\/07\/20\/mondial-piega-e\/#primaryimage"},"thumbnailUrl":"http:\/\/www.leblogmoto.com\/images\/logo_mondial.jpg","datePublished":"2005-07-20T17:34:34+00:00","dateModified":"2012-07-11T13:37:48+00:00","author":{"@id":"https:\/\/blogs.thesocialmedia.com\/leblogmoto\/#\/schema\/person\/80d2a078dbdb8b60abbd76bae6011f19"},"breadcrumb":{"@id":"https:\/\/blogs.thesocialmedia.com\/leblogmoto\/2005\/07\/20\/mondial-piega-e\/#breadcrumb"},"inLanguage":"fr-FR","potentialAction":[{"@type":"ReadAction","target":["https:\/\/blogs.thesocialmedia.com\/leblogmoto\/2005\/07\/20\/mondial-piega-e\/"]}]},{"@type":"ImageObject","inLanguage":"fr-FR","@id":"https:\/\/blogs.thesocialmedia.com\/leblogmoto\/2005\/07\/20\/mondial-piega-e\/#primaryimage","url":"http:\/\/www.leblogmoto.com\/images\/logo_mondial.jpg","contentUrl":"http:\/\/www.leblogmoto.com\/images\/logo_mondial.jpg"},{"@type":"BreadcrumbList","@id":"https:\/\/blogs.thesocialmedia.com\/leblogmoto\/2005\/07\/20\/mondial-piega-e\/#breadcrumb","itemListElement":[{"@type":"ListItem","position":1,"name":"Accueil","item":"https:\/\/blogs.thesocialmedia.com\/leblogmoto\/"},{"@type":"ListItem","position":2,"name":"Mondial Piega Evo Ziletti"}]},{"@type":"WebSite","@id":"https:\/\/blogs.thesocialmedia.com\/leblogmoto\/#website","url":"https:\/\/blogs.thesocialmedia.com\/leblogmoto\/","name":"leblogmoto","description":"Toute l&#039;actualit\u00e9 des 2 roues","potentialAction":[{"@type":"SearchAction","target":{"@type":"EntryPoint","urlTemplate":"https:\/\/blogs.thesocialmedia.com\/leblogmoto\/?s={search_term_string}"},"query-input":{"@type":"PropertyValueSpecification","valueRequired":true,"valueName":"search_term_string"}}],"inLanguage":"fr-FR"},{"@type":"Person","@id":"https:\/\/blogs.thesocialmedia.com\/leblogmoto\/#\/schema\/person\/80d2a078dbdb8b60abbd76bae6011f19","name":"vincent vaillant","image":{"@type":"ImageObject","inLanguage":"fr-FR","@id":"https:\/\/blogs.thesocialmedia.com\/leblogmoto\/#\/schema\/person\/image\/","url":"https:\/\/secure.gravatar.com\/avatar\/?s=96&d=mm&r=g","contentUrl":"https:\/\/secure.gravatar.com\/avatar\/?s=96&d=mm&r=g","caption":"vincent vaillant"},"url":"https:\/\/blogs.thesocialmedia.com\/leblogmoto\/author\/vincent-vaillant\/"}]}},"_links":{"self":[{"href":"https:\/\/blogs.thesocialmedia.com\/leblogmoto\/wp-json\/wp\/v2\/posts\/2508","targetHints":{"allow":["GET"]}}],"collection":[{"href":"https:\/\/blogs.thesocialmedia.com\/leblogmoto\/wp-json\/wp\/v2\/posts"}],"about":[{"href":"https:\/\/blogs.thesocialmedia.com\/leblogmoto\/wp-json\/wp\/v2\/types\/post"}],"author":[{"embeddable":true,"href":"https:\/\/blogs.thesocialmedia.com\/leblogmoto\/wp-json\/wp\/v2\/users\/338"}],"replies":[{"embeddable":true,"href":"https:\/\/blogs.thesocialmedia.com\/leblogmoto\/wp-json\/wp\/v2\/comments?post=2508"}],"version-history":[{"count":2,"href":"https:\/\/blogs.thesocialmedia.com\/leblogmoto\/wp-json\/wp\/v2\/posts\/2508\/revisions"}],"predecessor-version":[{"id":5493,"href":"https:\/\/blogs.thesocialmedia.com\/leblogmoto\/wp-json\/wp\/v2\/posts\/2508\/revisions\/5493"}],"wp:attachment":[{"href":"https:\/\/blogs.thesocialmedia.com\/leblogmoto\/wp-json\/wp\/v2\/media?parent=2508"}],"wp:term":[{"taxonomy":"category","embeddable":true,"href":"https:\/\/blogs.thesocialmedia.com\/leblogmoto\/wp-json\/wp\/v2\/categories?post=2508"},{"taxonomy":"post_tag","embeddable":true,"href":"https:\/\/blogs.thesocialmedia.com\/leblogmoto\/wp-json\/wp\/v2\/tags?post=2508"}],"curies":[{"name":"wp","href":"https:\/\/api.w.org\/{rel}","templated":true}]}}