{"id":251,"date":"2009-02-22T23:06:45","date_gmt":"2009-02-22T23:06:45","guid":{"rendered":"http:\/\/blogs.thesocialmedia.com\/leblogmoto\/2009\/02\/22\/vendre-teutul-c\/"},"modified":"2012-07-11T17:08:05","modified_gmt":"2012-07-11T17:08:05","slug":"vendre-teutul-c","status":"publish","type":"post","link":"https:\/\/blogs.thesocialmedia.com\/leblogmoto\/2009\/02\/22\/vendre-teutul-c\/","title":{"rendered":"Vendre Teutul comme un gourou des affaires. Et pourquoi pas ?"},"content":{"rendered":"<p><a href=\"http:\/\/blogs.thesocialmedia.com\/leblogmoto\/files\/2012\/07\/moto_livre_occ.jpg\"><img loading=\"lazy\" decoding=\"async\"  alt=\"Moto_livre_occ\" src=\"http:\/\/www.leblogmoto.com\/images\/2009\/02\/22\/moto_livre_occ.jpg\" width=\"470\" height=\"470\" \/><\/a> <\/p>\n<p>J&rsquo;ai d\u00e9j\u00e0 dit ici ce que je pensais de Orange County Choppers, j&rsquo;ai bien envie d&rsquo;en rajouter une couche (de peinture color\u00e9e avec des flammes de l&rsquo;enfer et tout&#8230;). Je reste persuad\u00e9 que l&rsquo;on peut r\u00e9aliser de tr\u00e8s belles b\u00e9canes issues des r\u00eaves des bikers de mani\u00e8re industrielle, et dans certaines de ses gammes, Harley en sort chaque jour de ses usines. Sans parler de la Rocket III de Triumph. Mais il y a un domaine particulier o\u00f9 je f\u00e9licite l&rsquo;homme aux favoris folkloriques et son fils Paulie, c&rsquo;est dans la r\u00e9ussite en affaires. Et en l&rsquo;esp\u00e8ce, nous ne pouvions pas passer \u00e0 c\u00f4t\u00e9 de ce <a href=\"http:\/\/www.amazon.com\/Ride-Lifetime-Business-Orange-Choppers\/dp\/0470449977\/ref=sr_1_210?ie=UTF8&amp;s=books&amp;qid=1235325906&amp;sr=1-210\">livre<\/a> de Mark Yost, qui sort d\u00e9but mars. Dans la pl\u00e9thore d&rsquo;ouvrages publi\u00e9s chaque ann\u00e9e sur les <em>success stories<\/em>, m\u00eame en p\u00e9riode de crise, autant s&rsquo;int\u00e9resser \u00e0 quelqu&rsquo;un qui partage votre passion pour les deux-roues. M\u00eame avec exc\u00e8s. M\u00eame si la fourche de certaines de ses b\u00e9canes rendrait jaloux la fl\u00e8che d&rsquo;une grue, ou si la position au guidon transforme une Fire Bike en \u00e9tendoir pour s\u00e9cher vos aisselles. Sans compter la prise au vent. Et dire qu&rsquo;apr\u00e8s \u00e7a, certains moquent la prise au vent lat\u00e9ral des jantes d&rsquo;un Vrod. Ou se plaignent en a\u00e9rodynamique de la surface frontale qu&rsquo;offre un bon bicylindre \u00e0 plat de B\u00e9h\u00e8me. Mais revenons \u00e0 nos moustaches. Car Teutul Senior a quand m\u00eame transform\u00e9 ce qui n&rsquo;\u00e9tait qu&rsquo;une passion dans l&rsquo;atelier \u00e0 c\u00f4t\u00e9 de l&rsquo;entreprise familiale d&rsquo;acier, en entreprise extr\u00eamement rentable dont les mod\u00e8les sont vendus sur les cinq continents. <\/p>\n<p>Oui, en fait deux continents si on y regarde bien: Etats-Unis, Canada et Europe. Debut\u00e9 en 1999 avec sa moto True Blue qu&rsquo;il pr\u00e9sente \u00e0 la Bikerfestn l&rsquo;entreprise emploie \u00e0 l&rsquo;heure actuelle plus de 70 personnes, qui pemettent d&rsquo;assembler 150 motos en cadence annuelle. Des b\u00e9canes fort bien r\u00e9alis\u00e9es comme l&rsquo;Orange Bike.<\/p>\n<p>Au del\u00e0 de l&rsquo;aspect profitable de l&rsquo;entreprise, avec des motos \u00e0 30.000 $ (pour les tout premiers prix !), je me demande si la v\u00e9ritable r\u00e9ussite de notre tatou\u00e9 amateur de mastiffs, n&rsquo;aura pas \u00e9t\u00e9 de transformer son atelier en entreprise multinationale. Tout en gardant son aspect artisanal et l&rsquo;esprit <em>biker<\/em>. Quand on regarde l&rsquo;\u00e9volution de ses concurrents, c&rsquo;est un vrai tour de force que celui-ci. C&rsquo;est peut-\u00eatre ce que Senior pense, quand, loin des cam\u00e9ras de t\u00e9l\u00e9vision qui montrent surtout l&rsquo;aspect bourru et dur en affaires du personnage, il pense \u00e0 sa future b\u00e9cane, dans son si\u00e8ge de Newburgh.<\/p>\n<p><em>The Ride of a Lifetime<\/em> sous-titr\u00e9 <em>Doing Business The Orange County Choppers Way<\/em> est vendu \u00e0 un peu plus de 16 dollars chez Amazon.com.<\/p>\n","protected":false},"excerpt":{"rendered":"<p>J&rsquo;ai d\u00e9j\u00e0 dit ici ce que je pensais de Orange County Choppers, j&rsquo;ai bien envie d&rsquo;en rajouter une couche (de peinture color\u00e9e avec des flammes de l&rsquo;enfer et tout&#8230;). Je reste persuad\u00e9 que l&rsquo;on peut r\u00e9aliser de tr\u00e8s belles b\u00e9canes issues des r\u00eaves des bikers de mani\u00e8re industrielle, et dans certaines de ses gammes, Harley [&hellip;]<\/p>\n","protected":false},"author":324,"featured_media":0,"comment_status":"open","ping_status":"open","sticky":false,"template":"","format":"standard","meta":{"footnotes":""},"categories":[15],"tags":[],"class_list":["post-251","post","type-post","status-publish","format-standard","hentry","category-livres"],"yoast_head":"<!-- This site is optimized with the Yoast SEO plugin v26.0 - https:\/\/yoast.com\/wordpress\/plugins\/seo\/ -->\n<title>Vendre Teutul comme un gourou des affaires. Et pourquoi pas ? - leblogmoto.com<\/title>\n<meta name=\"robots\" content=\"index, follow, max-snippet:-1, max-image-preview:large, max-video-preview:-1\" \/>\n<link rel=\"canonical\" href=\"https:\/\/blogs.thesocialmedia.com\/leblogmoto\/2009\/02\/22\/vendre-teutul-c\/\" \/>\n<meta name=\"twitter:card\" content=\"summary_large_image\" \/>\n<meta name=\"twitter:title\" content=\"Vendre Teutul comme un gourou des affaires. Et pourquoi pas ? - leblogmoto.com\" \/>\n<meta name=\"twitter:description\" content=\"J&rsquo;ai d\u00e9j\u00e0 dit ici ce que je pensais de Orange County Choppers, j&rsquo;ai bien envie d&rsquo;en rajouter une couche (de peinture color\u00e9e avec des flammes de l&rsquo;enfer et tout&#8230;). Je reste persuad\u00e9 que l&rsquo;on peut r\u00e9aliser de tr\u00e8s belles b\u00e9canes issues des r\u00eaves des bikers de mani\u00e8re industrielle, et dans certaines de ses gammes, Harley [&hellip;]\" \/>\n<meta name=\"twitter:image\" content=\"http:\/\/www.leblogmoto.com\/images\/2009\/02\/22\/moto_livre_occ.jpg\" \/>\n<meta name=\"twitter:label1\" content=\"\u00c9crit par\" \/>\n\t<meta name=\"twitter:data1\" content=\"benoit rieu\" \/>\n\t<meta name=\"twitter:label2\" content=\"Dur\u00e9e de lecture estim\u00e9e\" \/>\n\t<meta name=\"twitter:data2\" content=\"2 minutes\" \/>\n<script type=\"application\/ld+json\" class=\"yoast-schema-graph\">{\"@context\":\"https:\/\/schema.org\",\"@graph\":[{\"@type\":\"WebPage\",\"@id\":\"https:\/\/blogs.thesocialmedia.com\/leblogmoto\/2009\/02\/22\/vendre-teutul-c\/\",\"url\":\"https:\/\/blogs.thesocialmedia.com\/leblogmoto\/2009\/02\/22\/vendre-teutul-c\/\",\"name\":\"Vendre Teutul comme un gourou des affaires. Et pourquoi pas ? - leblogmoto.com\",\"isPartOf\":{\"@id\":\"https:\/\/blogs.thesocialmedia.com\/leblogmoto\/#website\"},\"primaryImageOfPage\":{\"@id\":\"https:\/\/blogs.thesocialmedia.com\/leblogmoto\/2009\/02\/22\/vendre-teutul-c\/#primaryimage\"},\"image\":{\"@id\":\"https:\/\/blogs.thesocialmedia.com\/leblogmoto\/2009\/02\/22\/vendre-teutul-c\/#primaryimage\"},\"thumbnailUrl\":\"http:\/\/www.leblogmoto.com\/images\/2009\/02\/22\/moto_livre_occ.jpg\",\"datePublished\":\"2009-02-22T23:06:45+00:00\",\"dateModified\":\"2012-07-11T17:08:05+00:00\",\"author\":{\"@id\":\"https:\/\/blogs.thesocialmedia.com\/leblogmoto\/#\/schema\/person\/18bfe773e5725ed6d24f743da805362a\"},\"breadcrumb\":{\"@id\":\"https:\/\/blogs.thesocialmedia.com\/leblogmoto\/2009\/02\/22\/vendre-teutul-c\/#breadcrumb\"},\"inLanguage\":\"fr-FR\",\"potentialAction\":[{\"@type\":\"ReadAction\",\"target\":[\"https:\/\/blogs.thesocialmedia.com\/leblogmoto\/2009\/02\/22\/vendre-teutul-c\/\"]}]},{\"@type\":\"ImageObject\",\"inLanguage\":\"fr-FR\",\"@id\":\"https:\/\/blogs.thesocialmedia.com\/leblogmoto\/2009\/02\/22\/vendre-teutul-c\/#primaryimage\",\"url\":\"http:\/\/www.leblogmoto.com\/images\/2009\/02\/22\/moto_livre_occ.jpg\",\"contentUrl\":\"http:\/\/www.leblogmoto.com\/images\/2009\/02\/22\/moto_livre_occ.jpg\"},{\"@type\":\"BreadcrumbList\",\"@id\":\"https:\/\/blogs.thesocialmedia.com\/leblogmoto\/2009\/02\/22\/vendre-teutul-c\/#breadcrumb\",\"itemListElement\":[{\"@type\":\"ListItem\",\"position\":1,\"name\":\"Accueil\",\"item\":\"https:\/\/blogs.thesocialmedia.com\/leblogmoto\/\"},{\"@type\":\"ListItem\",\"position\":2,\"name\":\"Vendre Teutul comme un gourou des affaires. Et pourquoi pas ?\"}]},{\"@type\":\"WebSite\",\"@id\":\"https:\/\/blogs.thesocialmedia.com\/leblogmoto\/#website\",\"url\":\"https:\/\/blogs.thesocialmedia.com\/leblogmoto\/\",\"name\":\"leblogmoto\",\"description\":\"Toute l&#039;actualit\u00e9 des 2 roues\",\"potentialAction\":[{\"@type\":\"SearchAction\",\"target\":{\"@type\":\"EntryPoint\",\"urlTemplate\":\"https:\/\/blogs.thesocialmedia.com\/leblogmoto\/?s={search_term_string}\"},\"query-input\":{\"@type\":\"PropertyValueSpecification\",\"valueRequired\":true,\"valueName\":\"search_term_string\"}}],\"inLanguage\":\"fr-FR\"},{\"@type\":\"Person\",\"@id\":\"https:\/\/blogs.thesocialmedia.com\/leblogmoto\/#\/schema\/person\/18bfe773e5725ed6d24f743da805362a\",\"name\":\"benoit rieu\",\"image\":{\"@type\":\"ImageObject\",\"inLanguage\":\"fr-FR\",\"@id\":\"https:\/\/blogs.thesocialmedia.com\/leblogmoto\/#\/schema\/person\/image\/\",\"url\":\"https:\/\/secure.gravatar.com\/avatar\/?s=96&d=mm&r=g\",\"contentUrl\":\"https:\/\/secure.gravatar.com\/avatar\/?s=96&d=mm&r=g\",\"caption\":\"benoit rieu\"},\"url\":\"https:\/\/blogs.thesocialmedia.com\/leblogmoto\/author\/benoit-rieu\/\"}]}<\/script>\n<!-- \/ Yoast SEO plugin. -->","yoast_head_json":{"title":"Vendre Teutul comme un gourou des affaires. Et pourquoi pas ? - leblogmoto.com","robots":{"index":"index","follow":"follow","max-snippet":"max-snippet:-1","max-image-preview":"max-image-preview:large","max-video-preview":"max-video-preview:-1"},"canonical":"https:\/\/blogs.thesocialmedia.com\/leblogmoto\/2009\/02\/22\/vendre-teutul-c\/","twitter_card":"summary_large_image","twitter_title":"Vendre Teutul comme un gourou des affaires. Et pourquoi pas ? - leblogmoto.com","twitter_description":"J&rsquo;ai d\u00e9j\u00e0 dit ici ce que je pensais de Orange County Choppers, j&rsquo;ai bien envie d&rsquo;en rajouter une couche (de peinture color\u00e9e avec des flammes de l&rsquo;enfer et tout&#8230;). Je reste persuad\u00e9 que l&rsquo;on peut r\u00e9aliser de tr\u00e8s belles b\u00e9canes issues des r\u00eaves des bikers de mani\u00e8re industrielle, et dans certaines de ses gammes, Harley [&hellip;]","twitter_image":"http:\/\/www.leblogmoto.com\/images\/2009\/02\/22\/moto_livre_occ.jpg","twitter_misc":{"\u00c9crit par":"benoit rieu","Dur\u00e9e de lecture estim\u00e9e":"2 minutes"},"schema":{"@context":"https:\/\/schema.org","@graph":[{"@type":"WebPage","@id":"https:\/\/blogs.thesocialmedia.com\/leblogmoto\/2009\/02\/22\/vendre-teutul-c\/","url":"https:\/\/blogs.thesocialmedia.com\/leblogmoto\/2009\/02\/22\/vendre-teutul-c\/","name":"Vendre Teutul comme un gourou des affaires. Et pourquoi pas ? - leblogmoto.com","isPartOf":{"@id":"https:\/\/blogs.thesocialmedia.com\/leblogmoto\/#website"},"primaryImageOfPage":{"@id":"https:\/\/blogs.thesocialmedia.com\/leblogmoto\/2009\/02\/22\/vendre-teutul-c\/#primaryimage"},"image":{"@id":"https:\/\/blogs.thesocialmedia.com\/leblogmoto\/2009\/02\/22\/vendre-teutul-c\/#primaryimage"},"thumbnailUrl":"http:\/\/www.leblogmoto.com\/images\/2009\/02\/22\/moto_livre_occ.jpg","datePublished":"2009-02-22T23:06:45+00:00","dateModified":"2012-07-11T17:08:05+00:00","author":{"@id":"https:\/\/blogs.thesocialmedia.com\/leblogmoto\/#\/schema\/person\/18bfe773e5725ed6d24f743da805362a"},"breadcrumb":{"@id":"https:\/\/blogs.thesocialmedia.com\/leblogmoto\/2009\/02\/22\/vendre-teutul-c\/#breadcrumb"},"inLanguage":"fr-FR","potentialAction":[{"@type":"ReadAction","target":["https:\/\/blogs.thesocialmedia.com\/leblogmoto\/2009\/02\/22\/vendre-teutul-c\/"]}]},{"@type":"ImageObject","inLanguage":"fr-FR","@id":"https:\/\/blogs.thesocialmedia.com\/leblogmoto\/2009\/02\/22\/vendre-teutul-c\/#primaryimage","url":"http:\/\/www.leblogmoto.com\/images\/2009\/02\/22\/moto_livre_occ.jpg","contentUrl":"http:\/\/www.leblogmoto.com\/images\/2009\/02\/22\/moto_livre_occ.jpg"},{"@type":"BreadcrumbList","@id":"https:\/\/blogs.thesocialmedia.com\/leblogmoto\/2009\/02\/22\/vendre-teutul-c\/#breadcrumb","itemListElement":[{"@type":"ListItem","position":1,"name":"Accueil","item":"https:\/\/blogs.thesocialmedia.com\/leblogmoto\/"},{"@type":"ListItem","position":2,"name":"Vendre Teutul comme un gourou des affaires. Et pourquoi pas ?"}]},{"@type":"WebSite","@id":"https:\/\/blogs.thesocialmedia.com\/leblogmoto\/#website","url":"https:\/\/blogs.thesocialmedia.com\/leblogmoto\/","name":"leblogmoto","description":"Toute l&#039;actualit\u00e9 des 2 roues","potentialAction":[{"@type":"SearchAction","target":{"@type":"EntryPoint","urlTemplate":"https:\/\/blogs.thesocialmedia.com\/leblogmoto\/?s={search_term_string}"},"query-input":{"@type":"PropertyValueSpecification","valueRequired":true,"valueName":"search_term_string"}}],"inLanguage":"fr-FR"},{"@type":"Person","@id":"https:\/\/blogs.thesocialmedia.com\/leblogmoto\/#\/schema\/person\/18bfe773e5725ed6d24f743da805362a","name":"benoit rieu","image":{"@type":"ImageObject","inLanguage":"fr-FR","@id":"https:\/\/blogs.thesocialmedia.com\/leblogmoto\/#\/schema\/person\/image\/","url":"https:\/\/secure.gravatar.com\/avatar\/?s=96&d=mm&r=g","contentUrl":"https:\/\/secure.gravatar.com\/avatar\/?s=96&d=mm&r=g","caption":"benoit rieu"},"url":"https:\/\/blogs.thesocialmedia.com\/leblogmoto\/author\/benoit-rieu\/"}]}},"_links":{"self":[{"href":"https:\/\/blogs.thesocialmedia.com\/leblogmoto\/wp-json\/wp\/v2\/posts\/251","targetHints":{"allow":["GET"]}}],"collection":[{"href":"https:\/\/blogs.thesocialmedia.com\/leblogmoto\/wp-json\/wp\/v2\/posts"}],"about":[{"href":"https:\/\/blogs.thesocialmedia.com\/leblogmoto\/wp-json\/wp\/v2\/types\/post"}],"author":[{"embeddable":true,"href":"https:\/\/blogs.thesocialmedia.com\/leblogmoto\/wp-json\/wp\/v2\/users\/324"}],"replies":[{"embeddable":true,"href":"https:\/\/blogs.thesocialmedia.com\/leblogmoto\/wp-json\/wp\/v2\/comments?post=251"}],"version-history":[{"count":2,"href":"https:\/\/blogs.thesocialmedia.com\/leblogmoto\/wp-json\/wp\/v2\/posts\/251\/revisions"}],"predecessor-version":[{"id":12835,"href":"https:\/\/blogs.thesocialmedia.com\/leblogmoto\/wp-json\/wp\/v2\/posts\/251\/revisions\/12835"}],"wp:attachment":[{"href":"https:\/\/blogs.thesocialmedia.com\/leblogmoto\/wp-json\/wp\/v2\/media?parent=251"}],"wp:term":[{"taxonomy":"category","embeddable":true,"href":"https:\/\/blogs.thesocialmedia.com\/leblogmoto\/wp-json\/wp\/v2\/categories?post=251"},{"taxonomy":"post_tag","embeddable":true,"href":"https:\/\/blogs.thesocialmedia.com\/leblogmoto\/wp-json\/wp\/v2\/tags?post=251"}],"curies":[{"name":"wp","href":"https:\/\/api.w.org\/{rel}","templated":true}]}}