{"id":2512,"date":"2005-07-19T16:10:26","date_gmt":"2005-07-19T16:10:26","guid":{"rendered":"http:\/\/blogs.thesocialmedia.com\/leblogmoto\/2005\/07\/19\/superbike-corse-3\/"},"modified":"2012-07-11T13:37:28","modified_gmt":"2012-07-11T13:37:28","slug":"superbike-corse-3","status":"publish","type":"post","link":"https:\/\/blogs.thesocialmedia.com\/leblogmoto\/2005\/07\/19\/superbike-corse-3\/","title":{"rendered":"Superbike : Corser m\u00e8ne la danse \u00e0 Brno"},"content":{"rendered":"<p><a href=\"http:\/\/blogs.thesocialmedia.com\/leblogmoto\/files\/2012\/07\/sbk_1.jpg\"><img loading=\"lazy\" decoding=\"async\" alt=\"Sbk_1\" src=\"http:\/\/www.leblogmoto.com\/images\/sbk_1.jpg\" width=\"250\" height=\"180\"  style=\"float: left;margin: 0px 5px 5px 0px\" \/><\/a> La 9\u00e8me manche du championnat du monde avait lieu  en R\u00e9publique Tch\u00e8que sur le circuit de Brno dont peu de pilotes connaissaient le trac\u00e9 puisque aucune preuve n\u2019avait eu lieu ici-m\u00eame depuis 9 ans.<br \/> Lors de la premi\u00e8re course, Troy Corser \u00e0 litt\u00e9ralement survol\u00e9 ses concurrents pour enfin \u00eatre victorieux, puisque sans 1\u00e8re place sur le podium depuis 5 courses. Derri\u00e8re lui, Chris Walker a fait une belle course mais n\u2019a pas r\u00e9ussi \u00e0 conserver sa 2\u00e8me place \u00e0 cause d\u2019un <a href=\"http:\/\/www.leblogmoto.com\/2005\/06\/rgis_laconi_ral.html\">R\u00e9gis Laconi<\/a> en pleine forme malgr\u00e9 une 9\u00e8me place sur la grille de d\u00e9part. Mais pas de chance pour le fran\u00e7ais puisqu\u2019il se fait subtiliser cette place lors des derniers tours par James Toseland qui a bataill\u00e9 dur toute la course contre Haga, Vermeulen, Lanzi et Chili.<br \/> La deuxi\u00e8me course a vu la domination du japonais Noriyuki Haga qui termine devant Troy Corser, encore lui, suivi de Chris Vermeulen. C\u2019est donc la premi\u00e8re victoire de la saison pour une <a href=\"http:\/\/www.leblogmoto.com\/yamaha\/index.html\">Yamaha<\/a>. Vermeulen est l\u2019auteur d\u2019une fantastique remont\u00e9e sur Norifumi Abe qui fut longtemps en 3\u00e8me position, mais qui n\u2019a pas tenu la distance et termine 4\u00e8me devant Chili, Lanzi, Laconi et Toseland. R\u00e9gis Laconi n\u2019a pas su garder sa 4\u00e8me et termine finalement 7\u00e8me.<br \/> Au final, Troy Corser reste leader incontest\u00e9 du championnat <a href=\"http:\/\/www.leblogmoto.com\/superbike\/index.html\">Superbike<\/a>, il devance Vermeulen de 94 points, tandis que Laconi marque le pas sur son poursuivant Kagayama en baisse de r\u00e9gime.<\/p>\n<p><a href=\"http:\/\/clabedan.typepad.com\/.shared\/image.html?\/photos\/uncategorized\/sbk_2.jpg\"><img loading=\"lazy\" decoding=\"async\" alt=\"Sbk_2\" src=\"http:\/\/www.leblogmoto.com\/images\/sbk_2.jpg\" width=\"250\" height=\"213\"  style=\"float: left;margin: 0px 5px 5px 0px\" \/><\/a> Arriv\u00e9e de la course 1 de Brno :<br \/> 1. T. Corser (AUS) Suzuki GSXR1000 K5<br \/> 2. J. Toseland (GBR) Ducati 999F05<br \/> 3. R. Laconi (FRA) Ducati 999F05<br \/> 4. C. Walker (GB) Kawazaki ZX10<br \/> 5. P. Chili (ITA) Honda CBR 1000RR<br \/> 6. L. Lanzi (ITA) Ducati 999RS<br \/> 7. N. Haga (JPN) Yamaha YZF R1<br \/> 8. C. Vermeulen (AUS) Honda CBR 1000RR<br \/> 9. N. Abe (JAP) Yamaha YZF R1<br \/> 10. A. Pitt (AUS) Yamaha YZF R1<\/p>\n<p>Arriv\u00e9e de la course 2 de Brno :<br \/> 1. N. Haga (JPN) Yamaha YZF R1<br \/> 2. T. Corser (AUS) Suzuki GSXR1000 K5<br \/> 3. C. Vermeulen (AUS) Honda CBR 1000RR<br \/> 4. N. Abe (JAP) Yamaha YZF R1<br \/> 5. P. Chili (ITA) Honda CBR 1000RR<br \/> 6. L. Lanzi (ITA) Ducati 999RS<br \/> 7. R. Laconi (FRA) Ducati 999F05<br \/> 8. J. Toseland (GBR) Ducati 999F05<br \/> 9. Muggeridge Karl (AUS) Honda CBR 1000RR<br \/> 10. C. Walker (GB) Kawazaki ZX10<\/p>\n<p>Championnat pilote Superbike<br \/> 1. T. Corser (299 pts)<br \/> 2. C. Vermeulen (205 pts) <br \/> 3. R. Laconi (187 pts) <br \/> 4. Y. Kagayama (158 pts) <br \/> 5. J. Toseland (152 pts) <br \/> 6. N. Haga (122 pts) <br \/> 7. P. Chili (108 pts) <br \/> 8. C. Walker (106 pts) <br \/> 9. N. Abe (83 pts) <br \/> 10. A. Pitt (76 pts) <\/p>\n<p>Championnat constructeur Superbike<br \/> 1. <a href=\"http:\/\/www.leblogmoto.com\/suzuki\/index.html\">Suzuki<\/a> (308 pts)<br \/> 2. <a href=\"http:\/\/www.leblogmoto.com\/ducati\/index.html\">Ducati<\/a> (230 pts)<br \/> 3. <a href=\"http:\/\/www.leblogmoto.com\/honda\/index.html\">Honda<\/a> (221 pts)<br \/> 4. <a href=\"http:\/\/www.leblogmoto.com\/yamaha\/index.html\">Yamaha<\/a> (163 pts)<br \/> 5. <a href=\"http:\/\/www.leblogmoto.com\/kawasaki\/index.html\">Kawasaki<\/a> (119 pts)<br \/> 6. Petronas (17 pts)<\/p>\n<\/p>\n<p> <\/p>\n","protected":false},"excerpt":{"rendered":"<p>La 9\u00e8me manche du championnat du monde avait lieu en R\u00e9publique Tch\u00e8que sur le circuit de Brno dont peu de pilotes connaissaient le trac\u00e9 puisque aucune preuve n\u2019avait eu lieu ici-m\u00eame depuis 9 ans. Lors de la premi\u00e8re course, Troy Corser \u00e0 litt\u00e9ralement survol\u00e9 ses concurrents pour enfin \u00eatre victorieux, puisque sans 1\u00e8re place sur [&hellip;]<\/p>\n","protected":false},"author":338,"featured_media":0,"comment_status":"open","ping_status":"open","sticky":false,"template":"","format":"standard","meta":{"footnotes":""},"categories":[46],"tags":[],"class_list":["post-2512","post","type-post","status-publish","format-standard","hentry","category-superbike"],"yoast_head":"<!-- This site is optimized with the Yoast SEO plugin v26.0 - https:\/\/yoast.com\/wordpress\/plugins\/seo\/ -->\n<title>Superbike : Corser m\u00e8ne la danse \u00e0 Brno - leblogmoto.com<\/title>\n<meta name=\"robots\" content=\"index, follow, max-snippet:-1, max-image-preview:large, max-video-preview:-1\" \/>\n<link rel=\"canonical\" href=\"https:\/\/blogs.thesocialmedia.com\/leblogmoto\/2005\/07\/19\/superbike-corse-3\/\" \/>\n<meta name=\"twitter:card\" content=\"summary_large_image\" \/>\n<meta name=\"twitter:title\" content=\"Superbike : Corser m\u00e8ne la danse \u00e0 Brno - leblogmoto.com\" \/>\n<meta name=\"twitter:description\" content=\"La 9\u00e8me manche du championnat du monde avait lieu en R\u00e9publique Tch\u00e8que sur le circuit de Brno dont peu de pilotes connaissaient le trac\u00e9 puisque aucune preuve n\u2019avait eu lieu ici-m\u00eame depuis 9 ans. Lors de la premi\u00e8re course, Troy Corser \u00e0 litt\u00e9ralement survol\u00e9 ses concurrents pour enfin \u00eatre victorieux, puisque sans 1\u00e8re place sur [&hellip;]\" \/>\n<meta name=\"twitter:image\" content=\"http:\/\/www.leblogmoto.com\/images\/sbk_1.jpg\" \/>\n<meta name=\"twitter:label1\" content=\"\u00c9crit par\" \/>\n\t<meta name=\"twitter:data1\" content=\"vincent vaillant\" \/>\n\t<meta name=\"twitter:label2\" content=\"Dur\u00e9e de lecture estim\u00e9e\" \/>\n\t<meta name=\"twitter:data2\" content=\"2 minutes\" \/>\n<script type=\"application\/ld+json\" class=\"yoast-schema-graph\">{\"@context\":\"https:\/\/schema.org\",\"@graph\":[{\"@type\":\"WebPage\",\"@id\":\"https:\/\/blogs.thesocialmedia.com\/leblogmoto\/2005\/07\/19\/superbike-corse-3\/\",\"url\":\"https:\/\/blogs.thesocialmedia.com\/leblogmoto\/2005\/07\/19\/superbike-corse-3\/\",\"name\":\"Superbike : Corser m\u00e8ne la danse \u00e0 Brno - leblogmoto.com\",\"isPartOf\":{\"@id\":\"https:\/\/blogs.thesocialmedia.com\/leblogmoto\/#website\"},\"primaryImageOfPage\":{\"@id\":\"https:\/\/blogs.thesocialmedia.com\/leblogmoto\/2005\/07\/19\/superbike-corse-3\/#primaryimage\"},\"image\":{\"@id\":\"https:\/\/blogs.thesocialmedia.com\/leblogmoto\/2005\/07\/19\/superbike-corse-3\/#primaryimage\"},\"thumbnailUrl\":\"http:\/\/www.leblogmoto.com\/images\/sbk_1.jpg\",\"datePublished\":\"2005-07-19T16:10:26+00:00\",\"dateModified\":\"2012-07-11T13:37:28+00:00\",\"author\":{\"@id\":\"https:\/\/blogs.thesocialmedia.com\/leblogmoto\/#\/schema\/person\/80d2a078dbdb8b60abbd76bae6011f19\"},\"breadcrumb\":{\"@id\":\"https:\/\/blogs.thesocialmedia.com\/leblogmoto\/2005\/07\/19\/superbike-corse-3\/#breadcrumb\"},\"inLanguage\":\"fr-FR\",\"potentialAction\":[{\"@type\":\"ReadAction\",\"target\":[\"https:\/\/blogs.thesocialmedia.com\/leblogmoto\/2005\/07\/19\/superbike-corse-3\/\"]}]},{\"@type\":\"ImageObject\",\"inLanguage\":\"fr-FR\",\"@id\":\"https:\/\/blogs.thesocialmedia.com\/leblogmoto\/2005\/07\/19\/superbike-corse-3\/#primaryimage\",\"url\":\"http:\/\/www.leblogmoto.com\/images\/sbk_1.jpg\",\"contentUrl\":\"http:\/\/www.leblogmoto.com\/images\/sbk_1.jpg\"},{\"@type\":\"BreadcrumbList\",\"@id\":\"https:\/\/blogs.thesocialmedia.com\/leblogmoto\/2005\/07\/19\/superbike-corse-3\/#breadcrumb\",\"itemListElement\":[{\"@type\":\"ListItem\",\"position\":1,\"name\":\"Accueil\",\"item\":\"https:\/\/blogs.thesocialmedia.com\/leblogmoto\/\"},{\"@type\":\"ListItem\",\"position\":2,\"name\":\"Superbike : Corser m\u00e8ne la danse \u00e0 Brno\"}]},{\"@type\":\"WebSite\",\"@id\":\"https:\/\/blogs.thesocialmedia.com\/leblogmoto\/#website\",\"url\":\"https:\/\/blogs.thesocialmedia.com\/leblogmoto\/\",\"name\":\"leblogmoto\",\"description\":\"Toute l&#039;actualit\u00e9 des 2 roues\",\"potentialAction\":[{\"@type\":\"SearchAction\",\"target\":{\"@type\":\"EntryPoint\",\"urlTemplate\":\"https:\/\/blogs.thesocialmedia.com\/leblogmoto\/?s={search_term_string}\"},\"query-input\":{\"@type\":\"PropertyValueSpecification\",\"valueRequired\":true,\"valueName\":\"search_term_string\"}}],\"inLanguage\":\"fr-FR\"},{\"@type\":\"Person\",\"@id\":\"https:\/\/blogs.thesocialmedia.com\/leblogmoto\/#\/schema\/person\/80d2a078dbdb8b60abbd76bae6011f19\",\"name\":\"vincent vaillant\",\"image\":{\"@type\":\"ImageObject\",\"inLanguage\":\"fr-FR\",\"@id\":\"https:\/\/blogs.thesocialmedia.com\/leblogmoto\/#\/schema\/person\/image\/\",\"url\":\"https:\/\/secure.gravatar.com\/avatar\/?s=96&d=mm&r=g\",\"contentUrl\":\"https:\/\/secure.gravatar.com\/avatar\/?s=96&d=mm&r=g\",\"caption\":\"vincent vaillant\"},\"url\":\"https:\/\/blogs.thesocialmedia.com\/leblogmoto\/author\/vincent-vaillant\/\"}]}<\/script>\n<!-- \/ Yoast SEO plugin. -->","yoast_head_json":{"title":"Superbike : Corser m\u00e8ne la danse \u00e0 Brno - leblogmoto.com","robots":{"index":"index","follow":"follow","max-snippet":"max-snippet:-1","max-image-preview":"max-image-preview:large","max-video-preview":"max-video-preview:-1"},"canonical":"https:\/\/blogs.thesocialmedia.com\/leblogmoto\/2005\/07\/19\/superbike-corse-3\/","twitter_card":"summary_large_image","twitter_title":"Superbike : Corser m\u00e8ne la danse \u00e0 Brno - leblogmoto.com","twitter_description":"La 9\u00e8me manche du championnat du monde avait lieu en R\u00e9publique Tch\u00e8que sur le circuit de Brno dont peu de pilotes connaissaient le trac\u00e9 puisque aucune preuve n\u2019avait eu lieu ici-m\u00eame depuis 9 ans. Lors de la premi\u00e8re course, Troy Corser \u00e0 litt\u00e9ralement survol\u00e9 ses concurrents pour enfin \u00eatre victorieux, puisque sans 1\u00e8re place sur [&hellip;]","twitter_image":"http:\/\/www.leblogmoto.com\/images\/sbk_1.jpg","twitter_misc":{"\u00c9crit par":"vincent vaillant","Dur\u00e9e de lecture estim\u00e9e":"2 minutes"},"schema":{"@context":"https:\/\/schema.org","@graph":[{"@type":"WebPage","@id":"https:\/\/blogs.thesocialmedia.com\/leblogmoto\/2005\/07\/19\/superbike-corse-3\/","url":"https:\/\/blogs.thesocialmedia.com\/leblogmoto\/2005\/07\/19\/superbike-corse-3\/","name":"Superbike : Corser m\u00e8ne la danse \u00e0 Brno - leblogmoto.com","isPartOf":{"@id":"https:\/\/blogs.thesocialmedia.com\/leblogmoto\/#website"},"primaryImageOfPage":{"@id":"https:\/\/blogs.thesocialmedia.com\/leblogmoto\/2005\/07\/19\/superbike-corse-3\/#primaryimage"},"image":{"@id":"https:\/\/blogs.thesocialmedia.com\/leblogmoto\/2005\/07\/19\/superbike-corse-3\/#primaryimage"},"thumbnailUrl":"http:\/\/www.leblogmoto.com\/images\/sbk_1.jpg","datePublished":"2005-07-19T16:10:26+00:00","dateModified":"2012-07-11T13:37:28+00:00","author":{"@id":"https:\/\/blogs.thesocialmedia.com\/leblogmoto\/#\/schema\/person\/80d2a078dbdb8b60abbd76bae6011f19"},"breadcrumb":{"@id":"https:\/\/blogs.thesocialmedia.com\/leblogmoto\/2005\/07\/19\/superbike-corse-3\/#breadcrumb"},"inLanguage":"fr-FR","potentialAction":[{"@type":"ReadAction","target":["https:\/\/blogs.thesocialmedia.com\/leblogmoto\/2005\/07\/19\/superbike-corse-3\/"]}]},{"@type":"ImageObject","inLanguage":"fr-FR","@id":"https:\/\/blogs.thesocialmedia.com\/leblogmoto\/2005\/07\/19\/superbike-corse-3\/#primaryimage","url":"http:\/\/www.leblogmoto.com\/images\/sbk_1.jpg","contentUrl":"http:\/\/www.leblogmoto.com\/images\/sbk_1.jpg"},{"@type":"BreadcrumbList","@id":"https:\/\/blogs.thesocialmedia.com\/leblogmoto\/2005\/07\/19\/superbike-corse-3\/#breadcrumb","itemListElement":[{"@type":"ListItem","position":1,"name":"Accueil","item":"https:\/\/blogs.thesocialmedia.com\/leblogmoto\/"},{"@type":"ListItem","position":2,"name":"Superbike : Corser m\u00e8ne la danse \u00e0 Brno"}]},{"@type":"WebSite","@id":"https:\/\/blogs.thesocialmedia.com\/leblogmoto\/#website","url":"https:\/\/blogs.thesocialmedia.com\/leblogmoto\/","name":"leblogmoto","description":"Toute l&#039;actualit\u00e9 des 2 roues","potentialAction":[{"@type":"SearchAction","target":{"@type":"EntryPoint","urlTemplate":"https:\/\/blogs.thesocialmedia.com\/leblogmoto\/?s={search_term_string}"},"query-input":{"@type":"PropertyValueSpecification","valueRequired":true,"valueName":"search_term_string"}}],"inLanguage":"fr-FR"},{"@type":"Person","@id":"https:\/\/blogs.thesocialmedia.com\/leblogmoto\/#\/schema\/person\/80d2a078dbdb8b60abbd76bae6011f19","name":"vincent vaillant","image":{"@type":"ImageObject","inLanguage":"fr-FR","@id":"https:\/\/blogs.thesocialmedia.com\/leblogmoto\/#\/schema\/person\/image\/","url":"https:\/\/secure.gravatar.com\/avatar\/?s=96&d=mm&r=g","contentUrl":"https:\/\/secure.gravatar.com\/avatar\/?s=96&d=mm&r=g","caption":"vincent vaillant"},"url":"https:\/\/blogs.thesocialmedia.com\/leblogmoto\/author\/vincent-vaillant\/"}]}},"_links":{"self":[{"href":"https:\/\/blogs.thesocialmedia.com\/leblogmoto\/wp-json\/wp\/v2\/posts\/2512","targetHints":{"allow":["GET"]}}],"collection":[{"href":"https:\/\/blogs.thesocialmedia.com\/leblogmoto\/wp-json\/wp\/v2\/posts"}],"about":[{"href":"https:\/\/blogs.thesocialmedia.com\/leblogmoto\/wp-json\/wp\/v2\/types\/post"}],"author":[{"embeddable":true,"href":"https:\/\/blogs.thesocialmedia.com\/leblogmoto\/wp-json\/wp\/v2\/users\/338"}],"replies":[{"embeddable":true,"href":"https:\/\/blogs.thesocialmedia.com\/leblogmoto\/wp-json\/wp\/v2\/comments?post=2512"}],"version-history":[{"count":2,"href":"https:\/\/blogs.thesocialmedia.com\/leblogmoto\/wp-json\/wp\/v2\/posts\/2512\/revisions"}],"predecessor-version":[{"id":5478,"href":"https:\/\/blogs.thesocialmedia.com\/leblogmoto\/wp-json\/wp\/v2\/posts\/2512\/revisions\/5478"}],"wp:attachment":[{"href":"https:\/\/blogs.thesocialmedia.com\/leblogmoto\/wp-json\/wp\/v2\/media?parent=2512"}],"wp:term":[{"taxonomy":"category","embeddable":true,"href":"https:\/\/blogs.thesocialmedia.com\/leblogmoto\/wp-json\/wp\/v2\/categories?post=2512"},{"taxonomy":"post_tag","embeddable":true,"href":"https:\/\/blogs.thesocialmedia.com\/leblogmoto\/wp-json\/wp\/v2\/tags?post=2512"}],"curies":[{"name":"wp","href":"https:\/\/api.w.org\/{rel}","templated":true}]}}