{"id":2519,"date":"2005-06-28T12:02:58","date_gmt":"2005-06-28T12:02:58","guid":{"rendered":"http:\/\/blogs.thesocialmedia.com\/leblogmoto\/2005\/06\/28\/rgis-laconi-ral\/"},"modified":"2012-07-11T13:37:01","modified_gmt":"2012-07-11T13:37:01","slug":"rgis-laconi-ral","status":"publish","type":"post","link":"https:\/\/blogs.thesocialmedia.com\/leblogmoto\/2005\/06\/28\/rgis-laconi-ral\/","title":{"rendered":"Superbike : Laconi r\u00e9alise le doubl\u00e9 \u00e0 Misano"},"content":{"rendered":"<p><a href=\"http:\/\/blogs.thesocialmedia.com\/leblogmoto\/files\/2012\/07\/laconi_1.jpg\"><img loading=\"lazy\" decoding=\"async\" alt=\"Laconi_1\" src=\"http:\/\/www.leblogmoto.com\/images\/laconi_1.jpg\" width=\"250\" height=\"165\"  style=\"float: left;margin: 0px 5px 5px 0px\" \/><\/a> R\u00e9gis Laconi s\u2019est offert, devant les 45 000 spectateurs du circuit de Misano en Italie, une premi\u00e8re place lors de la 1\u00e8re manche de <a href=\"http:\/\/blogs.thesocialmedia.com\/leblogmoto\/files\/2012\/07\/index.html_3.png\">Superbike<\/a> malgr\u00e9 les assauts insistants de Troy Corser et une deuxi\u00e8me place lors de la 2\u00e8me manche. Le pilote fran\u00e7ais de 28 ans, 3\u00e8me temps des essais a r\u00e9ussi \u00e0 imposer sa <a href=\"http:\/\/www.leblogmoto.com\/2005\/06\/ducati_999_r.html\">Ducati 999<\/a> F05 sponsoris\u00e9e par Xerox.<br \/> A l\u2019issue de la course, Laconi a d\u00e9clar\u00e9 : \u00ab\u00a0Dans la course 1 je suis parti doucement \u00e0 cause de la piste d\u00e9tremp\u00e9e. Puis j\u2019ai r\u00e9alis\u00e9 que j\u2019allais plus vite que les autres, je les ai donc d\u00e9pass\u00e9s un \u00e0 un. Le dernier tour \u00e9tait vraiment dangereux et c\u2019est une bonne chose d\u2019avoir mis fin \u00e0 la course \u00bb. <br \/> \u00ab La deuxi\u00e8me course \u00e9tait tr\u00e8s difficile mais j\u2019ai men\u00e9 pendant 24 tours et puis Chili m\u2019a pass\u00e9 dans la ligne droite du dernier tour. Nous avions choisi de partir en pneus pluie car nous croyions qu\u2019il allait pleuvoir de nouveau. Chili a choisi un interm\u00e9diaire \u00e0 l\u2019arri\u00e8re et il m\u2019a doubl\u00e9 dans le dernier tour. Je suis tr\u00e8s content car je n\u2019aurais pas pu faire mieux aujourd\u2019hui avec ces pneus. Je mettais la moto en travers sans arr\u00eat ! j\u2019ai finalement obtenu les r\u00e9sultats que je souhaitais pour d\u00e9marrer ma saison ! \u00a0\u00bb <br \/> Nous sommes \u00e0 la mi-saison, R\u00e9gis Laconi a encore toutes ses chances pour le titre en Superbike.<\/p>\n<p><a href=\"http:\/\/clabedan.typepad.com\/.shared\/image.html?\/photos\/uncategorized\/laconi_2.jpg\"><img loading=\"lazy\" decoding=\"async\" alt=\"Laconi_2\" src=\"http:\/\/www.leblogmoto.com\/images\/laconi_2.jpg\" width=\"250\" height=\"162\"  style=\"float: left;margin: 0px 5px 5px 0px\" \/><\/a> Arriv\u00e9e de la course 1 de Misano :<br \/> 1. R. Laconi (FRA) Ducati 999F05 <br \/> 2. C. Vermeulen (AUS) Honda CBR 1000RR <br \/> 3. T. Corser (AUS) Suzuki GSXR1000 K5 <br \/> 4. J. Toseland (GBR) Ducati 999F05<br \/> 5. P. Chili (ITA) Honda CBR 1000RR<br \/> 6. N. Haga (JPN) Yamaha YZF R1<br \/> 7. K. Muggeridge (AUS) Honda CBR 1000RR<br \/> 8. S. Martin (AUS) Petronas FP1 <br \/> 9. L. Lanzi (ITA) Ducati 999RS <br \/> 10. G. Bussei (ITA) Kawasaki ZX10<\/p>\n<p>Arriv\u00e9e de la course 2 de Misano :<br \/> 1. R. Laconi (FRA) Ducati 999F05 <br \/> 2. C. Vermeulen (AUS) Honda CBR 1000RR <br \/> 3. T. Corser (AUS) Suzuki GSXR1000 K5 <br \/> 4. J. Toseland (GBR) Ducati 999F05<br \/> 5. L. Lanzi (ITA) Ducati 999RS<br \/> 6. N. Haga (JPN) Yamaha YZF R1<br \/> 7. P. Chili (ITA) Honda CBR 1000RR<br \/> 8. C. Walker (GB) Kawasaki ZX 10<br \/> 9. F. Nieto (ESP) Ducati 999RS<br \/> 10. K. Muggeridge (AUS) Honda CBR 1000RR<\/p>\n<p>Championnat pilote Superbike<br \/> 1. T. Corser (254 pts)<br \/> 2. C. Vermeulen (181 pts)  <br \/> 3. R. Laconi (162 pts)  <br \/> 4. Y. Kagayama (148 pts)  <br \/> 5. J. Toseland (124 pts)  <br \/> 6. N. Haga (88 pts) <br \/> 7. C. Walker (87 pts) <br \/> 8. P. Chili (86 pts)   <br \/> 9. A. Pitt (70 pts) <br \/> 10. K. Muggeridge (65 pts)  <\/p>\n<p>Championnat constructeur Superbike<br \/> 1. <a href=\"http:\/\/www.leblogmoto.com\/ducati\/index.html\">Suzuki<\/a> (263 pts)<br \/> 2. <a href=\"http:\/\/www.leblogmoto.com\/ducati\/index.html\">Ducati<\/a> (200 pts)<br \/> 3. <a href=\"http:\/\/www.leblogmoto.com\/honda\/index.html\">Honda<\/a> (194 pts)<br \/> 4. <a href=\"http:\/\/www.leblogmoto.com\/yamaha\/index.html\">Yamaha<\/a> (129 pts)<br \/> 5. <a href=\"http:\/\/www.leblogmoto.com\/kawasaki\/index.html\">Kawasaki<\/a> (100 pts)<br \/> 6. Petronas (17 pts)<\/p>\n<p> <\/p>\n","protected":false},"excerpt":{"rendered":"<p>R\u00e9gis Laconi s\u2019est offert, devant les 45 000 spectateurs du circuit de Misano en Italie, une premi\u00e8re place lors de la 1\u00e8re manche de Superbike malgr\u00e9 les assauts insistants de Troy Corser et une deuxi\u00e8me place lors de la 2\u00e8me manche. Le pilote fran\u00e7ais de 28 ans, 3\u00e8me temps des essais a r\u00e9ussi \u00e0 imposer [&hellip;]<\/p>\n","protected":false},"author":338,"featured_media":0,"comment_status":"open","ping_status":"open","sticky":false,"template":"","format":"standard","meta":{"footnotes":""},"categories":[46],"tags":[],"class_list":["post-2519","post","type-post","status-publish","format-standard","hentry","category-superbike"],"yoast_head":"<!-- This site is optimized with the Yoast SEO plugin v26.0 - https:\/\/yoast.com\/wordpress\/plugins\/seo\/ -->\n<title>Superbike : Laconi r\u00e9alise le doubl\u00e9 \u00e0 Misano - leblogmoto.com<\/title>\n<meta name=\"robots\" content=\"index, follow, max-snippet:-1, max-image-preview:large, max-video-preview:-1\" \/>\n<link rel=\"canonical\" href=\"https:\/\/blogs.thesocialmedia.com\/leblogmoto\/2005\/06\/28\/rgis-laconi-ral\/\" \/>\n<meta name=\"twitter:card\" content=\"summary_large_image\" \/>\n<meta name=\"twitter:title\" content=\"Superbike : Laconi r\u00e9alise le doubl\u00e9 \u00e0 Misano - leblogmoto.com\" \/>\n<meta name=\"twitter:description\" content=\"R\u00e9gis Laconi s\u2019est offert, devant les 45 000 spectateurs du circuit de Misano en Italie, une premi\u00e8re place lors de la 1\u00e8re manche de Superbike malgr\u00e9 les assauts insistants de Troy Corser et une deuxi\u00e8me place lors de la 2\u00e8me manche. Le pilote fran\u00e7ais de 28 ans, 3\u00e8me temps des essais a r\u00e9ussi \u00e0 imposer [&hellip;]\" \/>\n<meta name=\"twitter:image\" content=\"http:\/\/www.leblogmoto.com\/images\/laconi_1.jpg\" \/>\n<meta name=\"twitter:label1\" content=\"\u00c9crit par\" \/>\n\t<meta name=\"twitter:data1\" content=\"vincent vaillant\" \/>\n\t<meta name=\"twitter:label2\" content=\"Dur\u00e9e de lecture estim\u00e9e\" \/>\n\t<meta name=\"twitter:data2\" content=\"2 minutes\" \/>\n<script type=\"application\/ld+json\" class=\"yoast-schema-graph\">{\"@context\":\"https:\/\/schema.org\",\"@graph\":[{\"@type\":\"WebPage\",\"@id\":\"https:\/\/blogs.thesocialmedia.com\/leblogmoto\/2005\/06\/28\/rgis-laconi-ral\/\",\"url\":\"https:\/\/blogs.thesocialmedia.com\/leblogmoto\/2005\/06\/28\/rgis-laconi-ral\/\",\"name\":\"Superbike : Laconi r\u00e9alise le doubl\u00e9 \u00e0 Misano - leblogmoto.com\",\"isPartOf\":{\"@id\":\"https:\/\/blogs.thesocialmedia.com\/leblogmoto\/#website\"},\"primaryImageOfPage\":{\"@id\":\"https:\/\/blogs.thesocialmedia.com\/leblogmoto\/2005\/06\/28\/rgis-laconi-ral\/#primaryimage\"},\"image\":{\"@id\":\"https:\/\/blogs.thesocialmedia.com\/leblogmoto\/2005\/06\/28\/rgis-laconi-ral\/#primaryimage\"},\"thumbnailUrl\":\"http:\/\/www.leblogmoto.com\/images\/laconi_1.jpg\",\"datePublished\":\"2005-06-28T12:02:58+00:00\",\"dateModified\":\"2012-07-11T13:37:01+00:00\",\"author\":{\"@id\":\"https:\/\/blogs.thesocialmedia.com\/leblogmoto\/#\/schema\/person\/80d2a078dbdb8b60abbd76bae6011f19\"},\"breadcrumb\":{\"@id\":\"https:\/\/blogs.thesocialmedia.com\/leblogmoto\/2005\/06\/28\/rgis-laconi-ral\/#breadcrumb\"},\"inLanguage\":\"fr-FR\",\"potentialAction\":[{\"@type\":\"ReadAction\",\"target\":[\"https:\/\/blogs.thesocialmedia.com\/leblogmoto\/2005\/06\/28\/rgis-laconi-ral\/\"]}]},{\"@type\":\"ImageObject\",\"inLanguage\":\"fr-FR\",\"@id\":\"https:\/\/blogs.thesocialmedia.com\/leblogmoto\/2005\/06\/28\/rgis-laconi-ral\/#primaryimage\",\"url\":\"http:\/\/www.leblogmoto.com\/images\/laconi_1.jpg\",\"contentUrl\":\"http:\/\/www.leblogmoto.com\/images\/laconi_1.jpg\"},{\"@type\":\"BreadcrumbList\",\"@id\":\"https:\/\/blogs.thesocialmedia.com\/leblogmoto\/2005\/06\/28\/rgis-laconi-ral\/#breadcrumb\",\"itemListElement\":[{\"@type\":\"ListItem\",\"position\":1,\"name\":\"Accueil\",\"item\":\"https:\/\/blogs.thesocialmedia.com\/leblogmoto\/\"},{\"@type\":\"ListItem\",\"position\":2,\"name\":\"Superbike : Laconi r\u00e9alise le doubl\u00e9 \u00e0 Misano\"}]},{\"@type\":\"WebSite\",\"@id\":\"https:\/\/blogs.thesocialmedia.com\/leblogmoto\/#website\",\"url\":\"https:\/\/blogs.thesocialmedia.com\/leblogmoto\/\",\"name\":\"leblogmoto\",\"description\":\"Toute l&#039;actualit\u00e9 des 2 roues\",\"potentialAction\":[{\"@type\":\"SearchAction\",\"target\":{\"@type\":\"EntryPoint\",\"urlTemplate\":\"https:\/\/blogs.thesocialmedia.com\/leblogmoto\/?s={search_term_string}\"},\"query-input\":{\"@type\":\"PropertyValueSpecification\",\"valueRequired\":true,\"valueName\":\"search_term_string\"}}],\"inLanguage\":\"fr-FR\"},{\"@type\":\"Person\",\"@id\":\"https:\/\/blogs.thesocialmedia.com\/leblogmoto\/#\/schema\/person\/80d2a078dbdb8b60abbd76bae6011f19\",\"name\":\"vincent vaillant\",\"image\":{\"@type\":\"ImageObject\",\"inLanguage\":\"fr-FR\",\"@id\":\"https:\/\/blogs.thesocialmedia.com\/leblogmoto\/#\/schema\/person\/image\/\",\"url\":\"https:\/\/secure.gravatar.com\/avatar\/?s=96&d=mm&r=g\",\"contentUrl\":\"https:\/\/secure.gravatar.com\/avatar\/?s=96&d=mm&r=g\",\"caption\":\"vincent vaillant\"},\"url\":\"https:\/\/blogs.thesocialmedia.com\/leblogmoto\/author\/vincent-vaillant\/\"}]}<\/script>\n<!-- \/ Yoast SEO plugin. -->","yoast_head_json":{"title":"Superbike : Laconi r\u00e9alise le doubl\u00e9 \u00e0 Misano - leblogmoto.com","robots":{"index":"index","follow":"follow","max-snippet":"max-snippet:-1","max-image-preview":"max-image-preview:large","max-video-preview":"max-video-preview:-1"},"canonical":"https:\/\/blogs.thesocialmedia.com\/leblogmoto\/2005\/06\/28\/rgis-laconi-ral\/","twitter_card":"summary_large_image","twitter_title":"Superbike : Laconi r\u00e9alise le doubl\u00e9 \u00e0 Misano - leblogmoto.com","twitter_description":"R\u00e9gis Laconi s\u2019est offert, devant les 45 000 spectateurs du circuit de Misano en Italie, une premi\u00e8re place lors de la 1\u00e8re manche de Superbike malgr\u00e9 les assauts insistants de Troy Corser et une deuxi\u00e8me place lors de la 2\u00e8me manche. Le pilote fran\u00e7ais de 28 ans, 3\u00e8me temps des essais a r\u00e9ussi \u00e0 imposer [&hellip;]","twitter_image":"http:\/\/www.leblogmoto.com\/images\/laconi_1.jpg","twitter_misc":{"\u00c9crit par":"vincent vaillant","Dur\u00e9e de lecture estim\u00e9e":"2 minutes"},"schema":{"@context":"https:\/\/schema.org","@graph":[{"@type":"WebPage","@id":"https:\/\/blogs.thesocialmedia.com\/leblogmoto\/2005\/06\/28\/rgis-laconi-ral\/","url":"https:\/\/blogs.thesocialmedia.com\/leblogmoto\/2005\/06\/28\/rgis-laconi-ral\/","name":"Superbike : Laconi r\u00e9alise le doubl\u00e9 \u00e0 Misano - leblogmoto.com","isPartOf":{"@id":"https:\/\/blogs.thesocialmedia.com\/leblogmoto\/#website"},"primaryImageOfPage":{"@id":"https:\/\/blogs.thesocialmedia.com\/leblogmoto\/2005\/06\/28\/rgis-laconi-ral\/#primaryimage"},"image":{"@id":"https:\/\/blogs.thesocialmedia.com\/leblogmoto\/2005\/06\/28\/rgis-laconi-ral\/#primaryimage"},"thumbnailUrl":"http:\/\/www.leblogmoto.com\/images\/laconi_1.jpg","datePublished":"2005-06-28T12:02:58+00:00","dateModified":"2012-07-11T13:37:01+00:00","author":{"@id":"https:\/\/blogs.thesocialmedia.com\/leblogmoto\/#\/schema\/person\/80d2a078dbdb8b60abbd76bae6011f19"},"breadcrumb":{"@id":"https:\/\/blogs.thesocialmedia.com\/leblogmoto\/2005\/06\/28\/rgis-laconi-ral\/#breadcrumb"},"inLanguage":"fr-FR","potentialAction":[{"@type":"ReadAction","target":["https:\/\/blogs.thesocialmedia.com\/leblogmoto\/2005\/06\/28\/rgis-laconi-ral\/"]}]},{"@type":"ImageObject","inLanguage":"fr-FR","@id":"https:\/\/blogs.thesocialmedia.com\/leblogmoto\/2005\/06\/28\/rgis-laconi-ral\/#primaryimage","url":"http:\/\/www.leblogmoto.com\/images\/laconi_1.jpg","contentUrl":"http:\/\/www.leblogmoto.com\/images\/laconi_1.jpg"},{"@type":"BreadcrumbList","@id":"https:\/\/blogs.thesocialmedia.com\/leblogmoto\/2005\/06\/28\/rgis-laconi-ral\/#breadcrumb","itemListElement":[{"@type":"ListItem","position":1,"name":"Accueil","item":"https:\/\/blogs.thesocialmedia.com\/leblogmoto\/"},{"@type":"ListItem","position":2,"name":"Superbike : Laconi r\u00e9alise le doubl\u00e9 \u00e0 Misano"}]},{"@type":"WebSite","@id":"https:\/\/blogs.thesocialmedia.com\/leblogmoto\/#website","url":"https:\/\/blogs.thesocialmedia.com\/leblogmoto\/","name":"leblogmoto","description":"Toute l&#039;actualit\u00e9 des 2 roues","potentialAction":[{"@type":"SearchAction","target":{"@type":"EntryPoint","urlTemplate":"https:\/\/blogs.thesocialmedia.com\/leblogmoto\/?s={search_term_string}"},"query-input":{"@type":"PropertyValueSpecification","valueRequired":true,"valueName":"search_term_string"}}],"inLanguage":"fr-FR"},{"@type":"Person","@id":"https:\/\/blogs.thesocialmedia.com\/leblogmoto\/#\/schema\/person\/80d2a078dbdb8b60abbd76bae6011f19","name":"vincent vaillant","image":{"@type":"ImageObject","inLanguage":"fr-FR","@id":"https:\/\/blogs.thesocialmedia.com\/leblogmoto\/#\/schema\/person\/image\/","url":"https:\/\/secure.gravatar.com\/avatar\/?s=96&d=mm&r=g","contentUrl":"https:\/\/secure.gravatar.com\/avatar\/?s=96&d=mm&r=g","caption":"vincent vaillant"},"url":"https:\/\/blogs.thesocialmedia.com\/leblogmoto\/author\/vincent-vaillant\/"}]}},"_links":{"self":[{"href":"https:\/\/blogs.thesocialmedia.com\/leblogmoto\/wp-json\/wp\/v2\/posts\/2519","targetHints":{"allow":["GET"]}}],"collection":[{"href":"https:\/\/blogs.thesocialmedia.com\/leblogmoto\/wp-json\/wp\/v2\/posts"}],"about":[{"href":"https:\/\/blogs.thesocialmedia.com\/leblogmoto\/wp-json\/wp\/v2\/types\/post"}],"author":[{"embeddable":true,"href":"https:\/\/blogs.thesocialmedia.com\/leblogmoto\/wp-json\/wp\/v2\/users\/338"}],"replies":[{"embeddable":true,"href":"https:\/\/blogs.thesocialmedia.com\/leblogmoto\/wp-json\/wp\/v2\/comments?post=2519"}],"version-history":[{"count":2,"href":"https:\/\/blogs.thesocialmedia.com\/leblogmoto\/wp-json\/wp\/v2\/posts\/2519\/revisions"}],"predecessor-version":[{"id":5459,"href":"https:\/\/blogs.thesocialmedia.com\/leblogmoto\/wp-json\/wp\/v2\/posts\/2519\/revisions\/5459"}],"wp:attachment":[{"href":"https:\/\/blogs.thesocialmedia.com\/leblogmoto\/wp-json\/wp\/v2\/media?parent=2519"}],"wp:term":[{"taxonomy":"category","embeddable":true,"href":"https:\/\/blogs.thesocialmedia.com\/leblogmoto\/wp-json\/wp\/v2\/categories?post=2519"},{"taxonomy":"post_tag","embeddable":true,"href":"https:\/\/blogs.thesocialmedia.com\/leblogmoto\/wp-json\/wp\/v2\/tags?post=2519"}],"curies":[{"name":"wp","href":"https:\/\/api.w.org\/{rel}","templated":true}]}}