{"id":252,"date":"2009-02-22T23:05:18","date_gmt":"2009-02-22T23:05:18","guid":{"rendered":"http:\/\/blogs.thesocialmedia.com\/leblogmoto\/2009\/02\/22\/la-moto-pour-ha\/"},"modified":"2012-07-11T13:23:07","modified_gmt":"2012-07-11T13:23:07","slug":"la-moto-pour-ha","status":"publish","type":"post","link":"https:\/\/blogs.thesocialmedia.com\/leblogmoto\/2009\/02\/22\/la-moto-pour-ha\/","title":{"rendered":"La moto pour handicap\u00e9 moteur existe d\u00e9j\u00e0 &#8230;Et c&rsquo;est une R1."},"content":{"rendered":"<p><embed height=\"344\" width=\"425\" src=\"http:\/\/www.youtube.com\/v\/aL6z1jJvGes&amp;hl=fr&amp;fs=1\" type=\"application\/x-shockwave-flash\"><\/embed> <\/p>\n<p>Apr\u00e8s avoir trait\u00e9 d&rsquo;un ing\u00e9nieux <em><a href=\"http:\/\/www.leblogmoto.com\/2009\/02\/un-concept-de-d.html\">concept bike<\/a><\/em> adapt\u00e9 aux personnes \u00e0 mobilit\u00e9 r\u00e9duite, nous ne pouvions que mettre en ligne cette \u00e9tonnante vid\u00e9o d\u00e9couverte aujourd&rsquo;hui chez nos voisins de Crazymoto. Elle montre un parapl\u00e9gique, ou du moins une personne d\u00e9crite comme telle par le membre espagnol de YouTube, Powerpeix, qui manoeuvre pour s&rsquo;extirper de son fauteuil. Puis prend place au guidon d&rsquo;une Yamaha R1 munie d&rsquo;un bipied, comme ceux qui \u00e9quipent les dragsters auto ou moto (voir l&rsquo;article que nous avions mis en ligne <a href=\"http:\/\/www.leblogmoto.com\/2007\/10\/quest-ce-que-ce.html\">\u00e0 ce sujet<\/a> sur notre blog), l&rsquo;id\u00e9e g\u00e9n\u00e9rale de ces petites roues r\u00e9tractables \u00e9tant sans aucun doute inspir\u00e9e de la fameuse <em>wheelie bar<\/em>. Le pilote qui \u00e9volue sur circuit se permet m\u00eame d&rsquo;enrhumer sur la piste un autre concurrent. Dois-je pr\u00e9ciser que j&rsquo;ai regard\u00e9 cette vid\u00e9o en passant \u00e0 certains de nos ami(e)s motard(e)s qui sont dans le m\u00eame cas ? Ce petit extrait d&rsquo;\u00e0 peine deux minutes est sp\u00e9cialement d\u00e9di\u00e9 \u00e0 <a href=\"http:\/\/benoit-thibal.skyrock.com\/\">Beno\u00eet Thibal<\/a>, pilote <em>off road<\/em>, \u00e0 qui j&rsquo;avais eu le plaisir de parler une fois au t\u00e9l\u00e9phone, mais dont je n&rsquo;avais jamais pu terminer l&rsquo;article qui lui \u00e9tait consacr\u00e9. En esp\u00e9rant que cette vid\u00e9o inspire toutes ces personnes, raisonnablement cela va sans dire. <\/p>\n<p><em>Via crazymoto.<\/em><\/p>\n","protected":false},"excerpt":{"rendered":"<p>Apr\u00e8s avoir trait\u00e9 d&rsquo;un ing\u00e9nieux concept bike adapt\u00e9 aux personnes \u00e0 mobilit\u00e9 r\u00e9duite, nous ne pouvions que mettre en ligne cette \u00e9tonnante vid\u00e9o d\u00e9couverte aujourd&rsquo;hui chez nos voisins de Crazymoto. Elle montre un parapl\u00e9gique, ou du moins une personne d\u00e9crite comme telle par le membre espagnol de YouTube, Powerpeix, qui manoeuvre pour s&rsquo;extirper de son [&hellip;]<\/p>\n","protected":false},"author":324,"featured_media":0,"comment_status":"open","ping_status":"open","sticky":false,"template":"","format":"standard","meta":{"footnotes":""},"categories":[44],"tags":[],"class_list":["post-252","post","type-post","status-publish","format-standard","hentry","category-yamaha"],"yoast_head":"<!-- This site is optimized with the Yoast SEO plugin v26.0 - https:\/\/yoast.com\/wordpress\/plugins\/seo\/ -->\n<title>La moto pour handicap\u00e9 moteur existe d\u00e9j\u00e0 ...Et c&#039;est une R1. - leblogmoto.com<\/title>\n<meta name=\"robots\" content=\"index, follow, max-snippet:-1, max-image-preview:large, max-video-preview:-1\" \/>\n<link rel=\"canonical\" href=\"https:\/\/blogs.thesocialmedia.com\/leblogmoto\/2009\/02\/22\/la-moto-pour-ha\/\" \/>\n<meta name=\"twitter:card\" content=\"summary_large_image\" \/>\n<meta name=\"twitter:title\" content=\"La moto pour handicap\u00e9 moteur existe d\u00e9j\u00e0 ...Et c&#039;est une R1. - leblogmoto.com\" \/>\n<meta name=\"twitter:description\" content=\"Apr\u00e8s avoir trait\u00e9 d&rsquo;un ing\u00e9nieux concept bike adapt\u00e9 aux personnes \u00e0 mobilit\u00e9 r\u00e9duite, nous ne pouvions que mettre en ligne cette \u00e9tonnante vid\u00e9o d\u00e9couverte aujourd&rsquo;hui chez nos voisins de Crazymoto. Elle montre un parapl\u00e9gique, ou du moins une personne d\u00e9crite comme telle par le membre espagnol de YouTube, Powerpeix, qui manoeuvre pour s&rsquo;extirper de son [&hellip;]\" \/>\n<meta name=\"twitter:label1\" content=\"\u00c9crit par\" \/>\n\t<meta name=\"twitter:data1\" content=\"benoit rieu\" \/>\n\t<meta name=\"twitter:label2\" content=\"Dur\u00e9e de lecture estim\u00e9e\" \/>\n\t<meta name=\"twitter:data2\" content=\"1 minute\" \/>\n<script type=\"application\/ld+json\" class=\"yoast-schema-graph\">{\"@context\":\"https:\/\/schema.org\",\"@graph\":[{\"@type\":\"WebPage\",\"@id\":\"https:\/\/blogs.thesocialmedia.com\/leblogmoto\/2009\/02\/22\/la-moto-pour-ha\/\",\"url\":\"https:\/\/blogs.thesocialmedia.com\/leblogmoto\/2009\/02\/22\/la-moto-pour-ha\/\",\"name\":\"La moto pour handicap\u00e9 moteur existe d\u00e9j\u00e0 ...Et c'est une R1. - leblogmoto.com\",\"isPartOf\":{\"@id\":\"https:\/\/blogs.thesocialmedia.com\/leblogmoto\/#website\"},\"datePublished\":\"2009-02-22T23:05:18+00:00\",\"dateModified\":\"2012-07-11T13:23:07+00:00\",\"author\":{\"@id\":\"https:\/\/blogs.thesocialmedia.com\/leblogmoto\/#\/schema\/person\/18bfe773e5725ed6d24f743da805362a\"},\"breadcrumb\":{\"@id\":\"https:\/\/blogs.thesocialmedia.com\/leblogmoto\/2009\/02\/22\/la-moto-pour-ha\/#breadcrumb\"},\"inLanguage\":\"fr-FR\",\"potentialAction\":[{\"@type\":\"ReadAction\",\"target\":[\"https:\/\/blogs.thesocialmedia.com\/leblogmoto\/2009\/02\/22\/la-moto-pour-ha\/\"]}]},{\"@type\":\"BreadcrumbList\",\"@id\":\"https:\/\/blogs.thesocialmedia.com\/leblogmoto\/2009\/02\/22\/la-moto-pour-ha\/#breadcrumb\",\"itemListElement\":[{\"@type\":\"ListItem\",\"position\":1,\"name\":\"Accueil\",\"item\":\"https:\/\/blogs.thesocialmedia.com\/leblogmoto\/\"},{\"@type\":\"ListItem\",\"position\":2,\"name\":\"La moto pour handicap\u00e9 moteur existe d\u00e9j\u00e0 &#8230;Et c&rsquo;est une R1.\"}]},{\"@type\":\"WebSite\",\"@id\":\"https:\/\/blogs.thesocialmedia.com\/leblogmoto\/#website\",\"url\":\"https:\/\/blogs.thesocialmedia.com\/leblogmoto\/\",\"name\":\"leblogmoto\",\"description\":\"Toute l&#039;actualit\u00e9 des 2 roues\",\"potentialAction\":[{\"@type\":\"SearchAction\",\"target\":{\"@type\":\"EntryPoint\",\"urlTemplate\":\"https:\/\/blogs.thesocialmedia.com\/leblogmoto\/?s={search_term_string}\"},\"query-input\":{\"@type\":\"PropertyValueSpecification\",\"valueRequired\":true,\"valueName\":\"search_term_string\"}}],\"inLanguage\":\"fr-FR\"},{\"@type\":\"Person\",\"@id\":\"https:\/\/blogs.thesocialmedia.com\/leblogmoto\/#\/schema\/person\/18bfe773e5725ed6d24f743da805362a\",\"name\":\"benoit rieu\",\"image\":{\"@type\":\"ImageObject\",\"inLanguage\":\"fr-FR\",\"@id\":\"https:\/\/blogs.thesocialmedia.com\/leblogmoto\/#\/schema\/person\/image\/\",\"url\":\"https:\/\/secure.gravatar.com\/avatar\/?s=96&d=mm&r=g\",\"contentUrl\":\"https:\/\/secure.gravatar.com\/avatar\/?s=96&d=mm&r=g\",\"caption\":\"benoit rieu\"},\"url\":\"https:\/\/blogs.thesocialmedia.com\/leblogmoto\/author\/benoit-rieu\/\"}]}<\/script>\n<!-- \/ Yoast SEO plugin. -->","yoast_head_json":{"title":"La moto pour handicap\u00e9 moteur existe d\u00e9j\u00e0 ...Et c'est une R1. - leblogmoto.com","robots":{"index":"index","follow":"follow","max-snippet":"max-snippet:-1","max-image-preview":"max-image-preview:large","max-video-preview":"max-video-preview:-1"},"canonical":"https:\/\/blogs.thesocialmedia.com\/leblogmoto\/2009\/02\/22\/la-moto-pour-ha\/","twitter_card":"summary_large_image","twitter_title":"La moto pour handicap\u00e9 moteur existe d\u00e9j\u00e0 ...Et c'est une R1. - leblogmoto.com","twitter_description":"Apr\u00e8s avoir trait\u00e9 d&rsquo;un ing\u00e9nieux concept bike adapt\u00e9 aux personnes \u00e0 mobilit\u00e9 r\u00e9duite, nous ne pouvions que mettre en ligne cette \u00e9tonnante vid\u00e9o d\u00e9couverte aujourd&rsquo;hui chez nos voisins de Crazymoto. Elle montre un parapl\u00e9gique, ou du moins une personne d\u00e9crite comme telle par le membre espagnol de YouTube, Powerpeix, qui manoeuvre pour s&rsquo;extirper de son [&hellip;]","twitter_misc":{"\u00c9crit par":"benoit rieu","Dur\u00e9e de lecture estim\u00e9e":"1 minute"},"schema":{"@context":"https:\/\/schema.org","@graph":[{"@type":"WebPage","@id":"https:\/\/blogs.thesocialmedia.com\/leblogmoto\/2009\/02\/22\/la-moto-pour-ha\/","url":"https:\/\/blogs.thesocialmedia.com\/leblogmoto\/2009\/02\/22\/la-moto-pour-ha\/","name":"La moto pour handicap\u00e9 moteur existe d\u00e9j\u00e0 ...Et c'est une R1. - leblogmoto.com","isPartOf":{"@id":"https:\/\/blogs.thesocialmedia.com\/leblogmoto\/#website"},"datePublished":"2009-02-22T23:05:18+00:00","dateModified":"2012-07-11T13:23:07+00:00","author":{"@id":"https:\/\/blogs.thesocialmedia.com\/leblogmoto\/#\/schema\/person\/18bfe773e5725ed6d24f743da805362a"},"breadcrumb":{"@id":"https:\/\/blogs.thesocialmedia.com\/leblogmoto\/2009\/02\/22\/la-moto-pour-ha\/#breadcrumb"},"inLanguage":"fr-FR","potentialAction":[{"@type":"ReadAction","target":["https:\/\/blogs.thesocialmedia.com\/leblogmoto\/2009\/02\/22\/la-moto-pour-ha\/"]}]},{"@type":"BreadcrumbList","@id":"https:\/\/blogs.thesocialmedia.com\/leblogmoto\/2009\/02\/22\/la-moto-pour-ha\/#breadcrumb","itemListElement":[{"@type":"ListItem","position":1,"name":"Accueil","item":"https:\/\/blogs.thesocialmedia.com\/leblogmoto\/"},{"@type":"ListItem","position":2,"name":"La moto pour handicap\u00e9 moteur existe d\u00e9j\u00e0 &#8230;Et c&rsquo;est une R1."}]},{"@type":"WebSite","@id":"https:\/\/blogs.thesocialmedia.com\/leblogmoto\/#website","url":"https:\/\/blogs.thesocialmedia.com\/leblogmoto\/","name":"leblogmoto","description":"Toute l&#039;actualit\u00e9 des 2 roues","potentialAction":[{"@type":"SearchAction","target":{"@type":"EntryPoint","urlTemplate":"https:\/\/blogs.thesocialmedia.com\/leblogmoto\/?s={search_term_string}"},"query-input":{"@type":"PropertyValueSpecification","valueRequired":true,"valueName":"search_term_string"}}],"inLanguage":"fr-FR"},{"@type":"Person","@id":"https:\/\/blogs.thesocialmedia.com\/leblogmoto\/#\/schema\/person\/18bfe773e5725ed6d24f743da805362a","name":"benoit rieu","image":{"@type":"ImageObject","inLanguage":"fr-FR","@id":"https:\/\/blogs.thesocialmedia.com\/leblogmoto\/#\/schema\/person\/image\/","url":"https:\/\/secure.gravatar.com\/avatar\/?s=96&d=mm&r=g","contentUrl":"https:\/\/secure.gravatar.com\/avatar\/?s=96&d=mm&r=g","caption":"benoit rieu"},"url":"https:\/\/blogs.thesocialmedia.com\/leblogmoto\/author\/benoit-rieu\/"}]}},"_links":{"self":[{"href":"https:\/\/blogs.thesocialmedia.com\/leblogmoto\/wp-json\/wp\/v2\/posts\/252","targetHints":{"allow":["GET"]}}],"collection":[{"href":"https:\/\/blogs.thesocialmedia.com\/leblogmoto\/wp-json\/wp\/v2\/posts"}],"about":[{"href":"https:\/\/blogs.thesocialmedia.com\/leblogmoto\/wp-json\/wp\/v2\/types\/post"}],"author":[{"embeddable":true,"href":"https:\/\/blogs.thesocialmedia.com\/leblogmoto\/wp-json\/wp\/v2\/users\/324"}],"replies":[{"embeddable":true,"href":"https:\/\/blogs.thesocialmedia.com\/leblogmoto\/wp-json\/wp\/v2\/comments?post=252"}],"version-history":[{"count":1,"href":"https:\/\/blogs.thesocialmedia.com\/leblogmoto\/wp-json\/wp\/v2\/posts\/252\/revisions"}],"predecessor-version":[{"id":4999,"href":"https:\/\/blogs.thesocialmedia.com\/leblogmoto\/wp-json\/wp\/v2\/posts\/252\/revisions\/4999"}],"wp:attachment":[{"href":"https:\/\/blogs.thesocialmedia.com\/leblogmoto\/wp-json\/wp\/v2\/media?parent=252"}],"wp:term":[{"taxonomy":"category","embeddable":true,"href":"https:\/\/blogs.thesocialmedia.com\/leblogmoto\/wp-json\/wp\/v2\/categories?post=252"},{"taxonomy":"post_tag","embeddable":true,"href":"https:\/\/blogs.thesocialmedia.com\/leblogmoto\/wp-json\/wp\/v2\/tags?post=252"}],"curies":[{"name":"wp","href":"https:\/\/api.w.org\/{rel}","templated":true}]}}