{"id":2520,"date":"2005-06-28T10:53:34","date_gmt":"2005-06-28T10:53:34","guid":{"rendered":"http:\/\/blogs.thesocialmedia.com\/leblogmoto\/2005\/06\/28\/scurit-routire-1-2\/"},"modified":"2012-07-11T13:36:59","modified_gmt":"2012-07-11T13:36:59","slug":"scurit-routire-1-2","status":"publish","type":"post","link":"https:\/\/blogs.thesocialmedia.com\/leblogmoto\/2005\/06\/28\/scurit-routire-1-2\/","title":{"rendered":"S\u00e9curit\u00e9 routi\u00e8re fa\u00e7on Perben"},"content":{"rendered":"<p><a href=\"http:\/\/blogs.thesocialmedia.com\/leblogmoto\/files\/2012\/07\/perben.jpg\"><img decoding=\"async\"  alt=\"Perben\" src=\"http:\/\/www.leblogmoto.com\/images\/perben.jpg\" style=\"margin: 0px 5px 5px 0px;float: left;width: 171px;height: 228px\" \/><\/a> Le ministre des Transports Dominique Perben a d\u00e9clar\u00e9 vouloir ralentir le rythme des implantations de radars automatiques et dit vouloir une concertation pour aller au del\u00e0 du programme initial pr\u00e9voyant 1000 radars : <em>&quot;Comme pr\u00e9vu, on sera bien \u00e0 mille radars d&rsquo;ici la fin de l&rsquo;ann\u00e9e mais il n&rsquo;y aura pas de nouvelle vague d&rsquo;installation l&rsquo;ann\u00e9e prochaine. Un millier d&rsquo;appareils, c&rsquo;est, je pense, un parc suffisant. Au moins pour le moment&quot;.<\/em><br \/> Dominique Perben a aussi stopp\u00e9 net le projet de contr\u00f4le m\u00e9dical obligatoire des conducteurs comme cela se fait dans certains pays europ\u00e9ens : <em>&quot;Instaurer un contr\u00f4le obligatoire risque de nous enfermer dans un syst\u00e8me trop bureaucratique, et de montrer du doigt les conducteurs les plus \u00e2g\u00e9s qui ne sont pas forcement les plus responsables d&rsquo;accidents&quot;.<\/em><br \/> Enfin, 3\u00e8me action du nouveau ministre en charge de la s\u00e9curit\u00e9 routi\u00e8re, il arr\u00eate les feux de croisement de jour hors agglom\u00e9ration car il estime avoir besoin de plus de temps pour analyser les effets de cette mesure qui selon lui <em>&quot;n&rsquo;a pas vraiment pris, on ne voit pas beaucoup de feux allum\u00e9s le jour&quot;.<\/em><br \/> Malgr\u00e9 ces 3 pieds de nez \u00e0 son pr\u00e9d\u00e9cesseur, Dominique Perben estime pouvoir descendre sous la barre des 5 000 morts sur la route en 2005 et se fixe comme objectif <em>&quot;d\u2019aller plus loin&quot;<\/em> pour les ann\u00e9es \u00e0 venir.<br \/> Saluons l\u2019abandon des feux de croisement de jour qui \u00e9tait une pure aberration pour tous les motards dont la visibilit\u00e9 dans le trafic routier risquait d\u2019\u00eatre quasi nulle. Malgr\u00e9 cela, le pseudo \u2018g\u00eale\u2019 des implantations de radars fixes n\u2019est qu\u2019un feu de paille pour dissimuler l\u2019augmentation des radars mobiles v\u00e9ritables pompe \u00e0 fric pour l\u2019Etat. Enfin, le contr\u00f4le m\u00e9dical \u00e9tait, \u00e0 mes yeux, une tr\u00e8s bonne id\u00e9e car cette mesure aurait certainement transform\u00e9 certains dangers publics en pi\u00e9tons inoffensifs\u2026<\/p>\n","protected":false},"excerpt":{"rendered":"<p>Le ministre des Transports Dominique Perben a d\u00e9clar\u00e9 vouloir ralentir le rythme des implantations de radars automatiques et dit vouloir une concertation pour aller au del\u00e0 du programme initial pr\u00e9voyant 1000 radars : &quot;Comme pr\u00e9vu, on sera bien \u00e0 mille radars d&rsquo;ici la fin de l&rsquo;ann\u00e9e mais il n&rsquo;y aura pas de nouvelle vague d&rsquo;installation [&hellip;]<\/p>\n","protected":false},"author":338,"featured_media":0,"comment_status":"open","ping_status":"open","sticky":false,"template":"","format":"standard","meta":{"footnotes":""},"categories":[27],"tags":[],"class_list":["post-2520","post","type-post","status-publish","format-standard","hentry","category-securite"],"yoast_head":"<!-- This site is optimized with the Yoast SEO plugin v26.0 - https:\/\/yoast.com\/wordpress\/plugins\/seo\/ -->\n<title>S\u00e9curit\u00e9 routi\u00e8re fa\u00e7on Perben - leblogmoto.com<\/title>\n<meta name=\"robots\" content=\"index, follow, max-snippet:-1, max-image-preview:large, max-video-preview:-1\" \/>\n<link rel=\"canonical\" href=\"https:\/\/blogs.thesocialmedia.com\/leblogmoto\/2005\/06\/28\/scurit-routire-1-2\/\" \/>\n<meta name=\"twitter:card\" content=\"summary_large_image\" \/>\n<meta name=\"twitter:title\" content=\"S\u00e9curit\u00e9 routi\u00e8re fa\u00e7on Perben - leblogmoto.com\" \/>\n<meta name=\"twitter:description\" content=\"Le ministre des Transports Dominique Perben a d\u00e9clar\u00e9 vouloir ralentir le rythme des implantations de radars automatiques et dit vouloir une concertation pour aller au del\u00e0 du programme initial pr\u00e9voyant 1000 radars : &quot;Comme pr\u00e9vu, on sera bien \u00e0 mille radars d&rsquo;ici la fin de l&rsquo;ann\u00e9e mais il n&rsquo;y aura pas de nouvelle vague d&rsquo;installation [&hellip;]\" \/>\n<meta name=\"twitter:image\" content=\"http:\/\/www.leblogmoto.com\/images\/perben.jpg\" \/>\n<meta name=\"twitter:label1\" content=\"\u00c9crit par\" \/>\n\t<meta name=\"twitter:data1\" content=\"vincent vaillant\" \/>\n\t<meta name=\"twitter:label2\" content=\"Dur\u00e9e de lecture estim\u00e9e\" \/>\n\t<meta name=\"twitter:data2\" content=\"2 minutes\" \/>\n<script type=\"application\/ld+json\" class=\"yoast-schema-graph\">{\"@context\":\"https:\/\/schema.org\",\"@graph\":[{\"@type\":\"WebPage\",\"@id\":\"https:\/\/blogs.thesocialmedia.com\/leblogmoto\/2005\/06\/28\/scurit-routire-1-2\/\",\"url\":\"https:\/\/blogs.thesocialmedia.com\/leblogmoto\/2005\/06\/28\/scurit-routire-1-2\/\",\"name\":\"S\u00e9curit\u00e9 routi\u00e8re fa\u00e7on Perben - leblogmoto.com\",\"isPartOf\":{\"@id\":\"https:\/\/blogs.thesocialmedia.com\/leblogmoto\/#website\"},\"primaryImageOfPage\":{\"@id\":\"https:\/\/blogs.thesocialmedia.com\/leblogmoto\/2005\/06\/28\/scurit-routire-1-2\/#primaryimage\"},\"image\":{\"@id\":\"https:\/\/blogs.thesocialmedia.com\/leblogmoto\/2005\/06\/28\/scurit-routire-1-2\/#primaryimage\"},\"thumbnailUrl\":\"http:\/\/www.leblogmoto.com\/images\/perben.jpg\",\"datePublished\":\"2005-06-28T10:53:34+00:00\",\"dateModified\":\"2012-07-11T13:36:59+00:00\",\"author\":{\"@id\":\"https:\/\/blogs.thesocialmedia.com\/leblogmoto\/#\/schema\/person\/80d2a078dbdb8b60abbd76bae6011f19\"},\"breadcrumb\":{\"@id\":\"https:\/\/blogs.thesocialmedia.com\/leblogmoto\/2005\/06\/28\/scurit-routire-1-2\/#breadcrumb\"},\"inLanguage\":\"fr-FR\",\"potentialAction\":[{\"@type\":\"ReadAction\",\"target\":[\"https:\/\/blogs.thesocialmedia.com\/leblogmoto\/2005\/06\/28\/scurit-routire-1-2\/\"]}]},{\"@type\":\"ImageObject\",\"inLanguage\":\"fr-FR\",\"@id\":\"https:\/\/blogs.thesocialmedia.com\/leblogmoto\/2005\/06\/28\/scurit-routire-1-2\/#primaryimage\",\"url\":\"http:\/\/www.leblogmoto.com\/images\/perben.jpg\",\"contentUrl\":\"http:\/\/www.leblogmoto.com\/images\/perben.jpg\"},{\"@type\":\"BreadcrumbList\",\"@id\":\"https:\/\/blogs.thesocialmedia.com\/leblogmoto\/2005\/06\/28\/scurit-routire-1-2\/#breadcrumb\",\"itemListElement\":[{\"@type\":\"ListItem\",\"position\":1,\"name\":\"Accueil\",\"item\":\"https:\/\/blogs.thesocialmedia.com\/leblogmoto\/\"},{\"@type\":\"ListItem\",\"position\":2,\"name\":\"S\u00e9curit\u00e9 routi\u00e8re fa\u00e7on Perben\"}]},{\"@type\":\"WebSite\",\"@id\":\"https:\/\/blogs.thesocialmedia.com\/leblogmoto\/#website\",\"url\":\"https:\/\/blogs.thesocialmedia.com\/leblogmoto\/\",\"name\":\"leblogmoto\",\"description\":\"Toute l&#039;actualit\u00e9 des 2 roues\",\"potentialAction\":[{\"@type\":\"SearchAction\",\"target\":{\"@type\":\"EntryPoint\",\"urlTemplate\":\"https:\/\/blogs.thesocialmedia.com\/leblogmoto\/?s={search_term_string}\"},\"query-input\":{\"@type\":\"PropertyValueSpecification\",\"valueRequired\":true,\"valueName\":\"search_term_string\"}}],\"inLanguage\":\"fr-FR\"},{\"@type\":\"Person\",\"@id\":\"https:\/\/blogs.thesocialmedia.com\/leblogmoto\/#\/schema\/person\/80d2a078dbdb8b60abbd76bae6011f19\",\"name\":\"vincent vaillant\",\"image\":{\"@type\":\"ImageObject\",\"inLanguage\":\"fr-FR\",\"@id\":\"https:\/\/blogs.thesocialmedia.com\/leblogmoto\/#\/schema\/person\/image\/\",\"url\":\"https:\/\/secure.gravatar.com\/avatar\/?s=96&d=mm&r=g\",\"contentUrl\":\"https:\/\/secure.gravatar.com\/avatar\/?s=96&d=mm&r=g\",\"caption\":\"vincent vaillant\"},\"url\":\"https:\/\/blogs.thesocialmedia.com\/leblogmoto\/author\/vincent-vaillant\/\"}]}<\/script>\n<!-- \/ Yoast SEO plugin. -->","yoast_head_json":{"title":"S\u00e9curit\u00e9 routi\u00e8re fa\u00e7on Perben - leblogmoto.com","robots":{"index":"index","follow":"follow","max-snippet":"max-snippet:-1","max-image-preview":"max-image-preview:large","max-video-preview":"max-video-preview:-1"},"canonical":"https:\/\/blogs.thesocialmedia.com\/leblogmoto\/2005\/06\/28\/scurit-routire-1-2\/","twitter_card":"summary_large_image","twitter_title":"S\u00e9curit\u00e9 routi\u00e8re fa\u00e7on Perben - leblogmoto.com","twitter_description":"Le ministre des Transports Dominique Perben a d\u00e9clar\u00e9 vouloir ralentir le rythme des implantations de radars automatiques et dit vouloir une concertation pour aller au del\u00e0 du programme initial pr\u00e9voyant 1000 radars : &quot;Comme pr\u00e9vu, on sera bien \u00e0 mille radars d&rsquo;ici la fin de l&rsquo;ann\u00e9e mais il n&rsquo;y aura pas de nouvelle vague d&rsquo;installation [&hellip;]","twitter_image":"http:\/\/www.leblogmoto.com\/images\/perben.jpg","twitter_misc":{"\u00c9crit par":"vincent vaillant","Dur\u00e9e de lecture estim\u00e9e":"2 minutes"},"schema":{"@context":"https:\/\/schema.org","@graph":[{"@type":"WebPage","@id":"https:\/\/blogs.thesocialmedia.com\/leblogmoto\/2005\/06\/28\/scurit-routire-1-2\/","url":"https:\/\/blogs.thesocialmedia.com\/leblogmoto\/2005\/06\/28\/scurit-routire-1-2\/","name":"S\u00e9curit\u00e9 routi\u00e8re fa\u00e7on Perben - leblogmoto.com","isPartOf":{"@id":"https:\/\/blogs.thesocialmedia.com\/leblogmoto\/#website"},"primaryImageOfPage":{"@id":"https:\/\/blogs.thesocialmedia.com\/leblogmoto\/2005\/06\/28\/scurit-routire-1-2\/#primaryimage"},"image":{"@id":"https:\/\/blogs.thesocialmedia.com\/leblogmoto\/2005\/06\/28\/scurit-routire-1-2\/#primaryimage"},"thumbnailUrl":"http:\/\/www.leblogmoto.com\/images\/perben.jpg","datePublished":"2005-06-28T10:53:34+00:00","dateModified":"2012-07-11T13:36:59+00:00","author":{"@id":"https:\/\/blogs.thesocialmedia.com\/leblogmoto\/#\/schema\/person\/80d2a078dbdb8b60abbd76bae6011f19"},"breadcrumb":{"@id":"https:\/\/blogs.thesocialmedia.com\/leblogmoto\/2005\/06\/28\/scurit-routire-1-2\/#breadcrumb"},"inLanguage":"fr-FR","potentialAction":[{"@type":"ReadAction","target":["https:\/\/blogs.thesocialmedia.com\/leblogmoto\/2005\/06\/28\/scurit-routire-1-2\/"]}]},{"@type":"ImageObject","inLanguage":"fr-FR","@id":"https:\/\/blogs.thesocialmedia.com\/leblogmoto\/2005\/06\/28\/scurit-routire-1-2\/#primaryimage","url":"http:\/\/www.leblogmoto.com\/images\/perben.jpg","contentUrl":"http:\/\/www.leblogmoto.com\/images\/perben.jpg"},{"@type":"BreadcrumbList","@id":"https:\/\/blogs.thesocialmedia.com\/leblogmoto\/2005\/06\/28\/scurit-routire-1-2\/#breadcrumb","itemListElement":[{"@type":"ListItem","position":1,"name":"Accueil","item":"https:\/\/blogs.thesocialmedia.com\/leblogmoto\/"},{"@type":"ListItem","position":2,"name":"S\u00e9curit\u00e9 routi\u00e8re fa\u00e7on Perben"}]},{"@type":"WebSite","@id":"https:\/\/blogs.thesocialmedia.com\/leblogmoto\/#website","url":"https:\/\/blogs.thesocialmedia.com\/leblogmoto\/","name":"leblogmoto","description":"Toute l&#039;actualit\u00e9 des 2 roues","potentialAction":[{"@type":"SearchAction","target":{"@type":"EntryPoint","urlTemplate":"https:\/\/blogs.thesocialmedia.com\/leblogmoto\/?s={search_term_string}"},"query-input":{"@type":"PropertyValueSpecification","valueRequired":true,"valueName":"search_term_string"}}],"inLanguage":"fr-FR"},{"@type":"Person","@id":"https:\/\/blogs.thesocialmedia.com\/leblogmoto\/#\/schema\/person\/80d2a078dbdb8b60abbd76bae6011f19","name":"vincent vaillant","image":{"@type":"ImageObject","inLanguage":"fr-FR","@id":"https:\/\/blogs.thesocialmedia.com\/leblogmoto\/#\/schema\/person\/image\/","url":"https:\/\/secure.gravatar.com\/avatar\/?s=96&d=mm&r=g","contentUrl":"https:\/\/secure.gravatar.com\/avatar\/?s=96&d=mm&r=g","caption":"vincent vaillant"},"url":"https:\/\/blogs.thesocialmedia.com\/leblogmoto\/author\/vincent-vaillant\/"}]}},"_links":{"self":[{"href":"https:\/\/blogs.thesocialmedia.com\/leblogmoto\/wp-json\/wp\/v2\/posts\/2520","targetHints":{"allow":["GET"]}}],"collection":[{"href":"https:\/\/blogs.thesocialmedia.com\/leblogmoto\/wp-json\/wp\/v2\/posts"}],"about":[{"href":"https:\/\/blogs.thesocialmedia.com\/leblogmoto\/wp-json\/wp\/v2\/types\/post"}],"author":[{"embeddable":true,"href":"https:\/\/blogs.thesocialmedia.com\/leblogmoto\/wp-json\/wp\/v2\/users\/338"}],"replies":[{"embeddable":true,"href":"https:\/\/blogs.thesocialmedia.com\/leblogmoto\/wp-json\/wp\/v2\/comments?post=2520"}],"version-history":[{"count":2,"href":"https:\/\/blogs.thesocialmedia.com\/leblogmoto\/wp-json\/wp\/v2\/posts\/2520\/revisions"}],"predecessor-version":[{"id":5457,"href":"https:\/\/blogs.thesocialmedia.com\/leblogmoto\/wp-json\/wp\/v2\/posts\/2520\/revisions\/5457"}],"wp:attachment":[{"href":"https:\/\/blogs.thesocialmedia.com\/leblogmoto\/wp-json\/wp\/v2\/media?parent=2520"}],"wp:term":[{"taxonomy":"category","embeddable":true,"href":"https:\/\/blogs.thesocialmedia.com\/leblogmoto\/wp-json\/wp\/v2\/categories?post=2520"},{"taxonomy":"post_tag","embeddable":true,"href":"https:\/\/blogs.thesocialmedia.com\/leblogmoto\/wp-json\/wp\/v2\/tags?post=2520"}],"curies":[{"name":"wp","href":"https:\/\/api.w.org\/{rel}","templated":true}]}}