{"id":2532,"date":"2005-06-14T16:56:04","date_gmt":"2005-06-14T16:56:04","guid":{"rendered":"http:\/\/blogs.thesocialmedia.com\/leblogmoto\/2005\/06\/14\/rmoto\/"},"modified":"2012-07-11T13:35:44","modified_gmt":"2012-07-11T13:35:44","slug":"rmoto","status":"publish","type":"post","link":"https:\/\/blogs.thesocialmedia.com\/leblogmoto\/2005\/06\/14\/rmoto\/","title":{"rendered":"rMoto"},"content":{"rendered":"<p><a href=\"http:\/\/blogs.thesocialmedia.com\/leblogmoto\/files\/2012\/07\/ro_1_11.jpg\"><img loading=\"lazy\" decoding=\"async\" width=\"250\" height=\"168\"  src=\"http:\/\/blogs.thesocialmedia.com\/leblogmoto\/files\/2012\/07\/ro_1_1.jpg\" alt=\"Ro_1_1\" style=\"margin: 0px 5px 5px 0px;float: left\" \/><\/a> Comment ne pas tomber en extase devant ce projet de moto supersportive ?<br \/> Elle s\u2019appelle la rMoto et a \u00e9t\u00e9 dessin\u00e9e par Robrady, un bureau am\u00e9ricain sp\u00e9cialis\u00e9 dans le design de v\u00e9hicules. Robrady s\u2019est d\u00e9j\u00e0 illustr\u00e9 par la cr\u00e9ation d\u2019un scooter hybride essence\/\u00e9lectrique ainsi que sur des consultations stylistiques pour les marques Buell, Suzuki et Yamaha. En plus de l\u2019avoir faite belle, ses concepteurs ont voulu qu\u2019elle soit \u00e9cologique puisque cette rMoto dispose d\u2019un moteur \u00e0 propulsion \u00e9lectrique. Et oui ! vous n\u2019aviez pas remarqu\u00e9 qu\u2019elle ne dispose pas d\u2019\u00e9chappement sur les illustrations ?<br \/> En effet, sous son car\u00e9nage, elle embarque des batteries au lithium de derni\u00e8re g\u00e9n\u00e9ration qui n\u2019ont aucun mal \u00e0 lancer la rMoto \u00e0 vives allures. Une sorte de <a href=\"http:\/\/www.leblogauto.com\/2005\/01\/venturi_au_salo.html\">Venturi Fetish<\/a> \u00e0 2 roues !<br \/> Celle-ci profite, sur le papier, d\u2019une conception ultra-l\u00e9g\u00e8re mariant carbone, aluminium et magn\u00e9sium comme dans certaines supercar \u00e0 4 roues. Le design de la rMoto renvoie imm\u00e9diatement \u00e0 un monde futuriste inspir\u00e9 de certains mangas japonais.<br \/> Longtemps pass\u00e9 au dernier plan dans le domaine motocycle, l\u2019\u00e9cologie sera la valeur clef de succ\u00e8s des motos de\u20262020 ! <\/p>\n<p><a href=\"http:\/\/clabedan.typepad.com\/.shared\/image.html?\/photos\/uncategorized\/ro_2_1.jpg\"><img loading=\"lazy\" decoding=\"async\" width=\"250\" height=\"188\"  src=\"http:\/\/blogs.thesocialmedia.com\/leblogmoto\/files\/2012\/07\/ro_2_1.jpg\" alt=\"Ro_2_1\" style=\"margin: 0px 5px 5px 0px;float: left\" \/><\/a><\/p>\n<p><a href=\"http:\/\/blogs.thesocialmedia.com\/leblogmoto\/files\/2012\/07\/ro_3_11.jpg\"><img loading=\"lazy\" decoding=\"async\" width=\"250\" height=\"168\"  src=\"http:\/\/blogs.thesocialmedia.com\/leblogmoto\/files\/2012\/07\/ro_3_1.jpg\" alt=\"Ro_3_1\" style=\"margin: 0px 5px 5px 0px;float: left\" \/><\/a><\/p>\n<p><a href=\"http:\/\/blogs.thesocialmedia.com\/leblogmoto\/files\/2012\/07\/ro_4_11.jpg\"><img loading=\"lazy\" decoding=\"async\" width=\"250\" height=\"187\"  src=\"http:\/\/blogs.thesocialmedia.com\/leblogmoto\/files\/2012\/07\/ro_4_1.jpg\" alt=\"Ro_4_1\" style=\"margin: 0px 5px 5px 0px;float: left\" \/><\/a> <\/p>\n","protected":false},"excerpt":{"rendered":"<p>Comment ne pas tomber en extase devant ce projet de moto supersportive ? Elle s\u2019appelle la rMoto et a \u00e9t\u00e9 dessin\u00e9e par Robrady, un bureau am\u00e9ricain sp\u00e9cialis\u00e9 dans le design de v\u00e9hicules. Robrady s\u2019est d\u00e9j\u00e0 illustr\u00e9 par la cr\u00e9ation d\u2019un scooter hybride essence\/\u00e9lectrique ainsi que sur des consultations stylistiques pour les marques Buell, Suzuki et [&hellip;]<\/p>\n","protected":false},"author":338,"featured_media":5397,"comment_status":"open","ping_status":"open","sticky":false,"template":"","format":"standard","meta":{"footnotes":""},"categories":[33,17],"tags":[],"class_list":["post-2532","post","type-post","status-publish","format-standard","has-post-thumbnail","hentry","category-concept-bike","category-divers"],"yoast_head":"<!-- This site is optimized with the Yoast SEO plugin v26.0 - https:\/\/yoast.com\/wordpress\/plugins\/seo\/ -->\n<title>rMoto - leblogmoto.com<\/title>\n<meta name=\"robots\" content=\"index, follow, max-snippet:-1, max-image-preview:large, max-video-preview:-1\" \/>\n<link rel=\"canonical\" href=\"https:\/\/blogs.thesocialmedia.com\/leblogmoto\/2005\/06\/14\/rmoto\/\" \/>\n<meta name=\"twitter:card\" content=\"summary_large_image\" \/>\n<meta name=\"twitter:title\" content=\"rMoto - leblogmoto.com\" \/>\n<meta name=\"twitter:description\" content=\"Comment ne pas tomber en extase devant ce projet de moto supersportive ? Elle s\u2019appelle la rMoto et a \u00e9t\u00e9 dessin\u00e9e par Robrady, un bureau am\u00e9ricain sp\u00e9cialis\u00e9 dans le design de v\u00e9hicules. Robrady s\u2019est d\u00e9j\u00e0 illustr\u00e9 par la cr\u00e9ation d\u2019un scooter hybride essence\/\u00e9lectrique ainsi que sur des consultations stylistiques pour les marques Buell, Suzuki et [&hellip;]\" \/>\n<meta name=\"twitter:image\" content=\"https:\/\/blogs.thesocialmedia.com\/leblogmoto\/files\/2012\/07\/ro_1_1.jpg\" \/>\n<meta name=\"twitter:label1\" content=\"\u00c9crit par\" \/>\n\t<meta name=\"twitter:data1\" content=\"vincent vaillant\" \/>\n\t<meta name=\"twitter:label2\" content=\"Dur\u00e9e de lecture estim\u00e9e\" \/>\n\t<meta name=\"twitter:data2\" content=\"1 minute\" \/>\n<script type=\"application\/ld+json\" class=\"yoast-schema-graph\">{\"@context\":\"https:\/\/schema.org\",\"@graph\":[{\"@type\":\"WebPage\",\"@id\":\"https:\/\/blogs.thesocialmedia.com\/leblogmoto\/2005\/06\/14\/rmoto\/\",\"url\":\"https:\/\/blogs.thesocialmedia.com\/leblogmoto\/2005\/06\/14\/rmoto\/\",\"name\":\"rMoto - leblogmoto.com\",\"isPartOf\":{\"@id\":\"https:\/\/blogs.thesocialmedia.com\/leblogmoto\/#website\"},\"primaryImageOfPage\":{\"@id\":\"https:\/\/blogs.thesocialmedia.com\/leblogmoto\/2005\/06\/14\/rmoto\/#primaryimage\"},\"image\":{\"@id\":\"https:\/\/blogs.thesocialmedia.com\/leblogmoto\/2005\/06\/14\/rmoto\/#primaryimage\"},\"thumbnailUrl\":\"https:\/\/blogs.thesocialmedia.com\/leblogmoto\/files\/2012\/07\/ro_1_1.jpg\",\"datePublished\":\"2005-06-14T16:56:04+00:00\",\"dateModified\":\"2012-07-11T13:35:44+00:00\",\"author\":{\"@id\":\"https:\/\/blogs.thesocialmedia.com\/leblogmoto\/#\/schema\/person\/80d2a078dbdb8b60abbd76bae6011f19\"},\"breadcrumb\":{\"@id\":\"https:\/\/blogs.thesocialmedia.com\/leblogmoto\/2005\/06\/14\/rmoto\/#breadcrumb\"},\"inLanguage\":\"fr-FR\",\"potentialAction\":[{\"@type\":\"ReadAction\",\"target\":[\"https:\/\/blogs.thesocialmedia.com\/leblogmoto\/2005\/06\/14\/rmoto\/\"]}]},{\"@type\":\"ImageObject\",\"inLanguage\":\"fr-FR\",\"@id\":\"https:\/\/blogs.thesocialmedia.com\/leblogmoto\/2005\/06\/14\/rmoto\/#primaryimage\",\"url\":\"https:\/\/blogs.thesocialmedia.com\/leblogmoto\/files\/2012\/07\/ro_1_1.jpg\",\"contentUrl\":\"https:\/\/blogs.thesocialmedia.com\/leblogmoto\/files\/2012\/07\/ro_1_1.jpg\",\"width\":\"250\",\"height\":\"168\"},{\"@type\":\"BreadcrumbList\",\"@id\":\"https:\/\/blogs.thesocialmedia.com\/leblogmoto\/2005\/06\/14\/rmoto\/#breadcrumb\",\"itemListElement\":[{\"@type\":\"ListItem\",\"position\":1,\"name\":\"Accueil\",\"item\":\"https:\/\/blogs.thesocialmedia.com\/leblogmoto\/\"},{\"@type\":\"ListItem\",\"position\":2,\"name\":\"rMoto\"}]},{\"@type\":\"WebSite\",\"@id\":\"https:\/\/blogs.thesocialmedia.com\/leblogmoto\/#website\",\"url\":\"https:\/\/blogs.thesocialmedia.com\/leblogmoto\/\",\"name\":\"leblogmoto\",\"description\":\"Toute l&#039;actualit\u00e9 des 2 roues\",\"potentialAction\":[{\"@type\":\"SearchAction\",\"target\":{\"@type\":\"EntryPoint\",\"urlTemplate\":\"https:\/\/blogs.thesocialmedia.com\/leblogmoto\/?s={search_term_string}\"},\"query-input\":{\"@type\":\"PropertyValueSpecification\",\"valueRequired\":true,\"valueName\":\"search_term_string\"}}],\"inLanguage\":\"fr-FR\"},{\"@type\":\"Person\",\"@id\":\"https:\/\/blogs.thesocialmedia.com\/leblogmoto\/#\/schema\/person\/80d2a078dbdb8b60abbd76bae6011f19\",\"name\":\"vincent vaillant\",\"image\":{\"@type\":\"ImageObject\",\"inLanguage\":\"fr-FR\",\"@id\":\"https:\/\/blogs.thesocialmedia.com\/leblogmoto\/#\/schema\/person\/image\/\",\"url\":\"https:\/\/secure.gravatar.com\/avatar\/?s=96&d=mm&r=g\",\"contentUrl\":\"https:\/\/secure.gravatar.com\/avatar\/?s=96&d=mm&r=g\",\"caption\":\"vincent vaillant\"},\"url\":\"https:\/\/blogs.thesocialmedia.com\/leblogmoto\/author\/vincent-vaillant\/\"}]}<\/script>\n<!-- \/ Yoast SEO plugin. -->","yoast_head_json":{"title":"rMoto - leblogmoto.com","robots":{"index":"index","follow":"follow","max-snippet":"max-snippet:-1","max-image-preview":"max-image-preview:large","max-video-preview":"max-video-preview:-1"},"canonical":"https:\/\/blogs.thesocialmedia.com\/leblogmoto\/2005\/06\/14\/rmoto\/","twitter_card":"summary_large_image","twitter_title":"rMoto - leblogmoto.com","twitter_description":"Comment ne pas tomber en extase devant ce projet de moto supersportive ? Elle s\u2019appelle la rMoto et a \u00e9t\u00e9 dessin\u00e9e par Robrady, un bureau am\u00e9ricain sp\u00e9cialis\u00e9 dans le design de v\u00e9hicules. Robrady s\u2019est d\u00e9j\u00e0 illustr\u00e9 par la cr\u00e9ation d\u2019un scooter hybride essence\/\u00e9lectrique ainsi que sur des consultations stylistiques pour les marques Buell, Suzuki et [&hellip;]","twitter_image":"https:\/\/blogs.thesocialmedia.com\/leblogmoto\/files\/2012\/07\/ro_1_1.jpg","twitter_misc":{"\u00c9crit par":"vincent vaillant","Dur\u00e9e de lecture estim\u00e9e":"1 minute"},"schema":{"@context":"https:\/\/schema.org","@graph":[{"@type":"WebPage","@id":"https:\/\/blogs.thesocialmedia.com\/leblogmoto\/2005\/06\/14\/rmoto\/","url":"https:\/\/blogs.thesocialmedia.com\/leblogmoto\/2005\/06\/14\/rmoto\/","name":"rMoto - leblogmoto.com","isPartOf":{"@id":"https:\/\/blogs.thesocialmedia.com\/leblogmoto\/#website"},"primaryImageOfPage":{"@id":"https:\/\/blogs.thesocialmedia.com\/leblogmoto\/2005\/06\/14\/rmoto\/#primaryimage"},"image":{"@id":"https:\/\/blogs.thesocialmedia.com\/leblogmoto\/2005\/06\/14\/rmoto\/#primaryimage"},"thumbnailUrl":"https:\/\/blogs.thesocialmedia.com\/leblogmoto\/files\/2012\/07\/ro_1_1.jpg","datePublished":"2005-06-14T16:56:04+00:00","dateModified":"2012-07-11T13:35:44+00:00","author":{"@id":"https:\/\/blogs.thesocialmedia.com\/leblogmoto\/#\/schema\/person\/80d2a078dbdb8b60abbd76bae6011f19"},"breadcrumb":{"@id":"https:\/\/blogs.thesocialmedia.com\/leblogmoto\/2005\/06\/14\/rmoto\/#breadcrumb"},"inLanguage":"fr-FR","potentialAction":[{"@type":"ReadAction","target":["https:\/\/blogs.thesocialmedia.com\/leblogmoto\/2005\/06\/14\/rmoto\/"]}]},{"@type":"ImageObject","inLanguage":"fr-FR","@id":"https:\/\/blogs.thesocialmedia.com\/leblogmoto\/2005\/06\/14\/rmoto\/#primaryimage","url":"https:\/\/blogs.thesocialmedia.com\/leblogmoto\/files\/2012\/07\/ro_1_1.jpg","contentUrl":"https:\/\/blogs.thesocialmedia.com\/leblogmoto\/files\/2012\/07\/ro_1_1.jpg","width":"250","height":"168"},{"@type":"BreadcrumbList","@id":"https:\/\/blogs.thesocialmedia.com\/leblogmoto\/2005\/06\/14\/rmoto\/#breadcrumb","itemListElement":[{"@type":"ListItem","position":1,"name":"Accueil","item":"https:\/\/blogs.thesocialmedia.com\/leblogmoto\/"},{"@type":"ListItem","position":2,"name":"rMoto"}]},{"@type":"WebSite","@id":"https:\/\/blogs.thesocialmedia.com\/leblogmoto\/#website","url":"https:\/\/blogs.thesocialmedia.com\/leblogmoto\/","name":"leblogmoto","description":"Toute l&#039;actualit\u00e9 des 2 roues","potentialAction":[{"@type":"SearchAction","target":{"@type":"EntryPoint","urlTemplate":"https:\/\/blogs.thesocialmedia.com\/leblogmoto\/?s={search_term_string}"},"query-input":{"@type":"PropertyValueSpecification","valueRequired":true,"valueName":"search_term_string"}}],"inLanguage":"fr-FR"},{"@type":"Person","@id":"https:\/\/blogs.thesocialmedia.com\/leblogmoto\/#\/schema\/person\/80d2a078dbdb8b60abbd76bae6011f19","name":"vincent vaillant","image":{"@type":"ImageObject","inLanguage":"fr-FR","@id":"https:\/\/blogs.thesocialmedia.com\/leblogmoto\/#\/schema\/person\/image\/","url":"https:\/\/secure.gravatar.com\/avatar\/?s=96&d=mm&r=g","contentUrl":"https:\/\/secure.gravatar.com\/avatar\/?s=96&d=mm&r=g","caption":"vincent vaillant"},"url":"https:\/\/blogs.thesocialmedia.com\/leblogmoto\/author\/vincent-vaillant\/"}]}},"_links":{"self":[{"href":"https:\/\/blogs.thesocialmedia.com\/leblogmoto\/wp-json\/wp\/v2\/posts\/2532","targetHints":{"allow":["GET"]}}],"collection":[{"href":"https:\/\/blogs.thesocialmedia.com\/leblogmoto\/wp-json\/wp\/v2\/posts"}],"about":[{"href":"https:\/\/blogs.thesocialmedia.com\/leblogmoto\/wp-json\/wp\/v2\/types\/post"}],"author":[{"embeddable":true,"href":"https:\/\/blogs.thesocialmedia.com\/leblogmoto\/wp-json\/wp\/v2\/users\/338"}],"replies":[{"embeddable":true,"href":"https:\/\/blogs.thesocialmedia.com\/leblogmoto\/wp-json\/wp\/v2\/comments?post=2532"}],"version-history":[{"count":2,"href":"https:\/\/blogs.thesocialmedia.com\/leblogmoto\/wp-json\/wp\/v2\/posts\/2532\/revisions"}],"predecessor-version":[{"id":5404,"href":"https:\/\/blogs.thesocialmedia.com\/leblogmoto\/wp-json\/wp\/v2\/posts\/2532\/revisions\/5404"}],"wp:featuredmedia":[{"embeddable":true,"href":"https:\/\/blogs.thesocialmedia.com\/leblogmoto\/wp-json\/wp\/v2\/media\/5397"}],"wp:attachment":[{"href":"https:\/\/blogs.thesocialmedia.com\/leblogmoto\/wp-json\/wp\/v2\/media?parent=2532"}],"wp:term":[{"taxonomy":"category","embeddable":true,"href":"https:\/\/blogs.thesocialmedia.com\/leblogmoto\/wp-json\/wp\/v2\/categories?post=2532"},{"taxonomy":"post_tag","embeddable":true,"href":"https:\/\/blogs.thesocialmedia.com\/leblogmoto\/wp-json\/wp\/v2\/tags?post=2532"}],"curies":[{"name":"wp","href":"https:\/\/api.w.org\/{rel}","templated":true}]}}