{"id":2536,"date":"2005-06-11T20:56:02","date_gmt":"2005-06-11T20:56:02","guid":{"rendered":"http:\/\/blogs.thesocialmedia.com\/leblogmoto\/2005\/06\/11\/scurit-routire-6\/"},"modified":"2012-07-11T13:35:04","modified_gmt":"2012-07-11T13:35:04","slug":"scurit-routire-6","status":"publish","type":"post","link":"https:\/\/blogs.thesocialmedia.com\/leblogmoto\/2005\/06\/11\/scurit-routire-6\/","title":{"rendered":"S\u00e9curit\u00e9 routi\u00e8re !?"},"content":{"rendered":"<p><a href=\"http:\/\/blogs.thesocialmedia.com\/leblogmoto\/files\/2012\/07\/moto_21.jpg\"><img loading=\"lazy\" decoding=\"async\" width=\"250\" height=\"353\"  src=\"http:\/\/blogs.thesocialmedia.com\/leblogmoto\/files\/2012\/07\/moto_2.jpg\" alt=\"Moto_2\" style=\"margin: 0px 5px 5px 0px;float: left\" \/><\/a>Depuis le 3 juin, une <a href=\"http:\/\/www.securiteroutiere.equipement.gouv.fr\/data\/deux-roues_06-2005\/index.html\">nouvelle campagne de pr\u00e9vention de la s\u00e9curit\u00e9 routi\u00e8re<\/a> sur les deux roues est visible sur les supports TV, radio, affichage, presse sp\u00e9cialis\u00e9e et Internet.<br \/>L\u2019objectif avou\u00e9 est d\u2019inciter les motocyclistes \u00e0 r\u00e9duire les prises de risque et sensibiliser les autres usagers de la route \u00e0 la vuln\u00e9rabilit\u00e9 des deux roues.<br \/>Pour se faire un spot t\u00e9l\u00e9vis\u00e9 montre un jeune motocycliste nu dans une situation de conduite \u00e0 risque pour illustrer l\u2019extr\u00eame vuln\u00e9rabilit\u00e9 de ce type d\u2019usager.<br \/>La campagne d\u2019affichage met, quant \u00e0 elle, en sc\u00e8ne un motard au sol dont le v\u00e9hicule vient de subir un crash test.<br \/>Les personnes en charge de la s\u00e9curit\u00e9 routi\u00e8re s\u2019appuient sur les chiffres suivants :<br \/>&#8211; 63% des deux roues roulent au-dessus des limitations de vitesse,<br \/>&#8211; 25% des deux roues impliqu\u00e9s dans les accidents mortels ont un taux d\u2019alcool\u00e9mie sup\u00e9rieur au seuil autoris\u00e9,<br \/>&#8211; 31% des accidents de deux roues sont des accidents sans tiers,<br \/>&#8211; Le risque d\u2019\u00eatre tu\u00e9 dans un accident est 19 fois plus \u00e9lev\u00e9 pour un motocycliste,<br \/>&#8211; Bien que ne constituant que 1% du trafic routier, les deux roues repr\u00e9sentent 15,6% des personnes tu\u00e9s.<\/p>\n<p>Au regard d\u2019une telle campagne, on peut se demander si le but recherch\u00e9 est de sensibiliser les motards ou de les accabler.<br \/> En effet, ils sont tr\u00e8s touch\u00e9s par les accidents mortels, personne n\u2019oserait dire le contraire, mais conclure sur les cons\u00e9quences et non sur les causes est tout simplement intol\u00e9rable.<br \/> Plut\u00f4t que de pointer du doigt les motards, l\u2019Etat ferait mieux de sensibiliser les automobilistes \u00e0 conduire en harmonie avec eux. L\u2019Etat pourrait aussi se demander si certaines infrastructures sont adapt\u00e9es ou s\u00e9curis\u00e9es, mais le porte-monnaie fait s\u00fbrement obstacle \u00e0 un tel raisonnement.<br \/> Pourquoi mettre en sc\u00e8ne des motards irresponsables au risque d\u2019influencer l\u2019opinion publique (des automobilistes) et ainsi cr\u00e9er des clans d\u2019usagers de la route.<br \/> L\u2019Etat veut certainement diviser pour mieux r\u00e9gner, sans m\u00eame consulter des associations d\u2019usagers, avant de lancer des mesures abusives comme rouler de jour en feu de croisement.<br \/> Etant moi-m\u00eame motard, je constate tous les jours la conduite exag\u00e9r\u00e9e de certains motocyclistes mais dans le m\u00eame temps je constate aussi des comportements extr\u00eamement dangereux des automobilistes qui sont souvent stress\u00e9s par les bouchons et agissent comme des fous du volant. Je ne parle m\u00eame pas des v\u00e9hicules utilitaires v\u00e9tustes aux vitres arri\u00e8re opaques et souvent sans r\u00e9troviseur qui d\u00e9bo\u00eetent d\u2019un coup sans aucun avertissement\u2026<br \/> La s\u00e9curit\u00e9 routi\u00e8re passe par un ensemble d\u2019actions coh\u00e9rentes et commence par le respect d\u2019autrui\u2026c\u2019est malheureusement une valeur qui se perd !<\/p><\/p>\n","protected":false},"excerpt":{"rendered":"<p>Depuis le 3 juin, une nouvelle campagne de pr\u00e9vention de la s\u00e9curit\u00e9 routi\u00e8re sur les deux roues est visible sur les supports TV, radio, affichage, presse sp\u00e9cialis\u00e9e et Internet.L\u2019objectif avou\u00e9 est d\u2019inciter les motocyclistes \u00e0 r\u00e9duire les prises de risque et sensibiliser les autres usagers de la route \u00e0 la vuln\u00e9rabilit\u00e9 des deux roues.Pour se [&hellip;]<\/p>\n","protected":false},"author":338,"featured_media":5376,"comment_status":"open","ping_status":"open","sticky":false,"template":"","format":"standard","meta":{"footnotes":""},"categories":[27],"tags":[],"class_list":["post-2536","post","type-post","status-publish","format-standard","has-post-thumbnail","hentry","category-securite"],"yoast_head":"<!-- This site is optimized with the Yoast SEO plugin v26.0 - https:\/\/yoast.com\/wordpress\/plugins\/seo\/ -->\n<title>S\u00e9curit\u00e9 routi\u00e8re !? - leblogmoto.com<\/title>\n<meta name=\"robots\" content=\"index, follow, max-snippet:-1, max-image-preview:large, max-video-preview:-1\" \/>\n<link rel=\"canonical\" href=\"https:\/\/blogs.thesocialmedia.com\/leblogmoto\/2005\/06\/11\/scurit-routire-6\/\" \/>\n<meta name=\"twitter:card\" content=\"summary_large_image\" \/>\n<meta name=\"twitter:title\" content=\"S\u00e9curit\u00e9 routi\u00e8re !? - leblogmoto.com\" \/>\n<meta name=\"twitter:description\" content=\"Depuis le 3 juin, une nouvelle campagne de pr\u00e9vention de la s\u00e9curit\u00e9 routi\u00e8re sur les deux roues est visible sur les supports TV, radio, affichage, presse sp\u00e9cialis\u00e9e et Internet.L\u2019objectif avou\u00e9 est d\u2019inciter les motocyclistes \u00e0 r\u00e9duire les prises de risque et sensibiliser les autres usagers de la route \u00e0 la vuln\u00e9rabilit\u00e9 des deux roues.Pour se [&hellip;]\" \/>\n<meta name=\"twitter:image\" content=\"https:\/\/blogs.thesocialmedia.com\/leblogmoto\/files\/2012\/07\/moto_2.jpg\" \/>\n<meta name=\"twitter:label1\" content=\"\u00c9crit par\" \/>\n\t<meta name=\"twitter:data1\" content=\"vincent vaillant\" \/>\n\t<meta name=\"twitter:label2\" content=\"Dur\u00e9e de lecture estim\u00e9e\" \/>\n\t<meta name=\"twitter:data2\" content=\"2 minutes\" \/>\n<script type=\"application\/ld+json\" class=\"yoast-schema-graph\">{\"@context\":\"https:\/\/schema.org\",\"@graph\":[{\"@type\":\"WebPage\",\"@id\":\"https:\/\/blogs.thesocialmedia.com\/leblogmoto\/2005\/06\/11\/scurit-routire-6\/\",\"url\":\"https:\/\/blogs.thesocialmedia.com\/leblogmoto\/2005\/06\/11\/scurit-routire-6\/\",\"name\":\"S\u00e9curit\u00e9 routi\u00e8re !? - leblogmoto.com\",\"isPartOf\":{\"@id\":\"https:\/\/blogs.thesocialmedia.com\/leblogmoto\/#website\"},\"primaryImageOfPage\":{\"@id\":\"https:\/\/blogs.thesocialmedia.com\/leblogmoto\/2005\/06\/11\/scurit-routire-6\/#primaryimage\"},\"image\":{\"@id\":\"https:\/\/blogs.thesocialmedia.com\/leblogmoto\/2005\/06\/11\/scurit-routire-6\/#primaryimage\"},\"thumbnailUrl\":\"https:\/\/blogs.thesocialmedia.com\/leblogmoto\/files\/2012\/07\/moto_2.jpg\",\"datePublished\":\"2005-06-11T20:56:02+00:00\",\"dateModified\":\"2012-07-11T13:35:04+00:00\",\"author\":{\"@id\":\"https:\/\/blogs.thesocialmedia.com\/leblogmoto\/#\/schema\/person\/80d2a078dbdb8b60abbd76bae6011f19\"},\"breadcrumb\":{\"@id\":\"https:\/\/blogs.thesocialmedia.com\/leblogmoto\/2005\/06\/11\/scurit-routire-6\/#breadcrumb\"},\"inLanguage\":\"fr-FR\",\"potentialAction\":[{\"@type\":\"ReadAction\",\"target\":[\"https:\/\/blogs.thesocialmedia.com\/leblogmoto\/2005\/06\/11\/scurit-routire-6\/\"]}]},{\"@type\":\"ImageObject\",\"inLanguage\":\"fr-FR\",\"@id\":\"https:\/\/blogs.thesocialmedia.com\/leblogmoto\/2005\/06\/11\/scurit-routire-6\/#primaryimage\",\"url\":\"https:\/\/blogs.thesocialmedia.com\/leblogmoto\/files\/2012\/07\/moto_2.jpg\",\"contentUrl\":\"https:\/\/blogs.thesocialmedia.com\/leblogmoto\/files\/2012\/07\/moto_2.jpg\",\"width\":\"250\",\"height\":\"353\"},{\"@type\":\"BreadcrumbList\",\"@id\":\"https:\/\/blogs.thesocialmedia.com\/leblogmoto\/2005\/06\/11\/scurit-routire-6\/#breadcrumb\",\"itemListElement\":[{\"@type\":\"ListItem\",\"position\":1,\"name\":\"Accueil\",\"item\":\"https:\/\/blogs.thesocialmedia.com\/leblogmoto\/\"},{\"@type\":\"ListItem\",\"position\":2,\"name\":\"S\u00e9curit\u00e9 routi\u00e8re !?\"}]},{\"@type\":\"WebSite\",\"@id\":\"https:\/\/blogs.thesocialmedia.com\/leblogmoto\/#website\",\"url\":\"https:\/\/blogs.thesocialmedia.com\/leblogmoto\/\",\"name\":\"leblogmoto\",\"description\":\"Toute l&#039;actualit\u00e9 des 2 roues\",\"potentialAction\":[{\"@type\":\"SearchAction\",\"target\":{\"@type\":\"EntryPoint\",\"urlTemplate\":\"https:\/\/blogs.thesocialmedia.com\/leblogmoto\/?s={search_term_string}\"},\"query-input\":{\"@type\":\"PropertyValueSpecification\",\"valueRequired\":true,\"valueName\":\"search_term_string\"}}],\"inLanguage\":\"fr-FR\"},{\"@type\":\"Person\",\"@id\":\"https:\/\/blogs.thesocialmedia.com\/leblogmoto\/#\/schema\/person\/80d2a078dbdb8b60abbd76bae6011f19\",\"name\":\"vincent vaillant\",\"image\":{\"@type\":\"ImageObject\",\"inLanguage\":\"fr-FR\",\"@id\":\"https:\/\/blogs.thesocialmedia.com\/leblogmoto\/#\/schema\/person\/image\/\",\"url\":\"https:\/\/secure.gravatar.com\/avatar\/?s=96&d=mm&r=g\",\"contentUrl\":\"https:\/\/secure.gravatar.com\/avatar\/?s=96&d=mm&r=g\",\"caption\":\"vincent vaillant\"},\"url\":\"https:\/\/blogs.thesocialmedia.com\/leblogmoto\/author\/vincent-vaillant\/\"}]}<\/script>\n<!-- \/ Yoast SEO plugin. -->","yoast_head_json":{"title":"S\u00e9curit\u00e9 routi\u00e8re !? - leblogmoto.com","robots":{"index":"index","follow":"follow","max-snippet":"max-snippet:-1","max-image-preview":"max-image-preview:large","max-video-preview":"max-video-preview:-1"},"canonical":"https:\/\/blogs.thesocialmedia.com\/leblogmoto\/2005\/06\/11\/scurit-routire-6\/","twitter_card":"summary_large_image","twitter_title":"S\u00e9curit\u00e9 routi\u00e8re !? - leblogmoto.com","twitter_description":"Depuis le 3 juin, une nouvelle campagne de pr\u00e9vention de la s\u00e9curit\u00e9 routi\u00e8re sur les deux roues est visible sur les supports TV, radio, affichage, presse sp\u00e9cialis\u00e9e et Internet.L\u2019objectif avou\u00e9 est d\u2019inciter les motocyclistes \u00e0 r\u00e9duire les prises de risque et sensibiliser les autres usagers de la route \u00e0 la vuln\u00e9rabilit\u00e9 des deux roues.Pour se [&hellip;]","twitter_image":"https:\/\/blogs.thesocialmedia.com\/leblogmoto\/files\/2012\/07\/moto_2.jpg","twitter_misc":{"\u00c9crit par":"vincent vaillant","Dur\u00e9e de lecture estim\u00e9e":"2 minutes"},"schema":{"@context":"https:\/\/schema.org","@graph":[{"@type":"WebPage","@id":"https:\/\/blogs.thesocialmedia.com\/leblogmoto\/2005\/06\/11\/scurit-routire-6\/","url":"https:\/\/blogs.thesocialmedia.com\/leblogmoto\/2005\/06\/11\/scurit-routire-6\/","name":"S\u00e9curit\u00e9 routi\u00e8re !? - leblogmoto.com","isPartOf":{"@id":"https:\/\/blogs.thesocialmedia.com\/leblogmoto\/#website"},"primaryImageOfPage":{"@id":"https:\/\/blogs.thesocialmedia.com\/leblogmoto\/2005\/06\/11\/scurit-routire-6\/#primaryimage"},"image":{"@id":"https:\/\/blogs.thesocialmedia.com\/leblogmoto\/2005\/06\/11\/scurit-routire-6\/#primaryimage"},"thumbnailUrl":"https:\/\/blogs.thesocialmedia.com\/leblogmoto\/files\/2012\/07\/moto_2.jpg","datePublished":"2005-06-11T20:56:02+00:00","dateModified":"2012-07-11T13:35:04+00:00","author":{"@id":"https:\/\/blogs.thesocialmedia.com\/leblogmoto\/#\/schema\/person\/80d2a078dbdb8b60abbd76bae6011f19"},"breadcrumb":{"@id":"https:\/\/blogs.thesocialmedia.com\/leblogmoto\/2005\/06\/11\/scurit-routire-6\/#breadcrumb"},"inLanguage":"fr-FR","potentialAction":[{"@type":"ReadAction","target":["https:\/\/blogs.thesocialmedia.com\/leblogmoto\/2005\/06\/11\/scurit-routire-6\/"]}]},{"@type":"ImageObject","inLanguage":"fr-FR","@id":"https:\/\/blogs.thesocialmedia.com\/leblogmoto\/2005\/06\/11\/scurit-routire-6\/#primaryimage","url":"https:\/\/blogs.thesocialmedia.com\/leblogmoto\/files\/2012\/07\/moto_2.jpg","contentUrl":"https:\/\/blogs.thesocialmedia.com\/leblogmoto\/files\/2012\/07\/moto_2.jpg","width":"250","height":"353"},{"@type":"BreadcrumbList","@id":"https:\/\/blogs.thesocialmedia.com\/leblogmoto\/2005\/06\/11\/scurit-routire-6\/#breadcrumb","itemListElement":[{"@type":"ListItem","position":1,"name":"Accueil","item":"https:\/\/blogs.thesocialmedia.com\/leblogmoto\/"},{"@type":"ListItem","position":2,"name":"S\u00e9curit\u00e9 routi\u00e8re !?"}]},{"@type":"WebSite","@id":"https:\/\/blogs.thesocialmedia.com\/leblogmoto\/#website","url":"https:\/\/blogs.thesocialmedia.com\/leblogmoto\/","name":"leblogmoto","description":"Toute l&#039;actualit\u00e9 des 2 roues","potentialAction":[{"@type":"SearchAction","target":{"@type":"EntryPoint","urlTemplate":"https:\/\/blogs.thesocialmedia.com\/leblogmoto\/?s={search_term_string}"},"query-input":{"@type":"PropertyValueSpecification","valueRequired":true,"valueName":"search_term_string"}}],"inLanguage":"fr-FR"},{"@type":"Person","@id":"https:\/\/blogs.thesocialmedia.com\/leblogmoto\/#\/schema\/person\/80d2a078dbdb8b60abbd76bae6011f19","name":"vincent vaillant","image":{"@type":"ImageObject","inLanguage":"fr-FR","@id":"https:\/\/blogs.thesocialmedia.com\/leblogmoto\/#\/schema\/person\/image\/","url":"https:\/\/secure.gravatar.com\/avatar\/?s=96&d=mm&r=g","contentUrl":"https:\/\/secure.gravatar.com\/avatar\/?s=96&d=mm&r=g","caption":"vincent vaillant"},"url":"https:\/\/blogs.thesocialmedia.com\/leblogmoto\/author\/vincent-vaillant\/"}]}},"_links":{"self":[{"href":"https:\/\/blogs.thesocialmedia.com\/leblogmoto\/wp-json\/wp\/v2\/posts\/2536","targetHints":{"allow":["GET"]}}],"collection":[{"href":"https:\/\/blogs.thesocialmedia.com\/leblogmoto\/wp-json\/wp\/v2\/posts"}],"about":[{"href":"https:\/\/blogs.thesocialmedia.com\/leblogmoto\/wp-json\/wp\/v2\/types\/post"}],"author":[{"embeddable":true,"href":"https:\/\/blogs.thesocialmedia.com\/leblogmoto\/wp-json\/wp\/v2\/users\/338"}],"replies":[{"embeddable":true,"href":"https:\/\/blogs.thesocialmedia.com\/leblogmoto\/wp-json\/wp\/v2\/comments?post=2536"}],"version-history":[{"count":2,"href":"https:\/\/blogs.thesocialmedia.com\/leblogmoto\/wp-json\/wp\/v2\/posts\/2536\/revisions"}],"predecessor-version":[{"id":5378,"href":"https:\/\/blogs.thesocialmedia.com\/leblogmoto\/wp-json\/wp\/v2\/posts\/2536\/revisions\/5378"}],"wp:featuredmedia":[{"embeddable":true,"href":"https:\/\/blogs.thesocialmedia.com\/leblogmoto\/wp-json\/wp\/v2\/media\/5376"}],"wp:attachment":[{"href":"https:\/\/blogs.thesocialmedia.com\/leblogmoto\/wp-json\/wp\/v2\/media?parent=2536"}],"wp:term":[{"taxonomy":"category","embeddable":true,"href":"https:\/\/blogs.thesocialmedia.com\/leblogmoto\/wp-json\/wp\/v2\/categories?post=2536"},{"taxonomy":"post_tag","embeddable":true,"href":"https:\/\/blogs.thesocialmedia.com\/leblogmoto\/wp-json\/wp\/v2\/tags?post=2536"}],"curies":[{"name":"wp","href":"https:\/\/api.w.org\/{rel}","templated":true}]}}