{"id":2538,"date":"2005-06-10T23:20:08","date_gmt":"2005-06-10T23:20:08","guid":{"rendered":"http:\/\/blogs.thesocialmedia.com\/leblogmoto\/2005\/06\/10\/trop-cest-juste\/"},"modified":"2012-07-11T13:34:52","modified_gmt":"2012-07-11T13:34:52","slug":"trop-cest-juste","status":"publish","type":"post","link":"https:\/\/blogs.thesocialmedia.com\/leblogmoto\/2005\/06\/10\/trop-cest-juste\/","title":{"rendered":"Trop, c&rsquo;est juste assez!"},"content":{"rendered":"<p><a href=\"http:\/\/blogs.thesocialmedia.com\/leblogmoto\/files\/2012\/07\/mmt1.jpg\"><img loading=\"lazy\" decoding=\"async\" height=\"119\" alt=\"Mmt\" src=\"http:\/\/blogs.thesocialmedia.com\/leblogmoto\/files\/2012\/07\/mmt.jpg\" width=\"250\"  \/><\/a>Chaque fois que je vois un gros cube dans les rues de notre capitale, je pense \u00e0 la libert\u00e9 que procure ce genre de b\u00e9cane. Non que vous soyez \u00e0 l&rsquo;abri des <a href=\"http:\/\/spaces.msn.com\/members\/lousand59\/PersonalSpace.aspx?_c01_blogpart=blogmgmt&amp;_c=blogpart\">radars<\/a> en les chevauchant, mais c&rsquo;est simplement cette d\u00e9bauche de chevaux \u00e0 un prix quatre fois inf\u00e9rieur de celui d&rsquo;une 911, qui m&rsquo;inpressionne. Pour ceux \u00e0 qui cela ne suffirait pas, je recommande la <a href=\"http:\/\/www.muench-mammut-2000.com\/\">M\u00fcnch Mammut<\/a>, qui est plus un moteur 2 litres autour duquel on a construit une moto que l&rsquo;inverse. Tant qu&rsquo;il n&rsquo;y en a pas trop, y en a pas assez!<\/p>\n","protected":false},"excerpt":{"rendered":"<p>Chaque fois que je vois un gros cube dans les rues de notre capitale, je pense \u00e0 la libert\u00e9 que procure ce genre de b\u00e9cane. Non que vous soyez \u00e0 l&rsquo;abri des radars en les chevauchant, mais c&rsquo;est simplement cette d\u00e9bauche de chevaux \u00e0 un prix quatre fois inf\u00e9rieur de celui d&rsquo;une 911, qui m&rsquo;inpressionne. [&hellip;]<\/p>\n","protected":false},"author":340,"featured_media":5368,"comment_status":"open","ping_status":"open","sticky":false,"template":"","format":"standard","meta":{"footnotes":""},"categories":[155],"tags":[],"class_list":["post-2538","post","type-post","status-publish","format-standard","has-post-thumbnail","hentry","category-munch"],"yoast_head":"<!-- This site is optimized with the Yoast SEO plugin v26.0 - https:\/\/yoast.com\/wordpress\/plugins\/seo\/ -->\n<title>Trop, c&#039;est juste assez! - leblogmoto.com<\/title>\n<meta name=\"robots\" content=\"index, follow, max-snippet:-1, max-image-preview:large, max-video-preview:-1\" \/>\n<link rel=\"canonical\" href=\"https:\/\/blogs.thesocialmedia.com\/leblogmoto\/2005\/06\/10\/trop-cest-juste\/\" \/>\n<meta name=\"twitter:card\" content=\"summary_large_image\" \/>\n<meta name=\"twitter:title\" content=\"Trop, c&#039;est juste assez! - leblogmoto.com\" \/>\n<meta name=\"twitter:description\" content=\"Chaque fois que je vois un gros cube dans les rues de notre capitale, je pense \u00e0 la libert\u00e9 que procure ce genre de b\u00e9cane. Non que vous soyez \u00e0 l&rsquo;abri des radars en les chevauchant, mais c&rsquo;est simplement cette d\u00e9bauche de chevaux \u00e0 un prix quatre fois inf\u00e9rieur de celui d&rsquo;une 911, qui m&rsquo;inpressionne. [&hellip;]\" \/>\n<meta name=\"twitter:image\" content=\"https:\/\/blogs.thesocialmedia.com\/leblogmoto\/files\/2012\/07\/mmt.jpg\" \/>\n<meta name=\"twitter:label1\" content=\"\u00c9crit par\" \/>\n\t<meta name=\"twitter:data1\" content=\"camtecs\" \/>\n<script type=\"application\/ld+json\" class=\"yoast-schema-graph\">{\"@context\":\"https:\/\/schema.org\",\"@graph\":[{\"@type\":\"WebPage\",\"@id\":\"https:\/\/blogs.thesocialmedia.com\/leblogmoto\/2005\/06\/10\/trop-cest-juste\/\",\"url\":\"https:\/\/blogs.thesocialmedia.com\/leblogmoto\/2005\/06\/10\/trop-cest-juste\/\",\"name\":\"Trop, c'est juste assez! - leblogmoto.com\",\"isPartOf\":{\"@id\":\"https:\/\/blogs.thesocialmedia.com\/leblogmoto\/#website\"},\"primaryImageOfPage\":{\"@id\":\"https:\/\/blogs.thesocialmedia.com\/leblogmoto\/2005\/06\/10\/trop-cest-juste\/#primaryimage\"},\"image\":{\"@id\":\"https:\/\/blogs.thesocialmedia.com\/leblogmoto\/2005\/06\/10\/trop-cest-juste\/#primaryimage\"},\"thumbnailUrl\":\"https:\/\/blogs.thesocialmedia.com\/leblogmoto\/files\/2012\/07\/mmt.jpg\",\"datePublished\":\"2005-06-10T23:20:08+00:00\",\"dateModified\":\"2012-07-11T13:34:52+00:00\",\"author\":{\"@id\":\"https:\/\/blogs.thesocialmedia.com\/leblogmoto\/#\/schema\/person\/32be7c9bfed512661b0c27aad3cf5cfe\"},\"breadcrumb\":{\"@id\":\"https:\/\/blogs.thesocialmedia.com\/leblogmoto\/2005\/06\/10\/trop-cest-juste\/#breadcrumb\"},\"inLanguage\":\"fr-FR\",\"potentialAction\":[{\"@type\":\"ReadAction\",\"target\":[\"https:\/\/blogs.thesocialmedia.com\/leblogmoto\/2005\/06\/10\/trop-cest-juste\/\"]}]},{\"@type\":\"ImageObject\",\"inLanguage\":\"fr-FR\",\"@id\":\"https:\/\/blogs.thesocialmedia.com\/leblogmoto\/2005\/06\/10\/trop-cest-juste\/#primaryimage\",\"url\":\"https:\/\/blogs.thesocialmedia.com\/leblogmoto\/files\/2012\/07\/mmt.jpg\",\"contentUrl\":\"https:\/\/blogs.thesocialmedia.com\/leblogmoto\/files\/2012\/07\/mmt.jpg\",\"width\":\"250\",\"height\":\"119\"},{\"@type\":\"BreadcrumbList\",\"@id\":\"https:\/\/blogs.thesocialmedia.com\/leblogmoto\/2005\/06\/10\/trop-cest-juste\/#breadcrumb\",\"itemListElement\":[{\"@type\":\"ListItem\",\"position\":1,\"name\":\"Accueil\",\"item\":\"https:\/\/blogs.thesocialmedia.com\/leblogmoto\/\"},{\"@type\":\"ListItem\",\"position\":2,\"name\":\"Trop, c&rsquo;est juste assez!\"}]},{\"@type\":\"WebSite\",\"@id\":\"https:\/\/blogs.thesocialmedia.com\/leblogmoto\/#website\",\"url\":\"https:\/\/blogs.thesocialmedia.com\/leblogmoto\/\",\"name\":\"leblogmoto\",\"description\":\"Toute l&#039;actualit\u00e9 des 2 roues\",\"potentialAction\":[{\"@type\":\"SearchAction\",\"target\":{\"@type\":\"EntryPoint\",\"urlTemplate\":\"https:\/\/blogs.thesocialmedia.com\/leblogmoto\/?s={search_term_string}\"},\"query-input\":{\"@type\":\"PropertyValueSpecification\",\"valueRequired\":true,\"valueName\":\"search_term_string\"}}],\"inLanguage\":\"fr-FR\"},{\"@type\":\"Person\",\"@id\":\"https:\/\/blogs.thesocialmedia.com\/leblogmoto\/#\/schema\/person\/32be7c9bfed512661b0c27aad3cf5cfe\",\"name\":\"camtecs\",\"image\":{\"@type\":\"ImageObject\",\"inLanguage\":\"fr-FR\",\"@id\":\"https:\/\/blogs.thesocialmedia.com\/leblogmoto\/#\/schema\/person\/image\/\",\"url\":\"https:\/\/secure.gravatar.com\/avatar\/?s=96&d=mm&r=g\",\"contentUrl\":\"https:\/\/secure.gravatar.com\/avatar\/?s=96&d=mm&r=g\",\"caption\":\"camtecs\"},\"url\":\"https:\/\/blogs.thesocialmedia.com\/leblogmoto\/author\/camtecs\/\"}]}<\/script>\n<!-- \/ Yoast SEO plugin. -->","yoast_head_json":{"title":"Trop, c'est juste assez! - leblogmoto.com","robots":{"index":"index","follow":"follow","max-snippet":"max-snippet:-1","max-image-preview":"max-image-preview:large","max-video-preview":"max-video-preview:-1"},"canonical":"https:\/\/blogs.thesocialmedia.com\/leblogmoto\/2005\/06\/10\/trop-cest-juste\/","twitter_card":"summary_large_image","twitter_title":"Trop, c'est juste assez! - leblogmoto.com","twitter_description":"Chaque fois que je vois un gros cube dans les rues de notre capitale, je pense \u00e0 la libert\u00e9 que procure ce genre de b\u00e9cane. Non que vous soyez \u00e0 l&rsquo;abri des radars en les chevauchant, mais c&rsquo;est simplement cette d\u00e9bauche de chevaux \u00e0 un prix quatre fois inf\u00e9rieur de celui d&rsquo;une 911, qui m&rsquo;inpressionne. [&hellip;]","twitter_image":"https:\/\/blogs.thesocialmedia.com\/leblogmoto\/files\/2012\/07\/mmt.jpg","twitter_misc":{"\u00c9crit par":"camtecs"},"schema":{"@context":"https:\/\/schema.org","@graph":[{"@type":"WebPage","@id":"https:\/\/blogs.thesocialmedia.com\/leblogmoto\/2005\/06\/10\/trop-cest-juste\/","url":"https:\/\/blogs.thesocialmedia.com\/leblogmoto\/2005\/06\/10\/trop-cest-juste\/","name":"Trop, c'est juste assez! - leblogmoto.com","isPartOf":{"@id":"https:\/\/blogs.thesocialmedia.com\/leblogmoto\/#website"},"primaryImageOfPage":{"@id":"https:\/\/blogs.thesocialmedia.com\/leblogmoto\/2005\/06\/10\/trop-cest-juste\/#primaryimage"},"image":{"@id":"https:\/\/blogs.thesocialmedia.com\/leblogmoto\/2005\/06\/10\/trop-cest-juste\/#primaryimage"},"thumbnailUrl":"https:\/\/blogs.thesocialmedia.com\/leblogmoto\/files\/2012\/07\/mmt.jpg","datePublished":"2005-06-10T23:20:08+00:00","dateModified":"2012-07-11T13:34:52+00:00","author":{"@id":"https:\/\/blogs.thesocialmedia.com\/leblogmoto\/#\/schema\/person\/32be7c9bfed512661b0c27aad3cf5cfe"},"breadcrumb":{"@id":"https:\/\/blogs.thesocialmedia.com\/leblogmoto\/2005\/06\/10\/trop-cest-juste\/#breadcrumb"},"inLanguage":"fr-FR","potentialAction":[{"@type":"ReadAction","target":["https:\/\/blogs.thesocialmedia.com\/leblogmoto\/2005\/06\/10\/trop-cest-juste\/"]}]},{"@type":"ImageObject","inLanguage":"fr-FR","@id":"https:\/\/blogs.thesocialmedia.com\/leblogmoto\/2005\/06\/10\/trop-cest-juste\/#primaryimage","url":"https:\/\/blogs.thesocialmedia.com\/leblogmoto\/files\/2012\/07\/mmt.jpg","contentUrl":"https:\/\/blogs.thesocialmedia.com\/leblogmoto\/files\/2012\/07\/mmt.jpg","width":"250","height":"119"},{"@type":"BreadcrumbList","@id":"https:\/\/blogs.thesocialmedia.com\/leblogmoto\/2005\/06\/10\/trop-cest-juste\/#breadcrumb","itemListElement":[{"@type":"ListItem","position":1,"name":"Accueil","item":"https:\/\/blogs.thesocialmedia.com\/leblogmoto\/"},{"@type":"ListItem","position":2,"name":"Trop, c&rsquo;est juste assez!"}]},{"@type":"WebSite","@id":"https:\/\/blogs.thesocialmedia.com\/leblogmoto\/#website","url":"https:\/\/blogs.thesocialmedia.com\/leblogmoto\/","name":"leblogmoto","description":"Toute l&#039;actualit\u00e9 des 2 roues","potentialAction":[{"@type":"SearchAction","target":{"@type":"EntryPoint","urlTemplate":"https:\/\/blogs.thesocialmedia.com\/leblogmoto\/?s={search_term_string}"},"query-input":{"@type":"PropertyValueSpecification","valueRequired":true,"valueName":"search_term_string"}}],"inLanguage":"fr-FR"},{"@type":"Person","@id":"https:\/\/blogs.thesocialmedia.com\/leblogmoto\/#\/schema\/person\/32be7c9bfed512661b0c27aad3cf5cfe","name":"camtecs","image":{"@type":"ImageObject","inLanguage":"fr-FR","@id":"https:\/\/blogs.thesocialmedia.com\/leblogmoto\/#\/schema\/person\/image\/","url":"https:\/\/secure.gravatar.com\/avatar\/?s=96&d=mm&r=g","contentUrl":"https:\/\/secure.gravatar.com\/avatar\/?s=96&d=mm&r=g","caption":"camtecs"},"url":"https:\/\/blogs.thesocialmedia.com\/leblogmoto\/author\/camtecs\/"}]}},"_links":{"self":[{"href":"https:\/\/blogs.thesocialmedia.com\/leblogmoto\/wp-json\/wp\/v2\/posts\/2538","targetHints":{"allow":["GET"]}}],"collection":[{"href":"https:\/\/blogs.thesocialmedia.com\/leblogmoto\/wp-json\/wp\/v2\/posts"}],"about":[{"href":"https:\/\/blogs.thesocialmedia.com\/leblogmoto\/wp-json\/wp\/v2\/types\/post"}],"author":[{"embeddable":true,"href":"https:\/\/blogs.thesocialmedia.com\/leblogmoto\/wp-json\/wp\/v2\/users\/340"}],"replies":[{"embeddable":true,"href":"https:\/\/blogs.thesocialmedia.com\/leblogmoto\/wp-json\/wp\/v2\/comments?post=2538"}],"version-history":[{"count":2,"href":"https:\/\/blogs.thesocialmedia.com\/leblogmoto\/wp-json\/wp\/v2\/posts\/2538\/revisions"}],"predecessor-version":[{"id":5370,"href":"https:\/\/blogs.thesocialmedia.com\/leblogmoto\/wp-json\/wp\/v2\/posts\/2538\/revisions\/5370"}],"wp:featuredmedia":[{"embeddable":true,"href":"https:\/\/blogs.thesocialmedia.com\/leblogmoto\/wp-json\/wp\/v2\/media\/5368"}],"wp:attachment":[{"href":"https:\/\/blogs.thesocialmedia.com\/leblogmoto\/wp-json\/wp\/v2\/media?parent=2538"}],"wp:term":[{"taxonomy":"category","embeddable":true,"href":"https:\/\/blogs.thesocialmedia.com\/leblogmoto\/wp-json\/wp\/v2\/categories?post=2538"},{"taxonomy":"post_tag","embeddable":true,"href":"https:\/\/blogs.thesocialmedia.com\/leblogmoto\/wp-json\/wp\/v2\/tags?post=2538"}],"curies":[{"name":"wp","href":"https:\/\/api.w.org\/{rel}","templated":true}]}}