{"id":2539,"date":"2005-06-10T22:37:48","date_gmt":"2005-06-10T22:37:48","guid":{"rendered":"http:\/\/blogs.thesocialmedia.com\/leblogmoto\/2005\/06\/10\/olivier-jacque-2\/"},"modified":"2012-07-11T13:34:50","modified_gmt":"2012-07-11T13:34:50","slug":"olivier-jacque-2","status":"publish","type":"post","link":"https:\/\/blogs.thesocialmedia.com\/leblogmoto\/2005\/06\/10\/olivier-jacque-2\/","title":{"rendered":"&lsquo;OJ 19&rsquo; repr\u00e9sentera la France en MotoGP"},"content":{"rendered":"<p><a href=\"http:\/\/blogs.thesocialmedia.com\/leblogmoto\/files\/2012\/07\/olivier_jacque_11.jpg\"><img loading=\"lazy\" decoding=\"async\" width=\"250\" height=\"165\"  alt=\"Olivier_jacque_1\" src=\"http:\/\/blogs.thesocialmedia.com\/leblogmoto\/files\/2012\/07\/olivier_jacque_1.jpg\" style=\"margin: 0px 5px 5px 0px;float: left\" \/><\/a>C\u2019est officiel, Olivier Jacque participera aux Grands Prix d\u2019Allemagne (le 31 juillet&nbsp; \u00e0 Sachsenring) et d\u2019Espagne (le 6 novembre \u00e0 Valence) en tant que \u201cwild card\u201d sur une troisi\u00e8me machine, aux c\u00f4t\u00e9s des deux autres pilotes de l\u2019\u00e9curie officielle Kawasaki Racing Team : Shinya Nakano et Alex Hofmann.<br \/>Le fran\u00e7ais sera aussi le pilote d\u2019essai et de d\u00e9veloppement de la Kawasaki Ninja ZX-RR de MotoGP.<br \/>En tant que pilote d\u2019essai, Olivier Jacque mettra ses comp\u00e9tences au service des ing\u00e9nieurs maison durant 12 jours tout au long de la saison.<br \/>Son objectif est la mise au point de la moto de la saison prochaine et aussi du test des pneumatiques Bridgestone qui \u00e9quipent la machine.<\/p>\n<p><a href=\"http:\/\/blogs.thesocialmedia.com\/leblogmoto\/files\/2012\/07\/olivier_jacque_21.jpg\"><img decoding=\"async\"  src=\"http:\/\/blogs.thesocialmedia.com\/leblogmoto\/files\/2012\/07\/olivier_jacque_2.jpg\" alt=\"Olivier_jacque_2\" style=\"margin: 0px 5px 5px 0px;float: left;width: 186px;height: 229px\" \/><\/a>Le pilote fran\u00e7ais est heureux de retrouver un guidon en MotoGP : \u00ab Je suis enchant\u00e9 de cette proposition de l\u2019usine Kawasaki et ravi de la confiance qu\u2019ils m\u2019accordent. Bien s\u00fbr ce qui me plait en premier, c\u2019est courir. Et je suis heureux de disputer les Grands Prix d\u2019Allemagne et de Valence car ce sont deux circuits que j\u2019appr\u00e9cie. Le programme de d\u00e9veloppement est all\u00e9chant. Tout d\u2019abord car je m\u2019entends tr\u00e8s bien avec les ing\u00e9nieurs, techniciens et m\u00e9caniciens de Kawasaki comme de Bridgestone, mais \u00e9galement car je suis certain du potentiel de la machine. De plus, travailler sur le prototype de la saison prochaine est vraiment int\u00e9ressant. C\u2019est un r\u00f4le majeur dans une \u00e9curie que de faire \u00e9voluer un nouveau mod\u00e8le et j\u2019esp\u00e8re pouvoir aider Kawasaki \u00e0 progresser rapidement. Mes premiers tests auront lieu lundi prochain sur le circuit de Catalunya au lendemain du Grand Prix. Inutile de pr\u00e9ciser que je suis vraiment impatient de reprendre le guidon de cette machine que j\u2019affectionne particuli\u00e8rement. \u00bb<br \/> Nous lui souhaitons bonne chance et esp\u00e9rons entendre la marseillaise \u00e0 l\u2019arriv\u00e9e du GP d\u2019Allemagne.<\/p>\n<p>Voir aussi <a href=\"http:\/\/www.olivierjacque.com\/\">le site officiel d&rsquo;Olivier Jacque<\/a><\/p><\/p>\n","protected":false},"excerpt":{"rendered":"<p>C\u2019est officiel, Olivier Jacque participera aux Grands Prix d\u2019Allemagne (le 31 juillet&nbsp; \u00e0 Sachsenring) et d\u2019Espagne (le 6 novembre \u00e0 Valence) en tant que \u201cwild card\u201d sur une troisi\u00e8me machine, aux c\u00f4t\u00e9s des deux autres pilotes de l\u2019\u00e9curie officielle Kawasaki Racing Team : Shinya Nakano et Alex Hofmann.Le fran\u00e7ais sera aussi le pilote d\u2019essai et [&hellip;]<\/p>\n","protected":false},"author":338,"featured_media":5363,"comment_status":"open","ping_status":"open","sticky":false,"template":"","format":"standard","meta":{"footnotes":""},"categories":[22],"tags":[],"class_list":["post-2539","post","type-post","status-publish","format-standard","has-post-thumbnail","hentry","category-motogp"],"yoast_head":"<!-- This site is optimized with the Yoast SEO plugin v26.0 - https:\/\/yoast.com\/wordpress\/plugins\/seo\/ -->\n<title>&#039;OJ 19&#039; repr\u00e9sentera la France en MotoGP - leblogmoto.com<\/title>\n<meta name=\"robots\" content=\"index, follow, max-snippet:-1, max-image-preview:large, max-video-preview:-1\" \/>\n<link rel=\"canonical\" href=\"https:\/\/blogs.thesocialmedia.com\/leblogmoto\/2005\/06\/10\/olivier-jacque-2\/\" \/>\n<meta name=\"twitter:card\" content=\"summary_large_image\" \/>\n<meta name=\"twitter:title\" content=\"&#039;OJ 19&#039; repr\u00e9sentera la France en MotoGP - leblogmoto.com\" \/>\n<meta name=\"twitter:description\" content=\"C\u2019est officiel, Olivier Jacque participera aux Grands Prix d\u2019Allemagne (le 31 juillet&nbsp; \u00e0 Sachsenring) et d\u2019Espagne (le 6 novembre \u00e0 Valence) en tant que \u201cwild card\u201d sur une troisi\u00e8me machine, aux c\u00f4t\u00e9s des deux autres pilotes de l\u2019\u00e9curie officielle Kawasaki Racing Team : Shinya Nakano et Alex Hofmann.Le fran\u00e7ais sera aussi le pilote d\u2019essai et [&hellip;]\" \/>\n<meta name=\"twitter:image\" content=\"https:\/\/blogs.thesocialmedia.com\/leblogmoto\/files\/2012\/07\/olivier_jacque_1.jpg\" \/>\n<meta name=\"twitter:label1\" content=\"\u00c9crit par\" \/>\n\t<meta name=\"twitter:data1\" content=\"vincent vaillant\" \/>\n\t<meta name=\"twitter:label2\" content=\"Dur\u00e9e de lecture estim\u00e9e\" \/>\n\t<meta name=\"twitter:data2\" content=\"2 minutes\" \/>\n<script type=\"application\/ld+json\" class=\"yoast-schema-graph\">{\"@context\":\"https:\/\/schema.org\",\"@graph\":[{\"@type\":\"WebPage\",\"@id\":\"https:\/\/blogs.thesocialmedia.com\/leblogmoto\/2005\/06\/10\/olivier-jacque-2\/\",\"url\":\"https:\/\/blogs.thesocialmedia.com\/leblogmoto\/2005\/06\/10\/olivier-jacque-2\/\",\"name\":\"'OJ 19' repr\u00e9sentera la France en MotoGP - leblogmoto.com\",\"isPartOf\":{\"@id\":\"https:\/\/blogs.thesocialmedia.com\/leblogmoto\/#website\"},\"primaryImageOfPage\":{\"@id\":\"https:\/\/blogs.thesocialmedia.com\/leblogmoto\/2005\/06\/10\/olivier-jacque-2\/#primaryimage\"},\"image\":{\"@id\":\"https:\/\/blogs.thesocialmedia.com\/leblogmoto\/2005\/06\/10\/olivier-jacque-2\/#primaryimage\"},\"thumbnailUrl\":\"https:\/\/blogs.thesocialmedia.com\/leblogmoto\/files\/2012\/07\/olivier_jacque_1.jpg\",\"datePublished\":\"2005-06-10T22:37:48+00:00\",\"dateModified\":\"2012-07-11T13:34:50+00:00\",\"author\":{\"@id\":\"https:\/\/blogs.thesocialmedia.com\/leblogmoto\/#\/schema\/person\/80d2a078dbdb8b60abbd76bae6011f19\"},\"breadcrumb\":{\"@id\":\"https:\/\/blogs.thesocialmedia.com\/leblogmoto\/2005\/06\/10\/olivier-jacque-2\/#breadcrumb\"},\"inLanguage\":\"fr-FR\",\"potentialAction\":[{\"@type\":\"ReadAction\",\"target\":[\"https:\/\/blogs.thesocialmedia.com\/leblogmoto\/2005\/06\/10\/olivier-jacque-2\/\"]}]},{\"@type\":\"ImageObject\",\"inLanguage\":\"fr-FR\",\"@id\":\"https:\/\/blogs.thesocialmedia.com\/leblogmoto\/2005\/06\/10\/olivier-jacque-2\/#primaryimage\",\"url\":\"https:\/\/blogs.thesocialmedia.com\/leblogmoto\/files\/2012\/07\/olivier_jacque_1.jpg\",\"contentUrl\":\"https:\/\/blogs.thesocialmedia.com\/leblogmoto\/files\/2012\/07\/olivier_jacque_1.jpg\",\"width\":\"250\",\"height\":\"165\"},{\"@type\":\"BreadcrumbList\",\"@id\":\"https:\/\/blogs.thesocialmedia.com\/leblogmoto\/2005\/06\/10\/olivier-jacque-2\/#breadcrumb\",\"itemListElement\":[{\"@type\":\"ListItem\",\"position\":1,\"name\":\"Accueil\",\"item\":\"https:\/\/blogs.thesocialmedia.com\/leblogmoto\/\"},{\"@type\":\"ListItem\",\"position\":2,\"name\":\"&lsquo;OJ 19&rsquo; repr\u00e9sentera la France en MotoGP\"}]},{\"@type\":\"WebSite\",\"@id\":\"https:\/\/blogs.thesocialmedia.com\/leblogmoto\/#website\",\"url\":\"https:\/\/blogs.thesocialmedia.com\/leblogmoto\/\",\"name\":\"leblogmoto\",\"description\":\"Toute l&#039;actualit\u00e9 des 2 roues\",\"potentialAction\":[{\"@type\":\"SearchAction\",\"target\":{\"@type\":\"EntryPoint\",\"urlTemplate\":\"https:\/\/blogs.thesocialmedia.com\/leblogmoto\/?s={search_term_string}\"},\"query-input\":{\"@type\":\"PropertyValueSpecification\",\"valueRequired\":true,\"valueName\":\"search_term_string\"}}],\"inLanguage\":\"fr-FR\"},{\"@type\":\"Person\",\"@id\":\"https:\/\/blogs.thesocialmedia.com\/leblogmoto\/#\/schema\/person\/80d2a078dbdb8b60abbd76bae6011f19\",\"name\":\"vincent vaillant\",\"image\":{\"@type\":\"ImageObject\",\"inLanguage\":\"fr-FR\",\"@id\":\"https:\/\/blogs.thesocialmedia.com\/leblogmoto\/#\/schema\/person\/image\/\",\"url\":\"https:\/\/secure.gravatar.com\/avatar\/?s=96&d=mm&r=g\",\"contentUrl\":\"https:\/\/secure.gravatar.com\/avatar\/?s=96&d=mm&r=g\",\"caption\":\"vincent vaillant\"},\"url\":\"https:\/\/blogs.thesocialmedia.com\/leblogmoto\/author\/vincent-vaillant\/\"}]}<\/script>\n<!-- \/ Yoast SEO plugin. -->","yoast_head_json":{"title":"'OJ 19' repr\u00e9sentera la France en MotoGP - leblogmoto.com","robots":{"index":"index","follow":"follow","max-snippet":"max-snippet:-1","max-image-preview":"max-image-preview:large","max-video-preview":"max-video-preview:-1"},"canonical":"https:\/\/blogs.thesocialmedia.com\/leblogmoto\/2005\/06\/10\/olivier-jacque-2\/","twitter_card":"summary_large_image","twitter_title":"'OJ 19' repr\u00e9sentera la France en MotoGP - leblogmoto.com","twitter_description":"C\u2019est officiel, Olivier Jacque participera aux Grands Prix d\u2019Allemagne (le 31 juillet&nbsp; \u00e0 Sachsenring) et d\u2019Espagne (le 6 novembre \u00e0 Valence) en tant que \u201cwild card\u201d sur une troisi\u00e8me machine, aux c\u00f4t\u00e9s des deux autres pilotes de l\u2019\u00e9curie officielle Kawasaki Racing Team : Shinya Nakano et Alex Hofmann.Le fran\u00e7ais sera aussi le pilote d\u2019essai et [&hellip;]","twitter_image":"https:\/\/blogs.thesocialmedia.com\/leblogmoto\/files\/2012\/07\/olivier_jacque_1.jpg","twitter_misc":{"\u00c9crit par":"vincent vaillant","Dur\u00e9e de lecture estim\u00e9e":"2 minutes"},"schema":{"@context":"https:\/\/schema.org","@graph":[{"@type":"WebPage","@id":"https:\/\/blogs.thesocialmedia.com\/leblogmoto\/2005\/06\/10\/olivier-jacque-2\/","url":"https:\/\/blogs.thesocialmedia.com\/leblogmoto\/2005\/06\/10\/olivier-jacque-2\/","name":"'OJ 19' repr\u00e9sentera la France en MotoGP - leblogmoto.com","isPartOf":{"@id":"https:\/\/blogs.thesocialmedia.com\/leblogmoto\/#website"},"primaryImageOfPage":{"@id":"https:\/\/blogs.thesocialmedia.com\/leblogmoto\/2005\/06\/10\/olivier-jacque-2\/#primaryimage"},"image":{"@id":"https:\/\/blogs.thesocialmedia.com\/leblogmoto\/2005\/06\/10\/olivier-jacque-2\/#primaryimage"},"thumbnailUrl":"https:\/\/blogs.thesocialmedia.com\/leblogmoto\/files\/2012\/07\/olivier_jacque_1.jpg","datePublished":"2005-06-10T22:37:48+00:00","dateModified":"2012-07-11T13:34:50+00:00","author":{"@id":"https:\/\/blogs.thesocialmedia.com\/leblogmoto\/#\/schema\/person\/80d2a078dbdb8b60abbd76bae6011f19"},"breadcrumb":{"@id":"https:\/\/blogs.thesocialmedia.com\/leblogmoto\/2005\/06\/10\/olivier-jacque-2\/#breadcrumb"},"inLanguage":"fr-FR","potentialAction":[{"@type":"ReadAction","target":["https:\/\/blogs.thesocialmedia.com\/leblogmoto\/2005\/06\/10\/olivier-jacque-2\/"]}]},{"@type":"ImageObject","inLanguage":"fr-FR","@id":"https:\/\/blogs.thesocialmedia.com\/leblogmoto\/2005\/06\/10\/olivier-jacque-2\/#primaryimage","url":"https:\/\/blogs.thesocialmedia.com\/leblogmoto\/files\/2012\/07\/olivier_jacque_1.jpg","contentUrl":"https:\/\/blogs.thesocialmedia.com\/leblogmoto\/files\/2012\/07\/olivier_jacque_1.jpg","width":"250","height":"165"},{"@type":"BreadcrumbList","@id":"https:\/\/blogs.thesocialmedia.com\/leblogmoto\/2005\/06\/10\/olivier-jacque-2\/#breadcrumb","itemListElement":[{"@type":"ListItem","position":1,"name":"Accueil","item":"https:\/\/blogs.thesocialmedia.com\/leblogmoto\/"},{"@type":"ListItem","position":2,"name":"&lsquo;OJ 19&rsquo; repr\u00e9sentera la France en MotoGP"}]},{"@type":"WebSite","@id":"https:\/\/blogs.thesocialmedia.com\/leblogmoto\/#website","url":"https:\/\/blogs.thesocialmedia.com\/leblogmoto\/","name":"leblogmoto","description":"Toute l&#039;actualit\u00e9 des 2 roues","potentialAction":[{"@type":"SearchAction","target":{"@type":"EntryPoint","urlTemplate":"https:\/\/blogs.thesocialmedia.com\/leblogmoto\/?s={search_term_string}"},"query-input":{"@type":"PropertyValueSpecification","valueRequired":true,"valueName":"search_term_string"}}],"inLanguage":"fr-FR"},{"@type":"Person","@id":"https:\/\/blogs.thesocialmedia.com\/leblogmoto\/#\/schema\/person\/80d2a078dbdb8b60abbd76bae6011f19","name":"vincent vaillant","image":{"@type":"ImageObject","inLanguage":"fr-FR","@id":"https:\/\/blogs.thesocialmedia.com\/leblogmoto\/#\/schema\/person\/image\/","url":"https:\/\/secure.gravatar.com\/avatar\/?s=96&d=mm&r=g","contentUrl":"https:\/\/secure.gravatar.com\/avatar\/?s=96&d=mm&r=g","caption":"vincent vaillant"},"url":"https:\/\/blogs.thesocialmedia.com\/leblogmoto\/author\/vincent-vaillant\/"}]}},"_links":{"self":[{"href":"https:\/\/blogs.thesocialmedia.com\/leblogmoto\/wp-json\/wp\/v2\/posts\/2539","targetHints":{"allow":["GET"]}}],"collection":[{"href":"https:\/\/blogs.thesocialmedia.com\/leblogmoto\/wp-json\/wp\/v2\/posts"}],"about":[{"href":"https:\/\/blogs.thesocialmedia.com\/leblogmoto\/wp-json\/wp\/v2\/types\/post"}],"author":[{"embeddable":true,"href":"https:\/\/blogs.thesocialmedia.com\/leblogmoto\/wp-json\/wp\/v2\/users\/338"}],"replies":[{"embeddable":true,"href":"https:\/\/blogs.thesocialmedia.com\/leblogmoto\/wp-json\/wp\/v2\/comments?post=2539"}],"version-history":[{"count":2,"href":"https:\/\/blogs.thesocialmedia.com\/leblogmoto\/wp-json\/wp\/v2\/posts\/2539\/revisions"}],"predecessor-version":[{"id":5367,"href":"https:\/\/blogs.thesocialmedia.com\/leblogmoto\/wp-json\/wp\/v2\/posts\/2539\/revisions\/5367"}],"wp:featuredmedia":[{"embeddable":true,"href":"https:\/\/blogs.thesocialmedia.com\/leblogmoto\/wp-json\/wp\/v2\/media\/5363"}],"wp:attachment":[{"href":"https:\/\/blogs.thesocialmedia.com\/leblogmoto\/wp-json\/wp\/v2\/media?parent=2539"}],"wp:term":[{"taxonomy":"category","embeddable":true,"href":"https:\/\/blogs.thesocialmedia.com\/leblogmoto\/wp-json\/wp\/v2\/categories?post=2539"},{"taxonomy":"post_tag","embeddable":true,"href":"https:\/\/blogs.thesocialmedia.com\/leblogmoto\/wp-json\/wp\/v2\/tags?post=2539"}],"curies":[{"name":"wp","href":"https:\/\/api.w.org\/{rel}","templated":true}]}}