{"id":254,"date":"2009-02-20T04:23:53","date_gmt":"2009-02-20T04:23:53","guid":{"rendered":"http:\/\/blogs.thesocialmedia.com\/leblogmoto\/2009\/02\/20\/album-du-vend-2\/"},"modified":"2012-07-11T17:07:22","modified_gmt":"2012-07-11T17:07:22","slug":"album-du-vend-2","status":"publish","type":"post","link":"https:\/\/blogs.thesocialmedia.com\/leblogmoto\/2009\/02\/20\/album-du-vend-2\/","title":{"rendered":"Album du vendredi, Quiz: les r\u00e9ponses"},"content":{"rendered":"<p><a href=\"http:\/\/blogs.thesocialmedia.com\/leblogmoto\/files\/2012\/07\/pitt.jpg\"><img loading=\"lazy\" decoding=\"async\" width=\"470\" height=\"313\"  src=\"http:\/\/www.leblogmoto.com\/images\/2009\/02\/19\/pitt.jpg\" alt=\"Pitt\" \/><\/a> <\/p>\n<p>Eh bien, les femmes n&rsquo;ont pas eu la cote dans <a href=\"http:\/\/blogs.thesocialmedia.com\/leblogmoto\/files\/2012\/07\/album-du-vend-1.html_1.png\">ce quiz<\/a>. Ni <a href=\"http:\/\/en.wikipedia.org\/wiki\/Ann-Margret\">Ann-Margret<\/a>, ni <a href=\"http:\/\/fr.wikipedia.org\/wiki\/Stefania_Sandrelli\">Stephania Sandrelli<\/a> et encore moins <a href=\"http:\/\/fr.wikipedia.org\/wiki\/Miley_Cyrus\">Miley Cyrus<\/a> avec son papa Billy Ray photographi\u00e9 par Annie Leibovitch n\u2019ont \u00e9t\u00e9 reconnues. Les gars ont tous \u00e9t\u00e9 nomm\u00e9s, pas toujours dans le bon ordre, mais quand m\u00eame.<br \/>Meilleure chance la prochaine fois.<\/p>\n<p><a href=\"http:\/\/clabedan.typepad.com\/.shared\/image.html?\/photos\/uncategorized\/2009\/02\/19\/fonda.jpg\"><img loading=\"lazy\" decoding=\"async\" width=\"470\" height=\"352\"  src=\"http:\/\/www.leblogmoto.com\/images\/2009\/02\/19\/fonda.jpg\" alt=\"Fonda\" \/><\/a> <br \/>Peter Fonda<\/p>\n<p><a href=\"http:\/\/blogs.thesocialmedia.com\/leblogmoto\/files\/2012\/07\/pfonda.jpg\"><img loading=\"lazy\" decoding=\"async\" width=\"470\" height=\"376\"  src=\"http:\/\/www.leblogmoto.com\/images\/2009\/02\/19\/pfonda.jpg\" alt=\"Pfonda\" \/><\/a> <br \/>Peter Fonda<\/p>\n<p><a href=\"http:\/\/blogs.thesocialmedia.com\/leblogmoto\/files\/2012\/07\/mileyc.jpg\"><img loading=\"lazy\" decoding=\"async\" width=\"470\" height=\"342\"  src=\"http:\/\/www.leblogmoto.com\/images\/2009\/02\/19\/mileyc.jpg\" alt=\"Mileyc\" \/><\/a> <br \/>Miley Cyrus<\/p>\n<p><a href=\"http:\/\/blogs.thesocialmedia.com\/leblogmoto\/files\/2012\/07\/dylan1.jpg\"><img loading=\"lazy\" decoding=\"async\" width=\"470\" height=\"354\"  src=\"http:\/\/www.leblogmoto.com\/images\/2009\/02\/19\/dylan.jpg\" alt=\"Dylan\" \/><\/a> <br \/>Bob Dylan<\/p>\n<p><a href=\"http:\/\/blogs.thesocialmedia.com\/leblogmoto\/files\/2012\/07\/damon.jpg\"><img loading=\"lazy\" decoding=\"async\" width=\"470\" height=\"309\"  src=\"http:\/\/www.leblogmoto.com\/images\/2009\/02\/19\/damon.jpg\" alt=\"Damon\" \/><\/a> <br \/>Matt Damon<\/p>\n<p><a href=\"http:\/\/blogs.thesocialmedia.com\/leblogmoto\/files\/2012\/07\/belmondo.jpg\"><img loading=\"lazy\" decoding=\"async\" width=\"470\" height=\"342\"  src=\"http:\/\/www.leblogmoto.com\/images\/2009\/02\/19\/belmondo.jpg\" alt=\"Belmondo\" \/><\/a> <br \/>Jean-Paul Belmondo<\/p>\n<p><a href=\"http:\/\/blogs.thesocialmedia.com\/leblogmoto\/files\/2012\/07\/sandrelli.jpg\"><img loading=\"lazy\" decoding=\"async\" width=\"470\" height=\"480\"  src=\"http:\/\/www.leblogmoto.com\/images\/2009\/02\/19\/sandrelli.jpg\" alt=\"Sandrelli\" \/><\/a> <br \/>Stephania Sandrelli<\/p>\n<p><a href=\"http:\/\/blogs.thesocialmedia.com\/leblogmoto\/files\/2012\/07\/david.jpg\"><img loading=\"lazy\" decoding=\"async\" width=\"470\" height=\"308\"  src=\"http:\/\/www.leblogmoto.com\/images\/2009\/02\/19\/david.jpg\" alt=\"David\" \/><\/a> <br \/>David Hasselhoff<\/p>\n<p><a href=\"http:\/\/blogs.thesocialmedia.com\/leblogmoto\/files\/2012\/07\/margaret.jpg\"><img loading=\"lazy\" decoding=\"async\" width=\"470\" height=\"624\"  src=\"http:\/\/www.leblogmoto.com\/images\/2009\/02\/19\/margaret.jpg\" alt=\"Margaret\" \/><\/a> <br \/>Ann-Margret<\/p>\n","protected":false},"excerpt":{"rendered":"<p>Eh bien, les femmes n&rsquo;ont pas eu la cote dans ce quiz. Ni Ann-Margret, ni Stephania Sandrelli et encore moins Miley Cyrus avec son papa Billy Ray photographi\u00e9 par Annie Leibovitch n\u2019ont \u00e9t\u00e9 reconnues. Les gars ont tous \u00e9t\u00e9 nomm\u00e9s, pas toujours dans le bon ordre, mais quand m\u00eame.Meilleure chance la prochaine fois. Peter Fonda [&hellip;]<\/p>\n","protected":false},"author":325,"featured_media":0,"comment_status":"open","ping_status":"open","sticky":false,"template":"","format":"standard","meta":{"footnotes":""},"categories":[17],"tags":[],"class_list":["post-254","post","type-post","status-publish","format-standard","hentry","category-divers"],"yoast_head":"<!-- This site is optimized with the Yoast SEO plugin v26.0 - https:\/\/yoast.com\/wordpress\/plugins\/seo\/ -->\n<title>Album du vendredi, Quiz: les r\u00e9ponses - leblogmoto.com<\/title>\n<meta name=\"robots\" content=\"index, follow, max-snippet:-1, max-image-preview:large, max-video-preview:-1\" \/>\n<link rel=\"canonical\" href=\"https:\/\/blogs.thesocialmedia.com\/leblogmoto\/2009\/02\/20\/album-du-vend-2\/\" \/>\n<meta name=\"twitter:card\" content=\"summary_large_image\" \/>\n<meta name=\"twitter:title\" content=\"Album du vendredi, Quiz: les r\u00e9ponses - leblogmoto.com\" \/>\n<meta name=\"twitter:description\" content=\"Eh bien, les femmes n&rsquo;ont pas eu la cote dans ce quiz. Ni Ann-Margret, ni Stephania Sandrelli et encore moins Miley Cyrus avec son papa Billy Ray photographi\u00e9 par Annie Leibovitch n\u2019ont \u00e9t\u00e9 reconnues. Les gars ont tous \u00e9t\u00e9 nomm\u00e9s, pas toujours dans le bon ordre, mais quand m\u00eame.Meilleure chance la prochaine fois. Peter Fonda [&hellip;]\" \/>\n<meta name=\"twitter:image\" content=\"http:\/\/www.leblogmoto.com\/images\/2009\/02\/19\/pitt.jpg\" \/>\n<meta name=\"twitter:label1\" content=\"\u00c9crit par\" \/>\n\t<meta name=\"twitter:data1\" content=\"jacques lesage\" \/>\n<script type=\"application\/ld+json\" class=\"yoast-schema-graph\">{\"@context\":\"https:\/\/schema.org\",\"@graph\":[{\"@type\":\"WebPage\",\"@id\":\"https:\/\/blogs.thesocialmedia.com\/leblogmoto\/2009\/02\/20\/album-du-vend-2\/\",\"url\":\"https:\/\/blogs.thesocialmedia.com\/leblogmoto\/2009\/02\/20\/album-du-vend-2\/\",\"name\":\"Album du vendredi, Quiz: les r\u00e9ponses - leblogmoto.com\",\"isPartOf\":{\"@id\":\"https:\/\/blogs.thesocialmedia.com\/leblogmoto\/#website\"},\"primaryImageOfPage\":{\"@id\":\"https:\/\/blogs.thesocialmedia.com\/leblogmoto\/2009\/02\/20\/album-du-vend-2\/#primaryimage\"},\"image\":{\"@id\":\"https:\/\/blogs.thesocialmedia.com\/leblogmoto\/2009\/02\/20\/album-du-vend-2\/#primaryimage\"},\"thumbnailUrl\":\"http:\/\/www.leblogmoto.com\/images\/2009\/02\/19\/pitt.jpg\",\"datePublished\":\"2009-02-20T04:23:53+00:00\",\"dateModified\":\"2012-07-11T17:07:22+00:00\",\"author\":{\"@id\":\"https:\/\/blogs.thesocialmedia.com\/leblogmoto\/#\/schema\/person\/e82a0ca8a9a63d031586097a3ed58526\"},\"breadcrumb\":{\"@id\":\"https:\/\/blogs.thesocialmedia.com\/leblogmoto\/2009\/02\/20\/album-du-vend-2\/#breadcrumb\"},\"inLanguage\":\"fr-FR\",\"potentialAction\":[{\"@type\":\"ReadAction\",\"target\":[\"https:\/\/blogs.thesocialmedia.com\/leblogmoto\/2009\/02\/20\/album-du-vend-2\/\"]}]},{\"@type\":\"ImageObject\",\"inLanguage\":\"fr-FR\",\"@id\":\"https:\/\/blogs.thesocialmedia.com\/leblogmoto\/2009\/02\/20\/album-du-vend-2\/#primaryimage\",\"url\":\"http:\/\/www.leblogmoto.com\/images\/2009\/02\/19\/pitt.jpg\",\"contentUrl\":\"http:\/\/www.leblogmoto.com\/images\/2009\/02\/19\/pitt.jpg\"},{\"@type\":\"BreadcrumbList\",\"@id\":\"https:\/\/blogs.thesocialmedia.com\/leblogmoto\/2009\/02\/20\/album-du-vend-2\/#breadcrumb\",\"itemListElement\":[{\"@type\":\"ListItem\",\"position\":1,\"name\":\"Accueil\",\"item\":\"https:\/\/blogs.thesocialmedia.com\/leblogmoto\/\"},{\"@type\":\"ListItem\",\"position\":2,\"name\":\"Album du vendredi, Quiz: les r\u00e9ponses\"}]},{\"@type\":\"WebSite\",\"@id\":\"https:\/\/blogs.thesocialmedia.com\/leblogmoto\/#website\",\"url\":\"https:\/\/blogs.thesocialmedia.com\/leblogmoto\/\",\"name\":\"leblogmoto\",\"description\":\"Toute l&#039;actualit\u00e9 des 2 roues\",\"potentialAction\":[{\"@type\":\"SearchAction\",\"target\":{\"@type\":\"EntryPoint\",\"urlTemplate\":\"https:\/\/blogs.thesocialmedia.com\/leblogmoto\/?s={search_term_string}\"},\"query-input\":{\"@type\":\"PropertyValueSpecification\",\"valueRequired\":true,\"valueName\":\"search_term_string\"}}],\"inLanguage\":\"fr-FR\"},{\"@type\":\"Person\",\"@id\":\"https:\/\/blogs.thesocialmedia.com\/leblogmoto\/#\/schema\/person\/e82a0ca8a9a63d031586097a3ed58526\",\"name\":\"jacques lesage\",\"image\":{\"@type\":\"ImageObject\",\"inLanguage\":\"fr-FR\",\"@id\":\"https:\/\/blogs.thesocialmedia.com\/leblogmoto\/#\/schema\/person\/image\/\",\"url\":\"https:\/\/secure.gravatar.com\/avatar\/?s=96&d=mm&r=g\",\"contentUrl\":\"https:\/\/secure.gravatar.com\/avatar\/?s=96&d=mm&r=g\",\"caption\":\"jacques lesage\"},\"url\":\"https:\/\/blogs.thesocialmedia.com\/leblogmoto\/author\/jacques-lesage\/\"}]}<\/script>\n<!-- \/ Yoast SEO plugin. -->","yoast_head_json":{"title":"Album du vendredi, Quiz: les r\u00e9ponses - leblogmoto.com","robots":{"index":"index","follow":"follow","max-snippet":"max-snippet:-1","max-image-preview":"max-image-preview:large","max-video-preview":"max-video-preview:-1"},"canonical":"https:\/\/blogs.thesocialmedia.com\/leblogmoto\/2009\/02\/20\/album-du-vend-2\/","twitter_card":"summary_large_image","twitter_title":"Album du vendredi, Quiz: les r\u00e9ponses - leblogmoto.com","twitter_description":"Eh bien, les femmes n&rsquo;ont pas eu la cote dans ce quiz. Ni Ann-Margret, ni Stephania Sandrelli et encore moins Miley Cyrus avec son papa Billy Ray photographi\u00e9 par Annie Leibovitch n\u2019ont \u00e9t\u00e9 reconnues. Les gars ont tous \u00e9t\u00e9 nomm\u00e9s, pas toujours dans le bon ordre, mais quand m\u00eame.Meilleure chance la prochaine fois. Peter Fonda [&hellip;]","twitter_image":"http:\/\/www.leblogmoto.com\/images\/2009\/02\/19\/pitt.jpg","twitter_misc":{"\u00c9crit par":"jacques lesage"},"schema":{"@context":"https:\/\/schema.org","@graph":[{"@type":"WebPage","@id":"https:\/\/blogs.thesocialmedia.com\/leblogmoto\/2009\/02\/20\/album-du-vend-2\/","url":"https:\/\/blogs.thesocialmedia.com\/leblogmoto\/2009\/02\/20\/album-du-vend-2\/","name":"Album du vendredi, Quiz: les r\u00e9ponses - leblogmoto.com","isPartOf":{"@id":"https:\/\/blogs.thesocialmedia.com\/leblogmoto\/#website"},"primaryImageOfPage":{"@id":"https:\/\/blogs.thesocialmedia.com\/leblogmoto\/2009\/02\/20\/album-du-vend-2\/#primaryimage"},"image":{"@id":"https:\/\/blogs.thesocialmedia.com\/leblogmoto\/2009\/02\/20\/album-du-vend-2\/#primaryimage"},"thumbnailUrl":"http:\/\/www.leblogmoto.com\/images\/2009\/02\/19\/pitt.jpg","datePublished":"2009-02-20T04:23:53+00:00","dateModified":"2012-07-11T17:07:22+00:00","author":{"@id":"https:\/\/blogs.thesocialmedia.com\/leblogmoto\/#\/schema\/person\/e82a0ca8a9a63d031586097a3ed58526"},"breadcrumb":{"@id":"https:\/\/blogs.thesocialmedia.com\/leblogmoto\/2009\/02\/20\/album-du-vend-2\/#breadcrumb"},"inLanguage":"fr-FR","potentialAction":[{"@type":"ReadAction","target":["https:\/\/blogs.thesocialmedia.com\/leblogmoto\/2009\/02\/20\/album-du-vend-2\/"]}]},{"@type":"ImageObject","inLanguage":"fr-FR","@id":"https:\/\/blogs.thesocialmedia.com\/leblogmoto\/2009\/02\/20\/album-du-vend-2\/#primaryimage","url":"http:\/\/www.leblogmoto.com\/images\/2009\/02\/19\/pitt.jpg","contentUrl":"http:\/\/www.leblogmoto.com\/images\/2009\/02\/19\/pitt.jpg"},{"@type":"BreadcrumbList","@id":"https:\/\/blogs.thesocialmedia.com\/leblogmoto\/2009\/02\/20\/album-du-vend-2\/#breadcrumb","itemListElement":[{"@type":"ListItem","position":1,"name":"Accueil","item":"https:\/\/blogs.thesocialmedia.com\/leblogmoto\/"},{"@type":"ListItem","position":2,"name":"Album du vendredi, Quiz: les r\u00e9ponses"}]},{"@type":"WebSite","@id":"https:\/\/blogs.thesocialmedia.com\/leblogmoto\/#website","url":"https:\/\/blogs.thesocialmedia.com\/leblogmoto\/","name":"leblogmoto","description":"Toute l&#039;actualit\u00e9 des 2 roues","potentialAction":[{"@type":"SearchAction","target":{"@type":"EntryPoint","urlTemplate":"https:\/\/blogs.thesocialmedia.com\/leblogmoto\/?s={search_term_string}"},"query-input":{"@type":"PropertyValueSpecification","valueRequired":true,"valueName":"search_term_string"}}],"inLanguage":"fr-FR"},{"@type":"Person","@id":"https:\/\/blogs.thesocialmedia.com\/leblogmoto\/#\/schema\/person\/e82a0ca8a9a63d031586097a3ed58526","name":"jacques lesage","image":{"@type":"ImageObject","inLanguage":"fr-FR","@id":"https:\/\/blogs.thesocialmedia.com\/leblogmoto\/#\/schema\/person\/image\/","url":"https:\/\/secure.gravatar.com\/avatar\/?s=96&d=mm&r=g","contentUrl":"https:\/\/secure.gravatar.com\/avatar\/?s=96&d=mm&r=g","caption":"jacques lesage"},"url":"https:\/\/blogs.thesocialmedia.com\/leblogmoto\/author\/jacques-lesage\/"}]}},"_links":{"self":[{"href":"https:\/\/blogs.thesocialmedia.com\/leblogmoto\/wp-json\/wp\/v2\/posts\/254","targetHints":{"allow":["GET"]}}],"collection":[{"href":"https:\/\/blogs.thesocialmedia.com\/leblogmoto\/wp-json\/wp\/v2\/posts"}],"about":[{"href":"https:\/\/blogs.thesocialmedia.com\/leblogmoto\/wp-json\/wp\/v2\/types\/post"}],"author":[{"embeddable":true,"href":"https:\/\/blogs.thesocialmedia.com\/leblogmoto\/wp-json\/wp\/v2\/users\/325"}],"replies":[{"embeddable":true,"href":"https:\/\/blogs.thesocialmedia.com\/leblogmoto\/wp-json\/wp\/v2\/comments?post=254"}],"version-history":[{"count":2,"href":"https:\/\/blogs.thesocialmedia.com\/leblogmoto\/wp-json\/wp\/v2\/posts\/254\/revisions"}],"predecessor-version":[{"id":12818,"href":"https:\/\/blogs.thesocialmedia.com\/leblogmoto\/wp-json\/wp\/v2\/posts\/254\/revisions\/12818"}],"wp:attachment":[{"href":"https:\/\/blogs.thesocialmedia.com\/leblogmoto\/wp-json\/wp\/v2\/media?parent=254"}],"wp:term":[{"taxonomy":"category","embeddable":true,"href":"https:\/\/blogs.thesocialmedia.com\/leblogmoto\/wp-json\/wp\/v2\/categories?post=254"},{"taxonomy":"post_tag","embeddable":true,"href":"https:\/\/blogs.thesocialmedia.com\/leblogmoto\/wp-json\/wp\/v2\/tags?post=254"}],"curies":[{"name":"wp","href":"https:\/\/api.w.org\/{rel}","templated":true}]}}