{"id":256,"date":"2009-02-18T23:52:19","date_gmt":"2009-02-18T23:52:19","guid":{"rendered":"http:\/\/blogs.thesocialmedia.com\/leblogmoto\/2009\/02\/18\/dans-le-sillage\/"},"modified":"2012-07-11T17:06:47","modified_gmt":"2012-07-11T17:06:47","slug":"dans-le-sillage","status":"publish","type":"post","link":"https:\/\/blogs.thesocialmedia.com\/leblogmoto\/2009\/02\/18\/dans-le-sillage\/","title":{"rendered":"Dans le sillage de ses clients, l&rsquo;\u00e9quipementier Brembo licencie."},"content":{"rendered":"<p><a href=\"http:\/\/blogs.thesocialmedia.com\/leblogmoto\/files\/2012\/07\/moto_sportive_ducati_1098_r_bremb_2.jpg\"><img loading=\"lazy\" decoding=\"async\" width=\"470\" height=\"366\" alt=\"Moto_sportive_ducati_1098_r_bremb_2\" src=\"http:\/\/www.leblogmoto.com\/images\/2009\/02\/18\/moto_sportive_ducati_1098_r_bremb_2.jpg\"  \/><\/a> <\/p>\n<p>La compagnie de Bergame va se s\u00e9parer de 1800 de ses 5700 salari\u00e9s apr\u00e8s l&rsquo;annonce d&rsquo;un quatri\u00e8me trimestre continu de pertes, selon <em>Automotive news<\/em>. Les sites touch\u00e9s sont situ\u00e9s en Italie, en Pologne et au Mexique. Bien que tr\u00e8s implant\u00e9 dans la botte italienne, gr\u00e2ce notamment \u00e0 ses premiers contrats exclusifs avec Alfa Romeo en 1964 et Moto Guzzi en 1972, <a href=\"http:\/\/www.brembo.com\/ENG\">Brembo<\/a> a pris depuis lors des allures de multinationale des syst\u00e8mes de freinage haut de gamme, que ce soit sur deux ou quatre roues. Chez les motos, la firme n&rsquo;\u00e9quipe pas seulement le haut du panier en fournissant la majorit\u00e9 des <em>teams<\/em> du MotoGP. Elle \u00e9quipe \u00e9galement les mod\u00e8les de s\u00e9ries chez Aprilia, Bimota, BMW, Ducati (ici la derni\u00e8re superbike 1098 R), Harley Davidson, Husqvarna, KTM, MV Agusta, et Moto Guzzi donc. Encore heureux qu&rsquo;on ait traduit cette news de l&rsquo;Anglais, nous en avons \u00e9vacu\u00e9 les jeux de mots pu\u00e9rils du style <em>Braking News<\/em> (pour <em>Breaking news<\/em>), comme on en voit fleurir ici et l\u00e0, notamment sur le pourtant excellent <em>Autoblog<\/em>. A signaler, je le d\u00e9couvre en m\u00eame temps que vous, la r\u00e9cente ouverture d&rsquo;un groupe officiel par Brembo, pour Brembo, sur <a href=\"http:\/\/www.facebook.com\/pages\/Brembo\/40744295977\">Facebook<\/a>.<\/p>\n","protected":false},"excerpt":{"rendered":"<p>La compagnie de Bergame va se s\u00e9parer de 1800 de ses 5700 salari\u00e9s apr\u00e8s l&rsquo;annonce d&rsquo;un quatri\u00e8me trimestre continu de pertes, selon Automotive news. Les sites touch\u00e9s sont situ\u00e9s en Italie, en Pologne et au Mexique. Bien que tr\u00e8s implant\u00e9 dans la botte italienne, gr\u00e2ce notamment \u00e0 ses premiers contrats exclusifs avec Alfa Romeo en [&hellip;]<\/p>\n","protected":false},"author":324,"featured_media":0,"comment_status":"open","ping_status":"open","sticky":false,"template":"","format":"standard","meta":{"footnotes":""},"categories":[49],"tags":[],"class_list":["post-256","post","type-post","status-publish","format-standard","hentry","category-actualites-entreprise"],"yoast_head":"<!-- This site is optimized with the Yoast SEO plugin v26.0 - https:\/\/yoast.com\/wordpress\/plugins\/seo\/ -->\n<title>Dans le sillage de ses clients, l&#039;\u00e9quipementier Brembo licencie. - leblogmoto.com<\/title>\n<meta name=\"robots\" content=\"index, follow, max-snippet:-1, max-image-preview:large, max-video-preview:-1\" \/>\n<link rel=\"canonical\" href=\"https:\/\/blogs.thesocialmedia.com\/leblogmoto\/2009\/02\/18\/dans-le-sillage\/\" \/>\n<meta name=\"twitter:card\" content=\"summary_large_image\" \/>\n<meta name=\"twitter:title\" content=\"Dans le sillage de ses clients, l&#039;\u00e9quipementier Brembo licencie. - leblogmoto.com\" \/>\n<meta name=\"twitter:description\" content=\"La compagnie de Bergame va se s\u00e9parer de 1800 de ses 5700 salari\u00e9s apr\u00e8s l&rsquo;annonce d&rsquo;un quatri\u00e8me trimestre continu de pertes, selon Automotive news. Les sites touch\u00e9s sont situ\u00e9s en Italie, en Pologne et au Mexique. Bien que tr\u00e8s implant\u00e9 dans la botte italienne, gr\u00e2ce notamment \u00e0 ses premiers contrats exclusifs avec Alfa Romeo en [&hellip;]\" \/>\n<meta name=\"twitter:image\" content=\"http:\/\/www.leblogmoto.com\/images\/2009\/02\/18\/moto_sportive_ducati_1098_r_bremb_2.jpg\" \/>\n<meta name=\"twitter:label1\" content=\"\u00c9crit par\" \/>\n\t<meta name=\"twitter:data1\" content=\"benoit rieu\" \/>\n\t<meta name=\"twitter:label2\" content=\"Dur\u00e9e de lecture estim\u00e9e\" \/>\n\t<meta name=\"twitter:data2\" content=\"1 minute\" \/>\n<script type=\"application\/ld+json\" class=\"yoast-schema-graph\">{\"@context\":\"https:\/\/schema.org\",\"@graph\":[{\"@type\":\"WebPage\",\"@id\":\"https:\/\/blogs.thesocialmedia.com\/leblogmoto\/2009\/02\/18\/dans-le-sillage\/\",\"url\":\"https:\/\/blogs.thesocialmedia.com\/leblogmoto\/2009\/02\/18\/dans-le-sillage\/\",\"name\":\"Dans le sillage de ses clients, l'\u00e9quipementier Brembo licencie. - leblogmoto.com\",\"isPartOf\":{\"@id\":\"https:\/\/blogs.thesocialmedia.com\/leblogmoto\/#website\"},\"primaryImageOfPage\":{\"@id\":\"https:\/\/blogs.thesocialmedia.com\/leblogmoto\/2009\/02\/18\/dans-le-sillage\/#primaryimage\"},\"image\":{\"@id\":\"https:\/\/blogs.thesocialmedia.com\/leblogmoto\/2009\/02\/18\/dans-le-sillage\/#primaryimage\"},\"thumbnailUrl\":\"http:\/\/www.leblogmoto.com\/images\/2009\/02\/18\/moto_sportive_ducati_1098_r_bremb_2.jpg\",\"datePublished\":\"2009-02-18T23:52:19+00:00\",\"dateModified\":\"2012-07-11T17:06:47+00:00\",\"author\":{\"@id\":\"https:\/\/blogs.thesocialmedia.com\/leblogmoto\/#\/schema\/person\/18bfe773e5725ed6d24f743da805362a\"},\"breadcrumb\":{\"@id\":\"https:\/\/blogs.thesocialmedia.com\/leblogmoto\/2009\/02\/18\/dans-le-sillage\/#breadcrumb\"},\"inLanguage\":\"fr-FR\",\"potentialAction\":[{\"@type\":\"ReadAction\",\"target\":[\"https:\/\/blogs.thesocialmedia.com\/leblogmoto\/2009\/02\/18\/dans-le-sillage\/\"]}]},{\"@type\":\"ImageObject\",\"inLanguage\":\"fr-FR\",\"@id\":\"https:\/\/blogs.thesocialmedia.com\/leblogmoto\/2009\/02\/18\/dans-le-sillage\/#primaryimage\",\"url\":\"http:\/\/www.leblogmoto.com\/images\/2009\/02\/18\/moto_sportive_ducati_1098_r_bremb_2.jpg\",\"contentUrl\":\"http:\/\/www.leblogmoto.com\/images\/2009\/02\/18\/moto_sportive_ducati_1098_r_bremb_2.jpg\"},{\"@type\":\"BreadcrumbList\",\"@id\":\"https:\/\/blogs.thesocialmedia.com\/leblogmoto\/2009\/02\/18\/dans-le-sillage\/#breadcrumb\",\"itemListElement\":[{\"@type\":\"ListItem\",\"position\":1,\"name\":\"Accueil\",\"item\":\"https:\/\/blogs.thesocialmedia.com\/leblogmoto\/\"},{\"@type\":\"ListItem\",\"position\":2,\"name\":\"Dans le sillage de ses clients, l&rsquo;\u00e9quipementier Brembo licencie.\"}]},{\"@type\":\"WebSite\",\"@id\":\"https:\/\/blogs.thesocialmedia.com\/leblogmoto\/#website\",\"url\":\"https:\/\/blogs.thesocialmedia.com\/leblogmoto\/\",\"name\":\"leblogmoto\",\"description\":\"Toute l&#039;actualit\u00e9 des 2 roues\",\"potentialAction\":[{\"@type\":\"SearchAction\",\"target\":{\"@type\":\"EntryPoint\",\"urlTemplate\":\"https:\/\/blogs.thesocialmedia.com\/leblogmoto\/?s={search_term_string}\"},\"query-input\":{\"@type\":\"PropertyValueSpecification\",\"valueRequired\":true,\"valueName\":\"search_term_string\"}}],\"inLanguage\":\"fr-FR\"},{\"@type\":\"Person\",\"@id\":\"https:\/\/blogs.thesocialmedia.com\/leblogmoto\/#\/schema\/person\/18bfe773e5725ed6d24f743da805362a\",\"name\":\"benoit rieu\",\"image\":{\"@type\":\"ImageObject\",\"inLanguage\":\"fr-FR\",\"@id\":\"https:\/\/blogs.thesocialmedia.com\/leblogmoto\/#\/schema\/person\/image\/\",\"url\":\"https:\/\/secure.gravatar.com\/avatar\/?s=96&d=mm&r=g\",\"contentUrl\":\"https:\/\/secure.gravatar.com\/avatar\/?s=96&d=mm&r=g\",\"caption\":\"benoit rieu\"},\"url\":\"https:\/\/blogs.thesocialmedia.com\/leblogmoto\/author\/benoit-rieu\/\"}]}<\/script>\n<!-- \/ Yoast SEO plugin. -->","yoast_head_json":{"title":"Dans le sillage de ses clients, l'\u00e9quipementier Brembo licencie. - leblogmoto.com","robots":{"index":"index","follow":"follow","max-snippet":"max-snippet:-1","max-image-preview":"max-image-preview:large","max-video-preview":"max-video-preview:-1"},"canonical":"https:\/\/blogs.thesocialmedia.com\/leblogmoto\/2009\/02\/18\/dans-le-sillage\/","twitter_card":"summary_large_image","twitter_title":"Dans le sillage de ses clients, l'\u00e9quipementier Brembo licencie. - leblogmoto.com","twitter_description":"La compagnie de Bergame va se s\u00e9parer de 1800 de ses 5700 salari\u00e9s apr\u00e8s l&rsquo;annonce d&rsquo;un quatri\u00e8me trimestre continu de pertes, selon Automotive news. Les sites touch\u00e9s sont situ\u00e9s en Italie, en Pologne et au Mexique. Bien que tr\u00e8s implant\u00e9 dans la botte italienne, gr\u00e2ce notamment \u00e0 ses premiers contrats exclusifs avec Alfa Romeo en [&hellip;]","twitter_image":"http:\/\/www.leblogmoto.com\/images\/2009\/02\/18\/moto_sportive_ducati_1098_r_bremb_2.jpg","twitter_misc":{"\u00c9crit par":"benoit rieu","Dur\u00e9e de lecture estim\u00e9e":"1 minute"},"schema":{"@context":"https:\/\/schema.org","@graph":[{"@type":"WebPage","@id":"https:\/\/blogs.thesocialmedia.com\/leblogmoto\/2009\/02\/18\/dans-le-sillage\/","url":"https:\/\/blogs.thesocialmedia.com\/leblogmoto\/2009\/02\/18\/dans-le-sillage\/","name":"Dans le sillage de ses clients, l'\u00e9quipementier Brembo licencie. - leblogmoto.com","isPartOf":{"@id":"https:\/\/blogs.thesocialmedia.com\/leblogmoto\/#website"},"primaryImageOfPage":{"@id":"https:\/\/blogs.thesocialmedia.com\/leblogmoto\/2009\/02\/18\/dans-le-sillage\/#primaryimage"},"image":{"@id":"https:\/\/blogs.thesocialmedia.com\/leblogmoto\/2009\/02\/18\/dans-le-sillage\/#primaryimage"},"thumbnailUrl":"http:\/\/www.leblogmoto.com\/images\/2009\/02\/18\/moto_sportive_ducati_1098_r_bremb_2.jpg","datePublished":"2009-02-18T23:52:19+00:00","dateModified":"2012-07-11T17:06:47+00:00","author":{"@id":"https:\/\/blogs.thesocialmedia.com\/leblogmoto\/#\/schema\/person\/18bfe773e5725ed6d24f743da805362a"},"breadcrumb":{"@id":"https:\/\/blogs.thesocialmedia.com\/leblogmoto\/2009\/02\/18\/dans-le-sillage\/#breadcrumb"},"inLanguage":"fr-FR","potentialAction":[{"@type":"ReadAction","target":["https:\/\/blogs.thesocialmedia.com\/leblogmoto\/2009\/02\/18\/dans-le-sillage\/"]}]},{"@type":"ImageObject","inLanguage":"fr-FR","@id":"https:\/\/blogs.thesocialmedia.com\/leblogmoto\/2009\/02\/18\/dans-le-sillage\/#primaryimage","url":"http:\/\/www.leblogmoto.com\/images\/2009\/02\/18\/moto_sportive_ducati_1098_r_bremb_2.jpg","contentUrl":"http:\/\/www.leblogmoto.com\/images\/2009\/02\/18\/moto_sportive_ducati_1098_r_bremb_2.jpg"},{"@type":"BreadcrumbList","@id":"https:\/\/blogs.thesocialmedia.com\/leblogmoto\/2009\/02\/18\/dans-le-sillage\/#breadcrumb","itemListElement":[{"@type":"ListItem","position":1,"name":"Accueil","item":"https:\/\/blogs.thesocialmedia.com\/leblogmoto\/"},{"@type":"ListItem","position":2,"name":"Dans le sillage de ses clients, l&rsquo;\u00e9quipementier Brembo licencie."}]},{"@type":"WebSite","@id":"https:\/\/blogs.thesocialmedia.com\/leblogmoto\/#website","url":"https:\/\/blogs.thesocialmedia.com\/leblogmoto\/","name":"leblogmoto","description":"Toute l&#039;actualit\u00e9 des 2 roues","potentialAction":[{"@type":"SearchAction","target":{"@type":"EntryPoint","urlTemplate":"https:\/\/blogs.thesocialmedia.com\/leblogmoto\/?s={search_term_string}"},"query-input":{"@type":"PropertyValueSpecification","valueRequired":true,"valueName":"search_term_string"}}],"inLanguage":"fr-FR"},{"@type":"Person","@id":"https:\/\/blogs.thesocialmedia.com\/leblogmoto\/#\/schema\/person\/18bfe773e5725ed6d24f743da805362a","name":"benoit rieu","image":{"@type":"ImageObject","inLanguage":"fr-FR","@id":"https:\/\/blogs.thesocialmedia.com\/leblogmoto\/#\/schema\/person\/image\/","url":"https:\/\/secure.gravatar.com\/avatar\/?s=96&d=mm&r=g","contentUrl":"https:\/\/secure.gravatar.com\/avatar\/?s=96&d=mm&r=g","caption":"benoit rieu"},"url":"https:\/\/blogs.thesocialmedia.com\/leblogmoto\/author\/benoit-rieu\/"}]}},"_links":{"self":[{"href":"https:\/\/blogs.thesocialmedia.com\/leblogmoto\/wp-json\/wp\/v2\/posts\/256","targetHints":{"allow":["GET"]}}],"collection":[{"href":"https:\/\/blogs.thesocialmedia.com\/leblogmoto\/wp-json\/wp\/v2\/posts"}],"about":[{"href":"https:\/\/blogs.thesocialmedia.com\/leblogmoto\/wp-json\/wp\/v2\/types\/post"}],"author":[{"embeddable":true,"href":"https:\/\/blogs.thesocialmedia.com\/leblogmoto\/wp-json\/wp\/v2\/users\/324"}],"replies":[{"embeddable":true,"href":"https:\/\/blogs.thesocialmedia.com\/leblogmoto\/wp-json\/wp\/v2\/comments?post=256"}],"version-history":[{"count":2,"href":"https:\/\/blogs.thesocialmedia.com\/leblogmoto\/wp-json\/wp\/v2\/posts\/256\/revisions"}],"predecessor-version":[{"id":12802,"href":"https:\/\/blogs.thesocialmedia.com\/leblogmoto\/wp-json\/wp\/v2\/posts\/256\/revisions\/12802"}],"wp:attachment":[{"href":"https:\/\/blogs.thesocialmedia.com\/leblogmoto\/wp-json\/wp\/v2\/media?parent=256"}],"wp:term":[{"taxonomy":"category","embeddable":true,"href":"https:\/\/blogs.thesocialmedia.com\/leblogmoto\/wp-json\/wp\/v2\/categories?post=256"},{"taxonomy":"post_tag","embeddable":true,"href":"https:\/\/blogs.thesocialmedia.com\/leblogmoto\/wp-json\/wp\/v2\/tags?post=256"}],"curies":[{"name":"wp","href":"https:\/\/api.w.org\/{rel}","templated":true}]}}